{"id":3634,"date":"2025-02-08T11:00:04","date_gmt":"2025-02-08T09:00:04","guid":{"rendered":"https:\/\/ispace.am\/blog\/?p=3634"},"modified":"2025-06-11T10:00:11","modified_gmt":"2025-06-11T07:00:11","slug":"macbook-personalizat","status":"publish","type":"post","link":"https:\/\/ispace.md\/blog\/macbook-personalizat\/","title":{"rendered":"MacBook personalizat la iSpace: un computer construit doar pentru tine"},"content":{"rendered":"<p><strong>\u00cen magazinul online iSpace.md pute\u021bi cump\u0103ra toate calculatoarele Apple actuale: MacBook Air \u0219i Pro, Mac Mini \u0219i iMac. Acestea sunt prezentate \u00een configura\u021bii standard. Dar, dac\u0103 dori\u021bi, pute\u021bi ob\u021bine un computer exclusivist <a href=\"https:\/\/support.apple.com\/ro-ro\/guide\/mac-help\/mh15217\/mac\">asamblat special pentru nevoile dumneavoastr\u0103<\/a> &#8211; MacBook personalizat.<\/strong><\/p>\n<h3><strong>De ce ave\u021bi nevoie de un MacBook personalizat?<\/strong><\/h3>\n<p>Pentru a v\u0103 putea personaliza spa\u021biul de lucru \u00een func\u021bie de nevoile dumneavoastr\u0103. F\u0103r\u0103 a face compromisuri sau a pl\u0103ti prea mult pentru caracteristici secundare.<\/p>\n<p>De exemplu, este important pentru dvs. ca laptopul dvs. s\u0103 aib\u0103 mult\u0103 memorie RAM \u0219i spa\u021biu de stocare. Acest lucru v\u0103 va permite s\u0103 nu folosi\u021bi discuri externe. Nu ave\u021bi nevoie de un procesor puternic, a\u0219a c\u0103 nu exist\u0103 niciun motiv s\u0103 pl\u0103ti\u021bi prea mult pentru unul. La un Mac standard, o capacitate mare de memorie vine \u00een modelele cu un cip de \u00eenalt\u0103 performan\u021b\u0103, a\u0219a c\u0103 pute\u021bi alege nu doar unul. Dar cu un model personalizat, nu ve\u021bi pl\u0103ti prea mult \u0219i ve\u021bi ob\u021bine ceea ce ave\u021bi nevoie.<\/p>\n<p>Mac-urile personalizate sunt populare \u00een r\u00e2ndul programatorilor, designerilor, fotografilor, studen\u021bilor tehnici \u0219i creativi \u0219i chiar al gamerilor. Paradoxal, este o solu\u021bie unic\u0103 atunci c\u00e2nd ave\u021bi nevoie de exclusivitate.<\/p>\n<p><img loading=\"lazy\" class=\"aligncenter wp-image-3347 size-full\" src=\"https:\/\/ispace.md\/blog\/wp-content\/uploads\/2022\/04\/jeremy-bezanger-HgKbF8qgE9o-unsplash.jpg\" alt=\"MacBook personalizat\" width=\"1200\" height=\"800\" srcset=\"https:\/\/ispace.md\/blog\/wp-content\/uploads\/2022\/04\/jeremy-bezanger-HgKbF8qgE9o-unsplash.jpg 1200w, https:\/\/ispace.md\/blog\/wp-content\/uploads\/2022\/04\/jeremy-bezanger-HgKbF8qgE9o-unsplash-400x267.jpg 400w, https:\/\/ispace.md\/blog\/wp-content\/uploads\/2022\/04\/jeremy-bezanger-HgKbF8qgE9o-unsplash-1024x683.jpg 1024w, https:\/\/ispace.md\/blog\/wp-content\/uploads\/2022\/04\/jeremy-bezanger-HgKbF8qgE9o-unsplash-768x512.jpg 768w, https:\/\/ispace.md\/blog\/wp-content\/uploads\/2022\/04\/jeremy-bezanger-HgKbF8qgE9o-unsplash-390x260.jpg 390w, https:\/\/ispace.md\/blog\/wp-content\/uploads\/2022\/04\/jeremy-bezanger-HgKbF8qgE9o-unsplash-285x190.jpg 285w\" sizes=\"(max-width: 1200px) 100vw, 1200px\" \/><\/p>\n<h3><strong>Ce computere pot fi personalizate?<\/strong><\/h3>\n<ul>\n<li>MacBook Air;<\/li>\n<li>MacBook Pro;<\/li>\n<li>iMac;<\/li>\n<li>Mac Mini.<\/li>\n<\/ul>\n<p><strong>Ce pute\u021bi modifica?<\/strong><\/p>\n<p>Alege\u021bi procesorul, memoria RAM, spa\u021biul de stocare \u0219i chiar aspectul tastaturii (RU, US) potrivite, cu garan\u021bia oficial\u0103 Apple!<\/p>\n<p>Un Mac personalizat nu difer\u0103 cu nimic de un Mac standard. Ave\u021bi nevoie de cea mai modern\u0103, rapid\u0103 \u0219i puternic\u0103 &#8220;ma\u0219in\u0103&#8221;? Alege\u021bi un MacBook Pro echipat cu cipurile M4 Pro sau M4 Max \u0219i face\u021bi upgrade la performan\u021ba de care ave\u021bi nevoie.<\/p>\n<p>Ave\u021bi nevoie de un display mai mare? Personaliza\u021bi laptopurile de 14,2 inci sau 16,2 inci. Asamblate \u00een fabrica produc\u0103torului, aceste computere beneficiaz\u0103 de aceea\u0219i garan\u021bie Apple ca \u0219i modelele standard.<\/p>\n<p>Cele mai puternice modele sunt deja \u00een stoc, iar comenzile personalizate sunt livrate direct de la fabrica Apple \u00een 8-12 s\u0103pt\u0103m\u00e2ni!<\/p>\n<p><strong>Care este pre\u021bul?<\/strong><\/p>\n<p>MacBook-urile \u0219i iMac-urile personalizate sunt asamblate pe baz\u0103 de comand\u0103. Consultantul nostru v\u0103 va spune pre\u021bul lor exact dup\u0103 ce alege\u021bi modelul \u0219i caracteristicile de care ave\u021bi nevoie. Pute\u021bi ob\u021bine consultan\u021b\u0103 \u0219i asisten\u021b\u0103 \u00een alegerea versiunii optime \u00een orice magazin iSpace.<\/p>\n<p><img loading=\"lazy\" class=\"aligncenter wp-image-3348 size-full\" src=\"https:\/\/ispace.md\/blog\/wp-content\/uploads\/2022\/04\/michal-kubalczyk-WecngmAT-KY-unsplash.jpg\" alt=\"MacBook personalizat\" width=\"1200\" height=\"750\" srcset=\"https:\/\/ispace.md\/blog\/wp-content\/uploads\/2022\/04\/michal-kubalczyk-WecngmAT-KY-unsplash.jpg 1200w, https:\/\/ispace.md\/blog\/wp-content\/uploads\/2022\/04\/michal-kubalczyk-WecngmAT-KY-unsplash-400x250.jpg 400w, https:\/\/ispace.md\/blog\/wp-content\/uploads\/2022\/04\/michal-kubalczyk-WecngmAT-KY-unsplash-1024x640.jpg 1024w, https:\/\/ispace.md\/blog\/wp-content\/uploads\/2022\/04\/michal-kubalczyk-WecngmAT-KY-unsplash-768x480.jpg 768w\" sizes=\"(max-width: 1200px) 100vw, 1200px\" \/><\/p>\n<p>Dac\u0103 ave\u021bi \u00eentreb\u0103ri despre Mac-urile personalizate, pute\u021bi s\u0103 ne trimite\u021bi un e-mail sau s\u0103 ne suna\u021bi:<\/p>\n<p><a href=\"tel:+37322022235\"><span class=\"text-body-2 ml-3 black--text\" data-v-8b56a5f0=\"\">+373 (22) 022-23<\/span>5<\/a><\/p>\n<style>\n\tdiv#products_69f3ae6c3bff0{\n\t\tdisplay: flex;flex-wrap: wrap;padding: 20px 0px;\n\t}\n\tdiv#products_69f3ae6c3bff0 > div.prodwrap{\n\t\tdisplay:flex; \n\t\tflex-direction:column;\n\t\twidth:33%;\n\t\t padding: 0px 1%;\n\t\tborder: 1px solid #e5e5e5;\n\t\tpadding: 9px;\n\t\ttransition: 0.5s;\n\t\t    margin-bottom: 30px;\n\t\t\tposition: relative;\n\t}\n\tdiv#products_69f3ae6c3bff0 > div.prodwrap:hover{\n\t\tborder-color: #0a84ff;\n\t}\n\t\n\tdiv#products_69f3ae6c3bff0 > div.prod_colorgroup_wrap{\n\t\twidth:33%;\n\t\tpadding: 0px 1%;\n\t\tborder: 1px solid #e5e5e5;\n\t\tpadding: 9px; \n\t\ttransition: 0.5s;\n\t\t    margin-bottom: 30px;\n\t}\n\tdiv#products_69f3ae6c3bff0 > div.prod_colorgroup_wrap:hover{\n\t\tborder-color: #0a84ff;\n\t}\n\tdiv#products_69f3ae6c3bff0 > div.prod_colorgroup_wrap div.colorgr > div.prodwrap{\n\t\tdisplay:none;\n\t}\n\tdiv#products_69f3ae6c3bff0 > div.prod_colorgroup_wrap div.colorgr > div.prodwrap.active{\n\t\tdisplay:flex; flex-direction:column;\n\t}\n\t\n\t span.name{\n\t\tcolor: #000;\n\t\tflex-grow: 1;\n\t\tline-height: 1.3;\n\t\tpadding: 5px 8px;\n\t\tfont-size: 16px;\n\t\tmargin-top: 44px;\n\t}\n\t span.name a{\n\t\tcolor: #000;\n\t}\n\t\n\t span.name:hover a{\n\t\tcolor: #0a84ff;\n\t\ttransition: 0.5s;\n\t}\n\t\n\t span.price{\n\t\t padding: 5px 8px;\n\t\tcolor:#000;\t\n\t\tfont-weight: bold; \n\t\tmax-width: calc(100% - 65px);\n\t}\n\t.bbutt{\n\t\tposition: absolute;\n    bottom: 4px;\n    right: 4px;\n\t\tdisplay: flex;\n\t\twidth: 60px;\n\t\theight: 60px;\n\t\tpadding: 5px;\n\t\talign-content: center;\n\t\talign-items: center;\n\t\tjustify-content: center;\n\t\tborder-radius: 50%;\n\t\tborder: 1px solid transparent;\n\t\ttransition: none;\n\t\tmin-width: unset;\n    color: #fff;\n    background: #0a84ff;\n\t}\n\t\n\t.bbutt:hover {\n\n\t\tbackground: #0b6fd4;\n\t\ttransition: 0.5s;\n\t}\n\t\n\t.prod_colorgroup_wrap{\n\t\tposition:relative;\n\t}\n\t\n\t.colorsw > div{\n\t\tborder-radius: 100%;\n\t\tpadding: 3px;\n\t\tmargin: 2px;\n\t\tborder: 2px solid transparent;\n\t\tcursor: pointer;\n\t\tdisplay: flex;\n\t\talign-content: center;\n\t\talign-items: center;\n\t\tjustify-content: center;\n\t}\n\t\n\t.colorsw > div >span{\n\t\twidth: 30px;\n\t\theight: 30px;\n\t\tborder-radius: 100%;\n\t}\n\t\n\t.colorsw {\n\t\tdisplay: flex;\n\t\tposition: absolute;\n\t\ttop: 251px; \n\t}\n\n\t.colorsw > div.active{\n\t\tborder-color: #0a84ff;\n\t}\n\n@media (max-width: 1200px) {\n\t.colorsw {\n\t\ttop: 193px;\n\t}\n}\n@media (max-width: 992px) {\n\t.colorsw {\n\t\ttop: 216px;\n\t}\n}\t\n\t\n@media (max-width: 768px) {\n\t.colorsw {\n\t\ttop: 164px;\n\t}\n}\t\n\t\n@media (max-width: 600px) {\n\t.colorsw {\n\t\ttop: 41vw ; \n\t}\n\t\n\tdiv#products_69f3ae6c3bff0 > div.prod_colorgroup_wrap{\n\t\twidth:48%;\n\t}\n\tdiv#products_69f3ae6c3bff0 > div.prodwrap{\n\t\twidth:48%;\n\t}\n}\n\n\n\n<\/style>\n\n<script>\nvar printOrder_69f3ae6c3bff0 = [\"Z1FE002BR\",\"Z1FT001H5\",\"Z1DS000BC\"];\n\nif(typeof jQuery != 'undefined'){\n\t\njQuery(document).ready(function(jQuery) {\nlet langkey = switchLocale();\nlet requrl = langkey + \"\/api\/apr\/catalog\/products\/by-sku?skus[]=Z1FE002BR&skus[]=Z1FT001H5&skus[]=Z1DS000BC\";\n\nconsole.log(printOrder_69f3ae6c3bff0);\nprintOrder_69f3ae6c3bff0.forEach((elem, index) => {\n\tif(Array.isArray(elem)){\n\t\tjQuery(\"#products_69f3ae6c3bff0\").append(\"<div id='wrap_\" + index + \"_69f3ae6c3bff0' class='prod_colorgroup_wrap'><div class='colorgr'><\/div><div class='colorsw'><\/div><\/div>\");\n\t\t\n\t\telem.forEach((eleminner, indexinner) => {\n\t\t\tlet active = '';\n\t\t\t\/\/printOrder_69f3ae6c3bff0[index][indexinner] = data.find(o => o.sku === eleminner);\n\t\t\tif(printOrder_69f3ae6c3bff0[index][indexinner] != null){\n\t\t\t\t\n\t\t\t\tif(indexinner == 0){active = 'active';}\n\t\t\t\t\tgetElemNew_69f3ae6c3bff0(printOrder_69f3ae6c3bff0[index][indexinner], active, index)\n\t\t\t\tjQuery(\"#products_69f3ae6c3bff0 div#wrap_\" + index + \"_69f3ae6c3bff0 div.colorsw\")\n\t\t\t\t\t.append(\"<div data-elem = '\" + indexinner + \"' class='\" + active + \"'><span style='background:\" + color + \";'><\/span><\/div>\");\n\t\t\t}\n\t\t});\n\t}\n\telse{\n\t\t\/\/printOrder_69f3ae6c3bff0[index] = data.find(o => o.sku === elem);\n\t\tif(printOrder_69f3ae6c3bff0[index] != null){\n\t\t\tgetElemNew_69f3ae6c3bff0(printOrder_69f3ae6c3bff0[index], 0, -1)\n\t\t\t\n\t\t}\n\t}\n});\t\n\t\njQuery(\".colorsw div\").click(function() {\n\tlet elemid = jQuery(this).parent().parent().attr('id');\n\tjQuery(\"#\"+elemid + \" .colorgr > div.prodwrap\").removeClass(\"active\");\n\tjQuery(\"#\"+elemid + \" .colorsw > div\").removeClass(\"active\"); \n\tjQuery(\"#\"+elemid + \" .colorgr > div.prodwrap:eq(\"+this.dataset.elem+\")\").addClass(\"active\");\n\tjQuery(\"#\"+elemid + \" .colorsw > div:eq(\"+this.dataset.elem+\")\").addClass(\"active\"); \n});\n\n\n\n\t\n});\t\n\n}\n\t\n\n\n\/**\n * Number.prototype.format(n, x, s, c)\n * \n * @param integer n: length of decimal\n * @param integer x: length of whole part\n * @param mixed   s: sections delimiter\n * @param mixed   c: decimal delimiter\n *\/\nNumber.prototype.format = function(n, x, s, c) {\n    var re = '\\\\d(?=(\\\\d{' + (x || 3) + '})+' + (n > 0 ? '\\\\D' : '$') + ')',\n    num = this.toFixed(Math.max(0, ~~n));\n\n    return (c ? num.replace('.', c) : num).replace(new RegExp(re, 'g'), '$&' + (s || ','));\n};\n\n\n\nfunction getElem(element, active){\n\tconsole.log(element)\n\tlet currSign = switchCurrency(element.prices.geo); \n\tlet bigPrice = element.prices.discount_price;\n\tlet smallPrice = element.prices.price;\n\tif(element.prices.price > element.prices.discount_price){bigPrice = smallPrice; smallPrice = element.prices.discount_price; }\n\t\n\tlet finalPrice = element.prices.price;\n\tif(element.prices.discount_type){finalPrice = smallPrice;}\n\t\n\tlet price = formatPrice(element.prices.geo, finalPrice) ; \n\tlet url = location.protocol + '\/\/' + location.hostname + switchLocale() + '\/' + element.category[0].url + '\/' + element.slug;\n\tlet burl = location.protocol + '\/\/' + location.hostname + switchLocale() + '\/cart?articul=' + element.sku;\n\tlet aclass = '';\n\tif(active){aclass = 'active';}\n\t\/\/ \/AfrOrF3gWeDA6VOlDG4TzxMv39O7MXnF4CXpKUwGqRM\/resize:fill:540\/bg:f6f6f6\/q:100\/plain\/s3:\/\/\n\treturn \"<div class='prodwrap \" + aclass + \"'><a href='\" + url + \"' target='_blank'><img src='https:\/\/\"+switchProxy(element.prices.geo)+\"\/AfrOrF3gWeDA6VOlDG4TzxMv39O7MXnF4CXpKUwGqRM\/resize:fill:540\/bg:ffffff\/q:100\/plain\/s3:\/\/\" + element.image+\"@webp' alt=''><\/a><span class='name'><a href='\" + url + \"' target='_blank'>\" + element.name + \"<\/a><\/span><span class='price'>\" + price + \" \" + currSign + \"<\/span><a class='bbutt' href='\" + burl + \"''><img src='https:\/\/cdn0.it4profit.com\/files\/7\/catalog-add-cart-icon.svg' alt=''><\/a><\/div>\";\n}\n\n\nfunction getElemNew_69f3ae6c3bff0(sku, active, index){\n\tconsole.log(sku)\n\n\trequrl = '\/api\/products?search=sku:'+ sku +'&searchFields=sku:=&limit=0&lang=ru';\n\tvar request_69f3ae6c3bff0_sku = jQuery.ajax({\n\t\turl: requrl,\n\t\ttype: \"GET\", \n\t\tdataType: 'json',\n\t\theaders: {\n\t\t'Content-Type':'application\/json'\n\t\t},\n\t});\n\t\nrequest_69f3ae6c3bff0_sku.done(function(data) {\n\tconsole.log(data);\n\telement = data.data[0];\n\t\tconsole.log(element);\n\tlet currSign = element.currency; \n\t\/\/let bigPrice = element.discount_price;\n\n\t\n\t\/\/let price = formatPrice(element.prices.geo, finalPrice) ; \n\t\n\tlet url = location.protocol + '\/\/' + location.hostname + switchLocale() + '\/product\/' + element.slug;\n\t\/\/let burl = location.protocol + '\/\/' + location.hostname + switchLocale() + '\/cart?articul=' + element.sku;\n\tlet aclass = '';\n\tif(active){aclass = 'active';}\n\n\nif(index === -1){\n\tjQuery(\"#products_69f3ae6c3bff0\").append(\"<div class='prodwrap \" + aclass + \"'><a href='\" + url + \"' target='_blank'><img src='https:\/\/cdn0.it4profit.com\/s3size\/rt:fill\/w:900\/h:900\/g:no\/el:1\/f:webp\/plain\/s3:\/\"+element.images[0]+\"' alt=''><\/a><span class='name'><a href='\" + url + \"' target='_blank'>\" + element.name + \"<\/a><\/span><span class='price'>\" +  element.final_price + \" \" + currSign + \"<\/span><\/div>\");\t\n\n}\nelse{\n\tjQuery(\"#products_69f3ae6c3bff0 div#wrap_\" + index + \"_69f3ae6c3bff0 div.colorgr\")\n\t.append(\"#products_69f3ae6c3bff0\").append(\"<div class='prodwrap \" + aclass + \"'><a href='\" + url + \"' target='_blank'><img src='https:\/\/cdn0.it4profit.com\/s3size\/rt:fill\/w:900\/h:900\/g:no\/el:1\/f:webp\/plain\/s3:\/\"+element.images[0]+\"' alt=''><\/a><span class='name'><a href='\" + url + \"' target='_blank'>\" + element.name + \"<\/a><\/span><span class='price'>\" +  element.final_price + \" \" + currSign + \"<\/span><\/div>\");\n}\n\n\n});\n\n\n\n}\n\n\nfunction switchLocale(){\n\tconsole.log(location.host);\n\tlet locale = jQuery(\"html\").attr('lang');\n\tif(location.host == 'ion.ua' & locale == 'uk'){return \"\/ua\";}\n\tif(location.host == 'ispace.ua' & locale == 'uk'){return \"\/ua\";}\n\tif(location.host == 'ispace.am' & locale == 'ru-RU'){return \"\/ru\";}\n\tif(location.host == 'ispace.am' & locale == 'en-US'){return \"\/en\";}\t\n\t\n\treturn \"\";\n}\n\nfunction switchCurrency(geo){\n\tswitch (geo) {\n\t  case 'BY':\n\t\treturn \"BYN\";\n\t  case 'UA':\n\t\treturn \"\u0433\u0440\u043d\";\n\t  case 'KZ':\n\t\treturn \"\u20b8\";\n\t  case 'AZ':\n\t\treturn \"AZN\";\n\t  case 'GE':\n\t\treturn \"\u10da\u10d0\u10e0\u10d8\";\n\t  case 'ARM':\n\t\treturn \"AMD\";\n\t  case 'RO':\n\t\treturn \"lei\";\n\t  case 'MD':\n\t\treturn \"lei\";\n\t  default:\n\t\treturn \"ERROR\";\n\t}\n}\n\nfunction formatPrice(geo, price){\n\tswitch (geo) {\n\t  case 'BY':\n\t\t\treturn Number(price).format(2, 3, ' ');\n\t  case 'UA':\n\t\t\treturn Number(price).format(2, 3, ' ');\n\t  case 'KZ':\n\t\t\treturn Number(price).format(0, 3, ' ');\n\t  case 'AZ':\n\t\t\treturn Number(price).format(0, 3, ' ');\n\t  case 'GE':\n\t\t\treturn Number(price).format(0, 3, ' ');\n\t  case 'ARM':\n\t\t\treturn Number(price).format(0, 3, ' ');\n\t  case 'RO':\n\t\t\treturn Number(price).format(0, 3, ' ');\n\t  case 'MD':\n\t\t\treturn Number(price).format(0, 3, ' ');\n\t  default:\n\t\t\treturn Number(price).format(0, 3, ' ');\n\t}\n}\n\n\t\nfunction switchProxy(geo){\n\tswitch (geo) {\n\t  case 'BY':\n\t\treturn \"cdn0.i-store.by\";\n\t  case 'UA':\n\t\treturn \"cdn1.it4profit.com\";\n\t  case 'KZ':\n\t\treturn \"cdn0.ipoint.kz\";\n\t  case 'AZ':\n\t\treturn \"cdn1.it4profit.com\";\n\t  case 'GE':\n\t\treturn \"cdn1.it4profit.com\";\n\t  case 'ARM':\n\t\treturn \"cdn0.ispace.am\";\n\t  default:\n\t\treturn \"cdn1.it4profit.com\";\n\t}\n}\n\n\n\n<\/script>\n<div id=\"products_69f3ae6c3bff0\"><\/div>\n","protected":false},"excerpt":{"rendered":"<p>\u00cen magazinul online iSpace.md pute\u021bi cump\u0103ra toate calculatoarele Apple actuale: MacBook Air \u0219i Pro, Mac Mini \u0219i iMac. Acestea sunt prezentate \u00een configura\u021bii standard. Dar, dac\u0103 dori\u021bi, pute\u021bi ob\u021bine un computer exclusivist asamblat special pentru nevoile dumneavoastr\u0103 &#8211; MacBook personalizat. De ce ave\u021bi nevoie de un MacBook personalizat? Pentru a v\u0103 putea personaliza spa\u021biul de [&hellip;]<\/p>\n","protected":false},"author":1,"featured_media":3346,"comment_status":"open","ping_status":"open","sticky":false,"template":"","format":"standard","meta":[],"categories":[443],"tags":[455,738,977,1069,1067,1001,1043,1045,1421,1442,1444,1664,1857,1859,1003,742,775,747,630,685,985],"yoast_head":"<!-- This site is optimized with the Yoast SEO plugin v17.0 - https:\/\/yoast.com\/wordpress\/plugins\/seo\/ -->\n<title>MacBook personalizat la iSpace: un computer construit doar pentru tine<\/title>\n<meta name=\"description\" content=\"Dac\u0103 dori\u021bi, pute\u021bi ob\u021bine un computer exclusivist asamblat special pentru nevoile dumneavoastr\u0103 - MacBook personalizat, iSpace v\u0103 ajut\u0103 aici.\" \/>\n<meta name=\"robots\" content=\"index, follow, max-snippet:-1, max-image-preview:large, max-video-preview:-1\" \/>\n<link rel=\"canonical\" href=\"https:\/\/ispace.md\/blog\/macbook-personalizat\/\" \/>\n<meta property=\"og:locale\" content=\"ru_RU\" \/>\n<meta property=\"og:type\" content=\"article\" \/>\n<meta property=\"og:title\" content=\"MacBook personalizat la iSpace: un computer construit doar pentru tine\" \/>\n<meta property=\"og:description\" content=\"Dac\u0103 dori\u021bi, pute\u021bi ob\u021bine un computer exclusivist asamblat special pentru nevoile dumneavoastr\u0103 - MacBook personalizat, iSpace v\u0103 ajut\u0103 aici.\" \/>\n<meta property=\"og:url\" content=\"https:\/\/ispace.md\/blog\/macbook-personalizat\/\" \/>\n<meta property=\"og:site_name\" content=\"iSpace\" \/>\n<meta property=\"article:publisher\" content=\"https:\/\/www.facebook.com\/ispacemd\/\" \/>\n<meta property=\"article:published_time\" content=\"2025-02-08T09:00:04+00:00\" \/>\n<meta property=\"article:modified_time\" content=\"2025-06-11T07:00:11+00:00\" \/>\n<meta property=\"og:image\" content=\"https:\/\/ispace.md\/blog\/wp-content\/uploads\/2022\/04\/daniel-korpai-HyTwtsk8XqA-unsplash.jpg\" \/>\n\t<meta property=\"og:image:width\" content=\"1200\" \/>\n\t<meta property=\"og:image:height\" content=\"800\" \/>\n<meta name=\"twitter:card\" content=\"summary_large_image\" \/>\n<meta name=\"twitter:label1\" content=\"\u041d\u0430\u043f\u0438\u0441\u0430\u043d\u043e \u0430\u0432\u0442\u043e\u0440\u043e\u043c\" \/>\n\t<meta name=\"twitter:data1\" content=\"istoreadm\" \/>\n\t<meta name=\"twitter:label2\" content=\"\u041f\u0440\u0438\u043c\u0435\u0440\u043d\u043e\u0435 \u0432\u0440\u0435\u043c\u044f \u0434\u043b\u044f \u0447\u0442\u0435\u043d\u0438\u044f\" \/>\n\t<meta name=\"twitter:data2\" content=\"2 \u043c\u0438\u043d\u0443\u0442\u044b\" \/>\n<script type=\"application\/ld+json\" class=\"yoast-schema-graph\">{\"@context\":\"https:\/\/schema.org\",\"@graph\":[{\"@type\":\"WebSite\",\"@id\":\"https:\/\/ispace.md\/blog\/ru\/#website\",\"url\":\"https:\/\/ispace.md\/blog\/ru\/\",\"name\":\"iSpace\",\"description\":\"\\u0411\\u043b\\u043e\\u0433 \\u043a\\u043e\\u043c\\u043f\\u0430\\u043d\\u0438\\u0438 iSpace\",\"potentialAction\":[{\"@type\":\"SearchAction\",\"target\":{\"@type\":\"EntryPoint\",\"urlTemplate\":\"https:\/\/ispace.md\/blog\/ru\/?s={search_term_string}\"},\"query-input\":\"required name=search_term_string\"}],\"inLanguage\":\"ru-RU\"},{\"@type\":\"ImageObject\",\"@id\":\"https:\/\/ispace.md\/blog\/macbook-personalizat\/#primaryimage\",\"inLanguage\":\"ru-RU\",\"url\":\"https:\/\/ispace.md\/blog\/wp-content\/uploads\/2022\/04\/daniel-korpai-HyTwtsk8XqA-unsplash.jpg\",\"contentUrl\":\"https:\/\/ispace.md\/blog\/wp-content\/uploads\/2022\/04\/daniel-korpai-HyTwtsk8XqA-unsplash.jpg\",\"width\":1200,\"height\":800},{\"@type\":\"WebPage\",\"@id\":\"https:\/\/ispace.md\/blog\/macbook-personalizat\/#webpage\",\"url\":\"https:\/\/ispace.md\/blog\/macbook-personalizat\/\",\"name\":\"MacBook personalizat la iSpace: un computer construit doar pentru tine\",\"isPartOf\":{\"@id\":\"https:\/\/ispace.md\/blog\/ru\/#website\"},\"primaryImageOfPage\":{\"@id\":\"https:\/\/ispace.md\/blog\/macbook-personalizat\/#primaryimage\"},\"datePublished\":\"2025-02-08T09:00:04+00:00\",\"dateModified\":\"2025-06-11T07:00:11+00:00\",\"author\":{\"@id\":\"https:\/\/ispace.md\/blog\/ru\/#\/schema\/person\/ee7c990e7f16a92ff015648f1d3212cd\"},\"description\":\"Dac\\u0103 dori\\u021bi, pute\\u021bi ob\\u021bine un computer exclusivist asamblat special pentru nevoile dumneavoastr\\u0103 - MacBook personalizat, iSpace v\\u0103 ajut\\u0103 aici.\",\"breadcrumb\":{\"@id\":\"https:\/\/ispace.md\/blog\/macbook-personalizat\/#breadcrumb\"},\"inLanguage\":\"ru-RU\",\"potentialAction\":[{\"@type\":\"ReadAction\",\"target\":[\"https:\/\/ispace.md\/blog\/macbook-personalizat\/\"]}]},{\"@type\":\"BreadcrumbList\",\"@id\":\"https:\/\/ispace.md\/blog\/macbook-personalizat\/#breadcrumb\",\"itemListElement\":[{\"@type\":\"ListItem\",\"position\":1,\"name\":\"\\u0413\\u043b\\u0430\\u0432\\u043d\\u0430\\u044f \\u0441\\u0442\\u0440\\u0430\\u043d\\u0438\\u0446\\u0430\",\"item\":\"https:\/\/ispace.md\/blog\/ru\/\"},{\"@type\":\"ListItem\",\"position\":2,\"name\":\"MacBook personalizat la iSpace: un computer construit doar pentru tine\"}]},{\"@type\":\"Person\",\"@id\":\"https:\/\/ispace.md\/blog\/ru\/#\/schema\/person\/ee7c990e7f16a92ff015648f1d3212cd\",\"name\":\"istoreadm\",\"image\":{\"@type\":\"ImageObject\",\"@id\":\"https:\/\/ispace.md\/blog\/ru\/#personlogo\",\"inLanguage\":\"ru-RU\",\"url\":\"https:\/\/secure.gravatar.com\/avatar\/3ab1424e156237432133bacf1fcdd22d?s=96&d=mm&r=g\",\"contentUrl\":\"https:\/\/secure.gravatar.com\/avatar\/3ab1424e156237432133bacf1fcdd22d?s=96&d=mm&r=g\",\"caption\":\"istoreadm\"},\"url\":\"https:\/\/ispace.md\/blog\/author\/istoreadm\/\"}]}<\/script>\n<!-- \/ Yoast SEO plugin. -->","yoast_head_json":{"title":"MacBook personalizat la iSpace: un computer construit doar pentru tine","description":"Dac\u0103 dori\u021bi, pute\u021bi ob\u021bine un computer exclusivist asamblat special pentru nevoile dumneavoastr\u0103 - MacBook personalizat, iSpace v\u0103 ajut\u0103 aici.","robots":{"index":"index","follow":"follow","max-snippet":"max-snippet:-1","max-image-preview":"max-image-preview:large","max-video-preview":"max-video-preview:-1"},"canonical":"https:\/\/ispace.md\/blog\/macbook-personalizat\/","og_locale":"ru_RU","og_type":"article","og_title":"MacBook personalizat la iSpace: un computer construit doar pentru tine","og_description":"Dac\u0103 dori\u021bi, pute\u021bi ob\u021bine un computer exclusivist asamblat special pentru nevoile dumneavoastr\u0103 - MacBook personalizat, iSpace v\u0103 ajut\u0103 aici.","og_url":"https:\/\/ispace.md\/blog\/macbook-personalizat\/","og_site_name":"iSpace","article_publisher":"https:\/\/www.facebook.com\/ispacemd\/","article_published_time":"2025-02-08T09:00:04+00:00","article_modified_time":"2025-06-11T07:00:11+00:00","og_image":[{"width":1200,"height":800,"url":"https:\/\/ispace.md\/blog\/wp-content\/uploads\/2022\/04\/daniel-korpai-HyTwtsk8XqA-unsplash.jpg","path":"\/srv\/ispace.md\/blog\/wp-content\/uploads\/2022\/04\/daniel-korpai-HyTwtsk8XqA-unsplash.jpg","size":"full","id":3346,"alt":"","pixels":960000,"type":"image\/jpeg"}],"twitter_card":"summary_large_image","twitter_misc":{"\u041d\u0430\u043f\u0438\u0441\u0430\u043d\u043e \u0430\u0432\u0442\u043e\u0440\u043e\u043c":"istoreadm","\u041f\u0440\u0438\u043c\u0435\u0440\u043d\u043e\u0435 \u0432\u0440\u0435\u043c\u044f \u0434\u043b\u044f \u0447\u0442\u0435\u043d\u0438\u044f":"2 \u043c\u0438\u043d\u0443\u0442\u044b"},"schema":{"@context":"https:\/\/schema.org","@graph":[{"@type":"WebSite","@id":"https:\/\/ispace.md\/blog\/ru\/#website","url":"https:\/\/ispace.md\/blog\/ru\/","name":"iSpace","description":"\u0411\u043b\u043e\u0433 \u043a\u043e\u043c\u043f\u0430\u043d\u0438\u0438 iSpace","potentialAction":[{"@type":"SearchAction","target":{"@type":"EntryPoint","urlTemplate":"https:\/\/ispace.md\/blog\/ru\/?s={search_term_string}"},"query-input":"required name=search_term_string"}],"inLanguage":"ru-RU"},{"@type":"ImageObject","@id":"https:\/\/ispace.md\/blog\/macbook-personalizat\/#primaryimage","inLanguage":"ru-RU","url":"https:\/\/ispace.md\/blog\/wp-content\/uploads\/2022\/04\/daniel-korpai-HyTwtsk8XqA-unsplash.jpg","contentUrl":"https:\/\/ispace.md\/blog\/wp-content\/uploads\/2022\/04\/daniel-korpai-HyTwtsk8XqA-unsplash.jpg","width":1200,"height":800},{"@type":"WebPage","@id":"https:\/\/ispace.md\/blog\/macbook-personalizat\/#webpage","url":"https:\/\/ispace.md\/blog\/macbook-personalizat\/","name":"MacBook personalizat la iSpace: un computer construit doar pentru tine","isPartOf":{"@id":"https:\/\/ispace.md\/blog\/ru\/#website"},"primaryImageOfPage":{"@id":"https:\/\/ispace.md\/blog\/macbook-personalizat\/#primaryimage"},"datePublished":"2025-02-08T09:00:04+00:00","dateModified":"2025-06-11T07:00:11+00:00","author":{"@id":"https:\/\/ispace.md\/blog\/ru\/#\/schema\/person\/ee7c990e7f16a92ff015648f1d3212cd"},"description":"Dac\u0103 dori\u021bi, pute\u021bi ob\u021bine un computer exclusivist asamblat special pentru nevoile dumneavoastr\u0103 - MacBook personalizat, iSpace v\u0103 ajut\u0103 aici.","breadcrumb":{"@id":"https:\/\/ispace.md\/blog\/macbook-personalizat\/#breadcrumb"},"inLanguage":"ru-RU","potentialAction":[{"@type":"ReadAction","target":["https:\/\/ispace.md\/blog\/macbook-personalizat\/"]}]},{"@type":"BreadcrumbList","@id":"https:\/\/ispace.md\/blog\/macbook-personalizat\/#breadcrumb","itemListElement":[{"@type":"ListItem","position":1,"name":"\u0413\u043b\u0430\u0432\u043d\u0430\u044f \u0441\u0442\u0440\u0430\u043d\u0438\u0446\u0430","item":"https:\/\/ispace.md\/blog\/ru\/"},{"@type":"ListItem","position":2,"name":"MacBook personalizat la iSpace: un computer construit doar pentru tine"}]},{"@type":"Person","@id":"https:\/\/ispace.md\/blog\/ru\/#\/schema\/person\/ee7c990e7f16a92ff015648f1d3212cd","name":"istoreadm","image":{"@type":"ImageObject","@id":"https:\/\/ispace.md\/blog\/ru\/#personlogo","inLanguage":"ru-RU","url":"https:\/\/secure.gravatar.com\/avatar\/3ab1424e156237432133bacf1fcdd22d?s=96&d=mm&r=g","contentUrl":"https:\/\/secure.gravatar.com\/avatar\/3ab1424e156237432133bacf1fcdd22d?s=96&d=mm&r=g","caption":"istoreadm"},"url":"https:\/\/ispace.md\/blog\/author\/istoreadm\/"}]}},"frontimg":"https:\/\/ispace.md\/blog\/wp-content\/uploads\/2022\/04\/daniel-korpai-HyTwtsk8XqA-unsplash-320x220.jpg","frontimglarge":"https:\/\/ispace.md\/blog\/wp-content\/uploads\/2022\/04\/daniel-korpai-HyTwtsk8XqA-unsplash-730x300.jpg","acf":{"select_banner_style":"0","select_sidebar":"0","axil_post_review_box":false,"bage":"iSpace","subtitle":"Construit doar pentru tine"},"_links":{"self":[{"href":"https:\/\/ispace.md\/blog\/wp-json\/wp\/v2\/posts\/3634"}],"collection":[{"href":"https:\/\/ispace.md\/blog\/wp-json\/wp\/v2\/posts"}],"about":[{"href":"https:\/\/ispace.md\/blog\/wp-json\/wp\/v2\/types\/post"}],"author":[{"embeddable":true,"href":"https:\/\/ispace.md\/blog\/wp-json\/wp\/v2\/users\/1"}],"replies":[{"embeddable":true,"href":"https:\/\/ispace.md\/blog\/wp-json\/wp\/v2\/comments?post=3634"}],"version-history":[{"count":11,"href":"https:\/\/ispace.md\/blog\/wp-json\/wp\/v2\/posts\/3634\/revisions"}],"predecessor-version":[{"id":9066,"href":"https:\/\/ispace.md\/blog\/wp-json\/wp\/v2\/posts\/3634\/revisions\/9066"}],"wp:featuredmedia":[{"embeddable":true,"href":"https:\/\/ispace.md\/blog\/wp-json\/wp\/v2\/media\/3346"}],"wp:attachment":[{"href":"https:\/\/ispace.md\/blog\/wp-json\/wp\/v2\/media?parent=3634"}],"wp:term":[{"taxonomy":"category","embeddable":true,"href":"https:\/\/ispace.md\/blog\/wp-json\/wp\/v2\/categories?post=3634"},{"taxonomy":"post_tag","embeddable":true,"href":"https:\/\/ispace.md\/blog\/wp-json\/wp\/v2\/tags?post=3634"}],"curies":[{"name":"wp","href":"https:\/\/api.w.org\/{rel}","templated":true}]}}