{"id":4013,"date":"2022-07-15T12:33:31","date_gmt":"2022-07-15T08:33:31","guid":{"rendered":"https:\/\/ispace.am\/blog\/?p=4013"},"modified":"2023-08-16T17:47:40","modified_gmt":"2023-08-16T14:47:40","slug":"macbook-air-pe-m2","status":"publish","type":"post","link":"https:\/\/ispace.md\/blog\/macbook-air-pe-m2\/","title":{"rendered":"Noul MacBook Air pe M2: \u00een v\u00e2nzare din 22 iulie"},"content":{"rendered":"<p><strong>\u00a0MacBook Air M2. <a href=\"https:\/\/www.apple.com\/newsroom\/2022\/07\/all-new-macbook-air-with-m2-available-to-order-starting-friday-july-8\/\">Aceast\u0103 actualizare a fost a\u0219teptat\u0103 de mul\u021bi<\/a>. Apple a \u00eembun\u0103t\u0103\u021bit &#8221; ar\u0103tosul&#8221; <a href=\"https:\/\/ispace.md\/mac\/macbook-air\">MacBook Air<\/a> \u00een multe privin\u021be. &#8220;Fierul&#8221;, aspectul, camera, sunetul &#8211; aproape totul s-a \u00eembun\u0103t\u0103\u021bit. Iar din 22 iulie noutatea poate fi cump\u0103rat\u0103 la Chi\u0219in\u0103u.\u00a0<\/strong><\/p>\n<p>Am compilat pentru dvs. o prezentare general\u0103 a celor mai semnificative inova\u021bii.<\/p>\n<p><strong>Design complet nou &#8211; pentru prima dat\u0103 din 2008 \u00eencoace<\/strong><\/p>\n<p><img loading=\"lazy\" class=\"aligncenter wp-image-3995 size-full\" src=\"https:\/\/ispace.md\/blog\/wp-content\/uploads\/2022\/07\/49679bd49f3a1f8e6b74156e4f66bf4a.jpeg\" alt=\" MacBook Air M2\" width=\"1200\" height=\"800\" srcset=\"https:\/\/ispace.md\/blog\/wp-content\/uploads\/2022\/07\/49679bd49f3a1f8e6b74156e4f66bf4a.jpeg 1200w, https:\/\/ispace.md\/blog\/wp-content\/uploads\/2022\/07\/49679bd49f3a1f8e6b74156e4f66bf4a-400x267.jpeg 400w, https:\/\/ispace.md\/blog\/wp-content\/uploads\/2022\/07\/49679bd49f3a1f8e6b74156e4f66bf4a-1024x683.jpeg 1024w, https:\/\/ispace.md\/blog\/wp-content\/uploads\/2022\/07\/49679bd49f3a1f8e6b74156e4f66bf4a-768x512.jpeg 768w, https:\/\/ispace.md\/blog\/wp-content\/uploads\/2022\/07\/49679bd49f3a1f8e6b74156e4f66bf4a-390x260.jpeg 390w, https:\/\/ispace.md\/blog\/wp-content\/uploads\/2022\/07\/49679bd49f3a1f8e6b74156e4f66bf4a-285x190.jpeg 285w\" sizes=\"(max-width: 1200px) 100vw, 1200px\" \/><\/p>\n<p>Designul ultrabook-ului &#8221; ar\u0103tos&#8221; de la Apple nu s-a schimbat prea mult din 2008. La prezentare, Steve Jobs a f\u0103cut senza\u021bie sco\u021b\u00e2nd primul MacBook Air dintr-un plic de h\u00e2rtie. \u00cenc\u00e2ntarea oamenilor este u\u0219or de \u00een\u021beles: la acea vreme, laptopurile ar\u0103tau ca ni\u0219te mon\u0219tri de plastic mari \u0219i grei. MacBook Air ar\u0103ta futurist, cu grosimea sa de mai pu\u021bin de 2 cm \u0219i marginile sale \u00eenguste.<\/p>\n<p>Iar acum, 14 ani mai t\u00e2rziu, Apple a reproiectat legendarul design. Dar l-a p\u0103strat u\u0219or \u0219i vaporos. Noul <a href=\"https:\/\/ispace.md\/mac\/macbook-air\"><strong>MacBook Air<\/strong><\/a> echipat cu M2 c\u00e2nt\u0103re\u0219te doar 1,24 kg. Are o grosime de 1,13 cm. Acum, \u00eentreaga carcas\u0103 are aceea\u0219i grosime, f\u0103r\u0103 forma de pan\u0103. Picioarele de pe panoul inferior sunt mai \u00eenalte \u0219i ridic\u0103 Mac-ul mai ferm deasupra suprafe\u021bei.<\/p>\n<p><img loading=\"lazy\" class=\"size-full wp-image-4000 aligncenter\" src=\"https:\/\/ispace.am\/blog\/wp-content\/uploads\/2022\/07\/Apple-WWDC22-MacBook-Air-Final-Cut-Pro-220606_big.jpg.large_.jpg\" alt=\"\" width=\"1200\" height=\"800\" srcset=\"https:\/\/ispace.md\/blog\/wp-content\/uploads\/2022\/07\/Apple-WWDC22-MacBook-Air-Final-Cut-Pro-220606_big.jpg.large_.jpg 1200w, https:\/\/ispace.md\/blog\/wp-content\/uploads\/2022\/07\/Apple-WWDC22-MacBook-Air-Final-Cut-Pro-220606_big.jpg.large_-400x267.jpg 400w, https:\/\/ispace.md\/blog\/wp-content\/uploads\/2022\/07\/Apple-WWDC22-MacBook-Air-Final-Cut-Pro-220606_big.jpg.large_-1024x683.jpg 1024w, https:\/\/ispace.md\/blog\/wp-content\/uploads\/2022\/07\/Apple-WWDC22-MacBook-Air-Final-Cut-Pro-220606_big.jpg.large_-768x512.jpg 768w, https:\/\/ispace.md\/blog\/wp-content\/uploads\/2022\/07\/Apple-WWDC22-MacBook-Air-Final-Cut-Pro-220606_big.jpg.large_-390x260.jpg 390w, https:\/\/ispace.md\/blog\/wp-content\/uploads\/2022\/07\/Apple-WWDC22-MacBook-Air-Final-Cut-Pro-220606_big.jpg.large_-285x190.jpg 285w\" sizes=\"(max-width: 1200px) 100vw, 1200px\" \/><\/p>\n<p>De asemenea, au fost ad\u0103ugate noi culori. Acum \u00een palet\u0103:<\/p>\n<ul>\n<li>Space Gray;<\/li>\n<li>Argintiu;<\/li>\n<li>Midnight;<\/li>\n<li>Starlight (auriu deschis).<\/li>\n<\/ul>\n<p><strong>Cip M2 pentru sarcini serioase\u00a0<\/strong><\/p>\n<p><img loading=\"lazy\" class=\"wp-image-3993 size-full aligncenter\" src=\"https:\/\/ispace.md\/blog\/wp-content\/uploads\/2022\/07\/21.01.16-2.jpg\" alt=\" MacBook Air M2\" width=\"1200\" height=\"680\" srcset=\"https:\/\/ispace.md\/blog\/wp-content\/uploads\/2022\/07\/21.01.16-2.jpg 1200w, https:\/\/ispace.md\/blog\/wp-content\/uploads\/2022\/07\/21.01.16-2-400x227.jpg 400w, https:\/\/ispace.md\/blog\/wp-content\/uploads\/2022\/07\/21.01.16-2-1024x580.jpg 1024w, https:\/\/ispace.md\/blog\/wp-content\/uploads\/2022\/07\/21.01.16-2-768x435.jpg 768w\" sizes=\"(max-width: 1200px) 100vw, 1200px\" \/><\/p>\n<p>M2 este cea de-a doua genera\u021bie de Apple Silicon. Cipul este fabricat cu ajutorul unui proces actualizat de 5 nanometri \u0219i con\u021bine aproximativ 20 de miliarde de tranzistori, <strong>cu 25% mai mult<\/strong> dec\u00e2t M1.<\/p>\n<p>MacBook Air M2 are 8 nuclee: 4 nuclee de \u00eenalt\u0103 performan\u021b\u0103 \u0219i 4 nuclee eficiente din punct de vedere energetic. GPU-ul are 10 nuclee (8 \u00een versiunea de baz\u0103) \u0219i suport\u0103 p\u00e2n\u0103 la 24 GB de memorie combinat\u0103. Configura\u021bia maxim\u0103 de SSD este de 2TB.<\/p>\n<p>Conform asigur\u0103rilor date de Apple, procesorul din cipul M2 este <strong>cu 18% mai eficient<\/strong> dec\u00e2t cel din M1, iar GPU-ul este cu 35% mai eficient. Nucleele noului laptop pot fi utilizate la viteze de ceas mai mari datorit\u0103 celor 5 nanometri \u00eembun\u0103t\u0103\u021bi\u021bi.<\/p>\n<p>M2 prime\u0219te, de asemenea, <strong>un motor video ProRes puternic<\/strong> pentru codare \u0219i decodare accelerat\u0103 prin hardware. Asta \u00eenseamn\u0103 c\u0103 MacBook Air va putea reda mai multe fluxuri video 4K \u0219i 8K ca niciodat\u0103. De exemplu, Final Cut Pro va rula cu aproape 40% mai rapid dec\u00e2t MacBook Air bazat pe M1.<\/p>\n<p><strong>Display Liquid Retina \u00eembun\u0103t\u0103\u021bit cu margini sub\u021biri\u00a0<\/strong><\/p>\n<p><img loading=\"lazy\" class=\"wp-image-4004 size-full aligncenter\" src=\"https:\/\/ispace.md\/blog\/wp-content\/uploads\/2022\/07\/screen11331_large.jpeg\" alt=\" MacBook Air M2\" width=\"1200\" height=\"670\" srcset=\"https:\/\/ispace.md\/blog\/wp-content\/uploads\/2022\/07\/screen11331_large.jpeg 1200w, https:\/\/ispace.md\/blog\/wp-content\/uploads\/2022\/07\/screen11331_large-400x223.jpeg 400w, https:\/\/ispace.md\/blog\/wp-content\/uploads\/2022\/07\/screen11331_large-1024x572.jpeg 1024w, https:\/\/ispace.md\/blog\/wp-content\/uploads\/2022\/07\/screen11331_large-768x429.jpeg 768w\" sizes=\"(max-width: 1200px) 100vw, 1200px\" \/><\/p>\n<p>O alt\u0103 diferen\u021b\u0103 important\u0103 a noului produs este <strong>un display mai mare<\/strong>. Diagonala noului ecran este de 13,6 inci, \u00een loc de 13,3 inci ca de obicei. \u0218i asta cu acelea\u0219i dimensiuni ale laptopului \u00een sine! Pentru a ob\u021bine acest lucru, Apple a redus ramele din jurul ecranului \u0219i a ascuns camera \u00een &#8221; breton &#8220;, ca la actualul iPhone sau la MacBook Pro de 14 \u0219i 16 inci.<\/p>\n<p>Noutatea este echipat\u0103 cu un display Liquid Retina \u00eembun\u0103t\u0103\u021bit, cu o rezolu\u021bie de 2560\u00d71664 pixeli. Luminozitatea maxim\u0103 este acum de <strong>500 de nits<\/strong> \u00een loc de 400. Acest lucru este cu 25% mai luminos dec\u00e2t modelul anterior. Noul ecran suport\u0103 1 miliard de culori \u0219i tehnologia True Tone.<\/p>\n<p>Textele vor fi foarte clare, iar fotografiile \u0219i videoclipurile vor fi mai luminoase, cu un contrast \u0219i detalii adecvate.<\/p>\n<p><strong>Tot ce ave\u021bi nevoie pentru a lucra de la distan\u021b\u0103: camer\u0103, microfoane \u0219i difuzoare<\/strong><\/p>\n<p><img loading=\"lazy\" class=\"size-full wp-image-4005 aligncenter\" src=\"https:\/\/ispace.am\/blog\/wp-content\/uploads\/2022\/07\/snimok-ekrana-2022-06-06-v-21.05.11.jpg\" alt=\"\" width=\"1200\" height=\"787\" srcset=\"https:\/\/ispace.md\/blog\/wp-content\/uploads\/2022\/07\/snimok-ekrana-2022-06-06-v-21.05.11.jpg 1200w, https:\/\/ispace.md\/blog\/wp-content\/uploads\/2022\/07\/snimok-ekrana-2022-06-06-v-21.05.11-400x262.jpg 400w, https:\/\/ispace.md\/blog\/wp-content\/uploads\/2022\/07\/snimok-ekrana-2022-06-06-v-21.05.11-1024x672.jpg 1024w, https:\/\/ispace.md\/blog\/wp-content\/uploads\/2022\/07\/snimok-ekrana-2022-06-06-v-21.05.11-768x504.jpg 768w\" sizes=\"(max-width: 1200px) 100vw, 1200px\" \/><\/p>\n<p>MacBook Air M2 are <strong>o camer\u0103 FaceTime HD 1080 p<\/strong>. La fel ca \u0219i noul MacBook Pro de 14 inci. Aceasta capteaz\u0103 de dou\u0103 ori mai mult\u0103 lumin\u0103 dec\u00e2t camera de pe MacBook Air M1. \u00cen plus, imaginea este procesat\u0103 de sistem. Este ideal dac\u0103 lucra\u021bi de la distan\u021b\u0103 \u0219i v\u0103 apela\u021bi adesea colegii prin apel video. La urma urmei, ve\u021bi ar\u0103ta \u00eentotdeauna foarte bine.<\/p>\n<p>\u00cen interiorul noului produs se afl\u0103 <strong>o matrice de 3 microfoane<\/strong> cu algoritmi avansa\u021bi de formare a fasciculului. Interlocutorii v\u0103 vor auzi tare \u0219i clar.<\/p>\n<p>Sistemul de sunet este format din <strong>4 difuzoare.<\/strong> Acesta suport\u0103 Spatial Audio \u0219i, \u00een consecin\u021b\u0103, Dolby Atmos. \u00cen compara\u021bie, versiunea anterioar\u0103 avea dou\u0103 difuzoare.<\/p>\n<p><strong>Toat\u0103 ziua f\u0103r\u0103 re\u00eenc\u0103rcare<\/strong><\/p>\n<p><img loading=\"lazy\" class=\"aligncenter wp-image-4002 size-full\" src=\"https:\/\/ispace.md\/blog\/wp-content\/uploads\/2022\/07\/apple-wwdc22-macbook-air-magsafe-220606.jpeg\" alt=\" MacBook Air M2\" width=\"1200\" height=\"800\" srcset=\"https:\/\/ispace.md\/blog\/wp-content\/uploads\/2022\/07\/apple-wwdc22-macbook-air-magsafe-220606.jpeg 1200w, https:\/\/ispace.md\/blog\/wp-content\/uploads\/2022\/07\/apple-wwdc22-macbook-air-magsafe-220606-400x267.jpeg 400w, https:\/\/ispace.md\/blog\/wp-content\/uploads\/2022\/07\/apple-wwdc22-macbook-air-magsafe-220606-1024x683.jpeg 1024w, https:\/\/ispace.md\/blog\/wp-content\/uploads\/2022\/07\/apple-wwdc22-macbook-air-magsafe-220606-768x512.jpeg 768w, https:\/\/ispace.md\/blog\/wp-content\/uploads\/2022\/07\/apple-wwdc22-macbook-air-magsafe-220606-390x260.jpeg 390w, https:\/\/ispace.md\/blog\/wp-content\/uploads\/2022\/07\/apple-wwdc22-macbook-air-magsafe-220606-285x190.jpeg 285w\" sizes=\"(max-width: 1200px) 100vw, 1200px\" \/><\/p>\n<p>Bateria din Apple MacBook Air M2 este acum mai puternic\u0103: 52,6W\u2219h. Predecesorul s\u0103u de pe M1 a fost echipat cu o baterie de 49,9W\u2219h. Acum, laptopul poate suporta <strong>p\u00e2n\u0103 la 18 ore de redare<\/strong> video continu\u0103. Este suficient pentru a lucra toat\u0103 ziua pe malul lacului \u0219i a nu te g\u00e2ndi la o priz\u0103 de curent.<\/p>\n<p>Noul ultrabook <strong>suport\u0103 \u00eenc\u0103rcarea rapid\u0103<\/strong>: 50 la sut\u0103 din capacitatea bateriei este re\u00eenc\u0103rcat\u0103 \u00een 30 de minute. Dar asta presupun\u00e2nd c\u0103 folosi\u021bi o surs\u0103 de alimentare mai puternic\u0103, de 35 W sau 67 W. Modelul de baz\u0103 MacBook Air M2 este livrat cu un adaptor de 30W care are dou\u0103 porturi Type-C.<\/p>\n<p>Apropo, exist\u0103 loc pe corpul laptopului pentru un conector magnetic <strong>MagSafe 3.<\/strong> Pute\u021bi \u00eenc\u0103rca dispozitivul at\u00e2t de la acesta, c\u00e2t \u0219i de la porturile USB-C.<\/p>\n<p><img loading=\"lazy\" class=\"size-full wp-image-4003 aligncenter\" src=\"https:\/\/ispace.am\/blog\/wp-content\/uploads\/2022\/07\/Apple-WWDC22-MacBook-Air-ports-220606_big.jpg.large_.jpg\" alt=\"\" width=\"1200\" height=\"800\" srcset=\"https:\/\/ispace.md\/blog\/wp-content\/uploads\/2022\/07\/Apple-WWDC22-MacBook-Air-ports-220606_big.jpg.large_.jpg 1200w, https:\/\/ispace.md\/blog\/wp-content\/uploads\/2022\/07\/Apple-WWDC22-MacBook-Air-ports-220606_big.jpg.large_-400x267.jpg 400w, https:\/\/ispace.md\/blog\/wp-content\/uploads\/2022\/07\/Apple-WWDC22-MacBook-Air-ports-220606_big.jpg.large_-1024x683.jpg 1024w, https:\/\/ispace.md\/blog\/wp-content\/uploads\/2022\/07\/Apple-WWDC22-MacBook-Air-ports-220606_big.jpg.large_-768x512.jpg 768w, https:\/\/ispace.md\/blog\/wp-content\/uploads\/2022\/07\/Apple-WWDC22-MacBook-Air-ports-220606_big.jpg.large_-390x260.jpg 390w, https:\/\/ispace.md\/blog\/wp-content\/uploads\/2022\/07\/Apple-WWDC22-MacBook-Air-ports-220606_big.jpg.large_-285x190.jpg 285w\" sizes=\"(max-width: 1200px) 100vw, 1200px\" \/><\/p>\n<p>Noul MacBook Air M2 2022 prime\u0219te acela\u0219i set de porturi ca \u0219i predecesorul s\u0103u: dou\u0103 porturi Thunderbolt 4 pentru conectarea diverselor accesorii \u0219i o muf\u0103 audio de 3,5 mm cu suport pentru c\u0103\u0219ti de \u00eenalt\u0103 intensitate.<\/p>\n<p>Tastatura Magic Keyboard are un r\u00e2nd de func\u021bii pe toat\u0103 \u00een\u0103l\u021bimea, cu senzor Touch ID, precum \u0219i un trackpad Force Touch spa\u021bios.<\/p>\n<p><strong>Concluzie\u00a0<\/strong><\/p>\n<p><img loading=\"lazy\" class=\"alignnone wp-image-3996 size-full\" src=\"https:\/\/ispace.md\/blog\/wp-content\/uploads\/2022\/07\/Bez-nazvaniya.jpeg\" alt=\" MacBook Air M2\" width=\"1200\" height=\"675\" srcset=\"https:\/\/ispace.md\/blog\/wp-content\/uploads\/2022\/07\/Bez-nazvaniya.jpeg 1200w, https:\/\/ispace.md\/blog\/wp-content\/uploads\/2022\/07\/Bez-nazvaniya-400x225.jpeg 400w, https:\/\/ispace.md\/blog\/wp-content\/uploads\/2022\/07\/Bez-nazvaniya-1024x576.jpeg 1024w, https:\/\/ispace.md\/blog\/wp-content\/uploads\/2022\/07\/Bez-nazvaniya-768x432.jpeg 768w\" sizes=\"(max-width: 1200px) 100vw, 1200px\" \/><\/p>\n<p>Apple a f\u0103cut tot ce a putut pentru a motiva dorin\u021ba de a cump\u0103ra un MacBook Air M2. Cel mai popular laptop al m\u0103rcii tocmai a devenit \u0219i mai bun. Nu este vorba doar de o actualizare, ci de o reproiectare complet\u0103 care folose\u0219te capacit\u0103\u021bile cipului M2.<\/p>\n<ul>\n<li>A disp\u0103rut forma de pan\u0103 &#8211; acum MacBook Air arat\u0103 ca un &#8220;Pro&#8221;, doar c\u0103 este mai sub\u021bire \u0219i mai u\u0219or.<\/li>\n<li>Exist\u0103 culori noi &#8211; midnight \u0219i starlight.<\/li>\n<li>Unitatea central\u0103 de procesare a cipului M2 este cu 18% mai puternic\u0103 dec\u00e2t predecesorul s\u0103u M1. Iar cea grafic\u0103 este cu 35% mai rapid\u0103.<\/li>\n<li>Dimensiunea display-ului a crescut de la 13,3 inci la 13,6 inci. Totul \u00een detrimentul reducerii cadrelor \u0219i a apari\u021biei &#8220;bretonului&#8221; cu camera foto.<\/li>\n<li>Luminozitatea maxim\u0103 a crescut la 500 nits.<\/li>\n<li>Camera \u00eembun\u0103t\u0103\u021bit\u0103, o matrice de 3 microfoane \u0219i 4 difuzoare deodat\u0103.<\/li>\n<li>Baterie puternic\u0103, MagSafe \u0219i suport pentru \u00eenc\u0103rcare rapid\u0103.<\/li>\n<li>Memoria RAM a crescut la 24 GB, SSD &#8211; p\u00e2n\u0103 la 2 TB.<\/li>\n<\/ul>\n<p><img loading=\"lazy\" class=\"size-full wp-image-3994 aligncenter\" src=\"https:\/\/ispace.am\/blog\/wp-content\/uploads\/2022\/07\/0335FDB3-8536-4AF7-B930-E2C7F6E9B60A.jpeg\" alt=\"\" width=\"1200\" height=\"745\" srcset=\"https:\/\/ispace.md\/blog\/wp-content\/uploads\/2022\/07\/0335FDB3-8536-4AF7-B930-E2C7F6E9B60A.jpeg 1200w, https:\/\/ispace.md\/blog\/wp-content\/uploads\/2022\/07\/0335FDB3-8536-4AF7-B930-E2C7F6E9B60A-400x248.jpeg 400w, https:\/\/ispace.md\/blog\/wp-content\/uploads\/2022\/07\/0335FDB3-8536-4AF7-B930-E2C7F6E9B60A-1024x636.jpeg 1024w, https:\/\/ispace.md\/blog\/wp-content\/uploads\/2022\/07\/0335FDB3-8536-4AF7-B930-E2C7F6E9B60A-768x477.jpeg 768w\" sizes=\"(max-width: 1200px) 100vw, 1200px\" \/><\/p>\n<p>Apple a g\u0103sit echilibrul perfect \u00eentre performan\u021b\u0103, compactitate \u0219i longevitate. De aceea, MacBook Air cu cip M2 este perfect pentru cei care studiaz\u0103 sau lucreaz\u0103 \u00een mod profesionist cu grafic\u0103, video \u0219i sunet. Ca s\u0103 nu mai vorbim de volumul de munc\u0103 de birou care const\u0103 \u00een lucrul cu documente, text \u0219i e-mail.<\/p>\n<p>\u0218i, \u00een ciuda poten\u021bialului s\u0103u, noul Mac r\u0103m\u00e2ne u\u0219or \u0219i portabil &#8211; perfect pentru cei care lucreaz\u0103 la distan\u021b\u0103 sau care \u00ee\u0219i iau adesea computerul cu ei &#8211; la birou, \u00een vacan\u021b\u0103 sau pur \u0219i simplu la vil\u0103.<\/p>\n<p><strong>C\u00e2t cost\u0103 un MacBook Air M2?<\/strong><\/p>\n<p><img loading=\"lazy\" class=\"size-full wp-image-3998 aligncenter\" src=\"https:\/\/ispace.am\/blog\/wp-content\/uploads\/2022\/07\/Snimok-ekrana-2022-07-12-v-17.00.01.jpg\" alt=\"\" width=\"1200\" height=\"797\" srcset=\"https:\/\/ispace.md\/blog\/wp-content\/uploads\/2022\/07\/Snimok-ekrana-2022-07-12-v-17.00.01.jpg 1200w, https:\/\/ispace.md\/blog\/wp-content\/uploads\/2022\/07\/Snimok-ekrana-2022-07-12-v-17.00.01-400x266.jpg 400w, https:\/\/ispace.md\/blog\/wp-content\/uploads\/2022\/07\/Snimok-ekrana-2022-07-12-v-17.00.01-1024x680.jpg 1024w, https:\/\/ispace.md\/blog\/wp-content\/uploads\/2022\/07\/Snimok-ekrana-2022-07-12-v-17.00.01-768x510.jpg 768w, https:\/\/ispace.md\/blog\/wp-content\/uploads\/2022\/07\/Snimok-ekrana-2022-07-12-v-17.00.01-390x260.jpg 390w, https:\/\/ispace.md\/blog\/wp-content\/uploads\/2022\/07\/Snimok-ekrana-2022-07-12-v-17.00.01-285x190.jpg 285w\" sizes=\"(max-width: 1200px) 100vw, 1200px\" \/><\/p>\n<p>Apple MacBook Air M2 este disponibil pentru achizi\u021bionare de la iSpace. Deja cu gravura local\u0103 a tastaturii \u0219i cu garan\u021bie oficial\u0103 din partea produc\u0103torului. Dispozitivul va fi pus \u00een v\u00e2nzare \u00eencep\u00e2nd cu 22 iulie. Pre\u021burile pentru Apple MacBook Air M2 pornesc de la 26.590 lei pentru versiunea de baz\u0103.<\/p>\n<p>MacBook Air M2 are toate \u0219ansele s\u0103 devin\u0103 un succes de v\u00e2nz\u0103ri. Prin urmare, dac\u0103 dori\u021bi s\u0103-l achizi\u021biona\u021bi, v\u0103 sf\u0103tuim s\u0103-l comanda\u021bi acum. Plas\u00e2nd o precomand\u0103 online, v\u0103 ve\u021bi rezerva laptopul \u0219i ve\u021bi deveni unul dintre primii posesori ai nout\u0103\u021bii \u00een Moldova.<\/p>\n","protected":false},"excerpt":{"rendered":"<p>\u00a0MacBook Air M2. Aceast\u0103 actualizare a fost a\u0219teptat\u0103 de mul\u021bi. Apple a \u00eembun\u0103t\u0103\u021bit &#8221; ar\u0103tosul&#8221; MacBook Air \u00een multe privin\u021be. &#8220;Fierul&#8221;, aspectul, camera, sunetul &#8211; aproape totul s-a \u00eembun\u0103t\u0103\u021bit. Iar din 22 iulie noutatea poate fi cump\u0103rat\u0103 la Chi\u0219in\u0103u.\u00a0 Am compilat pentru dvs. o prezentare general\u0103 a celor mai semnificative inova\u021bii. Design complet nou &#8211; [&hellip;]<\/p>\n","protected":false},"author":1,"featured_media":3999,"comment_status":"open","ping_status":"open","sticky":false,"template":"","format":"standard","meta":[],"categories":[433,443,683,668],"tags":[652,455,1007,636,1003,742,775,1182,630,685,985],"yoast_head":"<!-- This site is optimized with the Yoast SEO plugin v17.0 - https:\/\/yoast.com\/wordpress\/plugins\/seo\/ -->\n<title>Noul MacBook Air pe M2: \u00een v\u00e2nzare din 22 iulie - iSpace<\/title>\n<meta name=\"description\" content=\"Apple MacBook Air M2 este disponibil pentru achizi\u021bionare de la iSpace. MacBook Air M2 are toate \u0219ansele s\u0103 devin\u0103 un succes de v\u00e2nz\u0103ri.\" \/>\n<meta name=\"robots\" content=\"index, follow, max-snippet:-1, max-image-preview:large, max-video-preview:-1\" \/>\n<link rel=\"canonical\" href=\"https:\/\/ispace.md\/blog\/macbook-air-pe-m2\/\" \/>\n<meta property=\"og:locale\" content=\"ru_RU\" \/>\n<meta property=\"og:type\" content=\"article\" \/>\n<meta property=\"og:title\" content=\"Noul MacBook Air pe M2: \u00een v\u00e2nzare din 22 iulie - iSpace\" \/>\n<meta property=\"og:description\" content=\"Apple MacBook Air M2 este disponibil pentru achizi\u021bionare de la iSpace. MacBook Air M2 are toate \u0219ansele s\u0103 devin\u0103 un succes de v\u00e2nz\u0103ri.\" \/>\n<meta property=\"og:url\" content=\"https:\/\/ispace.md\/blog\/macbook-air-pe-m2\/\" \/>\n<meta property=\"og:site_name\" content=\"iSpace\" \/>\n<meta property=\"article:publisher\" content=\"https:\/\/www.facebook.com\/ispacemd\/\" \/>\n<meta property=\"article:published_time\" content=\"2022-07-15T08:33:31+00:00\" \/>\n<meta property=\"article:modified_time\" content=\"2023-08-16T14:47:40+00:00\" \/>\n<meta property=\"og:image\" content=\"https:\/\/ispace.md\/blog\/wp-content\/uploads\/2022\/07\/anons_macbook_air_2022__kompaktnyj_legkij_s_m2_i_v_novom_dizajne_picture8_1.jpeg\" \/>\n\t<meta property=\"og:image:width\" content=\"1200\" \/>\n\t<meta property=\"og:image:height\" content=\"800\" \/>\n<meta name=\"twitter:card\" content=\"summary_large_image\" \/>\n<meta name=\"twitter:label1\" content=\"\u041d\u0430\u043f\u0438\u0441\u0430\u043d\u043e \u0430\u0432\u0442\u043e\u0440\u043e\u043c\" \/>\n\t<meta name=\"twitter:data1\" content=\"istoreadm\" \/>\n\t<meta name=\"twitter:label2\" content=\"\u041f\u0440\u0438\u043c\u0435\u0440\u043d\u043e\u0435 \u0432\u0440\u0435\u043c\u044f \u0434\u043b\u044f \u0447\u0442\u0435\u043d\u0438\u044f\" \/>\n\t<meta name=\"twitter:data2\" content=\"6 \u043c\u0438\u043d\u0443\u0442\" \/>\n<script type=\"application\/ld+json\" class=\"yoast-schema-graph\">{\"@context\":\"https:\/\/schema.org\",\"@graph\":[{\"@type\":\"WebSite\",\"@id\":\"https:\/\/ispace.md\/blog\/ru\/#website\",\"url\":\"https:\/\/ispace.md\/blog\/ru\/\",\"name\":\"iSpace\",\"description\":\"\\u0411\\u043b\\u043e\\u0433 \\u043a\\u043e\\u043c\\u043f\\u0430\\u043d\\u0438\\u0438 iSpace\",\"potentialAction\":[{\"@type\":\"SearchAction\",\"target\":{\"@type\":\"EntryPoint\",\"urlTemplate\":\"https:\/\/ispace.md\/blog\/ru\/?s={search_term_string}\"},\"query-input\":\"required name=search_term_string\"}],\"inLanguage\":\"ru-RU\"},{\"@type\":\"ImageObject\",\"@id\":\"https:\/\/ispace.md\/blog\/macbook-air-pe-m2\/#primaryimage\",\"inLanguage\":\"ru-RU\",\"url\":\"https:\/\/ispace.md\/blog\/wp-content\/uploads\/2022\/07\/anons_macbook_air_2022__kompaktnyj_legkij_s_m2_i_v_novom_dizajne_picture8_1.jpeg\",\"contentUrl\":\"https:\/\/ispace.md\/blog\/wp-content\/uploads\/2022\/07\/anons_macbook_air_2022__kompaktnyj_legkij_s_m2_i_v_novom_dizajne_picture8_1.jpeg\",\"width\":1200,\"height\":800},{\"@type\":\"WebPage\",\"@id\":\"https:\/\/ispace.md\/blog\/macbook-air-pe-m2\/#webpage\",\"url\":\"https:\/\/ispace.md\/blog\/macbook-air-pe-m2\/\",\"name\":\"Noul MacBook Air pe M2: \\u00een v\\u00e2nzare din 22 iulie - iSpace\",\"isPartOf\":{\"@id\":\"https:\/\/ispace.md\/blog\/ru\/#website\"},\"primaryImageOfPage\":{\"@id\":\"https:\/\/ispace.md\/blog\/macbook-air-pe-m2\/#primaryimage\"},\"datePublished\":\"2022-07-15T08:33:31+00:00\",\"dateModified\":\"2023-08-16T14:47:40+00:00\",\"author\":{\"@id\":\"https:\/\/ispace.md\/blog\/ru\/#\/schema\/person\/ee7c990e7f16a92ff015648f1d3212cd\"},\"description\":\"Apple MacBook Air M2 este disponibil pentru achizi\\u021bionare de la iSpace. MacBook Air M2 are toate \\u0219ansele s\\u0103 devin\\u0103 un succes de v\\u00e2nz\\u0103ri.\",\"breadcrumb\":{\"@id\":\"https:\/\/ispace.md\/blog\/macbook-air-pe-m2\/#breadcrumb\"},\"inLanguage\":\"ru-RU\",\"potentialAction\":[{\"@type\":\"ReadAction\",\"target\":[\"https:\/\/ispace.md\/blog\/macbook-air-pe-m2\/\"]}]},{\"@type\":\"BreadcrumbList\",\"@id\":\"https:\/\/ispace.md\/blog\/macbook-air-pe-m2\/#breadcrumb\",\"itemListElement\":[{\"@type\":\"ListItem\",\"position\":1,\"name\":\"\\u0413\\u043b\\u0430\\u0432\\u043d\\u0430\\u044f \\u0441\\u0442\\u0440\\u0430\\u043d\\u0438\\u0446\\u0430\",\"item\":\"https:\/\/ispace.md\/blog\/ru\/\"},{\"@type\":\"ListItem\",\"position\":2,\"name\":\"Noul MacBook Air pe M2: \\u00een v\\u00e2nzare din 22 iulie\"}]},{\"@type\":\"Person\",\"@id\":\"https:\/\/ispace.md\/blog\/ru\/#\/schema\/person\/ee7c990e7f16a92ff015648f1d3212cd\",\"name\":\"istoreadm\",\"image\":{\"@type\":\"ImageObject\",\"@id\":\"https:\/\/ispace.md\/blog\/ru\/#personlogo\",\"inLanguage\":\"ru-RU\",\"url\":\"https:\/\/secure.gravatar.com\/avatar\/3ab1424e156237432133bacf1fcdd22d?s=96&d=mm&r=g\",\"contentUrl\":\"https:\/\/secure.gravatar.com\/avatar\/3ab1424e156237432133bacf1fcdd22d?s=96&d=mm&r=g\",\"caption\":\"istoreadm\"},\"url\":\"https:\/\/ispace.md\/blog\/author\/istoreadm\/\"}]}<\/script>\n<!-- \/ Yoast SEO plugin. -->","yoast_head_json":{"title":"Noul MacBook Air pe M2: \u00een v\u00e2nzare din 22 iulie - iSpace","description":"Apple MacBook Air M2 este disponibil pentru achizi\u021bionare de la iSpace. MacBook Air M2 are toate \u0219ansele s\u0103 devin\u0103 un succes de v\u00e2nz\u0103ri.","robots":{"index":"index","follow":"follow","max-snippet":"max-snippet:-1","max-image-preview":"max-image-preview:large","max-video-preview":"max-video-preview:-1"},"canonical":"https:\/\/ispace.md\/blog\/macbook-air-pe-m2\/","og_locale":"ru_RU","og_type":"article","og_title":"Noul MacBook Air pe M2: \u00een v\u00e2nzare din 22 iulie - iSpace","og_description":"Apple MacBook Air M2 este disponibil pentru achizi\u021bionare de la iSpace. MacBook Air M2 are toate \u0219ansele s\u0103 devin\u0103 un succes de v\u00e2nz\u0103ri.","og_url":"https:\/\/ispace.md\/blog\/macbook-air-pe-m2\/","og_site_name":"iSpace","article_publisher":"https:\/\/www.facebook.com\/ispacemd\/","article_published_time":"2022-07-15T08:33:31+00:00","article_modified_time":"2023-08-16T14:47:40+00:00","og_image":[{"width":1200,"height":800,"url":"https:\/\/ispace.md\/blog\/wp-content\/uploads\/2022\/07\/anons_macbook_air_2022__kompaktnyj_legkij_s_m2_i_v_novom_dizajne_picture8_1.jpeg","path":"\/srv\/ispace.md\/blog\/wp-content\/uploads\/2022\/07\/anons_macbook_air_2022__kompaktnyj_legkij_s_m2_i_v_novom_dizajne_picture8_1.jpeg","size":"full","id":3999,"alt":"","pixels":960000,"type":"image\/jpeg"}],"twitter_card":"summary_large_image","twitter_misc":{"\u041d\u0430\u043f\u0438\u0441\u0430\u043d\u043e \u0430\u0432\u0442\u043e\u0440\u043e\u043c":"istoreadm","\u041f\u0440\u0438\u043c\u0435\u0440\u043d\u043e\u0435 \u0432\u0440\u0435\u043c\u044f \u0434\u043b\u044f \u0447\u0442\u0435\u043d\u0438\u044f":"6 \u043c\u0438\u043d\u0443\u0442"},"schema":{"@context":"https:\/\/schema.org","@graph":[{"@type":"WebSite","@id":"https:\/\/ispace.md\/blog\/ru\/#website","url":"https:\/\/ispace.md\/blog\/ru\/","name":"iSpace","description":"\u0411\u043b\u043e\u0433 \u043a\u043e\u043c\u043f\u0430\u043d\u0438\u0438 iSpace","potentialAction":[{"@type":"SearchAction","target":{"@type":"EntryPoint","urlTemplate":"https:\/\/ispace.md\/blog\/ru\/?s={search_term_string}"},"query-input":"required name=search_term_string"}],"inLanguage":"ru-RU"},{"@type":"ImageObject","@id":"https:\/\/ispace.md\/blog\/macbook-air-pe-m2\/#primaryimage","inLanguage":"ru-RU","url":"https:\/\/ispace.md\/blog\/wp-content\/uploads\/2022\/07\/anons_macbook_air_2022__kompaktnyj_legkij_s_m2_i_v_novom_dizajne_picture8_1.jpeg","contentUrl":"https:\/\/ispace.md\/blog\/wp-content\/uploads\/2022\/07\/anons_macbook_air_2022__kompaktnyj_legkij_s_m2_i_v_novom_dizajne_picture8_1.jpeg","width":1200,"height":800},{"@type":"WebPage","@id":"https:\/\/ispace.md\/blog\/macbook-air-pe-m2\/#webpage","url":"https:\/\/ispace.md\/blog\/macbook-air-pe-m2\/","name":"Noul MacBook Air pe M2: \u00een v\u00e2nzare din 22 iulie - iSpace","isPartOf":{"@id":"https:\/\/ispace.md\/blog\/ru\/#website"},"primaryImageOfPage":{"@id":"https:\/\/ispace.md\/blog\/macbook-air-pe-m2\/#primaryimage"},"datePublished":"2022-07-15T08:33:31+00:00","dateModified":"2023-08-16T14:47:40+00:00","author":{"@id":"https:\/\/ispace.md\/blog\/ru\/#\/schema\/person\/ee7c990e7f16a92ff015648f1d3212cd"},"description":"Apple MacBook Air M2 este disponibil pentru achizi\u021bionare de la iSpace. MacBook Air M2 are toate \u0219ansele s\u0103 devin\u0103 un succes de v\u00e2nz\u0103ri.","breadcrumb":{"@id":"https:\/\/ispace.md\/blog\/macbook-air-pe-m2\/#breadcrumb"},"inLanguage":"ru-RU","potentialAction":[{"@type":"ReadAction","target":["https:\/\/ispace.md\/blog\/macbook-air-pe-m2\/"]}]},{"@type":"BreadcrumbList","@id":"https:\/\/ispace.md\/blog\/macbook-air-pe-m2\/#breadcrumb","itemListElement":[{"@type":"ListItem","position":1,"name":"\u0413\u043b\u0430\u0432\u043d\u0430\u044f \u0441\u0442\u0440\u0430\u043d\u0438\u0446\u0430","item":"https:\/\/ispace.md\/blog\/ru\/"},{"@type":"ListItem","position":2,"name":"Noul MacBook Air pe M2: \u00een v\u00e2nzare din 22 iulie"}]},{"@type":"Person","@id":"https:\/\/ispace.md\/blog\/ru\/#\/schema\/person\/ee7c990e7f16a92ff015648f1d3212cd","name":"istoreadm","image":{"@type":"ImageObject","@id":"https:\/\/ispace.md\/blog\/ru\/#personlogo","inLanguage":"ru-RU","url":"https:\/\/secure.gravatar.com\/avatar\/3ab1424e156237432133bacf1fcdd22d?s=96&d=mm&r=g","contentUrl":"https:\/\/secure.gravatar.com\/avatar\/3ab1424e156237432133bacf1fcdd22d?s=96&d=mm&r=g","caption":"istoreadm"},"url":"https:\/\/ispace.md\/blog\/author\/istoreadm\/"}]}},"frontimg":"https:\/\/ispace.md\/blog\/wp-content\/uploads\/2022\/07\/anons_macbook_air_2022__kompaktnyj_legkij_s_m2_i_v_novom_dizajne_picture8_1-320x220.jpeg","frontimglarge":"https:\/\/ispace.md\/blog\/wp-content\/uploads\/2022\/07\/anons_macbook_air_2022__kompaktnyj_legkij_s_m2_i_v_novom_dizajne_picture8_1-730x300.jpeg","acf":{"select_banner_style":"0","select_sidebar":"0","axil_post_review_box":false},"_links":{"self":[{"href":"https:\/\/ispace.md\/blog\/wp-json\/wp\/v2\/posts\/4013"}],"collection":[{"href":"https:\/\/ispace.md\/blog\/wp-json\/wp\/v2\/posts"}],"about":[{"href":"https:\/\/ispace.md\/blog\/wp-json\/wp\/v2\/types\/post"}],"author":[{"embeddable":true,"href":"https:\/\/ispace.md\/blog\/wp-json\/wp\/v2\/users\/1"}],"replies":[{"embeddable":true,"href":"https:\/\/ispace.md\/blog\/wp-json\/wp\/v2\/comments?post=4013"}],"version-history":[{"count":5,"href":"https:\/\/ispace.md\/blog\/wp-json\/wp\/v2\/posts\/4013\/revisions"}],"predecessor-version":[{"id":5849,"href":"https:\/\/ispace.md\/blog\/wp-json\/wp\/v2\/posts\/4013\/revisions\/5849"}],"wp:featuredmedia":[{"embeddable":true,"href":"https:\/\/ispace.md\/blog\/wp-json\/wp\/v2\/media\/3999"}],"wp:attachment":[{"href":"https:\/\/ispace.md\/blog\/wp-json\/wp\/v2\/media?parent=4013"}],"wp:term":[{"taxonomy":"category","embeddable":true,"href":"https:\/\/ispace.md\/blog\/wp-json\/wp\/v2\/categories?post=4013"},{"taxonomy":"post_tag","embeddable":true,"href":"https:\/\/ispace.md\/blog\/wp-json\/wp\/v2\/tags?post=4013"}],"curies":[{"name":"wp","href":"https:\/\/api.w.org\/{rel}","templated":true}]}}