{"id":4334,"date":"2022-10-18T16:55:08","date_gmt":"2022-10-18T13:55:08","guid":{"rendered":"https:\/\/ispace.am\/blog\/?p=4334"},"modified":"2023-08-17T10:37:45","modified_gmt":"2023-08-17T07:37:45","slug":"persoanele-cu-deficiente","status":"publish","type":"post","link":"https:\/\/ispace.md\/blog\/persoanele-cu-deficiente\/","title":{"rendered":"Caracteristicile Apple pentru persoanele cu deficien\u021be de aten\u021bie, concentrare \u0219i alte abilit\u0103\u021bi cognitive"},"content":{"rendered":"<p><strong>Majoritatea oamenilor pot utiliza dispozitivele cu set\u0103rile implicite. Iar a le \u00eenva\u021ba s\u0103 le foloseasc\u0103 dureaz\u0103 o or\u0103. Doar c\u0103 persoanele cu deficien\u021be percep lumea \u0219i tehnologia \u00een mod diferit. Pentru a le permite s\u0103 beneficieze pe deplin de progres, <a href=\"https:\/\/www.apple.com\/\">Apple<\/a> a dezvoltat func\u021bii universale de accesibilitate.<\/strong><\/p>\n<p>Vom explica ce op\u021biuni vor fi utile pentru persoanele cu deficien\u021be cognitive.<\/p>\n<p><strong>Sunetele de fundal: ajut\u0103 la relaxare \u0219i concentrare<\/strong><\/p>\n<p><img loading=\"lazy\" class=\"alignnone wp-image-4311 size-full\" src=\"https:\/\/ispace.md\/blog\/wp-content\/uploads\/2022\/10\/2-1-scaled.jpg\" alt=\"persoanele cu deficien\u021be\" width=\"2560\" height=\"1707\" srcset=\"https:\/\/ispace.md\/blog\/wp-content\/uploads\/2022\/10\/2-1-scaled.jpg 2560w, https:\/\/ispace.md\/blog\/wp-content\/uploads\/2022\/10\/2-1-400x267.jpg 400w, https:\/\/ispace.md\/blog\/wp-content\/uploads\/2022\/10\/2-1-1024x683.jpg 1024w, https:\/\/ispace.md\/blog\/wp-content\/uploads\/2022\/10\/2-1-768x512.jpg 768w, https:\/\/ispace.md\/blog\/wp-content\/uploads\/2022\/10\/2-1-1536x1024.jpg 1536w, https:\/\/ispace.md\/blog\/wp-content\/uploads\/2022\/10\/2-1-2048x1365.jpg 2048w, https:\/\/ispace.md\/blog\/wp-content\/uploads\/2022\/10\/2-1-390x260.jpg 390w, https:\/\/ispace.md\/blog\/wp-content\/uploads\/2022\/10\/2-1-285x190.jpg 285w\" sizes=\"(max-width: 2560px) 100vw, 2560px\" \/><\/p>\n<p>Sunetele din jur pot fi distractive, iritante sau pur \u0219i simplu pot \u00eempiedica concentrarea. Dar acest lucru poate fi remediat cu ajutorul unui sunet de fundal pl\u0103cut:<\/p>\n<ul>\n<li>sunetul valurilor oceanului,<\/li>\n<li>ploaia picur\u00e2nd,<\/li>\n<li>susurul unui p\u00e2r\u00e2u,<\/li>\n<li>sau sunete abstracte, la alegere.<\/li>\n<\/ul>\n<p>Aceste sunete pot fi pornite singure sau \u00een acela\u0219i timp cu redarea audio, de exemplu, s\u0103 sune fin \u00een timp ce asculta\u021bi muzic\u0103 preferat\u0103. Volumul poate fi reglat \u00een set\u0103ri.<\/p>\n<p><em><strong>Cum s\u0103 activa\u021bi sunetele de fundal pe iPhone?<\/strong><\/em><\/p>\n<ul>\n<li>Merge\u021bi la \u201eSet\u0103ri\u201d&gt; \u201eAccesibilitate\u201d&gt; \u201eAudio\/Vizual\u201d&gt; \u201eSunete de fundal\u201d. Activa\u021bi op\u021biunea \u201eSunete de fundal\u201d, selecta\u021bi sunetul dorit \u0219i ajusta\u021bi volumul.<\/li>\n<li>Pentru a accesa rapid aceast\u0103 func\u021bie, adauga\u021bi-o \u00een \u201eCentrul de control\u201d. Pentru aceasta, merge\u021bi la \u201eSet\u0103ri\u201d, alege\u021bi \u201eCentrul de control\u201d \u0219i ap\u0103sa\u021bi pe \u201e+\u201d verde l\u00e2ng\u0103 pictograma cu urechea (\u201eAuz\u201d). Pentru a deschide \u201eCentrul de control\u201d, glisa\u021bi col\u021bul din dreapta sus. Acum ve\u021bi avea pictograma cu urechea &#8211; ap\u0103sa\u021bi pe ea pentru a porni rapid sunetul de fundal.<\/li>\n<\/ul>\n<p>Aceast\u0103 func\u021bie este disponibil\u0103 pe iPhone \u0219i iPad.<\/p>\n<p><strong>Ghid de accesibilitate: pentru a se concentra asupra unei singure sarcini<\/strong><\/p>\n<p><img loading=\"lazy\" class=\"alignnone size-full wp-image-4312\" src=\"https:\/\/ispace.am\/blog\/wp-content\/uploads\/2022\/10\/3-1-scaled.jpg\" alt=\"\" width=\"2560\" height=\"1709\" srcset=\"https:\/\/ispace.md\/blog\/wp-content\/uploads\/2022\/10\/3-1-scaled.jpg 2560w, https:\/\/ispace.md\/blog\/wp-content\/uploads\/2022\/10\/3-1-400x267.jpg 400w, https:\/\/ispace.md\/blog\/wp-content\/uploads\/2022\/10\/3-1-1024x684.jpg 1024w, https:\/\/ispace.md\/blog\/wp-content\/uploads\/2022\/10\/3-1-768x513.jpg 768w, https:\/\/ispace.md\/blog\/wp-content\/uploads\/2022\/10\/3-1-1536x1025.jpg 1536w, https:\/\/ispace.md\/blog\/wp-content\/uploads\/2022\/10\/3-1-2048x1367.jpg 2048w, https:\/\/ispace.md\/blog\/wp-content\/uploads\/2022\/10\/3-1-390x260.jpg 390w, https:\/\/ispace.md\/blog\/wp-content\/uploads\/2022\/10\/3-1-285x190.jpg 285w\" sizes=\"(max-width: 2560px) 100vw, 2560px\" \/><\/p>\n<p>Aceast\u0103 op\u021biune \u00eempiedic\u0103 ie\u0219irea din aplica\u021bia deschis\u0103, bloc\u00e2nd temporar func\u021bionalitatea de distrac\u021bie. De exemplu, pute\u021bi dezactiva complet butonul \u201eAcas\u0103\u201d, ecranul tactil al iPhone-ului sau iPad-ului. Sau pute\u021bi bloca anumite elemente tactile care nu au leg\u0103tur\u0103 cu sarcina curent\u0103, dar pot provoca ap\u0103s\u0103ri accidentale.<\/p>\n<p><em><strong>Cum s\u0103 activa\u021bi ghidul de accesibilitate pe iPhone?<\/strong><\/em><\/p>\n<ul>\n<li>Merge\u021bi la \u201eSet\u0103ri\u201d&gt; \u201eAccesibilitate\u201d&gt; \u201eGhid de accesibilitate\u201d. Activa\u021bi func\u021bia.<\/li>\n<li>Seta\u021bi o parol\u0103 \u0219i activa\u021bi op\u021biunea \u201eComand\u0103 rapid\u0103\u201d. Astfel, prin ap\u0103sarea tripl\u0103 a butonului lateral (sau butonului \u201eAcas\u0103\u201d), ve\u021bi deschide panoul cu set\u0103ri \u201eGhid de accesibilitate\u201d.<\/li>\n<\/ul>\n<p><em><strong>Cum s\u0103 folosi\u021bi ghidul de accesibilitate pe iPhone?<\/strong><\/em><\/p>\n<ul>\n<li>Deschide\u021bi aplica\u021bia \u00een care dori\u021bi s\u0103 lucra\u021bi. Ap\u0103sa\u021bi de trei ori butonul lateral pentru a deschide panoul de set\u0103ri. Introduce\u021bi parola, apoi contura\u021bi zona de pe ecran pe care dori\u021bi s\u0103 o bloca\u021bi.<\/li>\n<li>Pentru a dezactiva func\u021bia, ap\u0103sa\u021bi din nou de trei ori pe butonul lateral \u0219i introduce\u021bi parola.<\/li>\n<\/ul>\n<p>Aceast\u0103 op\u021biune este disponibil\u0103 pe iPhone \u0219i iPad.<\/p>\n<p><strong>Modul citire \u00een Safari: pentru a nu fi distras de reclame \u0219i butoane inutile<\/strong><\/p>\n<p><span style=\"font-weight: 400;\"><img loading=\"lazy\" class=\"alignnone wp-image-4313 size-full\" src=\"https:\/\/ispace.md\/blog\/wp-content\/uploads\/2022\/10\/4-1.jpg\" alt=\"persoanele cu deficien\u021be\" width=\"2416\" height=\"2384\" srcset=\"https:\/\/ispace.md\/blog\/wp-content\/uploads\/2022\/10\/4-1.jpg 2416w, https:\/\/ispace.md\/blog\/wp-content\/uploads\/2022\/10\/4-1-304x300.jpg 304w, https:\/\/ispace.md\/blog\/wp-content\/uploads\/2022\/10\/4-1-1024x1010.jpg 1024w, https:\/\/ispace.md\/blog\/wp-content\/uploads\/2022\/10\/4-1-768x758.jpg 768w, https:\/\/ispace.md\/blog\/wp-content\/uploads\/2022\/10\/4-1-1536x1516.jpg 1536w, https:\/\/ispace.md\/blog\/wp-content\/uploads\/2022\/10\/4-1-2048x2021.jpg 2048w\" sizes=\"(max-width: 2416px) 100vw, 2416px\" \/><\/span><\/p>\n<p>Unele site-uri web sunt supra\u00eenc\u0103rcate cu reclame, anima\u021bii \u0219i alte elemente care distrag aten\u021bia de la con\u021binutul principal al paginii. Dar toate acestea pot fi dezactivate, l\u0103s\u00e2nd doar textul \u0219i imaginile relevante.<\/p>\n<p><em><strong>Cum s\u0103 activa\u021bi modul citire pe iPhone?<\/strong><\/em><\/p>\n<ul>\n<li>Deschide\u021bi pagina web \u00een Safari \u0219i ap\u0103sa\u021bi \u201eAa\u201d \u00een bara de adrese URL.<\/li>\n<li>Selecta\u021bi \u201eArat\u0103 pentru citire\u201d. Dac\u0103 acest buton este \u00eenchis, \u00eenseamn\u0103 c\u0103 modul \u201ePentru citire\u201d nu este disponibil pentru aceast\u0103 pagin\u0103.<\/li>\n<li>Pentru a bloca ferestrele pop-up, deschide\u021bi set\u0103rile iPhone, alege\u021bi \u201eSafari\u201d \u0219i activeaz\u0103 op\u021biunea \u201eBlocare ferestre pop-up\u201d.<\/li>\n<\/ul>\n<p>Aceast\u0103 func\u021bie este disponibil\u0103 pe iPhone, iPad \u0219i Mac.<\/p>\n<p><strong>M\u0103rirea textului sub cursor: u\u0219ureaz\u0103 citirea de pe ecranul Mac<\/strong><\/p>\n<p><img loading=\"lazy\" class=\"alignnone size-full wp-image-4314\" src=\"https:\/\/ispace.am\/blog\/wp-content\/uploads\/2022\/10\/5-scaled.jpeg\" alt=\"\" width=\"2560\" height=\"1920\" srcset=\"https:\/\/ispace.md\/blog\/wp-content\/uploads\/2022\/10\/5-scaled.jpeg 2560w, https:\/\/ispace.md\/blog\/wp-content\/uploads\/2022\/10\/5-400x300.jpeg 400w, https:\/\/ispace.md\/blog\/wp-content\/uploads\/2022\/10\/5-1024x768.jpeg 1024w, https:\/\/ispace.md\/blog\/wp-content\/uploads\/2022\/10\/5-768x576.jpeg 768w, https:\/\/ispace.md\/blog\/wp-content\/uploads\/2022\/10\/5-1536x1152.jpeg 1536w, https:\/\/ispace.md\/blog\/wp-content\/uploads\/2022\/10\/5-2048x1536.jpeg 2048w\" sizes=\"(max-width: 2560px) 100vw, 2560px\" \/><\/p>\n<p>S\u0103 presupunem c\u0103 prefera\u021bi s\u0103 citi\u021bi de pe laptop, dar pe unele pagini web sau \u00een aplica\u021bii, textul este mic. De exemplu, subtitr\u0103rile imaginilor. Dac\u0103 este important pentru dvs. s\u0103 citi\u021bi acest text, pute\u021bi plasa cursorul pe el \u0219i fragmentul selectat va fi afi\u0219at m\u0103rit.<\/p>\n<p><em><strong>Cum s\u0103 m\u0103ri\u021bi textul pe <a href=\"https:\/\/ispace.md\/mac\">Mac<\/a>?<\/strong><\/em><\/p>\n<ul>\n<li>Meniul Apple&gt; \u201eSet\u0103ri\u201d&gt; \u201eAccesibilitate\u201d&gt; \u201eZoom\u201d.<\/li>\n<li>Activa\u021bi op\u021biunea \u201eActivare zoom text sub cursor\u201d. Ap\u0103sa\u021bi \u201eSet\u0103ri\u201d pentru a ajusta m\u0103rimea, fontul \u0219i alte set\u0103ri.<\/li>\n<\/ul>\n<p>La fel func\u021bioneaz\u0103 \u0219i m\u0103rirea textului pe iPhone. Pentru a m\u0103ri doar textul mic de pe ecran, seteaz\u0103 textul dinamic.<\/p>\n<ul>\n<li>\u201eSet\u0103ri\u201d&gt; \u201eAfi\u0219aj \u0219i luminozitate\u201d&gt; \u201eDimensiune text\u201d.<\/li>\n<\/ul>\n<p><strong>Modul \u00eentunecat: pentru a vizualiza confortabil \u00een condi\u021bii de iluminare slab\u0103.<\/strong><\/p>\n<p><img loading=\"lazy\" class=\"alignnone wp-image-4315 size-full\" src=\"https:\/\/ispace.md\/blog\/wp-content\/uploads\/2022\/10\/6-1-scaled.jpg\" alt=\"persoanele cu deficien\u021be\" width=\"2560\" height=\"1707\" srcset=\"https:\/\/ispace.md\/blog\/wp-content\/uploads\/2022\/10\/6-1-scaled.jpg 2560w, https:\/\/ispace.md\/blog\/wp-content\/uploads\/2022\/10\/6-1-400x267.jpg 400w, https:\/\/ispace.md\/blog\/wp-content\/uploads\/2022\/10\/6-1-1024x683.jpg 1024w, https:\/\/ispace.md\/blog\/wp-content\/uploads\/2022\/10\/6-1-768x512.jpg 768w, https:\/\/ispace.md\/blog\/wp-content\/uploads\/2022\/10\/6-1-1536x1024.jpg 1536w, https:\/\/ispace.md\/blog\/wp-content\/uploads\/2022\/10\/6-1-2048x1365.jpg 2048w, https:\/\/ispace.md\/blog\/wp-content\/uploads\/2022\/10\/6-1-390x260.jpg 390w, https:\/\/ispace.md\/blog\/wp-content\/uploads\/2022\/10\/6-1-285x190.jpg 285w\" sizes=\"(max-width: 2560px) 100vw, 2560px\" \/><\/p>\n<p>Activa\u021bi aceast\u0103 func\u021bie pentru ca ecranul luminos al iPhone-ului s\u0103 nu v\u0103 deranjeze ochii atunci c\u00e2nd utiliza\u021bi telefonul \u00een \u00eentuneric sau \u00een condi\u021bii de iluminare slab\u0103. Modul \u00eentunecat schimb\u0103 paleta luminoas\u0103 implicit\u0103 a ecranului. \u00cen acest mod, tot con\u021binutul principal r\u0103m\u00e2ne \u00een centrul aten\u021biei, iar meniurile \u0219i panourile instrumentelor se estompeaz\u0103.<\/p>\n<p><em><strong>Cum s\u0103 activa\u021bi modul \u00eentunecat pe iPhone?<\/strong><\/em><\/p>\n<p>V\u0103 recomand\u0103m s\u0103 activa\u021bi comutarea automat\u0103 a modurilor \u00een func\u021bie de timpul zilei:<\/p>\n<ul>\n<li>&#8220;Set\u0103ri&#8221; &gt; &#8220;Afi\u0219aj \u0219i luminozitate&#8221;. Atinge\u021bi &#8220;Automat&#8221;. Pentru a selecta un program, ap\u0103sa\u021bi &#8220;Op\u021biuni&#8221;.<\/li>\n<\/ul>\n<p>Aceast\u0103 func\u021bie este disponibil\u0103 pe iPhone, iPad, Mac \u0219i Apple TV.<\/p>\n<p><strong>Suportul cheilor iCloud: stoca\u021bi \u00een siguran\u021b\u0103 autentific\u0103rile \u0219i parolele salvate<\/strong><\/p>\n<p><img loading=\"lazy\" class=\"alignnone size-full wp-image-4316\" src=\"https:\/\/ispace.am\/blog\/wp-content\/uploads\/2022\/10\/7-scaled.jpg\" alt=\"\" width=\"2560\" height=\"1709\" srcset=\"https:\/\/ispace.md\/blog\/wp-content\/uploads\/2022\/10\/7-scaled.jpg 2560w, https:\/\/ispace.md\/blog\/wp-content\/uploads\/2022\/10\/7-400x267.jpg 400w, https:\/\/ispace.md\/blog\/wp-content\/uploads\/2022\/10\/7-1024x684.jpg 1024w, https:\/\/ispace.md\/blog\/wp-content\/uploads\/2022\/10\/7-768x513.jpg 768w, https:\/\/ispace.md\/blog\/wp-content\/uploads\/2022\/10\/7-1536x1025.jpg 1536w, https:\/\/ispace.md\/blog\/wp-content\/uploads\/2022\/10\/7-2048x1367.jpg 2048w, https:\/\/ispace.md\/blog\/wp-content\/uploads\/2022\/10\/7-390x260.jpg 390w, https:\/\/ispace.md\/blog\/wp-content\/uploads\/2022\/10\/7-285x190.jpg 285w\" sizes=\"(max-width: 2560px) 100vw, 2560px\" \/><\/p>\n<p>Datorit\u0103 acestei func\u021bii, nu trebuie s\u0103 v\u0103 aminti\u021bi toate parolele \u0219i s\u0103 le introduce\u021bi repetat. Leg\u0103tura de chei iCloud va stoca \u00een siguran\u021b\u0103 datele: logare, parole, numerele de carduri de plat\u0103. Acestea vor fi completate automat pe toate dispozitivele confirmate (intrarea trebuie s\u0103 fie efectuat\u0103 cu un singur Apple ID). Nu trebuie s\u0103 v\u0103 face\u021bi griji cu privire la securitatea informa\u021biilor, deoarece aceasta este protejat\u0103 prin criptare end-to-end.<\/p>\n<p><em><strong>Cum s\u0103 activa\u021bi leg\u0103tura de chei pe iPhone \u0219i iPad?<\/strong><\/em><\/p>\n<ul>\n<li>&#8220;Set\u0103ri&#8221; &gt; A<em>tinge\u021bi numele dvs.<\/em> &gt; &#8220;iCloud&#8221; &gt; &#8220;Parol\u0103 \u0219i securitate&#8221;.<\/li>\n<li>Activa\u021bi &#8220;Sincronizare pentru acest iPhone&#8221;.<\/li>\n<\/ul>\n<p>Aceast\u0103 func\u021bie este disponibil\u0103 pe iPhone, iPad \u0219i Mac.<\/p>\n<p><strong>Recunoa\u0219terea fe\u021bei din fotografii: c\u0103uta\u021bi toate fotografiile cu fa\u021ba persoanei respective pe ele\u00a0<\/strong><\/p>\n<p><img loading=\"lazy\" class=\"alignnone wp-image-4317 size-full\" src=\"https:\/\/ispace.md\/blog\/wp-content\/uploads\/2022\/10\/8-1-scaled.jpg\" alt=\"persoanele cu deficien\u021be\" width=\"2560\" height=\"1442\" srcset=\"https:\/\/ispace.md\/blog\/wp-content\/uploads\/2022\/10\/8-1-scaled.jpg 2560w, https:\/\/ispace.md\/blog\/wp-content\/uploads\/2022\/10\/8-1-400x225.jpg 400w, https:\/\/ispace.md\/blog\/wp-content\/uploads\/2022\/10\/8-1-1024x577.jpg 1024w, https:\/\/ispace.md\/blog\/wp-content\/uploads\/2022\/10\/8-1-768x433.jpg 768w, https:\/\/ispace.md\/blog\/wp-content\/uploads\/2022\/10\/8-1-1536x865.jpg 1536w, https:\/\/ispace.md\/blog\/wp-content\/uploads\/2022\/10\/8-1-2048x1154.jpg 2048w\" sizes=\"(max-width: 2560px) 100vw, 2560px\" \/><\/p>\n<p>Dac\u0103 dori\u021bi s\u0103 g\u0103si\u021bi toate fotografiile cu o anumit\u0103 persoan\u0103, nu este nevoie s\u0103 parcurge\u021bi \u00eentreaga bibliotec\u0103 media a dispozitivului. Deoarece aplica\u021bia &#8220;Fotografii&#8221; recunoa\u0219te persoanele din fotografiile \u0219i organizeaz\u0103 cadrele \u00eentr-un album separat numit &#8220;Oameni&#8221;.<\/p>\n<p>Pute\u021bi ad\u0103uga un nume la fiecare persoan\u0103 &#8211; astfel, sistemul va c\u0103uta fotografiile dup\u0103 nume. \u00cen albumul &#8220;Oameni \u0219i locuri&#8221; ve\u021bi vedea \u0219i marcaje geografice unde au fost f\u0103cute fotografiile.<\/p>\n<p>Aceast\u0103 func\u021bie este disponibil\u0103 pe iPhone, iPad \u0219i Mac.<\/p>\n<p><strong>Con\u021binut audio \u0219i dictare: asculta\u021bi ce este scris \u0219i tasta\u021bi cu vocea<\/strong><\/p>\n<p><span style=\"font-weight: 400;\"><img loading=\"lazy\" class=\"alignnone size-full wp-image-4318\" src=\"https:\/\/ispace.am\/blog\/wp-content\/uploads\/2022\/10\/9.jpeg\" alt=\"\" width=\"1920\" height=\"1080\" srcset=\"https:\/\/ispace.md\/blog\/wp-content\/uploads\/2022\/10\/9.jpeg 1920w, https:\/\/ispace.md\/blog\/wp-content\/uploads\/2022\/10\/9-400x225.jpeg 400w, https:\/\/ispace.md\/blog\/wp-content\/uploads\/2022\/10\/9-1024x576.jpeg 1024w, https:\/\/ispace.md\/blog\/wp-content\/uploads\/2022\/10\/9-768x432.jpeg 768w, https:\/\/ispace.md\/blog\/wp-content\/uploads\/2022\/10\/9-1536x864.jpeg 1536w\" sizes=\"(max-width: 1920px) 100vw, 1920px\" \/><\/span><\/p>\n<p>Pentru cei care au dificult\u0103\u021bi \u00een a citi sau tasta text, exist\u0103 c\u00e2teva func\u021bii utile. <strong>&#8220;Citire ecran&#8221;<\/strong> v\u0103 va citi orice text afi\u0219at pe ecranul dispozitivului. <strong>&#8220;Citi\u021bi cu voce tare&#8221;<\/strong> v\u0103 permite s\u0103 asculta\u021bi un fragment specific de text. Pute\u021bi chiar s\u0103 configura\u021bi func\u021bia astfel \u00eenc\u00e2t cuvintele s\u0103 fie eviden\u021biate pe m\u0103sur\u0103 ce sunt citite cu voce tare. Activa\u021bi func\u021bia <strong>&#8220;Citire la tastare&#8221;<\/strong> &#8211; \u0219i fiecare caracter introdus va fi rostit cu voce tare.<\/p>\n<p><em><strong>Cum s\u0103 activa\u021bi func\u021biile audio pe iPhone?<\/strong><\/em><\/p>\n<ul>\n<li>&#8220;Set\u0103ri&#8221; &gt; &#8220;Accesibilitate&#8221; &gt; &#8220;Con\u021binut audio&#8221;.<\/li>\n<\/ul>\n<p>Func\u021bia &#8220;Con\u021binut audio&#8221; este disponibil\u0103 pe iPhone, iPad \u0219i Mac.<\/p>\n<p>Dac\u0103 v\u0103 este mai u\u0219or s\u0103 vorbi\u021bi dec\u00e2t s\u0103 tasta\u021bi, utiliza\u021bi func\u021bia <strong>&#8220;Dictare&#8221;.<\/strong> Aceasta suport\u0103 peste 30 de limbi. Pentru a introduce semne de punctua\u021bie \u0219i a ad\u0103uga formatare, spune\u021bi-le \u00een timpul dic\u021biei. De exemplu, fraza &#8220;D\u0103-mi o carte, te rog&#8221; ar trebui s\u0103 fie rostit\u0103 ca &#8220;D\u0103-mi o carte, virgul\u0103, te rog&#8221;.<\/p>\n<p><strong><em>Cum se activeaz\u0103 tastarea vocal\u0103? \u00a0<\/em><\/strong><\/p>\n<ul>\n<li>Pe iPhone \u0219i iPad: \u00een c\u00e2mpul de introducere a textului, atinge\u021bi pictograma microfonului (\u00een dreapta tastaturii). C\u00e2nd a\u021bi terminat de vorbit, atinge\u021bi pictograma tastaturii.<\/li>\n<li>Pe un Mac: Meniu Apple &gt; Set\u0103ri &gt; Tastatur\u0103 &gt; Dictare. Activa\u021bi dictarea.<\/li>\n<\/ul>\n<p>Func\u021bia este disponibil\u0103 pe iPhone, iPad, Mac \u0219i Apple TV.<\/p>\n<p><strong>CITI\u021aI MAI MULT\u00a0<\/strong><\/p>\n<p><a href=\"https:\/\/ispace.md\/blog\/persoanele-cu-deficiente-de-auz\/\"><strong>Cum face Apple via\u021ba mai u\u0219oar\u0103 pentru persoanele cu deficien\u021be de auz\u00a0\u00a0<\/strong><\/a><\/p>\n<p><a href=\"https:\/\/ispace.md\/blog\/persoanele-cu-deficiente-de-vedere\/\"><strong>Iat\u0103 de ce persoanele cu deficien\u021be de vedere aleg gadgeturile Apple\u00a0<\/strong><\/a><\/p>\n<p><a href=\"https:\/\/ispace.md\/blog\/persoanele-cu-dizabilitati\/\"><strong>Cum pot persoanele cu deficien\u021be motorii \u0219i de coordonare s\u0103 \u00ee\u0219i controleze dispozitivele Apple 100%?<\/strong><\/a><\/p>\n","protected":false},"excerpt":{"rendered":"<p>Majoritatea oamenilor pot utiliza dispozitivele cu set\u0103rile implicite. Iar a le \u00eenva\u021ba s\u0103 le foloseasc\u0103 dureaz\u0103 o or\u0103. Doar c\u0103 persoanele cu deficien\u021be percep lumea \u0219i tehnologia \u00een mod diferit. Pentru a le permite s\u0103 beneficieze pe deplin de progres, Apple a dezvoltat func\u021bii universale de accesibilitate. Vom explica ce op\u021biuni vor fi utile pentru [&hellip;]<\/p>\n","protected":false},"author":1,"featured_media":4310,"comment_status":"open","ping_status":"open","sticky":false,"template":"","format":"standard","meta":[],"categories":[439,441,443,668],"tags":[455,685,985],"yoast_head":"<!-- This site is optimized with the Yoast SEO plugin v17.0 - https:\/\/yoast.com\/wordpress\/plugins\/seo\/ -->\n<title>Apple pentru persoanele cu deficien\u021be de aten\u021bie, concentrare \u0219i abilit\u0103\u021bi<\/title>\n<meta name=\"description\" content=\"Persoanele cu deficien\u021be percep lumea \u0219i tehnologia \u00een mod diferit. Pentru ei Apple a dezvoltat func\u021bii universale de accesibilitate.\" \/>\n<meta name=\"robots\" content=\"index, follow, max-snippet:-1, max-image-preview:large, max-video-preview:-1\" \/>\n<link rel=\"canonical\" href=\"https:\/\/ispace.md\/blog\/persoanele-cu-deficiente\/\" \/>\n<meta property=\"og:locale\" content=\"ru_RU\" \/>\n<meta property=\"og:type\" content=\"article\" \/>\n<meta property=\"og:title\" content=\"Apple pentru persoanele cu deficien\u021be de aten\u021bie, concentrare \u0219i abilit\u0103\u021bi\" \/>\n<meta property=\"og:description\" content=\"Persoanele cu deficien\u021be percep lumea \u0219i tehnologia \u00een mod diferit. Pentru ei Apple a dezvoltat func\u021bii universale de accesibilitate.\" \/>\n<meta property=\"og:url\" content=\"https:\/\/ispace.md\/blog\/persoanele-cu-deficiente\/\" \/>\n<meta property=\"og:site_name\" content=\"iSpace\" \/>\n<meta property=\"article:publisher\" content=\"https:\/\/www.facebook.com\/ispacemd\/\" \/>\n<meta property=\"article:published_time\" content=\"2022-10-18T13:55:08+00:00\" \/>\n<meta property=\"article:modified_time\" content=\"2023-08-17T07:37:45+00:00\" \/>\n<meta property=\"og:image\" content=\"https:\/\/ispace.md\/blog\/wp-content\/uploads\/2022\/10\/1-1-scaled.jpg\" \/>\n\t<meta property=\"og:image:width\" content=\"2560\" \/>\n\t<meta property=\"og:image:height\" content=\"1708\" \/>\n<meta name=\"twitter:card\" content=\"summary_large_image\" \/>\n<meta name=\"twitter:label1\" content=\"\u041d\u0430\u043f\u0438\u0441\u0430\u043d\u043e \u0430\u0432\u0442\u043e\u0440\u043e\u043c\" \/>\n\t<meta name=\"twitter:data1\" content=\"istoreadm\" \/>\n\t<meta name=\"twitter:label2\" content=\"\u041f\u0440\u0438\u043c\u0435\u0440\u043d\u043e\u0435 \u0432\u0440\u0435\u043c\u044f \u0434\u043b\u044f \u0447\u0442\u0435\u043d\u0438\u044f\" \/>\n\t<meta name=\"twitter:data2\" content=\"7 \u043c\u0438\u043d\u0443\u0442\" \/>\n<script type=\"application\/ld+json\" class=\"yoast-schema-graph\">{\"@context\":\"https:\/\/schema.org\",\"@graph\":[{\"@type\":\"WebSite\",\"@id\":\"https:\/\/ispace.md\/blog\/ru\/#website\",\"url\":\"https:\/\/ispace.md\/blog\/ru\/\",\"name\":\"iSpace\",\"description\":\"\\u0411\\u043b\\u043e\\u0433 \\u043a\\u043e\\u043c\\u043f\\u0430\\u043d\\u0438\\u0438 iSpace\",\"potentialAction\":[{\"@type\":\"SearchAction\",\"target\":{\"@type\":\"EntryPoint\",\"urlTemplate\":\"https:\/\/ispace.md\/blog\/ru\/?s={search_term_string}\"},\"query-input\":\"required name=search_term_string\"}],\"inLanguage\":\"ru-RU\"},{\"@type\":\"ImageObject\",\"@id\":\"https:\/\/ispace.md\/blog\/persoanele-cu-deficiente\/#primaryimage\",\"inLanguage\":\"ru-RU\",\"url\":\"https:\/\/ispace.md\/blog\/wp-content\/uploads\/2022\/10\/1-1-scaled.jpg\",\"contentUrl\":\"https:\/\/ispace.md\/blog\/wp-content\/uploads\/2022\/10\/1-1-scaled.jpg\",\"width\":2560,\"height\":1708},{\"@type\":\"WebPage\",\"@id\":\"https:\/\/ispace.md\/blog\/persoanele-cu-deficiente\/#webpage\",\"url\":\"https:\/\/ispace.md\/blog\/persoanele-cu-deficiente\/\",\"name\":\"Apple pentru persoanele cu deficien\\u021be de aten\\u021bie, concentrare \\u0219i abilit\\u0103\\u021bi\",\"isPartOf\":{\"@id\":\"https:\/\/ispace.md\/blog\/ru\/#website\"},\"primaryImageOfPage\":{\"@id\":\"https:\/\/ispace.md\/blog\/persoanele-cu-deficiente\/#primaryimage\"},\"datePublished\":\"2022-10-18T13:55:08+00:00\",\"dateModified\":\"2023-08-17T07:37:45+00:00\",\"author\":{\"@id\":\"https:\/\/ispace.md\/blog\/ru\/#\/schema\/person\/ee7c990e7f16a92ff015648f1d3212cd\"},\"description\":\"Persoanele cu deficien\\u021be percep lumea \\u0219i tehnologia \\u00een mod diferit. Pentru ei Apple a dezvoltat func\\u021bii universale de accesibilitate.\",\"breadcrumb\":{\"@id\":\"https:\/\/ispace.md\/blog\/persoanele-cu-deficiente\/#breadcrumb\"},\"inLanguage\":\"ru-RU\",\"potentialAction\":[{\"@type\":\"ReadAction\",\"target\":[\"https:\/\/ispace.md\/blog\/persoanele-cu-deficiente\/\"]}]},{\"@type\":\"BreadcrumbList\",\"@id\":\"https:\/\/ispace.md\/blog\/persoanele-cu-deficiente\/#breadcrumb\",\"itemListElement\":[{\"@type\":\"ListItem\",\"position\":1,\"name\":\"\\u0413\\u043b\\u0430\\u0432\\u043d\\u0430\\u044f \\u0441\\u0442\\u0440\\u0430\\u043d\\u0438\\u0446\\u0430\",\"item\":\"https:\/\/ispace.md\/blog\/ru\/\"},{\"@type\":\"ListItem\",\"position\":2,\"name\":\"Caracteristicile Apple pentru persoanele cu deficien\\u021be de aten\\u021bie, concentrare \\u0219i alte abilit\\u0103\\u021bi cognitive\"}]},{\"@type\":\"Person\",\"@id\":\"https:\/\/ispace.md\/blog\/ru\/#\/schema\/person\/ee7c990e7f16a92ff015648f1d3212cd\",\"name\":\"istoreadm\",\"image\":{\"@type\":\"ImageObject\",\"@id\":\"https:\/\/ispace.md\/blog\/ru\/#personlogo\",\"inLanguage\":\"ru-RU\",\"url\":\"https:\/\/secure.gravatar.com\/avatar\/3ab1424e156237432133bacf1fcdd22d?s=96&d=mm&r=g\",\"contentUrl\":\"https:\/\/secure.gravatar.com\/avatar\/3ab1424e156237432133bacf1fcdd22d?s=96&d=mm&r=g\",\"caption\":\"istoreadm\"},\"url\":\"https:\/\/ispace.md\/blog\/author\/istoreadm\/\"}]}<\/script>\n<!-- \/ Yoast SEO plugin. -->","yoast_head_json":{"title":"Apple pentru persoanele cu deficien\u021be de aten\u021bie, concentrare \u0219i abilit\u0103\u021bi","description":"Persoanele cu deficien\u021be percep lumea \u0219i tehnologia \u00een mod diferit. Pentru ei Apple a dezvoltat func\u021bii universale de accesibilitate.","robots":{"index":"index","follow":"follow","max-snippet":"max-snippet:-1","max-image-preview":"max-image-preview:large","max-video-preview":"max-video-preview:-1"},"canonical":"https:\/\/ispace.md\/blog\/persoanele-cu-deficiente\/","og_locale":"ru_RU","og_type":"article","og_title":"Apple pentru persoanele cu deficien\u021be de aten\u021bie, concentrare \u0219i abilit\u0103\u021bi","og_description":"Persoanele cu deficien\u021be percep lumea \u0219i tehnologia \u00een mod diferit. Pentru ei Apple a dezvoltat func\u021bii universale de accesibilitate.","og_url":"https:\/\/ispace.md\/blog\/persoanele-cu-deficiente\/","og_site_name":"iSpace","article_publisher":"https:\/\/www.facebook.com\/ispacemd\/","article_published_time":"2022-10-18T13:55:08+00:00","article_modified_time":"2023-08-17T07:37:45+00:00","og_image":[{"width":2560,"height":1708,"url":"https:\/\/ispace.md\/blog\/wp-content\/uploads\/2022\/10\/1-1-scaled.jpg","path":"\/srv\/ispace.md\/blog\/wp-content\/uploads\/2022\/10\/1-1-scaled.jpg","size":"full","id":4310,"alt":"","pixels":4372480,"type":"image\/jpeg"}],"twitter_card":"summary_large_image","twitter_misc":{"\u041d\u0430\u043f\u0438\u0441\u0430\u043d\u043e \u0430\u0432\u0442\u043e\u0440\u043e\u043c":"istoreadm","\u041f\u0440\u0438\u043c\u0435\u0440\u043d\u043e\u0435 \u0432\u0440\u0435\u043c\u044f \u0434\u043b\u044f \u0447\u0442\u0435\u043d\u0438\u044f":"7 \u043c\u0438\u043d\u0443\u0442"},"schema":{"@context":"https:\/\/schema.org","@graph":[{"@type":"WebSite","@id":"https:\/\/ispace.md\/blog\/ru\/#website","url":"https:\/\/ispace.md\/blog\/ru\/","name":"iSpace","description":"\u0411\u043b\u043e\u0433 \u043a\u043e\u043c\u043f\u0430\u043d\u0438\u0438 iSpace","potentialAction":[{"@type":"SearchAction","target":{"@type":"EntryPoint","urlTemplate":"https:\/\/ispace.md\/blog\/ru\/?s={search_term_string}"},"query-input":"required name=search_term_string"}],"inLanguage":"ru-RU"},{"@type":"ImageObject","@id":"https:\/\/ispace.md\/blog\/persoanele-cu-deficiente\/#primaryimage","inLanguage":"ru-RU","url":"https:\/\/ispace.md\/blog\/wp-content\/uploads\/2022\/10\/1-1-scaled.jpg","contentUrl":"https:\/\/ispace.md\/blog\/wp-content\/uploads\/2022\/10\/1-1-scaled.jpg","width":2560,"height":1708},{"@type":"WebPage","@id":"https:\/\/ispace.md\/blog\/persoanele-cu-deficiente\/#webpage","url":"https:\/\/ispace.md\/blog\/persoanele-cu-deficiente\/","name":"Apple pentru persoanele cu deficien\u021be de aten\u021bie, concentrare \u0219i abilit\u0103\u021bi","isPartOf":{"@id":"https:\/\/ispace.md\/blog\/ru\/#website"},"primaryImageOfPage":{"@id":"https:\/\/ispace.md\/blog\/persoanele-cu-deficiente\/#primaryimage"},"datePublished":"2022-10-18T13:55:08+00:00","dateModified":"2023-08-17T07:37:45+00:00","author":{"@id":"https:\/\/ispace.md\/blog\/ru\/#\/schema\/person\/ee7c990e7f16a92ff015648f1d3212cd"},"description":"Persoanele cu deficien\u021be percep lumea \u0219i tehnologia \u00een mod diferit. Pentru ei Apple a dezvoltat func\u021bii universale de accesibilitate.","breadcrumb":{"@id":"https:\/\/ispace.md\/blog\/persoanele-cu-deficiente\/#breadcrumb"},"inLanguage":"ru-RU","potentialAction":[{"@type":"ReadAction","target":["https:\/\/ispace.md\/blog\/persoanele-cu-deficiente\/"]}]},{"@type":"BreadcrumbList","@id":"https:\/\/ispace.md\/blog\/persoanele-cu-deficiente\/#breadcrumb","itemListElement":[{"@type":"ListItem","position":1,"name":"\u0413\u043b\u0430\u0432\u043d\u0430\u044f \u0441\u0442\u0440\u0430\u043d\u0438\u0446\u0430","item":"https:\/\/ispace.md\/blog\/ru\/"},{"@type":"ListItem","position":2,"name":"Caracteristicile Apple pentru persoanele cu deficien\u021be de aten\u021bie, concentrare \u0219i alte abilit\u0103\u021bi cognitive"}]},{"@type":"Person","@id":"https:\/\/ispace.md\/blog\/ru\/#\/schema\/person\/ee7c990e7f16a92ff015648f1d3212cd","name":"istoreadm","image":{"@type":"ImageObject","@id":"https:\/\/ispace.md\/blog\/ru\/#personlogo","inLanguage":"ru-RU","url":"https:\/\/secure.gravatar.com\/avatar\/3ab1424e156237432133bacf1fcdd22d?s=96&d=mm&r=g","contentUrl":"https:\/\/secure.gravatar.com\/avatar\/3ab1424e156237432133bacf1fcdd22d?s=96&d=mm&r=g","caption":"istoreadm"},"url":"https:\/\/ispace.md\/blog\/author\/istoreadm\/"}]}},"frontimg":"https:\/\/ispace.md\/blog\/wp-content\/uploads\/2022\/10\/1-1-320x220.jpg","frontimglarge":"https:\/\/ispace.md\/blog\/wp-content\/uploads\/2022\/10\/1-1-730x300.jpg","acf":{"select_banner_style":"0","select_sidebar":"0","axil_post_review_box":false},"_links":{"self":[{"href":"https:\/\/ispace.md\/blog\/wp-json\/wp\/v2\/posts\/4334"}],"collection":[{"href":"https:\/\/ispace.md\/blog\/wp-json\/wp\/v2\/posts"}],"about":[{"href":"https:\/\/ispace.md\/blog\/wp-json\/wp\/v2\/types\/post"}],"author":[{"embeddable":true,"href":"https:\/\/ispace.md\/blog\/wp-json\/wp\/v2\/users\/1"}],"replies":[{"embeddable":true,"href":"https:\/\/ispace.md\/blog\/wp-json\/wp\/v2\/comments?post=4334"}],"version-history":[{"count":5,"href":"https:\/\/ispace.md\/blog\/wp-json\/wp\/v2\/posts\/4334\/revisions"}],"predecessor-version":[{"id":5862,"href":"https:\/\/ispace.md\/blog\/wp-json\/wp\/v2\/posts\/4334\/revisions\/5862"}],"wp:featuredmedia":[{"embeddable":true,"href":"https:\/\/ispace.md\/blog\/wp-json\/wp\/v2\/media\/4310"}],"wp:attachment":[{"href":"https:\/\/ispace.md\/blog\/wp-json\/wp\/v2\/media?parent=4334"}],"wp:term":[{"taxonomy":"category","embeddable":true,"href":"https:\/\/ispace.md\/blog\/wp-json\/wp\/v2\/categories?post=4334"},{"taxonomy":"post_tag","embeddable":true,"href":"https:\/\/ispace.md\/blog\/wp-json\/wp\/v2\/tags?post=4334"}],"curies":[{"name":"wp","href":"https:\/\/api.w.org\/{rel}","templated":true}]}}