{"id":4408,"date":"2022-10-20T22:00:07","date_gmt":"2022-10-20T19:00:07","guid":{"rendered":"https:\/\/ispace.am\/blog\/?p=4408"},"modified":"2023-08-09T09:37:31","modified_gmt":"2023-08-09T06:37:31","slug":"apple-a-prezentat-noile-produse","status":"publish","type":"post","link":"https:\/\/ispace.md\/blog\/apple-a-prezentat-noile-produse\/","title":{"rendered":"Apple a prezentat noile iPad, iPad Pro \u0219i noul set-top box Apple TV 4K"},"content":{"rendered":"<h3><strong><a href=\"https:\/\/www.apple.com\/newsroom\/2022\/10\/apple-introduces-next-generation-ipad-pro-supercharged-by-the-m2-chip\/\">Pe 18 octombrie<\/a>, Apple a prezentat noile produse &#8220;\u00een mod discret&#8221; &#8211; iPad cu procesor A14 Bionic \u0219i iPad Pro cu cip M2. Precum \u0219i dou\u0103 versiuni de Apple TV 4K. Nu a existat o prezentare la scar\u0103 larg\u0103 a dispozitivelor: informa\u021biile despre acestea au ap\u0103rut doar pe site-ul companiei.<\/strong><\/h3>\n<p><strong>S\u0103 afl\u0103m care este partea interesant\u0103 a noilor dispozitive.<\/strong><\/p>\n<p><strong>iPad Pro: cip M2 \u0219i cel mai avansat display mobil<\/strong><\/p>\n<p><img loading=\"lazy\" class=\"aligncenter wp-image-4362 size-full\" src=\"https:\/\/ispace.am\/blog\/wp-content\/uploads\/2022\/10\/Apple-iPad-Pro-Magic-Keyboard-M2-hero-2up-221018_big.jpg.large_.jpg\" alt=\"Apple a prezentat noile\" width=\"980\" height=\"653\" srcset=\"https:\/\/ispace.md\/blog\/wp-content\/uploads\/2022\/10\/Apple-iPad-Pro-Magic-Keyboard-M2-hero-2up-221018_big.jpg.large_.jpg 980w, https:\/\/ispace.md\/blog\/wp-content\/uploads\/2022\/10\/Apple-iPad-Pro-Magic-Keyboard-M2-hero-2up-221018_big.jpg.large_-400x267.jpg 400w, https:\/\/ispace.md\/blog\/wp-content\/uploads\/2022\/10\/Apple-iPad-Pro-Magic-Keyboard-M2-hero-2up-221018_big.jpg.large_-768x512.jpg 768w, https:\/\/ispace.md\/blog\/wp-content\/uploads\/2022\/10\/Apple-iPad-Pro-Magic-Keyboard-M2-hero-2up-221018_big.jpg.large_-390x260.jpg 390w, https:\/\/ispace.md\/blog\/wp-content\/uploads\/2022\/10\/Apple-iPad-Pro-Magic-Keyboard-M2-hero-2up-221018_big.jpg.large_-285x190.jpg 285w\" sizes=\"(max-width: 980px) 100vw, 980px\" \/><\/p>\n<p>Ultima genera\u021bie de iPad Pro a fost echipat\u0103 cu cipul M1, care \u0219i ast\u0103zi face praf majoritatea concuren\u021bilor. Dar modelul din 2022 este echipat cu un cip M2 \u0219i mai avansat. Acest lucru \u00eenseamn\u0103 c\u0103:<\/p>\n<ul>\n<li>unitatea central\u0103 de procesare este cu<strong> 15% mai rapid\u0103;<\/strong><\/li>\n<li>grafica este cu <strong>35% mai rapid\u0103;<\/strong><\/li>\n<li>l\u0103\u021bimea de band\u0103 a memoriei a crescut cu 50%, ajung\u00e2nd la 100GB\/s;<\/li>\n<li>Neural Engine proceseaz\u0103 acum cu<strong> 40% mai multe solicit\u0103ri.<\/strong><\/li>\n<\/ul>\n<p>Este pu\u021bin probabil ca majoritatea utilizatorilor s\u0103 observe acest spor de performan\u021b\u0103. Asta pentru c\u0103 puterea M1 era suficient\u0103 \u00eenainte: trebuia s\u0103 te obose\u0219ti pentru a suprasolicita o \u00eenc\u0103rcare a sistemului. Cu M2, utilizatorul va crede \u00een miracol.<\/p>\n<p>Multitasking-ul a devenit \u0219i mai fluid. Filele Safari se deschid \u00een 1-2 secunde, orice program se \u00eencarc\u0103 instantaneu. Jocurile cu grafic\u0103 cool zboar\u0103 la maximul capacit\u0103\u021bilor lor. Este dispozitivul portabil perfect pentru to\u021bi cei care lucreaz\u0103 cu cantit\u0103\u021bi masive de date: fotografi, editori video, designeri care manipuleaz\u0103 obiecte 3D complexe \u0219i to\u021bi ceilal\u021bi creatori de con\u021binut.<\/p>\n<p><img loading=\"lazy\" class=\"size-full wp-image-4363 aligncenter\" src=\"https:\/\/ispace.am\/blog\/wp-content\/uploads\/2022\/10\/Apple-iPad-Pro-uMake-221018_big.jpg.large_.jpg\" alt=\"\" width=\"980\" height=\"653\" srcset=\"https:\/\/ispace.md\/blog\/wp-content\/uploads\/2022\/10\/Apple-iPad-Pro-uMake-221018_big.jpg.large_.jpg 980w, https:\/\/ispace.md\/blog\/wp-content\/uploads\/2022\/10\/Apple-iPad-Pro-uMake-221018_big.jpg.large_-400x267.jpg 400w, https:\/\/ispace.md\/blog\/wp-content\/uploads\/2022\/10\/Apple-iPad-Pro-uMake-221018_big.jpg.large_-768x512.jpg 768w, https:\/\/ispace.md\/blog\/wp-content\/uploads\/2022\/10\/Apple-iPad-Pro-uMake-221018_big.jpg.large_-390x260.jpg 390w, https:\/\/ispace.md\/blog\/wp-content\/uploads\/2022\/10\/Apple-iPad-Pro-uMake-221018_big.jpg.large_-285x190.jpg 285w\" sizes=\"(max-width: 980px) 100vw, 980px\" \/><\/p>\n<p>O alt\u0103 caracteristic\u0103 nou\u0103 este posibilitatea <strong>de a filma video ProRes direct de pe camera tabletei<\/strong>. Noul motor media \u0219i noul procesor de semnal v\u0103 permite s\u0103 transcodifica\u021bi secven\u021be ProRes de p\u00e2n\u0103 la 3 ori mai rapid. Acest lucru \u00eenseamn\u0103 c\u0103 pute\u021bi crea, procesa \u0219i publica clipuri video de calitate cinematografic\u0103 \u00een teren. Este nevoie doar de un iPad Pro 2022!<\/p>\n<p>Apple a prezentat noile device-uri, \u00eens\u0103<strong> display-ul<\/strong> din noutatea tehnic\u0103 a r\u0103mas acela\u0219i. \u00cen versiunea de 12,9 inchi &#8211; Liquid Retina XDR cu o luminozitate de p\u00e2n\u0103 la 1600 nits. \u00cen modelul de 11 inchi &#8211; Liquid Retina cu o luminozitate maxim\u0103 de 600 nits. Ambele modele suport\u0103 True Tone \u0219i ProMotion.<\/p>\n<p>Apple a \u00eembun\u0103t\u0103\u021bit sim\u021bitor <strong>interac\u021biunea tabletei cu stylus-ul.<\/strong> Apple Pencil (a doua genera\u021bie) suport\u0103 acum Hover. Acesta face ca desenul \u0219i marcarea s\u0103 fie \u0219i mai comode, deoarece tableta recunoa\u0219te mi\u0219c\u0103rile stylus-ului la o distan\u021b\u0103 de 12 mm. De exemplu, v\u0103 pute\u021bi vedea marcajul \u00eenainte de a-l face. Iar cu Scribble, casetele de text se extind automat pe m\u0103sur\u0103 ce creionul se apropie de ecran.<\/p>\n<p><img loading=\"lazy\" class=\"alignnone wp-image-4370 size-full\" src=\"https:\/\/ispace.md\/blog\/wp-content\/uploads\/2022\/10\/pencil_hover__f9n5c0u835qq_large_2x-scaled.jpg\" alt=\"Apple a prezentat noile\" width=\"2560\" height=\"1312\" srcset=\"https:\/\/ispace.md\/blog\/wp-content\/uploads\/2022\/10\/pencil_hover__f9n5c0u835qq_large_2x-scaled.jpg 2560w, https:\/\/ispace.md\/blog\/wp-content\/uploads\/2022\/10\/pencil_hover__f9n5c0u835qq_large_2x-400x205.jpg 400w, https:\/\/ispace.md\/blog\/wp-content\/uploads\/2022\/10\/pencil_hover__f9n5c0u835qq_large_2x-1024x525.jpg 1024w, https:\/\/ispace.md\/blog\/wp-content\/uploads\/2022\/10\/pencil_hover__f9n5c0u835qq_large_2x-768x394.jpg 768w, https:\/\/ispace.md\/blog\/wp-content\/uploads\/2022\/10\/pencil_hover__f9n5c0u835qq_large_2x-1536x787.jpg 1536w, https:\/\/ispace.md\/blog\/wp-content\/uploads\/2022\/10\/pencil_hover__f9n5c0u835qq_large_2x-2048x1050.jpg 2048w\" sizes=\"(max-width: 2560px) 100vw, 2560px\" \/><\/p>\n<p>Alte caracteristici includ Wi-Fi 6E \u0219i Bluetooth 5.3, cinci microfoane de calitate studio \u0219i patru difuzoare cu suport Dolby Atmos. Exist\u0103, de asemenea, un scaner LiDAR \u0219i suport pentru Smart HDR 4 pentru fotografii c\u00e2t mai realiste posibil.<\/p>\n<p>Iat\u0103 de ce noul iPad Pro este unul dintre cele mai avansate \u0219i mai productive din \u00eentreaga lume. Este disponibil \u00eentr-o configura\u021bie cu 8 nuclee CPU, 10 nuclee GPU \u0219i 16 nuclee Neural Engine.<\/p>\n<p><strong>Cea de-a 10-a genera\u021bie iPad: design cu ecran complet, o camer\u0103 \u00eembun\u0103t\u0103\u021bit\u0103 \u0219i o palet\u0103 dinamic\u0103<\/strong><\/p>\n<p>Aspectul noii tablete Apple, \u00een configura\u021bia de baz\u0103, o apropie de iPad Air, lansat anterior. <strong>Designul \u00een patru culori str\u0103lucitoare<\/strong> este cu siguran\u021b\u0103 memorabil, dar nu doar pentru paleta sa luxuriant\u0103. iPad-ul din aluminiu argintiu, galben, roz \u0219i albastru din a 10-a genera\u021bie a primit <strong>un ecran Liquid Retina de 10,9 inci<\/strong> care se extinde aproape p\u00e2n\u0103 la margini, m\u0103rind astfel zona de lucru pentru aplica\u021bii, jocuri \u0219i altele.<\/p>\n<p>Vorbind despre display, trebuie s\u0103 men\u021bion\u0103m \u0219i <strong>rezolu\u021bia de 2360&#215;1640 pixeli, aproape 4 milioane de pixeli, luminozitatea de 500 de nits \u0219i tehnologia True Tone<\/strong> pentru corec\u021bia automat\u0103 a temperaturii \u00een func\u021bie de lumina ambiental\u0103. Toate acestea le promit utilizatorilor o experien\u021b\u0103 vizual\u0103 deosebit\u0103 pe noul iPad.<\/p>\n<p>Apropo, <strong>Touch ID<\/strong> s-a mutat pe butonul de sus al iPad-ului. Acest lucru a simplificat deblocarea dispozitivului, conectarea la aplica\u021bii \u0219i utilizarea serviciului de plat\u0103 Apple Pay.<\/p>\n<p><img loading=\"lazy\" class=\"alignnone size-full wp-image-4367\" src=\"https:\/\/ispace.am\/blog\/wp-content\/uploads\/2022\/10\/iPad-10--scaled.jpeg\" alt=\"\" width=\"2560\" height=\"1707\" srcset=\"https:\/\/ispace.md\/blog\/wp-content\/uploads\/2022\/10\/iPad-10--scaled.jpeg 2560w, https:\/\/ispace.md\/blog\/wp-content\/uploads\/2022\/10\/iPad-10--400x267.jpeg 400w, https:\/\/ispace.md\/blog\/wp-content\/uploads\/2022\/10\/iPad-10--1024x683.jpeg 1024w, https:\/\/ispace.md\/blog\/wp-content\/uploads\/2022\/10\/iPad-10--768x512.jpeg 768w, https:\/\/ispace.md\/blog\/wp-content\/uploads\/2022\/10\/iPad-10--1536x1024.jpeg 1536w, https:\/\/ispace.md\/blog\/wp-content\/uploads\/2022\/10\/iPad-10--2048x1365.jpeg 2048w, https:\/\/ispace.md\/blog\/wp-content\/uploads\/2022\/10\/iPad-10--390x260.jpeg 390w, https:\/\/ispace.md\/blog\/wp-content\/uploads\/2022\/10\/iPad-10--285x190.jpeg 285w\" sizes=\"(max-width: 2560px) 100vw, 2560px\" \/><\/p>\n<p>iPad folose\u0219te puternicul \u0219i binecunoscutul procesor A14 Bionic, bine cunoscut de utilizatori, care este instalat \u00een iPhone 12. Datorit\u0103 acestuia, performan\u021ba procesorului central a crescut cu 20%, iar cea a procesorului grafic cu 10% (\u00een compara\u021bie cu tableta din genera\u021bia anterioar\u0103). Aceste capacit\u0103\u021bi vor fi suficiente pentru orice sarcini de zi cu zi &#8211; de exemplu, proiectarea unei prezent\u0103ri, editarea de videoclipuri sau fotografii, cititul \u0219i chiar \u0219i pentru a juca jocuri cu grafic\u0103 preten\u021bioas\u0103. \u0218i totul va func\u021biona f\u0103r\u0103 probleme \u0219i rapid.<\/p>\n<p><img loading=\"lazy\" class=\"alignnone wp-image-4368 size-full\" src=\"https:\/\/ispace.md\/blog\/wp-content\/uploads\/2022\/10\/iPad-10th-gen-lifestyle.jpeg\" alt=\"Apple a prezentat noile\" width=\"2048\" height=\"1365\" srcset=\"https:\/\/ispace.md\/blog\/wp-content\/uploads\/2022\/10\/iPad-10th-gen-lifestyle.jpeg 2048w, https:\/\/ispace.md\/blog\/wp-content\/uploads\/2022\/10\/iPad-10th-gen-lifestyle-400x267.jpeg 400w, https:\/\/ispace.md\/blog\/wp-content\/uploads\/2022\/10\/iPad-10th-gen-lifestyle-1024x683.jpeg 1024w, https:\/\/ispace.md\/blog\/wp-content\/uploads\/2022\/10\/iPad-10th-gen-lifestyle-768x512.jpeg 768w, https:\/\/ispace.md\/blog\/wp-content\/uploads\/2022\/10\/iPad-10th-gen-lifestyle-1536x1024.jpeg 1536w, https:\/\/ispace.md\/blog\/wp-content\/uploads\/2022\/10\/iPad-10th-gen-lifestyle-390x260.jpeg 390w, https:\/\/ispace.md\/blog\/wp-content\/uploads\/2022\/10\/iPad-10th-gen-lifestyle-285x190.jpeg 285w\" sizes=\"(max-width: 2048px) 100vw, 2048px\" \/><\/p>\n<p>Apple a \u00eembun\u0103t\u0103\u021bit semnificativ <strong>camera foto<\/strong> a celei de-a 10-a genera\u021bii actualizate de iPad. Pentru prima dat\u0103, camera frontal\u0103 de 12 megapixeli este acum pozi\u021bionat\u0103 de-a lungul marginii carcasei atunci c\u00e2nd dispozitivul este \u021binut orizontal. Camera ultraangular\u0103 este compatibil\u0103 cu func\u021bia Centre Stage, care redimensioneaz\u0103 automat scena astfel \u00eenc\u00e2t to\u021bi participan\u021bii s\u0103 r\u0103m\u00e2n\u0103 \u00een cadru.<\/p>\n<p>Camera din spate de 12 megapixeli are capacitatea de a realiza fotografii de \u00eenalt\u0103 rezolu\u021bie \u0219i de a \u00eenregistra clipuri video 4K la o rat\u0103 de cadre de p\u00e2n\u0103 la 60 fps. Exist\u0103, de asemenea, o gam\u0103 dinamic\u0103 extins\u0103 la \u00eenregistrarea la 30 fps \u0219i la filmarea cu \u00eencetinitorul la 1080p. Apropo, datorit\u0103 microfoanelor duble, sunetul \u00een timpul film\u0103rilor video va fi excelent, iar zgomotul de fond va fi redus la minimum.<\/p>\n<p>De asemenea, merit\u0103 men\u021bionat faptul c\u0103 iPad are difuzoare stereo, suport Wi-Fi 6 \u0219i mult-a\u0219teptatul conector USB-C, la fel ca modelele mai vechi. Odat\u0103 cu cea mai recent\u0103 actualizare, noul iPad 2022 va putea suporta o gam\u0103 larg\u0103 de accesorii pentru lucru &#8211; cum ar fi Magic Keyboard Folio.<\/p>\n<p><img loading=\"lazy\" class=\"alignnone size-full wp-image-4369\" src=\"https:\/\/ispace.am\/blog\/wp-content\/uploads\/2022\/10\/ipad.jpeg\" alt=\"\" width=\"1960\" height=\"1308\" srcset=\"https:\/\/ispace.md\/blog\/wp-content\/uploads\/2022\/10\/ipad.jpeg 1960w, https:\/\/ispace.md\/blog\/wp-content\/uploads\/2022\/10\/ipad-400x267.jpeg 400w, https:\/\/ispace.md\/blog\/wp-content\/uploads\/2022\/10\/ipad-1024x683.jpeg 1024w, https:\/\/ispace.md\/blog\/wp-content\/uploads\/2022\/10\/ipad-768x513.jpeg 768w, https:\/\/ispace.md\/blog\/wp-content\/uploads\/2022\/10\/ipad-1536x1025.jpeg 1536w, https:\/\/ispace.md\/blog\/wp-content\/uploads\/2022\/10\/ipad-390x260.jpeg 390w, https:\/\/ispace.md\/blog\/wp-content\/uploads\/2022\/10\/ipad-285x190.jpeg 285w\" sizes=\"(max-width: 1960px) 100vw, 1960px\" \/><\/p>\n<p><strong>Apple TV 4K: mai puternic \u0219i mai accesibil<\/strong><\/p>\n<p>Pe l\u00e2ng\u0103 faptul c\u0103 Apple a prezentat noile tablete, Apple a dezv\u0103luit \u0219i set-top box-ul Apple TV 4K. Dispozitivul are un <strong>procesor puternic A15 Bionic<\/strong> &#8211; acela\u0219i care se reg\u0103se\u0219te \u00een iPhone 13 \u0219i \u00een iPhone 14 de baz\u0103. Cipul ofer\u0103 o performan\u021b\u0103 \u0219i mai mare \u0219i o experien\u021b\u0103 de joc mai fluid\u0103: procesorul este cu 50% mai rapid dec\u00e2t cel al genera\u021biei anterioare de set-top box.<\/p>\n<p><img loading=\"lazy\" class=\"alignnone wp-image-4366 size-full\" src=\"https:\/\/ispace.md\/blog\/wp-content\/uploads\/2022\/10\/Apple4KTV.jpeg\" alt=\"Apple a prezentat noile\" width=\"2400\" height=\"1600\" srcset=\"https:\/\/ispace.md\/blog\/wp-content\/uploads\/2022\/10\/Apple4KTV.jpeg 2400w, https:\/\/ispace.md\/blog\/wp-content\/uploads\/2022\/10\/Apple4KTV-400x267.jpeg 400w, https:\/\/ispace.md\/blog\/wp-content\/uploads\/2022\/10\/Apple4KTV-1024x683.jpeg 1024w, https:\/\/ispace.md\/blog\/wp-content\/uploads\/2022\/10\/Apple4KTV-768x512.jpeg 768w, https:\/\/ispace.md\/blog\/wp-content\/uploads\/2022\/10\/Apple4KTV-1536x1024.jpeg 1536w, https:\/\/ispace.md\/blog\/wp-content\/uploads\/2022\/10\/Apple4KTV-2048x1365.jpeg 2048w, https:\/\/ispace.md\/blog\/wp-content\/uploads\/2022\/10\/Apple4KTV-390x260.jpeg 390w, https:\/\/ispace.md\/blog\/wp-content\/uploads\/2022\/10\/Apple4KTV-285x190.jpeg 285w\" sizes=\"(max-width: 2400px) 100vw, 2400px\" \/><\/p>\n<p>Apple TV 2022 este disponibil \u00een dou\u0103 configura\u021bii simultan. <strong>Cea mai mic\u0103 versiune<\/strong> are 64 GB de memorie \u0219i suport Wi-Fi. <strong>Cea mai mare<\/strong> dispune de 128 GB de memorie, precum \u0219i de conectori Wi-Fi \u0219i Ethernet. Apropo, cea de-a doua versiune suport\u0103 \u0219i protocolul Thread Mesh pentru casa inteligent\u0103.<\/p>\n<p>Cipul A15 Bionic a oferit noului set-top box Apple TV 4K <strong>tehnologia HDR10+<\/strong>. Acesta proceseaz\u0103 fiecare cadru video cu propriile set\u0103ri prestabilite de culoare, luminozitate, contrast. Acest lucru \u00eembun\u0103t\u0103\u021be\u0219te imaginea, f\u0103c\u00e2nd-o uimitor de detaliat\u0103, saturat\u0103 \u0219i realist\u0103. Sunt prezente \u0219i tehnologiile binecunoscute de dvs. pentru <strong>sunet surround \u0219i imersiv Dolby Atmos<\/strong> \u0219i <strong>Dolby Digital 7.1\/5.1<\/strong>.<\/p>\n<p><img loading=\"lazy\" class=\"alignnone size-full wp-image-4365\" src=\"https:\/\/ispace.am\/blog\/wp-content\/uploads\/2022\/10\/apple-tv-4k-lead_large.jpeg\" alt=\"\" width=\"1904\" height=\"1269\" srcset=\"https:\/\/ispace.md\/blog\/wp-content\/uploads\/2022\/10\/apple-tv-4k-lead_large.jpeg 1904w, https:\/\/ispace.md\/blog\/wp-content\/uploads\/2022\/10\/apple-tv-4k-lead_large-400x267.jpeg 400w, https:\/\/ispace.md\/blog\/wp-content\/uploads\/2022\/10\/apple-tv-4k-lead_large-1024x682.jpeg 1024w, https:\/\/ispace.md\/blog\/wp-content\/uploads\/2022\/10\/apple-tv-4k-lead_large-768x512.jpeg 768w, https:\/\/ispace.md\/blog\/wp-content\/uploads\/2022\/10\/apple-tv-4k-lead_large-1536x1024.jpeg 1536w, https:\/\/ispace.md\/blog\/wp-content\/uploads\/2022\/10\/apple-tv-4k-lead_large-390x260.jpeg 390w, https:\/\/ispace.md\/blog\/wp-content\/uploads\/2022\/10\/apple-tv-4k-lead_large-285x190.jpeg 285w\" sizes=\"(max-width: 1904px) 100vw, 1904px\" \/><\/p>\n<p>Din punct de vedere vizual, consola nu s-a schimbat: este \u00een continuare aceea\u0219i carcas\u0103 elegant\u0103 din plastic negru mat, cu margini lucioase \u0219i logo-ul Apple.<\/p>\n<p>Dar telecomanda <strong>Siri Remote<\/strong> a fost u\u0219or transformat\u0103: acum poate fi \u00eenc\u0103rcat\u0103 prin intermediul conectorului USB-C. Touchpad-ul asigur\u0103 o navigare u\u0219oar\u0103 \u0219i convenabil\u0103 prin interfa\u021ba de utilizator Apple TV. \u00cen aplica\u021bie ve\u021bi g\u0103si o colec\u021bie uria\u0219\u0103 de filme, emisiuni \u0219i talk-show-uri premiate. Vizionarea lor \u00een propriul cinema acas\u0103, \u00een \u00eenalt\u0103 defini\u021bie, este o adev\u0103rat\u0103 pl\u0103cere.<\/p>\n<p><strong>Urm\u0103ri\u021bi nout\u0103\u021bile pe site-ul nostru. Noile produse vor fi puse <a href=\"https:\/\/ispace.md\/\">\u00een v\u00e2nzare foarte cur\u00e2nd<\/a>.<\/strong><\/p>\n<p><span data-ccp-props=\"{}\"><div role=\"form\" class=\"wpcf7\" id=\"wpcf7-f4409-o1\" lang=\"ru-RU\" dir=\"ltr\">\n<div class=\"screen-reader-response\"><p role=\"status\" aria-live=\"polite\" aria-atomic=\"true\"><\/p> <ul><\/ul><\/div>\n<form action=\"\/blog\/wp-json\/wp\/v2\/posts\/4408#wpcf7-f4409-o1\" method=\"post\" class=\"wpcf7-form init\" novalidate=\"novalidate\" data-status=\"init\">\n<div style=\"display: none;\">\n<input type=\"hidden\" name=\"_wpcf7\" value=\"4409\" \/>\n<input type=\"hidden\" name=\"_wpcf7_version\" value=\"5.5.4\" \/>\n<input type=\"hidden\" name=\"_wpcf7_locale\" value=\"ru_RU\" \/>\n<input type=\"hidden\" name=\"_wpcf7_unit_tag\" value=\"wpcf7-f4409-o1\" \/>\n<input type=\"hidden\" name=\"_wpcf7_container_post\" value=\"0\" \/>\n<input type=\"hidden\" name=\"_wpcf7_posted_data_hash\" value=\"\" \/>\n<\/div>\n<h3> Want to pre-order first ? Leave your contacts <\/h3>\n<div class = \"row\">\n<div class = \"col-md-4\"><span class=\"wpcf7-form-control-wrap your-name\"><input type=\"text\" name=\"your-name\" value=\"\" size=\"40\" class=\"wpcf7-form-control wpcf7-text wpcf7-validates-as-required\" aria-required=\"true\" aria-invalid=\"false\" placeholder=\"Name\" \/><\/span><\/div>\n<div class = \"col-md-4\"><span class=\"wpcf7-form-control-wrap your-email\"><input type=\"email\" name=\"your-email\" value=\"\" size=\"40\" class=\"wpcf7-form-control wpcf7-text wpcf7-email wpcf7-validates-as-required wpcf7-validates-as-email\" aria-required=\"true\" aria-invalid=\"false\" placeholder=\"E-mail\" \/><\/span><\/div>\n<div class = \"col-md-4\"><input type=\"submit\" value=\"Send en\" class=\"wpcf7-form-control has-spinner wpcf7-submit\" \/><\/div>\n<\/div>\n<span class=\"wpcf7-form-control-wrap acceptance-774\"><span class=\"wpcf7-form-control wpcf7-acceptance\"><span class=\"wpcf7-list-item\"><label><input type=\"checkbox\" name=\"acceptance-774\" value=\"1\" aria-invalid=\"false\" \/><span class=\"wpcf7-list-item-label\">I agree to the terms of the subscription<\/span><\/label><\/span><\/span><\/span><div class=\"wpcf7-response-output\" aria-hidden=\"true\"><\/div><\/form><\/div>\u00a0<\/span><\/p>\n<p><span data-ccp-props=\"{}\">\u00a0<\/span><\/p>\n","protected":false},"excerpt":{"rendered":"<p>Pe 18 octombrie, Apple a prezentat noile produse &#8220;\u00een mod discret&#8221; &#8211; iPad cu procesor A14 Bionic \u0219i iPad Pro cu cip M2. Precum \u0219i dou\u0103 versiuni de Apple TV 4K. Nu a existat o prezentare la scar\u0103 larg\u0103 a dispozitivelor: informa\u021biile despre acestea au ap\u0103rut doar pe site-ul companiei. S\u0103 afl\u0103m care este partea [&hellip;]<\/p>\n","protected":false},"author":1,"featured_media":4362,"comment_status":"open","ping_status":"open","sticky":false,"template":"","format":"standard","meta":[],"categories":[433,439,683,668],"tags":[455,834,714,1118,685,985],"yoast_head":"<!-- This site is optimized with the Yoast SEO plugin v17.0 - https:\/\/yoast.com\/wordpress\/plugins\/seo\/ -->\n<title>Apple a prezentat noile iPad, iPad Pro \u0219i noul set-top box Apple TV 4K<\/title>\n<meta name=\"description\" content=\"Pe 18 octombrie, Apple a prezentat noile produse &quot;\u00een mod discret&quot; - iPad cu procesor A14 Bionic \u0219i iPad Pro cu cip M2 \u0219i Apple TV 4K.\" \/>\n<meta name=\"robots\" content=\"index, follow, max-snippet:-1, max-image-preview:large, max-video-preview:-1\" \/>\n<link rel=\"canonical\" href=\"https:\/\/ispace.md\/blog\/apple-a-prezentat-noile-produse\/\" \/>\n<meta property=\"og:locale\" content=\"ru_RU\" \/>\n<meta property=\"og:type\" content=\"article\" \/>\n<meta property=\"og:title\" content=\"Apple a prezentat noile iPad, iPad Pro \u0219i noul set-top box Apple TV 4K\" \/>\n<meta property=\"og:description\" content=\"Pe 18 octombrie, Apple a prezentat noile produse &quot;\u00een mod discret&quot; - iPad cu procesor A14 Bionic \u0219i iPad Pro cu cip M2 \u0219i Apple TV 4K.\" \/>\n<meta property=\"og:url\" content=\"https:\/\/ispace.md\/blog\/apple-a-prezentat-noile-produse\/\" \/>\n<meta property=\"og:site_name\" content=\"iSpace\" \/>\n<meta property=\"article:publisher\" content=\"https:\/\/www.facebook.com\/ispacemd\/\" \/>\n<meta property=\"article:published_time\" content=\"2022-10-20T19:00:07+00:00\" \/>\n<meta property=\"article:modified_time\" content=\"2023-08-09T06:37:31+00:00\" \/>\n<meta property=\"og:image\" content=\"https:\/\/ispace.md\/blog\/wp-content\/uploads\/2022\/10\/Apple-iPad-Pro-Magic-Keyboard-M2-hero-2up-221018_big.jpg.large_.jpg\" \/>\n\t<meta property=\"og:image:width\" content=\"980\" \/>\n\t<meta property=\"og:image:height\" content=\"653\" \/>\n<meta name=\"twitter:card\" content=\"summary_large_image\" \/>\n<meta name=\"twitter:label1\" content=\"\u041d\u0430\u043f\u0438\u0441\u0430\u043d\u043e \u0430\u0432\u0442\u043e\u0440\u043e\u043c\" \/>\n\t<meta name=\"twitter:data1\" content=\"istoreadm\" \/>\n\t<meta name=\"twitter:label2\" content=\"\u041f\u0440\u0438\u043c\u0435\u0440\u043d\u043e\u0435 \u0432\u0440\u0435\u043c\u044f \u0434\u043b\u044f \u0447\u0442\u0435\u043d\u0438\u044f\" \/>\n\t<meta name=\"twitter:data2\" content=\"6 \u043c\u0438\u043d\u0443\u0442\" \/>\n<script type=\"application\/ld+json\" class=\"yoast-schema-graph\">{\"@context\":\"https:\/\/schema.org\",\"@graph\":[{\"@type\":\"WebSite\",\"@id\":\"https:\/\/ispace.md\/blog\/ru\/#website\",\"url\":\"https:\/\/ispace.md\/blog\/ru\/\",\"name\":\"iSpace\",\"description\":\"\\u0411\\u043b\\u043e\\u0433 \\u043a\\u043e\\u043c\\u043f\\u0430\\u043d\\u0438\\u0438 iSpace\",\"potentialAction\":[{\"@type\":\"SearchAction\",\"target\":{\"@type\":\"EntryPoint\",\"urlTemplate\":\"https:\/\/ispace.md\/blog\/ru\/?s={search_term_string}\"},\"query-input\":\"required name=search_term_string\"}],\"inLanguage\":\"ru-RU\"},{\"@type\":\"ImageObject\",\"@id\":\"https:\/\/ispace.md\/blog\/apple-a-prezentat-noile-produse\/#primaryimage\",\"inLanguage\":\"ru-RU\",\"url\":\"https:\/\/ispace.md\/blog\/wp-content\/uploads\/2022\/10\/Apple-iPad-Pro-Magic-Keyboard-M2-hero-2up-221018_big.jpg.large_.jpg\",\"contentUrl\":\"https:\/\/ispace.md\/blog\/wp-content\/uploads\/2022\/10\/Apple-iPad-Pro-Magic-Keyboard-M2-hero-2up-221018_big.jpg.large_.jpg\",\"width\":980,\"height\":653},{\"@type\":\"WebPage\",\"@id\":\"https:\/\/ispace.md\/blog\/apple-a-prezentat-noile-produse\/#webpage\",\"url\":\"https:\/\/ispace.md\/blog\/apple-a-prezentat-noile-produse\/\",\"name\":\"Apple a prezentat noile iPad, iPad Pro \\u0219i noul set-top box Apple TV 4K\",\"isPartOf\":{\"@id\":\"https:\/\/ispace.md\/blog\/ru\/#website\"},\"primaryImageOfPage\":{\"@id\":\"https:\/\/ispace.md\/blog\/apple-a-prezentat-noile-produse\/#primaryimage\"},\"datePublished\":\"2022-10-20T19:00:07+00:00\",\"dateModified\":\"2023-08-09T06:37:31+00:00\",\"author\":{\"@id\":\"https:\/\/ispace.md\/blog\/ru\/#\/schema\/person\/ee7c990e7f16a92ff015648f1d3212cd\"},\"description\":\"Pe 18 octombrie, Apple a prezentat noile produse \\\"\\u00een mod discret\\\" - iPad cu procesor A14 Bionic \\u0219i iPad Pro cu cip M2 \\u0219i Apple TV 4K.\",\"breadcrumb\":{\"@id\":\"https:\/\/ispace.md\/blog\/apple-a-prezentat-noile-produse\/#breadcrumb\"},\"inLanguage\":\"ru-RU\",\"potentialAction\":[{\"@type\":\"ReadAction\",\"target\":[\"https:\/\/ispace.md\/blog\/apple-a-prezentat-noile-produse\/\"]}]},{\"@type\":\"BreadcrumbList\",\"@id\":\"https:\/\/ispace.md\/blog\/apple-a-prezentat-noile-produse\/#breadcrumb\",\"itemListElement\":[{\"@type\":\"ListItem\",\"position\":1,\"name\":\"\\u0413\\u043b\\u0430\\u0432\\u043d\\u0430\\u044f \\u0441\\u0442\\u0440\\u0430\\u043d\\u0438\\u0446\\u0430\",\"item\":\"https:\/\/ispace.md\/blog\/ru\/\"},{\"@type\":\"ListItem\",\"position\":2,\"name\":\"Apple a prezentat noile iPad, iPad Pro \\u0219i noul set-top box Apple TV 4K\"}]},{\"@type\":\"Person\",\"@id\":\"https:\/\/ispace.md\/blog\/ru\/#\/schema\/person\/ee7c990e7f16a92ff015648f1d3212cd\",\"name\":\"istoreadm\",\"image\":{\"@type\":\"ImageObject\",\"@id\":\"https:\/\/ispace.md\/blog\/ru\/#personlogo\",\"inLanguage\":\"ru-RU\",\"url\":\"https:\/\/secure.gravatar.com\/avatar\/3ab1424e156237432133bacf1fcdd22d?s=96&d=mm&r=g\",\"contentUrl\":\"https:\/\/secure.gravatar.com\/avatar\/3ab1424e156237432133bacf1fcdd22d?s=96&d=mm&r=g\",\"caption\":\"istoreadm\"},\"url\":\"https:\/\/ispace.md\/blog\/author\/istoreadm\/\"}]}<\/script>\n<!-- \/ Yoast SEO plugin. -->","yoast_head_json":{"title":"Apple a prezentat noile iPad, iPad Pro \u0219i noul set-top box Apple TV 4K","description":"Pe 18 octombrie, Apple a prezentat noile produse \"\u00een mod discret\" - iPad cu procesor A14 Bionic \u0219i iPad Pro cu cip M2 \u0219i Apple TV 4K.","robots":{"index":"index","follow":"follow","max-snippet":"max-snippet:-1","max-image-preview":"max-image-preview:large","max-video-preview":"max-video-preview:-1"},"canonical":"https:\/\/ispace.md\/blog\/apple-a-prezentat-noile-produse\/","og_locale":"ru_RU","og_type":"article","og_title":"Apple a prezentat noile iPad, iPad Pro \u0219i noul set-top box Apple TV 4K","og_description":"Pe 18 octombrie, Apple a prezentat noile produse \"\u00een mod discret\" - iPad cu procesor A14 Bionic \u0219i iPad Pro cu cip M2 \u0219i Apple TV 4K.","og_url":"https:\/\/ispace.md\/blog\/apple-a-prezentat-noile-produse\/","og_site_name":"iSpace","article_publisher":"https:\/\/www.facebook.com\/ispacemd\/","article_published_time":"2022-10-20T19:00:07+00:00","article_modified_time":"2023-08-09T06:37:31+00:00","og_image":[{"width":980,"height":653,"url":"https:\/\/ispace.md\/blog\/wp-content\/uploads\/2022\/10\/Apple-iPad-Pro-Magic-Keyboard-M2-hero-2up-221018_big.jpg.large_.jpg","path":"\/srv\/ispace.md\/blog\/wp-content\/uploads\/2022\/10\/Apple-iPad-Pro-Magic-Keyboard-M2-hero-2up-221018_big.jpg.large_.jpg","size":"full","id":4362,"alt":"","pixels":639940,"type":"image\/jpeg"}],"twitter_card":"summary_large_image","twitter_misc":{"\u041d\u0430\u043f\u0438\u0441\u0430\u043d\u043e \u0430\u0432\u0442\u043e\u0440\u043e\u043c":"istoreadm","\u041f\u0440\u0438\u043c\u0435\u0440\u043d\u043e\u0435 \u0432\u0440\u0435\u043c\u044f \u0434\u043b\u044f \u0447\u0442\u0435\u043d\u0438\u044f":"6 \u043c\u0438\u043d\u0443\u0442"},"schema":{"@context":"https:\/\/schema.org","@graph":[{"@type":"WebSite","@id":"https:\/\/ispace.md\/blog\/ru\/#website","url":"https:\/\/ispace.md\/blog\/ru\/","name":"iSpace","description":"\u0411\u043b\u043e\u0433 \u043a\u043e\u043c\u043f\u0430\u043d\u0438\u0438 iSpace","potentialAction":[{"@type":"SearchAction","target":{"@type":"EntryPoint","urlTemplate":"https:\/\/ispace.md\/blog\/ru\/?s={search_term_string}"},"query-input":"required name=search_term_string"}],"inLanguage":"ru-RU"},{"@type":"ImageObject","@id":"https:\/\/ispace.md\/blog\/apple-a-prezentat-noile-produse\/#primaryimage","inLanguage":"ru-RU","url":"https:\/\/ispace.md\/blog\/wp-content\/uploads\/2022\/10\/Apple-iPad-Pro-Magic-Keyboard-M2-hero-2up-221018_big.jpg.large_.jpg","contentUrl":"https:\/\/ispace.md\/blog\/wp-content\/uploads\/2022\/10\/Apple-iPad-Pro-Magic-Keyboard-M2-hero-2up-221018_big.jpg.large_.jpg","width":980,"height":653},{"@type":"WebPage","@id":"https:\/\/ispace.md\/blog\/apple-a-prezentat-noile-produse\/#webpage","url":"https:\/\/ispace.md\/blog\/apple-a-prezentat-noile-produse\/","name":"Apple a prezentat noile iPad, iPad Pro \u0219i noul set-top box Apple TV 4K","isPartOf":{"@id":"https:\/\/ispace.md\/blog\/ru\/#website"},"primaryImageOfPage":{"@id":"https:\/\/ispace.md\/blog\/apple-a-prezentat-noile-produse\/#primaryimage"},"datePublished":"2022-10-20T19:00:07+00:00","dateModified":"2023-08-09T06:37:31+00:00","author":{"@id":"https:\/\/ispace.md\/blog\/ru\/#\/schema\/person\/ee7c990e7f16a92ff015648f1d3212cd"},"description":"Pe 18 octombrie, Apple a prezentat noile produse \"\u00een mod discret\" - iPad cu procesor A14 Bionic \u0219i iPad Pro cu cip M2 \u0219i Apple TV 4K.","breadcrumb":{"@id":"https:\/\/ispace.md\/blog\/apple-a-prezentat-noile-produse\/#breadcrumb"},"inLanguage":"ru-RU","potentialAction":[{"@type":"ReadAction","target":["https:\/\/ispace.md\/blog\/apple-a-prezentat-noile-produse\/"]}]},{"@type":"BreadcrumbList","@id":"https:\/\/ispace.md\/blog\/apple-a-prezentat-noile-produse\/#breadcrumb","itemListElement":[{"@type":"ListItem","position":1,"name":"\u0413\u043b\u0430\u0432\u043d\u0430\u044f \u0441\u0442\u0440\u0430\u043d\u0438\u0446\u0430","item":"https:\/\/ispace.md\/blog\/ru\/"},{"@type":"ListItem","position":2,"name":"Apple a prezentat noile iPad, iPad Pro \u0219i noul set-top box Apple TV 4K"}]},{"@type":"Person","@id":"https:\/\/ispace.md\/blog\/ru\/#\/schema\/person\/ee7c990e7f16a92ff015648f1d3212cd","name":"istoreadm","image":{"@type":"ImageObject","@id":"https:\/\/ispace.md\/blog\/ru\/#personlogo","inLanguage":"ru-RU","url":"https:\/\/secure.gravatar.com\/avatar\/3ab1424e156237432133bacf1fcdd22d?s=96&d=mm&r=g","contentUrl":"https:\/\/secure.gravatar.com\/avatar\/3ab1424e156237432133bacf1fcdd22d?s=96&d=mm&r=g","caption":"istoreadm"},"url":"https:\/\/ispace.md\/blog\/author\/istoreadm\/"}]}},"frontimg":"https:\/\/ispace.md\/blog\/wp-content\/uploads\/2022\/10\/Apple-iPad-Pro-Magic-Keyboard-M2-hero-2up-221018_big.jpg.large_-320x220.jpg","frontimglarge":"https:\/\/ispace.md\/blog\/wp-content\/uploads\/2022\/10\/Apple-iPad-Pro-Magic-Keyboard-M2-hero-2up-221018_big.jpg.large_-730x300.jpg","acf":{"select_banner_style":"0","select_sidebar":"0","axil_post_review_box":false},"_links":{"self":[{"href":"https:\/\/ispace.md\/blog\/wp-json\/wp\/v2\/posts\/4408"}],"collection":[{"href":"https:\/\/ispace.md\/blog\/wp-json\/wp\/v2\/posts"}],"about":[{"href":"https:\/\/ispace.md\/blog\/wp-json\/wp\/v2\/types\/post"}],"author":[{"embeddable":true,"href":"https:\/\/ispace.md\/blog\/wp-json\/wp\/v2\/users\/1"}],"replies":[{"embeddable":true,"href":"https:\/\/ispace.md\/blog\/wp-json\/wp\/v2\/comments?post=4408"}],"version-history":[{"count":6,"href":"https:\/\/ispace.md\/blog\/wp-json\/wp\/v2\/posts\/4408\/revisions"}],"predecessor-version":[{"id":5732,"href":"https:\/\/ispace.md\/blog\/wp-json\/wp\/v2\/posts\/4408\/revisions\/5732"}],"wp:featuredmedia":[{"embeddable":true,"href":"https:\/\/ispace.md\/blog\/wp-json\/wp\/v2\/media\/4362"}],"wp:attachment":[{"href":"https:\/\/ispace.md\/blog\/wp-json\/wp\/v2\/media?parent=4408"}],"wp:term":[{"taxonomy":"category","embeddable":true,"href":"https:\/\/ispace.md\/blog\/wp-json\/wp\/v2\/categories?post=4408"},{"taxonomy":"post_tag","embeddable":true,"href":"https:\/\/ispace.md\/blog\/wp-json\/wp\/v2\/tags?post=4408"}],"curies":[{"name":"wp","href":"https:\/\/api.w.org\/{rel}","templated":true}]}}