{"id":4532,"date":"2022-12-08T19:22:36","date_gmt":"2022-12-08T17:22:36","guid":{"rendered":"https:\/\/ispace.am\/blog\/?p=4532"},"modified":"2023-08-08T16:52:00","modified_gmt":"2023-08-08T13:52:00","slug":"apple-in-afaceri","status":"publish","type":"post","link":"https:\/\/ispace.md\/blog\/apple-in-afaceri\/","title":{"rendered":"Apple \u00een afaceri. Mitul nr. 3: Mac este un dispozitiv pentru consumatori, nu pentru companii"},"content":{"rendered":"<p><strong>Companiile din \u00eentreaga lume folosesc \u00een mod activ computerele Apple \u00een afaceri. Acestea sunt u\u0219or de implementat \u0219i simplu de \u00eenv\u0103\u021bat. Ele func\u021bioneaz\u0103 stabil \u0219i asigur\u0103 securitatea datelor corporative.<\/strong><\/p>\n<p><strong>Putem continua la nesf\u00e2r\u0219it despre avantajele tehnologiei Apple, dar ast\u0103zi ne vom concentra asupra unuia singur &#8211; Apple Business Manager.<\/strong><\/p>\n<h3>Ce este Apple Business Manager?<\/h3>\n<p>Apple \u00een afaceri &#8211; Este un cont de companie convenabil \u0219i gratuit \u00een ecosistemul Apple. Combinat cu Mobile Device Management (MDM), v\u0103 permite s\u0103 maximiza\u021bi poten\u021bialul <a href=\"https:\/\/ispace.md\/\">Mac-urilor, iPhone-urilor \u0219i iPad-urilor<\/a> \u00een mediul dvs. corporativ. De asemenea, optimizeaz\u0103 implementarea \u0219i gestionarea la distan\u021b\u0103.<\/p>\n<p>Caracteristica principal\u0103 a Apple Business Manager (ABM) este c\u0103 Mac-urile sunt de\u021binute de companie, nu de angaja\u021bi. Acest lucru \u00eenseamn\u0103 c\u0103 toate dispozitivele \u00eenregistrate cu ABM respect\u0103 politica corporativ\u0103 a entit\u0103\u021bii juridice \u0219i sunt \u00eentotdeauna gestionate de aceasta. Chiar dac\u0103 un utilizator blocheaz\u0103 un dispozitiv, administratorul IT poate recupera cu u\u0219urin\u021b\u0103 accesul la acesta.<\/p>\n<p><img loading=\"lazy\" class=\"alignnone wp-image-4528 size-full\" src=\"https:\/\/ispace.md\/blog\/wp-content\/uploads\/2022\/12\/kakuyu-rol-apple-business-manager-igraet-s-ustrojstvami.jpg\" alt=\"Apple \u00een afaceri\" width=\"1200\" height=\"747\" srcset=\"https:\/\/ispace.md\/blog\/wp-content\/uploads\/2022\/12\/kakuyu-rol-apple-business-manager-igraet-s-ustrojstvami.jpg 1200w, https:\/\/ispace.md\/blog\/wp-content\/uploads\/2022\/12\/kakuyu-rol-apple-business-manager-igraet-s-ustrojstvami-400x249.jpg 400w, https:\/\/ispace.md\/blog\/wp-content\/uploads\/2022\/12\/kakuyu-rol-apple-business-manager-igraet-s-ustrojstvami-1024x637.jpg 1024w, https:\/\/ispace.md\/blog\/wp-content\/uploads\/2022\/12\/kakuyu-rol-apple-business-manager-igraet-s-ustrojstvami-768x478.jpg 768w\" sizes=\"(max-width: 1200px) 100vw, 1200px\" \/><\/p>\n<h3>Cine are nevoie de Apple Business Manager \u0219i de ce?<\/h3>\n<p>Apple \u00een afaceri este potrivit pentru orice tip de afacere \u0219i se integreaz\u0103 perfect \u00een infrastructura existent\u0103, indiferent dac\u0103 ave\u021bi 10 sau 10.000 de dispozitive.<\/p>\n<p>\u00cens\u0103, atunci c\u00e2nd o afacere folose\u0219te multe calculatoare, configurarea manual\u0103 a acestora necesit\u0103 mai mult timp pentru departamentul IT. Pentru a instala aplica\u021bii, e-mail, VPN-uri \u0219i multe altele. Apple Business Manager <strong>economise\u0219te timp \u0219i resurse pentru departamentul dvs. IT.<\/strong><\/p>\n<p>Administratorul dvs. poate \u00eenregistra de la distan\u021b\u0103 noile dispozitive, le poate desc\u0103rca software-ul \u0219i politicile corporative \u0219i poate adapta procesul de configurare pentru orice grup. Dac\u0103 dori\u021bi, pute\u021bi chiar s\u0103 v\u0103 implementa\u021bi propria politic\u0103 de securitate (criptare, cerin\u021be complexe privind parolele etc.). \u0218i nu exist\u0103 nicio interac\u021biune fizic\u0103 cu calculatoarele &#8211; le pute\u021bi scoate din cutie \u0219i le pute\u021bi distribui imediat angaja\u021bilor. Sau pute\u021bi opta pentru livrarea gratuit\u0103 de la depozitul furnizorului la biroul dvs. sau la domiciliul angaja\u021bilor.<\/p>\n<p>C\u00e2nd utilizatorii \u00ee\u0219i pornesc pentru prima dat\u0103 Mac-urile, vor trebui s\u0103 se conecteze la Wi-Fi \u0219i s\u0103 selecteze limba sistemului. Ace\u0219tia sunt pa\u0219i simpli chiar \u0219i pentru un utilizator neexperimentat. \u00cen 10-15 minute de la conectarea la re\u021bea, datele necesare vor fi instalate, iar Mac-ul va fi gata de utilizare.<\/p>\n<h3><img loading=\"lazy\" class=\"alignnone size-full wp-image-4529\" style=\"font-size: 18px; font-weight: 400;\" src=\"https:\/\/ispace.am\/blog\/wp-content\/uploads\/2022\/12\/miguelangel-miquelena-Rc-4YdHRrOs-unsplash-1.jpg\" alt=\"\" width=\"1200\" height=\"795\" srcset=\"https:\/\/ispace.md\/blog\/wp-content\/uploads\/2022\/12\/miguelangel-miquelena-Rc-4YdHRrOs-unsplash-1.jpg 1200w, https:\/\/ispace.md\/blog\/wp-content\/uploads\/2022\/12\/miguelangel-miquelena-Rc-4YdHRrOs-unsplash-1-400x265.jpg 400w, https:\/\/ispace.md\/blog\/wp-content\/uploads\/2022\/12\/miguelangel-miquelena-Rc-4YdHRrOs-unsplash-1-1024x678.jpg 1024w, https:\/\/ispace.md\/blog\/wp-content\/uploads\/2022\/12\/miguelangel-miquelena-Rc-4YdHRrOs-unsplash-1-768x509.jpg 768w, https:\/\/ispace.md\/blog\/wp-content\/uploads\/2022\/12\/miguelangel-miquelena-Rc-4YdHRrOs-unsplash-1-285x190.jpg 285w\" sizes=\"(max-width: 1200px) 100vw, 1200px\" \/><\/h3>\n<h3>Principalele tr\u0103s\u0103turi ale Apple Business Manager<\/h3>\n<ul>\n<li><strong>Implementarea f\u0103r\u0103 atingere<\/strong>. ABM utilizeaz\u0103 \u00eenregistrarea automat\u0103 a dispozitivelor. Aceasta permite companiilor s\u0103 implementeze rapid un num\u0103r mare de Mac-uri \u0219i s\u0103 le \u00eenregistreze de la distan\u021b\u0103 \u00een sistemul MDM. Nu trebuie s\u0103 lucra\u021bi cu fiecare dispozitiv \u00een parte.<\/li>\n<li><strong>Proces de configurare simplificat<\/strong>. Mac-urile angaja\u021bilor vor fi configurate la prima pornire a acestora.<\/li>\n<li><strong>Control \u0219i securitate<\/strong>. Nivelul ridicat de control din ABM v\u0103 permite s\u0103 utiliza\u021bi controale suplimentare. \u00cen cazul \u00een care Mac-ul companiei dvs. dispare, datele corporative vor r\u0103m\u00e2ne complet securizate. Departamentul IT va putea s\u0103 blocheze de la distan\u021b\u0103 calculatorul \u0219i s\u0103 \u0219tearg\u0103 toate informa\u021biile sensibile de pe acesta.<\/li>\n<li><strong>Achizi\u021bionarea \u00een mas\u0103 de aplica\u021bii, licen\u021be \u0219i c\u0103r\u021bi (program de achizi\u021bie \u00een volum)<\/strong>. Companiile pot achizi\u021biona software pentru Mac \u0219i pot distribui licen\u021bele achizi\u021bionate cu ajutorul sistemelor de gestionare. Cardurile de credit corporative sau punctele de credit VPP achizi\u021bionate la cerere pot fi folosite pentru a cump\u0103ra aplica\u021bii. VPP ajut\u0103 departamentul financiar s\u0103 eficientizeze procesul de achizi\u021bie \u0219i s\u0103 reduc\u0103 num\u0103rul de tranzac\u021bii pe care trebuie s\u0103 le proceseze.<\/li>\n<\/ul>\n<p><img loading=\"lazy\" class=\"alignnone wp-image-4526 size-full\" src=\"https:\/\/ispace.md\/blog\/wp-content\/uploads\/2022\/12\/cowomen-7Zy2KV76Mts-unsplash.jpg\" alt=\"Apple \u00een afaceri\" width=\"1200\" height=\"800\" srcset=\"https:\/\/ispace.md\/blog\/wp-content\/uploads\/2022\/12\/cowomen-7Zy2KV76Mts-unsplash.jpg 1200w, https:\/\/ispace.md\/blog\/wp-content\/uploads\/2022\/12\/cowomen-7Zy2KV76Mts-unsplash-400x267.jpg 400w, https:\/\/ispace.md\/blog\/wp-content\/uploads\/2022\/12\/cowomen-7Zy2KV76Mts-unsplash-1024x683.jpg 1024w, https:\/\/ispace.md\/blog\/wp-content\/uploads\/2022\/12\/cowomen-7Zy2KV76Mts-unsplash-768x512.jpg 768w, https:\/\/ispace.md\/blog\/wp-content\/uploads\/2022\/12\/cowomen-7Zy2KV76Mts-unsplash-390x260.jpg 390w, https:\/\/ispace.md\/blog\/wp-content\/uploads\/2022\/12\/cowomen-7Zy2KV76Mts-unsplash-285x190.jpg 285w\" sizes=\"(max-width: 1200px) 100vw, 1200px\" \/><\/p>\n<ul>\n<li><strong>Redistribuirea aplica\u021biei.<\/strong> Administratorul IT va putea realoca \u00eentre angaja\u021bi aplica\u021biile achizi\u021bionate \u00een volum mare prin Apple Business Manager. Acest lucru v\u0103 permite s\u0103 p\u0103stra\u021bi proprietatea asupra unei aplica\u021bii dac\u0103 un angajat p\u0103r\u0103se\u0219te compania.<\/li>\n<li><strong>Conturi Apple ID gestionate (Managed Apple ID).<\/strong> Spre deosebire de ID-urile personale, ID-urile Apple gestionate sunt administrate de o organiza\u021bie care poate reseta parolele, restric\u021biona achizi\u021biile \u0219i multe altele. Angaja\u021bii cu ID-uri Apple gestionate pot utiliza aplica\u021biile \u0219i serviciile Apple \u0219i pot accesa datele de lucru \u00een aplica\u021biile gestionate care utilizeaz\u0103 iCloud Drive.<\/li>\n<li><strong>Autentificare integrat\u0103.<\/strong> Conectarea ABM la Microsoft Azure Directory v\u0103 permite s\u0103 cataloga\u021bi \u0219i s\u0103 organiza\u021bi informa\u021biile despre angaja\u021bi \u0219i s\u0103 crea\u021bi automat un cont Apple ID gestionat pentru ace\u0219tia.<\/li>\n<li><strong>Utiliza\u021bi conturile Apple ID gestionate \u00eempreun\u0103 cu conturile personale.<\/strong> Dac\u0103 angaja\u021bii dvs. lucreaz\u0103 pe propriile dispozitive (modelul BYOD), pot separa datele personale de cele corporative. Pentru a face acest lucru, un ID Apple gestionat este utilizat pe acela\u0219i dispozitiv al\u0103turi de unul personal.<\/li>\n<\/ul>\n<p><img loading=\"lazy\" class=\"alignnone size-full wp-image-4524\" src=\"https:\/\/ispace.am\/blog\/wp-content\/uploads\/2022\/12\/austin-distel-97HfVpyNR1M-unsplash.jpg\" alt=\"\" width=\"1200\" height=\"800\" srcset=\"https:\/\/ispace.md\/blog\/wp-content\/uploads\/2022\/12\/austin-distel-97HfVpyNR1M-unsplash.jpg 1200w, https:\/\/ispace.md\/blog\/wp-content\/uploads\/2022\/12\/austin-distel-97HfVpyNR1M-unsplash-400x267.jpg 400w, https:\/\/ispace.md\/blog\/wp-content\/uploads\/2022\/12\/austin-distel-97HfVpyNR1M-unsplash-1024x683.jpg 1024w, https:\/\/ispace.md\/blog\/wp-content\/uploads\/2022\/12\/austin-distel-97HfVpyNR1M-unsplash-768x512.jpg 768w, https:\/\/ispace.md\/blog\/wp-content\/uploads\/2022\/12\/austin-distel-97HfVpyNR1M-unsplash-390x260.jpg 390w, https:\/\/ispace.md\/blog\/wp-content\/uploads\/2022\/12\/austin-distel-97HfVpyNR1M-unsplash-285x190.jpg 285w\" sizes=\"(max-width: 1200px) 100vw, 1200px\" \/>Ave\u021bi vreo \u00eentrebare legat\u0103 de Apple Business Manager \u00een Moldova? Speciali\u0219tii ASBC sunt gata s\u0103 v\u0103 ajute. L\u0103sa\u021bi o cerere <a href=\"https:\/\/asbc.md\/\"><strong>pe site<\/strong><\/a> \u0219i managerul nostru v\u0103 va contacta.<\/p>\n","protected":false},"excerpt":{"rendered":"<p>Companiile din \u00eentreaga lume folosesc \u00een mod activ computerele Apple \u00een afaceri. Acestea sunt u\u0219or de implementat \u0219i simplu de \u00eenv\u0103\u021bat. Ele func\u021bioneaz\u0103 stabil \u0219i asigur\u0103 securitatea datelor corporative. Putem continua la nesf\u00e2r\u0219it despre avantajele tehnologiei Apple, dar ast\u0103zi ne vom concentra asupra unuia singur &#8211; Apple Business Manager. Ce este Apple Business Manager? Apple [&hellip;]<\/p>\n","protected":false},"author":1,"featured_media":4525,"comment_status":"open","ping_status":"open","sticky":false,"template":"","format":"standard","meta":[],"categories":[443,431,668],"tags":[455,1114,1007,687,873,714,755,1003,742,775,747,1065],"yoast_head":"<!-- This site is optimized with the Yoast SEO plugin v17.0 - https:\/\/yoast.com\/wordpress\/plugins\/seo\/ -->\n<title>Apple \u00een afaceri. Mitul nr. 3: Mac este un dispozitiv pentru consumatori<\/title>\n<meta name=\"description\" content=\"Companiile din \u00eentreaga lume folosesc \u00een mod activ computerele Apple \u00een afaceri. Acestea sunt u\u0219or de implementat \u0219i simplu de \u00eenv\u0103\u021bat.\" \/>\n<meta name=\"robots\" content=\"index, follow, max-snippet:-1, max-image-preview:large, max-video-preview:-1\" \/>\n<link rel=\"canonical\" href=\"https:\/\/ispace.md\/blog\/apple-in-afaceri\/\" \/>\n<meta property=\"og:locale\" content=\"ru_RU\" \/>\n<meta property=\"og:type\" content=\"article\" \/>\n<meta property=\"og:title\" content=\"Apple \u00een afaceri. Mitul nr. 3: Mac este un dispozitiv pentru consumatori\" \/>\n<meta property=\"og:description\" content=\"Companiile din \u00eentreaga lume folosesc \u00een mod activ computerele Apple \u00een afaceri. Acestea sunt u\u0219or de implementat \u0219i simplu de \u00eenv\u0103\u021bat.\" \/>\n<meta property=\"og:url\" content=\"https:\/\/ispace.md\/blog\/apple-in-afaceri\/\" \/>\n<meta property=\"og:site_name\" content=\"iSpace\" \/>\n<meta property=\"article:publisher\" content=\"https:\/\/www.facebook.com\/ispacemd\/\" \/>\n<meta property=\"article:published_time\" content=\"2022-12-08T17:22:36+00:00\" \/>\n<meta property=\"article:modified_time\" content=\"2023-08-08T13:52:00+00:00\" \/>\n<meta property=\"og:image\" content=\"https:\/\/ispace.md\/blog\/wp-content\/uploads\/2022\/12\/cherrydeck-05gac-Qn0k4-unsplash.jpg\" \/>\n\t<meta property=\"og:image:width\" content=\"1200\" \/>\n\t<meta property=\"og:image:height\" content=\"792\" \/>\n<meta name=\"twitter:card\" content=\"summary_large_image\" \/>\n<meta name=\"twitter:label1\" content=\"\u041d\u0430\u043f\u0438\u0441\u0430\u043d\u043e \u0430\u0432\u0442\u043e\u0440\u043e\u043c\" \/>\n\t<meta name=\"twitter:data1\" content=\"istoreadm\" \/>\n\t<meta name=\"twitter:label2\" content=\"\u041f\u0440\u0438\u043c\u0435\u0440\u043d\u043e\u0435 \u0432\u0440\u0435\u043c\u044f \u0434\u043b\u044f \u0447\u0442\u0435\u043d\u0438\u044f\" \/>\n\t<meta name=\"twitter:data2\" content=\"4 \u043c\u0438\u043d\u0443\u0442\u044b\" \/>\n<script type=\"application\/ld+json\" class=\"yoast-schema-graph\">{\"@context\":\"https:\/\/schema.org\",\"@graph\":[{\"@type\":\"WebSite\",\"@id\":\"https:\/\/ispace.md\/blog\/ru\/#website\",\"url\":\"https:\/\/ispace.md\/blog\/ru\/\",\"name\":\"iSpace\",\"description\":\"\\u0411\\u043b\\u043e\\u0433 \\u043a\\u043e\\u043c\\u043f\\u0430\\u043d\\u0438\\u0438 iSpace\",\"potentialAction\":[{\"@type\":\"SearchAction\",\"target\":{\"@type\":\"EntryPoint\",\"urlTemplate\":\"https:\/\/ispace.md\/blog\/ru\/?s={search_term_string}\"},\"query-input\":\"required name=search_term_string\"}],\"inLanguage\":\"ru-RU\"},{\"@type\":\"ImageObject\",\"@id\":\"https:\/\/ispace.md\/blog\/apple-in-afaceri\/#primaryimage\",\"inLanguage\":\"ru-RU\",\"url\":\"https:\/\/ispace.md\/blog\/wp-content\/uploads\/2022\/12\/cherrydeck-05gac-Qn0k4-unsplash.jpg\",\"contentUrl\":\"https:\/\/ispace.md\/blog\/wp-content\/uploads\/2022\/12\/cherrydeck-05gac-Qn0k4-unsplash.jpg\",\"width\":1200,\"height\":792},{\"@type\":\"WebPage\",\"@id\":\"https:\/\/ispace.md\/blog\/apple-in-afaceri\/#webpage\",\"url\":\"https:\/\/ispace.md\/blog\/apple-in-afaceri\/\",\"name\":\"Apple \\u00een afaceri. Mitul nr. 3: Mac este un dispozitiv pentru consumatori\",\"isPartOf\":{\"@id\":\"https:\/\/ispace.md\/blog\/ru\/#website\"},\"primaryImageOfPage\":{\"@id\":\"https:\/\/ispace.md\/blog\/apple-in-afaceri\/#primaryimage\"},\"datePublished\":\"2022-12-08T17:22:36+00:00\",\"dateModified\":\"2023-08-08T13:52:00+00:00\",\"author\":{\"@id\":\"https:\/\/ispace.md\/blog\/ru\/#\/schema\/person\/ee7c990e7f16a92ff015648f1d3212cd\"},\"description\":\"Companiile din \\u00eentreaga lume folosesc \\u00een mod activ computerele Apple \\u00een afaceri. Acestea sunt u\\u0219or de implementat \\u0219i simplu de \\u00eenv\\u0103\\u021bat.\",\"breadcrumb\":{\"@id\":\"https:\/\/ispace.md\/blog\/apple-in-afaceri\/#breadcrumb\"},\"inLanguage\":\"ru-RU\",\"potentialAction\":[{\"@type\":\"ReadAction\",\"target\":[\"https:\/\/ispace.md\/blog\/apple-in-afaceri\/\"]}]},{\"@type\":\"BreadcrumbList\",\"@id\":\"https:\/\/ispace.md\/blog\/apple-in-afaceri\/#breadcrumb\",\"itemListElement\":[{\"@type\":\"ListItem\",\"position\":1,\"name\":\"\\u0413\\u043b\\u0430\\u0432\\u043d\\u0430\\u044f \\u0441\\u0442\\u0440\\u0430\\u043d\\u0438\\u0446\\u0430\",\"item\":\"https:\/\/ispace.md\/blog\/ru\/\"},{\"@type\":\"ListItem\",\"position\":2,\"name\":\"Apple \\u00een afaceri. Mitul nr. 3: Mac este un dispozitiv pentru consumatori, nu pentru companii\"}]},{\"@type\":\"Person\",\"@id\":\"https:\/\/ispace.md\/blog\/ru\/#\/schema\/person\/ee7c990e7f16a92ff015648f1d3212cd\",\"name\":\"istoreadm\",\"image\":{\"@type\":\"ImageObject\",\"@id\":\"https:\/\/ispace.md\/blog\/ru\/#personlogo\",\"inLanguage\":\"ru-RU\",\"url\":\"https:\/\/secure.gravatar.com\/avatar\/3ab1424e156237432133bacf1fcdd22d?s=96&d=mm&r=g\",\"contentUrl\":\"https:\/\/secure.gravatar.com\/avatar\/3ab1424e156237432133bacf1fcdd22d?s=96&d=mm&r=g\",\"caption\":\"istoreadm\"},\"url\":\"https:\/\/ispace.md\/blog\/author\/istoreadm\/\"}]}<\/script>\n<!-- \/ Yoast SEO plugin. -->","yoast_head_json":{"title":"Apple \u00een afaceri. Mitul nr. 3: Mac este un dispozitiv pentru consumatori","description":"Companiile din \u00eentreaga lume folosesc \u00een mod activ computerele Apple \u00een afaceri. Acestea sunt u\u0219or de implementat \u0219i simplu de \u00eenv\u0103\u021bat.","robots":{"index":"index","follow":"follow","max-snippet":"max-snippet:-1","max-image-preview":"max-image-preview:large","max-video-preview":"max-video-preview:-1"},"canonical":"https:\/\/ispace.md\/blog\/apple-in-afaceri\/","og_locale":"ru_RU","og_type":"article","og_title":"Apple \u00een afaceri. Mitul nr. 3: Mac este un dispozitiv pentru consumatori","og_description":"Companiile din \u00eentreaga lume folosesc \u00een mod activ computerele Apple \u00een afaceri. Acestea sunt u\u0219or de implementat \u0219i simplu de \u00eenv\u0103\u021bat.","og_url":"https:\/\/ispace.md\/blog\/apple-in-afaceri\/","og_site_name":"iSpace","article_publisher":"https:\/\/www.facebook.com\/ispacemd\/","article_published_time":"2022-12-08T17:22:36+00:00","article_modified_time":"2023-08-08T13:52:00+00:00","og_image":[{"width":1200,"height":792,"url":"https:\/\/ispace.md\/blog\/wp-content\/uploads\/2022\/12\/cherrydeck-05gac-Qn0k4-unsplash.jpg","path":"\/srv\/ispace.md\/blog\/wp-content\/uploads\/2022\/12\/cherrydeck-05gac-Qn0k4-unsplash.jpg","size":"full","id":4525,"alt":"","pixels":950400,"type":"image\/jpeg"}],"twitter_card":"summary_large_image","twitter_misc":{"\u041d\u0430\u043f\u0438\u0441\u0430\u043d\u043e \u0430\u0432\u0442\u043e\u0440\u043e\u043c":"istoreadm","\u041f\u0440\u0438\u043c\u0435\u0440\u043d\u043e\u0435 \u0432\u0440\u0435\u043c\u044f \u0434\u043b\u044f \u0447\u0442\u0435\u043d\u0438\u044f":"4 \u043c\u0438\u043d\u0443\u0442\u044b"},"schema":{"@context":"https:\/\/schema.org","@graph":[{"@type":"WebSite","@id":"https:\/\/ispace.md\/blog\/ru\/#website","url":"https:\/\/ispace.md\/blog\/ru\/","name":"iSpace","description":"\u0411\u043b\u043e\u0433 \u043a\u043e\u043c\u043f\u0430\u043d\u0438\u0438 iSpace","potentialAction":[{"@type":"SearchAction","target":{"@type":"EntryPoint","urlTemplate":"https:\/\/ispace.md\/blog\/ru\/?s={search_term_string}"},"query-input":"required name=search_term_string"}],"inLanguage":"ru-RU"},{"@type":"ImageObject","@id":"https:\/\/ispace.md\/blog\/apple-in-afaceri\/#primaryimage","inLanguage":"ru-RU","url":"https:\/\/ispace.md\/blog\/wp-content\/uploads\/2022\/12\/cherrydeck-05gac-Qn0k4-unsplash.jpg","contentUrl":"https:\/\/ispace.md\/blog\/wp-content\/uploads\/2022\/12\/cherrydeck-05gac-Qn0k4-unsplash.jpg","width":1200,"height":792},{"@type":"WebPage","@id":"https:\/\/ispace.md\/blog\/apple-in-afaceri\/#webpage","url":"https:\/\/ispace.md\/blog\/apple-in-afaceri\/","name":"Apple \u00een afaceri. Mitul nr. 3: Mac este un dispozitiv pentru consumatori","isPartOf":{"@id":"https:\/\/ispace.md\/blog\/ru\/#website"},"primaryImageOfPage":{"@id":"https:\/\/ispace.md\/blog\/apple-in-afaceri\/#primaryimage"},"datePublished":"2022-12-08T17:22:36+00:00","dateModified":"2023-08-08T13:52:00+00:00","author":{"@id":"https:\/\/ispace.md\/blog\/ru\/#\/schema\/person\/ee7c990e7f16a92ff015648f1d3212cd"},"description":"Companiile din \u00eentreaga lume folosesc \u00een mod activ computerele Apple \u00een afaceri. Acestea sunt u\u0219or de implementat \u0219i simplu de \u00eenv\u0103\u021bat.","breadcrumb":{"@id":"https:\/\/ispace.md\/blog\/apple-in-afaceri\/#breadcrumb"},"inLanguage":"ru-RU","potentialAction":[{"@type":"ReadAction","target":["https:\/\/ispace.md\/blog\/apple-in-afaceri\/"]}]},{"@type":"BreadcrumbList","@id":"https:\/\/ispace.md\/blog\/apple-in-afaceri\/#breadcrumb","itemListElement":[{"@type":"ListItem","position":1,"name":"\u0413\u043b\u0430\u0432\u043d\u0430\u044f \u0441\u0442\u0440\u0430\u043d\u0438\u0446\u0430","item":"https:\/\/ispace.md\/blog\/ru\/"},{"@type":"ListItem","position":2,"name":"Apple \u00een afaceri. Mitul nr. 3: Mac este un dispozitiv pentru consumatori, nu pentru companii"}]},{"@type":"Person","@id":"https:\/\/ispace.md\/blog\/ru\/#\/schema\/person\/ee7c990e7f16a92ff015648f1d3212cd","name":"istoreadm","image":{"@type":"ImageObject","@id":"https:\/\/ispace.md\/blog\/ru\/#personlogo","inLanguage":"ru-RU","url":"https:\/\/secure.gravatar.com\/avatar\/3ab1424e156237432133bacf1fcdd22d?s=96&d=mm&r=g","contentUrl":"https:\/\/secure.gravatar.com\/avatar\/3ab1424e156237432133bacf1fcdd22d?s=96&d=mm&r=g","caption":"istoreadm"},"url":"https:\/\/ispace.md\/blog\/author\/istoreadm\/"}]}},"frontimg":"https:\/\/ispace.md\/blog\/wp-content\/uploads\/2022\/12\/cherrydeck-05gac-Qn0k4-unsplash-320x220.jpg","frontimglarge":"https:\/\/ispace.md\/blog\/wp-content\/uploads\/2022\/12\/cherrydeck-05gac-Qn0k4-unsplash-730x300.jpg","acf":{"select_banner_style":"0","select_sidebar":"0","axil_post_review_box":false},"_links":{"self":[{"href":"https:\/\/ispace.md\/blog\/wp-json\/wp\/v2\/posts\/4532"}],"collection":[{"href":"https:\/\/ispace.md\/blog\/wp-json\/wp\/v2\/posts"}],"about":[{"href":"https:\/\/ispace.md\/blog\/wp-json\/wp\/v2\/types\/post"}],"author":[{"embeddable":true,"href":"https:\/\/ispace.md\/blog\/wp-json\/wp\/v2\/users\/1"}],"replies":[{"embeddable":true,"href":"https:\/\/ispace.md\/blog\/wp-json\/wp\/v2\/comments?post=4532"}],"version-history":[{"count":4,"href":"https:\/\/ispace.md\/blog\/wp-json\/wp\/v2\/posts\/4532\/revisions"}],"predecessor-version":[{"id":5374,"href":"https:\/\/ispace.md\/blog\/wp-json\/wp\/v2\/posts\/4532\/revisions\/5374"}],"wp:featuredmedia":[{"embeddable":true,"href":"https:\/\/ispace.md\/blog\/wp-json\/wp\/v2\/media\/4525"}],"wp:attachment":[{"href":"https:\/\/ispace.md\/blog\/wp-json\/wp\/v2\/media?parent=4532"}],"wp:term":[{"taxonomy":"category","embeddable":true,"href":"https:\/\/ispace.md\/blog\/wp-json\/wp\/v2\/categories?post=4532"},{"taxonomy":"post_tag","embeddable":true,"href":"https:\/\/ispace.md\/blog\/wp-json\/wp\/v2\/tags?post=4532"}],"curies":[{"name":"wp","href":"https:\/\/api.w.org\/{rel}","templated":true}]}}