{"id":6024,"date":"2021-10-21T11:30:54","date_gmt":"2021-10-21T08:30:54","guid":{"rendered":"https:\/\/ispace.md\/blog\/?p=6024"},"modified":"2023-08-23T11:56:34","modified_gmt":"2023-08-23T08:56:34","slug":"cum-sa-vizualizati-fotografii-in-icloud-si-cum-sa-le-stergeti","status":"publish","type":"post","link":"https:\/\/ispace.md\/blog\/cum-sa-vizualizati-fotografii-in-icloud-si-cum-sa-le-stergeti\/","title":{"rendered":"Cum s\u0103 vizualiza\u021bi fotografii, videoclipuri \u00een iCloud \u0219i cum s\u0103 le \u0219terge\u021bi?"},"content":{"rendered":"<p><strong>Fotografii \u00een iCloud &#8211; este un colac de salvare \u00een cazul \u00een care <a href=\"https:\/\/ispace.md\/iphone\">iPhone-ul<\/a>, <a href=\"https:\/\/ispace.md\/ipad\">iPad-ul<\/a> sau <a href=\"https:\/\/ispace.md\/mac\">Mac-ul<\/a> dvs. se stric\u0103 sau se pierde. Acesta v\u0103 permite s\u0103 accesa\u021bi date care uneori pot fi mai importante dec\u00e2t gadgetul \u00een sine.<\/strong><\/p>\n<h3>Ce este iCloud?<\/h3>\n<p>Este serviciul cloud al Apple \u00een care este stocat con\u021binutul dvs. De exemplu, copiile de rezerv\u0103, fotografiile, videoclipurile, noti\u021bele, calendarele \u0219i multe altele. Datele sunt sincronizate \u00eentre toate dispozitivele dvs. care sunt conectate la acela\u0219i ID Apple:<\/p>\n<ul>\n<li>iPhone;<\/li>\n<li>iPad;<\/li>\n<li>iPod touch;<\/li>\n<li>Mac;<\/li>\n<li>calculatoare cu Windows; \u0219i smartphone-uri Android.<\/li>\n<\/ul>\n<p>C\u00e2nd v\u0103 \u00eenregistra\u021bi \u00een iCloud, primi\u021bi gratuit 5 GB de spa\u021biu de stocare. Acest spa\u021biu poate fi m\u0103rit la 2 TB cu un abonament pl\u0103tit iCloud+.<\/p>\n<p><img loading=\"lazy\" class=\"aligncenter wp-image-6019 size-full\" src=\"https:\/\/ispace.md\/blog\/wp-content\/uploads\/2023\/08\/c7l2rklvsaavz1n.jpeg\" alt=\"Fotografii \u00een iCloud\" width=\"1200\" height=\"700\" srcset=\"https:\/\/ispace.md\/blog\/wp-content\/uploads\/2023\/08\/c7l2rklvsaavz1n.jpeg 1200w, https:\/\/ispace.md\/blog\/wp-content\/uploads\/2023\/08\/c7l2rklvsaavz1n-400x233.jpeg 400w, https:\/\/ispace.md\/blog\/wp-content\/uploads\/2023\/08\/c7l2rklvsaavz1n-1024x597.jpeg 1024w, https:\/\/ispace.md\/blog\/wp-content\/uploads\/2023\/08\/c7l2rklvsaavz1n-768x448.jpeg 768w\" sizes=\"(max-width: 1200px) 100vw, 1200px\" \/><\/p>\n<h3>Cum \u00eencarc fotografii \u00een iCloud?<\/h3>\n<p>Pentru a v\u0103 vizualiza fotografiile, trebuie s\u0103 le \u00eenc\u0103rca\u021bi mai \u00eent\u00e2i acolo. Pentru a face acest lucru <strong>pe dispozitivele iOS<\/strong>:<\/p>\n<ul>\n<li>deschide\u021bi sec\u021biunea &#8221; Poze&#8221; din Configur\u0103ri;<\/li>\n<li>activa\u021bi op\u021biunea &#8221; Poze iCloud&#8221;.<\/li>\n<\/ul>\n<p>Dup\u0103 aceea, fotografiile \u0219i videoclipurile de pe iPhone \u0219i iPad vor fi \u00eenc\u0103rcate automat \u00een iCloud.<\/p>\n<p><strong>Pe un MacBook sau iMac:<\/strong><\/p>\n<ul>\n<li>Deschide\u021bi &#8220;Configur\u0103ri de sistem&#8221;, face\u021bi clic pe Apple ID. Apoi face\u021bi clic pe iCloud \u00een bara lateral\u0103 \u0219i selecta\u021bi &#8221; Poze&#8221;.<\/li>\n<\/ul>\n<h3>Cum s\u0103 vizualiza\u021bi fotografiile \u00een iCloud?<\/h3>\n<p><strong>Pasul 1:<\/strong> \u00een browserul dispozitivului dvs. accesa\u021bi <strong><a href=\"http:\/\/icloud.com\/\">icloud.com<\/a><\/strong> \u0219i conecta\u021bi-v\u0103 cu ID-ul dvs. Apple.<\/p>\n<p><strong>Pasul 2:<\/strong> face\u021bi clic pe pictograma &#8221; Poze&#8221;.<\/p>\n<p>Fotografiile \u0219i videoclipurile dvs. sunt organizate \u00een categoriile &#8221; Ani&#8221;, &#8220;Luni&#8221;, &#8220;Zile&#8221;, &#8220;Toate fotografiile&#8221;. Colec\u021biile &#8221; Amintiri&#8221; \u0219i &#8220;Persoane&#8221; sunt, de asemenea, sincronizate pe toate dispozitivele &#8211; pute\u021bi g\u0103si oric\u00e2nd fotografia unei rude sau a unui prieten de care ave\u021bi nevoie.<\/p>\n<p><img loading=\"lazy\" class=\"aligncenter wp-image-6020 size-full\" src=\"https:\/\/ispace.md\/blog\/wp-content\/uploads\/2023\/08\/setup-icloud-photos-hero.jpg\" alt=\"\" width=\"1200\" height=\"787\" srcset=\"https:\/\/ispace.md\/blog\/wp-content\/uploads\/2023\/08\/setup-icloud-photos-hero.jpg 1200w, https:\/\/ispace.md\/blog\/wp-content\/uploads\/2023\/08\/setup-icloud-photos-hero-400x262.jpg 400w, https:\/\/ispace.md\/blog\/wp-content\/uploads\/2023\/08\/setup-icloud-photos-hero-1024x672.jpg 1024w, https:\/\/ispace.md\/blog\/wp-content\/uploads\/2023\/08\/setup-icloud-photos-hero-768x504.jpg 768w\" sizes=\"(max-width: 1200px) 100vw, 1200px\" \/><\/p>\n<h3>Cum se cur\u0103\u021b\u0103 iCloud?<\/h3>\n<p>Exist\u0103 dou\u0103 modalit\u0103\u021bi de a elibera spa\u021biu \u00een iCloud de fi\u0219ierele media nedorite: \u0219terge\u021bi fotografiile existente \u0219i dezactiva\u021bi \u00eenc\u0103rcarea de fotografii noi.<\/p>\n<p><strong>1.\u00a0<\/strong>Dac\u0103 a\u021bi activat sincronizarea iPhone (iPad, Mac) cu iCloud, acele fotografii \u0219i clipuri video pe care le \u0219terge\u021bi din galeria dispozitivului sunt \u0219terse \u0219i din cloud. De asemenea, pute\u021bi cur\u0103\u021ba iCloud de pe orice dispozitiv (inclusiv Windows \u0219i Android). Pentru a face acest lucru:<\/p>\n<ul>\n<li>Conecta\u021bi-v\u0103 cu ID-ul Apple la <strong><a href=\"http:\/\/icloud.com\/\">icloud.com.<\/a><\/strong><\/li>\n<li>\u00cen sec\u021biunea Poze, selecta\u021bi c\u00e2teva sau toate fotografiile, videoclipurile \u0219i ap\u0103sa\u021bi pe pictograma co\u0219ului de gunoi.<\/li>\n<li>Datele se vor muta \u00een folderul &#8221; \u0218terse recent&#8221; &#8211; la fel ca pe iPhone sau Mac. \u00a0Acest dosar consum\u0103, de asemenea, spa\u021biu, a\u0219a c\u0103 cur\u0103\u021ba\u021bi-l \u0219i pe acesta. Dar fi\u021bi aten\u021bi: fotografiile vor fi \u0219terse f\u0103r\u0103 posibilitatea de a le restaura.<\/li>\n<\/ul>\n<p>Pentru a \u0219terge fotografiile f\u0103r\u0103 a le \u0219terge de pe dispozitiv, dezactiva\u021bi \u00een prealabil sincronizarea cu cloud-ul.<\/p>\n<p><strong>2.<\/strong>\u00a0Pentru <strong>a dezactiva \u00eenc\u0103rcarea de fotografii noi<\/strong>, accesa\u021bi &#8221; Configur\u0103ri&#8221; &#8211; numele dvs. &#8211; iCloud. \u0218i apoi face\u021bi clic pe &#8221; Dezactivare &#8221; l\u00e2ng\u0103 &#8221; Poze iCloud &#8220;. Acest lucru nu va \u0219terge fotografiile existente pe server, iar acestea vor fi \u00een continuare disponibile.<\/p>\n<p><strong>Important:<\/strong> dac\u0103 ave\u021bi activat\u0103 op\u021biunea &#8221; Optimizare stocare&#8221;, iCloud este cel care v\u0103 stocheaz\u0103 fotografiile la o calitate bun\u0103. Pe telefon, acestea sunt disponibile ca miniaturi. Dac\u0103 dezactiva\u021bi sincronizarea \u00een cloud, dar men\u021bine\u021bi optimizarea activat\u0103, va fi dificil s\u0103 v\u0103 accesa\u021bi fotografiile complete.<\/p>\n<p><img loading=\"lazy\" class=\"aligncenter wp-image-6021 size-full\" src=\"https:\/\/ispace.md\/blog\/wp-content\/uploads\/2023\/08\/chris-coe-coksykdxko4-unsplash.jpg\" alt=\"Fotografii \u00een iCloud\" width=\"1200\" height=\"800\" srcset=\"https:\/\/ispace.md\/blog\/wp-content\/uploads\/2023\/08\/chris-coe-coksykdxko4-unsplash.jpg 1200w, https:\/\/ispace.md\/blog\/wp-content\/uploads\/2023\/08\/chris-coe-coksykdxko4-unsplash-400x267.jpg 400w, https:\/\/ispace.md\/blog\/wp-content\/uploads\/2023\/08\/chris-coe-coksykdxko4-unsplash-1024x683.jpg 1024w, https:\/\/ispace.md\/blog\/wp-content\/uploads\/2023\/08\/chris-coe-coksykdxko4-unsplash-768x512.jpg 768w, https:\/\/ispace.md\/blog\/wp-content\/uploads\/2023\/08\/chris-coe-coksykdxko4-unsplash-390x260.jpg 390w, https:\/\/ispace.md\/blog\/wp-content\/uploads\/2023\/08\/chris-coe-coksykdxko4-unsplash-285x190.jpg 285w\" sizes=\"(max-width: 1200px) 100vw, 1200px\" \/><\/p>\n<h3>Cum se pot recupera fotografiile din iCloud pe iPhone?<\/h3>\n<p>Cu <a href=\"http:\/\/icloud.com\/\">icloud.com.<\/a> aceast\u0103 metod\u0103 este potrivit\u0103 pentru orice dispozitiv, nu doar pentru iPhone. Pentru a face acest lucru:<\/p>\n<ul>\n<li>Pe site, accesa\u021bi sec\u021biunea Poze.<\/li>\n<li>C\u00e2nd galeria media este \u00eenc\u0103rcat\u0103, deschide\u021bi fi\u0219ierul dorit \u0219i face\u021bi clic pe Ac\u021biuni suplimentare (cercul cu trei puncte din col\u021bul din dreapta jos).<\/li>\n<li>Selecta\u021bi &#8221; Desc\u0103rcare&#8221; \u0219i deschide\u021bi fi\u0219ierul desc\u0103rcat (acesta va fi \u00een desc\u0103rc\u0103ri).<\/li>\n<li>Face\u021bi clic pe pictograma &#8221; Partajare&#8221; \u0219i face\u021bi clic pe &#8220;Salvare imagine&#8221;. Dup\u0103 aceea, fotografia va ap\u0103rea \u00een galeria iPhone.<\/li>\n<\/ul>\n<p>Ave\u021bi \u00eentreb\u0103ri? Pute\u021bi contacta iSpace: speciali\u0219tii no\u0219tri v\u0103 vor ajuta s\u0103 \u00een\u021belege\u021bi iCloud. De asemenea, v\u0103 vor consilia cu privire la orice problem\u0103 legat\u0103 de utilizarea dispozitivelor Apple.<\/p>\n","protected":false},"excerpt":{"rendered":"<p>Fotografii \u00een iCloud &#8211; este un colac de salvare \u00een cazul \u00een care iPhone-ul, iPad-ul sau Mac-ul dvs. se stric\u0103 sau se pierde. Acesta v\u0103 permite s\u0103 accesa\u021bi date care uneori pot fi mai importante dec\u00e2t gadgetul \u00een sine. Ce este iCloud? Este serviciul cloud al Apple \u00een care este stocat con\u021binutul dvs. De exemplu, [&hellip;]<\/p>\n","protected":false},"author":1,"featured_media":6022,"comment_status":"open","ping_status":"open","sticky":false,"template":"","format":"standard","meta":[],"categories":[439,441,683,668],"tags":[455,1007,636,627,755,685,985],"yoast_head":"<!-- This site is optimized with the Yoast SEO plugin v17.0 - https:\/\/yoast.com\/wordpress\/plugins\/seo\/ -->\n<title>Cum s\u0103 vizualiza\u021bi fotografii, videoclipuri \u00een iCloud \u0219i cum s\u0103 le \u0219terge\u021bi?<\/title>\n<meta name=\"description\" content=\"Fotografii \u00een iCloud - sunt un colac de salvare \u00een cazul \u00een care iPhone-ul, iPad-ul sau Mac-ul t\u0103u se stric\u0103 sau se pierde. Ave\u021bi \u00eentreb\u0103ri\" \/>\n<meta name=\"robots\" content=\"index, follow, max-snippet:-1, max-image-preview:large, max-video-preview:-1\" \/>\n<link rel=\"canonical\" href=\"https:\/\/ispace.md\/blog\/cum-sa-vizualizati-fotografii-in-icloud-si-cum-sa-le-stergeti\/\" \/>\n<meta property=\"og:locale\" content=\"ru_RU\" \/>\n<meta property=\"og:type\" content=\"article\" \/>\n<meta property=\"og:title\" content=\"Cum s\u0103 vizualiza\u021bi fotografii, videoclipuri \u00een iCloud \u0219i cum s\u0103 le \u0219terge\u021bi?\" \/>\n<meta property=\"og:description\" content=\"Fotografii \u00een iCloud - sunt un colac de salvare \u00een cazul \u00een care iPhone-ul, iPad-ul sau Mac-ul t\u0103u se stric\u0103 sau se pierde. Ave\u021bi \u00eentreb\u0103ri\" \/>\n<meta property=\"og:url\" content=\"https:\/\/ispace.md\/blog\/cum-sa-vizualizati-fotografii-in-icloud-si-cum-sa-le-stergeti\/\" \/>\n<meta property=\"og:site_name\" content=\"iSpace\" \/>\n<meta property=\"article:publisher\" content=\"https:\/\/www.facebook.com\/ispacemd\/\" \/>\n<meta property=\"article:published_time\" content=\"2021-10-21T08:30:54+00:00\" \/>\n<meta property=\"article:modified_time\" content=\"2023-08-23T08:56:34+00:00\" \/>\n<meta property=\"og:image\" content=\"https:\/\/ispace.md\/blog\/wp-content\/uploads\/2023\/08\/nigel-tadyanehondo-o7bhcp8erb8-unsplash.jpeg\" \/>\n\t<meta property=\"og:image:width\" content=\"1200\" \/>\n\t<meta property=\"og:image:height\" content=\"800\" \/>\n<meta name=\"twitter:card\" content=\"summary_large_image\" \/>\n<meta name=\"twitter:label1\" content=\"\u041d\u0430\u043f\u0438\u0441\u0430\u043d\u043e \u0430\u0432\u0442\u043e\u0440\u043e\u043c\" \/>\n\t<meta name=\"twitter:data1\" content=\"istoreadm\" \/>\n\t<meta name=\"twitter:label2\" content=\"\u041f\u0440\u0438\u043c\u0435\u0440\u043d\u043e\u0435 \u0432\u0440\u0435\u043c\u044f \u0434\u043b\u044f \u0447\u0442\u0435\u043d\u0438\u044f\" \/>\n\t<meta name=\"twitter:data2\" content=\"3 \u043c\u0438\u043d\u0443\u0442\u044b\" \/>\n<script type=\"application\/ld+json\" class=\"yoast-schema-graph\">{\"@context\":\"https:\/\/schema.org\",\"@graph\":[{\"@type\":\"WebSite\",\"@id\":\"https:\/\/ispace.md\/blog\/ru\/#website\",\"url\":\"https:\/\/ispace.md\/blog\/ru\/\",\"name\":\"iSpace\",\"description\":\"\\u0411\\u043b\\u043e\\u0433 \\u043a\\u043e\\u043c\\u043f\\u0430\\u043d\\u0438\\u0438 iSpace\",\"potentialAction\":[{\"@type\":\"SearchAction\",\"target\":{\"@type\":\"EntryPoint\",\"urlTemplate\":\"https:\/\/ispace.md\/blog\/ru\/?s={search_term_string}\"},\"query-input\":\"required name=search_term_string\"}],\"inLanguage\":\"ru-RU\"},{\"@type\":\"ImageObject\",\"@id\":\"https:\/\/ispace.md\/blog\/cum-sa-vizualizati-fotografii-in-icloud-si-cum-sa-le-stergeti\/#primaryimage\",\"inLanguage\":\"ru-RU\",\"url\":\"https:\/\/ispace.md\/blog\/wp-content\/uploads\/2023\/08\/nigel-tadyanehondo-o7bhcp8erb8-unsplash.jpeg\",\"contentUrl\":\"https:\/\/ispace.md\/blog\/wp-content\/uploads\/2023\/08\/nigel-tadyanehondo-o7bhcp8erb8-unsplash.jpeg\",\"width\":1200,\"height\":800},{\"@type\":\"WebPage\",\"@id\":\"https:\/\/ispace.md\/blog\/cum-sa-vizualizati-fotografii-in-icloud-si-cum-sa-le-stergeti\/#webpage\",\"url\":\"https:\/\/ispace.md\/blog\/cum-sa-vizualizati-fotografii-in-icloud-si-cum-sa-le-stergeti\/\",\"name\":\"Cum s\\u0103 vizualiza\\u021bi fotografii, videoclipuri \\u00een iCloud \\u0219i cum s\\u0103 le \\u0219terge\\u021bi?\",\"isPartOf\":{\"@id\":\"https:\/\/ispace.md\/blog\/ru\/#website\"},\"primaryImageOfPage\":{\"@id\":\"https:\/\/ispace.md\/blog\/cum-sa-vizualizati-fotografii-in-icloud-si-cum-sa-le-stergeti\/#primaryimage\"},\"datePublished\":\"2021-10-21T08:30:54+00:00\",\"dateModified\":\"2023-08-23T08:56:34+00:00\",\"author\":{\"@id\":\"https:\/\/ispace.md\/blog\/ru\/#\/schema\/person\/ee7c990e7f16a92ff015648f1d3212cd\"},\"description\":\"Fotografii \\u00een iCloud - sunt un colac de salvare \\u00een cazul \\u00een care iPhone-ul, iPad-ul sau Mac-ul t\\u0103u se stric\\u0103 sau se pierde. Ave\\u021bi \\u00eentreb\\u0103ri\",\"breadcrumb\":{\"@id\":\"https:\/\/ispace.md\/blog\/cum-sa-vizualizati-fotografii-in-icloud-si-cum-sa-le-stergeti\/#breadcrumb\"},\"inLanguage\":\"ru-RU\",\"potentialAction\":[{\"@type\":\"ReadAction\",\"target\":[\"https:\/\/ispace.md\/blog\/cum-sa-vizualizati-fotografii-in-icloud-si-cum-sa-le-stergeti\/\"]}]},{\"@type\":\"BreadcrumbList\",\"@id\":\"https:\/\/ispace.md\/blog\/cum-sa-vizualizati-fotografii-in-icloud-si-cum-sa-le-stergeti\/#breadcrumb\",\"itemListElement\":[{\"@type\":\"ListItem\",\"position\":1,\"name\":\"\\u0413\\u043b\\u0430\\u0432\\u043d\\u0430\\u044f \\u0441\\u0442\\u0440\\u0430\\u043d\\u0438\\u0446\\u0430\",\"item\":\"https:\/\/ispace.md\/blog\/ru\/\"},{\"@type\":\"ListItem\",\"position\":2,\"name\":\"Cum s\\u0103 vizualiza\\u021bi fotografii, videoclipuri \\u00een iCloud \\u0219i cum s\\u0103 le \\u0219terge\\u021bi?\"}]},{\"@type\":\"Person\",\"@id\":\"https:\/\/ispace.md\/blog\/ru\/#\/schema\/person\/ee7c990e7f16a92ff015648f1d3212cd\",\"name\":\"istoreadm\",\"image\":{\"@type\":\"ImageObject\",\"@id\":\"https:\/\/ispace.md\/blog\/ru\/#personlogo\",\"inLanguage\":\"ru-RU\",\"url\":\"https:\/\/secure.gravatar.com\/avatar\/3ab1424e156237432133bacf1fcdd22d?s=96&d=mm&r=g\",\"contentUrl\":\"https:\/\/secure.gravatar.com\/avatar\/3ab1424e156237432133bacf1fcdd22d?s=96&d=mm&r=g\",\"caption\":\"istoreadm\"},\"url\":\"https:\/\/ispace.md\/blog\/author\/istoreadm\/\"}]}<\/script>\n<!-- \/ Yoast SEO plugin. -->","yoast_head_json":{"title":"Cum s\u0103 vizualiza\u021bi fotografii, videoclipuri \u00een iCloud \u0219i cum s\u0103 le \u0219terge\u021bi?","description":"Fotografii \u00een iCloud - sunt un colac de salvare \u00een cazul \u00een care iPhone-ul, iPad-ul sau Mac-ul t\u0103u se stric\u0103 sau se pierde. Ave\u021bi \u00eentreb\u0103ri","robots":{"index":"index","follow":"follow","max-snippet":"max-snippet:-1","max-image-preview":"max-image-preview:large","max-video-preview":"max-video-preview:-1"},"canonical":"https:\/\/ispace.md\/blog\/cum-sa-vizualizati-fotografii-in-icloud-si-cum-sa-le-stergeti\/","og_locale":"ru_RU","og_type":"article","og_title":"Cum s\u0103 vizualiza\u021bi fotografii, videoclipuri \u00een iCloud \u0219i cum s\u0103 le \u0219terge\u021bi?","og_description":"Fotografii \u00een iCloud - sunt un colac de salvare \u00een cazul \u00een care iPhone-ul, iPad-ul sau Mac-ul t\u0103u se stric\u0103 sau se pierde. Ave\u021bi \u00eentreb\u0103ri","og_url":"https:\/\/ispace.md\/blog\/cum-sa-vizualizati-fotografii-in-icloud-si-cum-sa-le-stergeti\/","og_site_name":"iSpace","article_publisher":"https:\/\/www.facebook.com\/ispacemd\/","article_published_time":"2021-10-21T08:30:54+00:00","article_modified_time":"2023-08-23T08:56:34+00:00","og_image":[{"width":1200,"height":800,"url":"https:\/\/ispace.md\/blog\/wp-content\/uploads\/2023\/08\/nigel-tadyanehondo-o7bhcp8erb8-unsplash.jpeg","path":"\/srv\/ispace.md\/blog\/wp-content\/uploads\/2023\/08\/nigel-tadyanehondo-o7bhcp8erb8-unsplash.jpeg","size":"full","id":6022,"alt":"","pixels":960000,"type":"image\/jpeg"}],"twitter_card":"summary_large_image","twitter_misc":{"\u041d\u0430\u043f\u0438\u0441\u0430\u043d\u043e \u0430\u0432\u0442\u043e\u0440\u043e\u043c":"istoreadm","\u041f\u0440\u0438\u043c\u0435\u0440\u043d\u043e\u0435 \u0432\u0440\u0435\u043c\u044f \u0434\u043b\u044f \u0447\u0442\u0435\u043d\u0438\u044f":"3 \u043c\u0438\u043d\u0443\u0442\u044b"},"schema":{"@context":"https:\/\/schema.org","@graph":[{"@type":"WebSite","@id":"https:\/\/ispace.md\/blog\/ru\/#website","url":"https:\/\/ispace.md\/blog\/ru\/","name":"iSpace","description":"\u0411\u043b\u043e\u0433 \u043a\u043e\u043c\u043f\u0430\u043d\u0438\u0438 iSpace","potentialAction":[{"@type":"SearchAction","target":{"@type":"EntryPoint","urlTemplate":"https:\/\/ispace.md\/blog\/ru\/?s={search_term_string}"},"query-input":"required name=search_term_string"}],"inLanguage":"ru-RU"},{"@type":"ImageObject","@id":"https:\/\/ispace.md\/blog\/cum-sa-vizualizati-fotografii-in-icloud-si-cum-sa-le-stergeti\/#primaryimage","inLanguage":"ru-RU","url":"https:\/\/ispace.md\/blog\/wp-content\/uploads\/2023\/08\/nigel-tadyanehondo-o7bhcp8erb8-unsplash.jpeg","contentUrl":"https:\/\/ispace.md\/blog\/wp-content\/uploads\/2023\/08\/nigel-tadyanehondo-o7bhcp8erb8-unsplash.jpeg","width":1200,"height":800},{"@type":"WebPage","@id":"https:\/\/ispace.md\/blog\/cum-sa-vizualizati-fotografii-in-icloud-si-cum-sa-le-stergeti\/#webpage","url":"https:\/\/ispace.md\/blog\/cum-sa-vizualizati-fotografii-in-icloud-si-cum-sa-le-stergeti\/","name":"Cum s\u0103 vizualiza\u021bi fotografii, videoclipuri \u00een iCloud \u0219i cum s\u0103 le \u0219terge\u021bi?","isPartOf":{"@id":"https:\/\/ispace.md\/blog\/ru\/#website"},"primaryImageOfPage":{"@id":"https:\/\/ispace.md\/blog\/cum-sa-vizualizati-fotografii-in-icloud-si-cum-sa-le-stergeti\/#primaryimage"},"datePublished":"2021-10-21T08:30:54+00:00","dateModified":"2023-08-23T08:56:34+00:00","author":{"@id":"https:\/\/ispace.md\/blog\/ru\/#\/schema\/person\/ee7c990e7f16a92ff015648f1d3212cd"},"description":"Fotografii \u00een iCloud - sunt un colac de salvare \u00een cazul \u00een care iPhone-ul, iPad-ul sau Mac-ul t\u0103u se stric\u0103 sau se pierde. Ave\u021bi \u00eentreb\u0103ri","breadcrumb":{"@id":"https:\/\/ispace.md\/blog\/cum-sa-vizualizati-fotografii-in-icloud-si-cum-sa-le-stergeti\/#breadcrumb"},"inLanguage":"ru-RU","potentialAction":[{"@type":"ReadAction","target":["https:\/\/ispace.md\/blog\/cum-sa-vizualizati-fotografii-in-icloud-si-cum-sa-le-stergeti\/"]}]},{"@type":"BreadcrumbList","@id":"https:\/\/ispace.md\/blog\/cum-sa-vizualizati-fotografii-in-icloud-si-cum-sa-le-stergeti\/#breadcrumb","itemListElement":[{"@type":"ListItem","position":1,"name":"\u0413\u043b\u0430\u0432\u043d\u0430\u044f \u0441\u0442\u0440\u0430\u043d\u0438\u0446\u0430","item":"https:\/\/ispace.md\/blog\/ru\/"},{"@type":"ListItem","position":2,"name":"Cum s\u0103 vizualiza\u021bi fotografii, videoclipuri \u00een iCloud \u0219i cum s\u0103 le \u0219terge\u021bi?"}]},{"@type":"Person","@id":"https:\/\/ispace.md\/blog\/ru\/#\/schema\/person\/ee7c990e7f16a92ff015648f1d3212cd","name":"istoreadm","image":{"@type":"ImageObject","@id":"https:\/\/ispace.md\/blog\/ru\/#personlogo","inLanguage":"ru-RU","url":"https:\/\/secure.gravatar.com\/avatar\/3ab1424e156237432133bacf1fcdd22d?s=96&d=mm&r=g","contentUrl":"https:\/\/secure.gravatar.com\/avatar\/3ab1424e156237432133bacf1fcdd22d?s=96&d=mm&r=g","caption":"istoreadm"},"url":"https:\/\/ispace.md\/blog\/author\/istoreadm\/"}]}},"frontimg":"https:\/\/ispace.md\/blog\/wp-content\/uploads\/2023\/08\/nigel-tadyanehondo-o7bhcp8erb8-unsplash-320x220.jpeg","frontimglarge":"https:\/\/ispace.md\/blog\/wp-content\/uploads\/2023\/08\/nigel-tadyanehondo-o7bhcp8erb8-unsplash-730x300.jpeg","acf":{"select_banner_style":"0","select_sidebar":"0","axil_post_review_box":false},"_links":{"self":[{"href":"https:\/\/ispace.md\/blog\/wp-json\/wp\/v2\/posts\/6024"}],"collection":[{"href":"https:\/\/ispace.md\/blog\/wp-json\/wp\/v2\/posts"}],"about":[{"href":"https:\/\/ispace.md\/blog\/wp-json\/wp\/v2\/types\/post"}],"author":[{"embeddable":true,"href":"https:\/\/ispace.md\/blog\/wp-json\/wp\/v2\/users\/1"}],"replies":[{"embeddable":true,"href":"https:\/\/ispace.md\/blog\/wp-json\/wp\/v2\/comments?post=6024"}],"version-history":[{"count":1,"href":"https:\/\/ispace.md\/blog\/wp-json\/wp\/v2\/posts\/6024\/revisions"}],"predecessor-version":[{"id":6025,"href":"https:\/\/ispace.md\/blog\/wp-json\/wp\/v2\/posts\/6024\/revisions\/6025"}],"wp:featuredmedia":[{"embeddable":true,"href":"https:\/\/ispace.md\/blog\/wp-json\/wp\/v2\/media\/6022"}],"wp:attachment":[{"href":"https:\/\/ispace.md\/blog\/wp-json\/wp\/v2\/media?parent=6024"}],"wp:term":[{"taxonomy":"category","embeddable":true,"href":"https:\/\/ispace.md\/blog\/wp-json\/wp\/v2\/categories?post=6024"},{"taxonomy":"post_tag","embeddable":true,"href":"https:\/\/ispace.md\/blog\/wp-json\/wp\/v2\/tags?post=6024"}],"curies":[{"name":"wp","href":"https:\/\/api.w.org\/{rel}","templated":true}]}}