{"id":6116,"date":"2021-09-07T11:30:50","date_gmt":"2021-09-07T08:30:50","guid":{"rendered":"https:\/\/ispace.md\/blog\/?p=6116"},"modified":"2023-08-28T12:05:08","modified_gmt":"2023-08-28T09:05:08","slug":"cum-se-conecteaza-castile-airpods-2","status":"publish","type":"post","link":"https:\/\/ispace.md\/blog\/cum-se-conecteaza-castile-airpods-2\/","title":{"rendered":"Cum se conecteaz\u0103 c\u0103\u0219tile AirPods?"},"content":{"rendered":"<p><strong>AirPods 2 func\u021bioneaz\u0103 rapid \u0219i f\u0103r\u0103 probleme cu toate dispozitivele Apple. Pute\u021bi asculta muzic\u0103, apela Siri, controla apelurile \u0219i discuta cu persoana cu care vorbi\u021bi.<\/strong><\/p>\n<p><strong>Iat\u0103 cum s\u0103 conecta\u021bi AirPods 2 la gadgeturile dvs.<\/strong><\/p>\n<p><img loading=\"lazy\" class=\"aligncenter wp-image-6110 size-full\" src=\"https:\/\/ispace.md\/blog\/wp-content\/uploads\/2023\/08\/glavnaya.jpeg\" alt=\"AirPods 2\" width=\"1200\" height=\"720\" srcset=\"https:\/\/ispace.md\/blog\/wp-content\/uploads\/2023\/08\/glavnaya.jpeg 1200w, https:\/\/ispace.md\/blog\/wp-content\/uploads\/2023\/08\/glavnaya-400x240.jpeg 400w, https:\/\/ispace.md\/blog\/wp-content\/uploads\/2023\/08\/glavnaya-1024x614.jpeg 1024w, https:\/\/ispace.md\/blog\/wp-content\/uploads\/2023\/08\/glavnaya-768x461.jpeg 768w\" sizes=\"(max-width: 1200px) 100vw, 1200px\" \/><\/p>\n<p>Bine\u00een\u021beles, c\u0103\u0219tile <a href=\"https:\/\/ispace.md\/accessories\/audio\/apple-airpods\/tws-bluetooth-headsets-apple-airpods-mv7n2rua\">AirPods<\/a> nu func\u021bioneaz\u0103 doar cu produsele Apple. Ele se conecteaz\u0103 la Android, Windows \u0219i alte dispozitive cu Bluetooth. Cu toate acestea, magia Apple se activeaz\u0103 atunci c\u00e2nd sunt asociate cu un iPhone, iPad sau Mac.<\/p>\n<p>C\u0103\u0219tile se conecteaz\u0103 instantaneu, nu &#8220;cad&#8221;, iar gesturile func\u021bioneaz\u0103 f\u0103r\u0103 probleme. Atunci c\u00e2nd scoate\u021bi unul dintre AirPods din ureche, redarea se \u00eentrerupe, iar pentru a afla gradul de \u00eenc\u0103rcare al c\u0103\u0219tilor este suficient s\u0103 apropia\u021bi carcasa de iPhone. De aceea, iat\u0103 recenzia noastr\u0103 &#8211; cum s\u0103 conecta\u021bi AirPods exact la gadgeturile Apple.<\/p>\n<h3>Cum se conecteaz\u0103 AirPods la iPhone?<\/h3>\n<ol>\n<li>Pe iPhone, merge\u021bi la ecranul de pornire.<\/li>\n<li>\u021aine\u021bi carcasa cu AirPods (f\u0103r\u0103 s\u0103 le scoate\u021bi) la smartphone.<\/li>\n<li>C\u00e2nd apare ecranul de \u00eent\u00e2mpinare animat pe iPhone, atinge\u021bi &#8221; Conectare&#8221;. Urma\u021bi instruc\u021biunile de pe ecran pentru a conecta AirPods Pro.<\/li>\n<li>Dac\u0103 dori\u021bi s\u0103 utiliza\u021bi Siri cu AirPods, urma\u021bi instruc\u021biunile asistentului.<\/li>\n<li>Atinge\u021bi &#8221; Gata&#8221;.<\/li>\n<\/ol>\n<p><img loading=\"lazy\" class=\"aligncenter wp-image-6111 size-full\" src=\"https:\/\/ispace.md\/blog\/wp-content\/uploads\/2023\/08\/3-1.jpeg\" alt=\"\" width=\"1200\" height=\"799\" srcset=\"https:\/\/ispace.md\/blog\/wp-content\/uploads\/2023\/08\/3-1.jpeg 1200w, https:\/\/ispace.md\/blog\/wp-content\/uploads\/2023\/08\/3-1-400x266.jpeg 400w, https:\/\/ispace.md\/blog\/wp-content\/uploads\/2023\/08\/3-1-1024x682.jpeg 1024w, https:\/\/ispace.md\/blog\/wp-content\/uploads\/2023\/08\/3-1-768x511.jpeg 768w, https:\/\/ispace.md\/blog\/wp-content\/uploads\/2023\/08\/3-1-390x260.jpeg 390w, https:\/\/ispace.md\/blog\/wp-content\/uploads\/2023\/08\/3-1-285x190.jpeg 285w\" sizes=\"(max-width: 1200px) 100vw, 1200px\" \/><\/p>\n<h3>Configurarea c\u0103\u0219tilor AirPods pentru utilizarea cu iPad<\/h3>\n<p>Pute\u021bi utiliza c\u0103\u0219tile AirPods cu iPad pentru a asculta muzic\u0103, a viziona filme, FaceTime etc. Pentru a face acest lucru, trebuie s\u0103 configura\u021bi c\u0103\u0219tile:<\/p>\n<ol>\n<li>Pe iPad, deschide\u021bi set\u0103rile \u0219i activa\u021bi Bluetooth.<\/li>\n<li>Merge\u021bi la ecranul principal.<\/li>\n<li>Dac\u0103 ave\u021bi AirPods Max: Ap\u0103sa\u021bi butonul de control al zgomotului de pe cupa din dreapta, apoi \u021bine\u021bi c\u0103\u0219tile spre iPad. Dac\u0103 ave\u021bi AirPods 1, 2 sau Pro: Deschide\u021bi carcasa c\u0103\u0219tilor \u0219i \u021bine\u021bi-le \u00een dreptul tabletei.<\/li>\n<li>Urma\u021bi instruc\u021biunile de pe ecran.<\/li>\n<\/ol>\n<p>Dac\u0103 v-a\u021bi conectat deja la iCloud, c\u0103\u0219tile AirPods sunt configurate automat pentru a func\u021biona cu toate dispozitivele acceptate care sunt conectate la iCloud utiliz\u00e2nd acela\u0219i ID Apple.<\/p>\n<h3>Cum se conecteaz\u0103 c\u0103\u0219tile AirPods la MacBook-ul dvs.?<\/h3>\n<p><img loading=\"lazy\" class=\"aligncenter wp-image-6112 size-full\" src=\"https:\/\/ispace.md\/blog\/wp-content\/uploads\/2023\/08\/4-2.jpeg\" alt=\"AirPods 2\" width=\"1200\" height=\"800\" srcset=\"https:\/\/ispace.md\/blog\/wp-content\/uploads\/2023\/08\/4-2.jpeg 1200w, https:\/\/ispace.md\/blog\/wp-content\/uploads\/2023\/08\/4-2-400x267.jpeg 400w, https:\/\/ispace.md\/blog\/wp-content\/uploads\/2023\/08\/4-2-1024x683.jpeg 1024w, https:\/\/ispace.md\/blog\/wp-content\/uploads\/2023\/08\/4-2-768x512.jpeg 768w, https:\/\/ispace.md\/blog\/wp-content\/uploads\/2023\/08\/4-2-390x260.jpeg 390w, https:\/\/ispace.md\/blog\/wp-content\/uploads\/2023\/08\/4-2-285x190.jpeg 285w\" sizes=\"(max-width: 1200px) 100vw, 1200px\" \/><\/p>\n<p>Exist\u0103 dou\u0103 moduri de a conecta c\u0103\u0219tile AirPods la laptop.<br \/>\n1. Dac\u0103 c\u0103\u0219tile sunt deja conectate la iPhone sau iPad, atunci sunt preg\u0103tite s\u0103 func\u021bioneze cu MacBook. Pentru a face acest lucru, laptopul dvs. trebuie s\u0103 aib\u0103 func\u021bia ecosistemului Handoff func\u021bional\u0103. Pentru a o activa, conecta\u021bi-v\u0103 la iCloud utiliz\u00e2nd acela\u0219i ID Apple. Apoi:<\/p>\n<ul>\n<li>Deschide\u021bi carcasa AirPods;<\/li>\n<li>Pe Mac, \u00een bara de meniu (situat\u0103 de-a lungul marginii superioare a ecranului), face\u021bi clic pe controlul volumului (pictograma difuzorului) \u0219i selecta\u021bi AirPods.<\/li>\n<\/ul>\n<p>2. Dac\u0103 nu a\u021bi mai \u00eemperecheat c\u0103\u0219tile cu iPhone sau iPad \u00eenainte, va trebui s\u0103 conecta\u021bi AirPods direct la Mac. Pentru a face acest lucru:<\/p>\n<ul>\n<li>Deschide\u021bi carcasa AirPods f\u0103r\u0103 a scoate c\u0103\u0219tile.<\/li>\n<li>\u021aine\u021bi ap\u0103sat butonul de pe spatele carcasei p\u00e2n\u0103 c\u00e2nd lumina de stare clipe\u0219te \u00een alb.<\/li>\n<li>Pe Mac, merge\u021bi la Preferin\u021be de sistem \u0219i face\u021bi clic pe Bluetooth.<\/li>\n<li>\u00cen lista de dispozitive, selecta\u021bi AirPods.<\/li>\n<\/ul>\n<p>Dup\u0103 ce conecta\u021bi AirPods la PC, vi se va cere s\u0103 apela\u021bi Siri cu fraza &#8220;Hei, Siri&#8221; (c\u00e2nd c\u0103\u0219tile sunt pornite).<\/p>\n<p><img loading=\"lazy\" class=\"aligncenter wp-image-6113 size-full\" src=\"https:\/\/ispace.md\/blog\/wp-content\/uploads\/2023\/08\/5-1-1.jpeg\" alt=\"\" width=\"1200\" height=\"785\" srcset=\"https:\/\/ispace.md\/blog\/wp-content\/uploads\/2023\/08\/5-1-1.jpeg 1200w, https:\/\/ispace.md\/blog\/wp-content\/uploads\/2023\/08\/5-1-1-400x262.jpeg 400w, https:\/\/ispace.md\/blog\/wp-content\/uploads\/2023\/08\/5-1-1-1024x670.jpeg 1024w, https:\/\/ispace.md\/blog\/wp-content\/uploads\/2023\/08\/5-1-1-768x502.jpeg 768w\" sizes=\"(max-width: 1200px) 100vw, 1200px\" \/><\/p>\n<p>Pute\u021bi cump\u0103ra a doua genera\u021bie de <a href=\"https:\/\/www.apple.com\/airpods-2nd-generation\/\">AirPods,<\/a> Pro \u0219i Max \u00een magazinul iSpace. Pre\u021bul porne\u0219te de la 3.399 de lei.<\/p>\n","protected":false},"excerpt":{"rendered":"<p>AirPods 2 func\u021bioneaz\u0103 rapid \u0219i f\u0103r\u0103 probleme cu toate dispozitivele Apple. Pute\u021bi asculta muzic\u0103, apela Siri, controla apelurile \u0219i discuta cu persoana cu care vorbi\u021bi. Iat\u0103 cum s\u0103 conecta\u021bi AirPods 2 la gadgeturile dvs. Bine\u00een\u021beles, c\u0103\u0219tile AirPods nu func\u021bioneaz\u0103 doar cu produsele Apple. Ele se conecteaz\u0103 la Android, Windows \u0219i alte dispozitive cu Bluetooth. Cu [&hellip;]<\/p>\n","protected":false},"author":1,"featured_media":6114,"comment_status":"open","ping_status":"open","sticky":false,"template":"","format":"standard","meta":[],"categories":[435,668],"tags":[796,798,800,455,1007,636,738,627,714,1089,755,1003,742,630,685,985,975],"yoast_head":"<!-- This site is optimized with the Yoast SEO plugin v17.0 - https:\/\/yoast.com\/wordpress\/plugins\/seo\/ -->\n<title>Cum se conecteaz\u0103 c\u0103\u0219tile AirPods? - Apple Authorized ReselleriSpace<\/title>\n<meta name=\"description\" content=\"AirPods 2 func\u021bioneaz\u0103 rapid \u0219i f\u0103r\u0103 probleme cu toate dispozitivele Apple. Pute\u021bi asculta muzic\u0103, s\u0103 apela\u021bi Siri, s\u0103 gestiona\u021bi apelurile.\" \/>\n<meta name=\"robots\" content=\"index, follow, max-snippet:-1, max-image-preview:large, max-video-preview:-1\" \/>\n<link rel=\"canonical\" href=\"https:\/\/ispace.md\/blog\/cum-se-conecteaza-castile-airpods-2\/\" \/>\n<meta property=\"og:locale\" content=\"ru_RU\" \/>\n<meta property=\"og:type\" content=\"article\" \/>\n<meta property=\"og:title\" content=\"Cum se conecteaz\u0103 c\u0103\u0219tile AirPods? - Apple Authorized ReselleriSpace\" \/>\n<meta property=\"og:description\" content=\"AirPods 2 func\u021bioneaz\u0103 rapid \u0219i f\u0103r\u0103 probleme cu toate dispozitivele Apple. Pute\u021bi asculta muzic\u0103, s\u0103 apela\u021bi Siri, s\u0103 gestiona\u021bi apelurile.\" \/>\n<meta property=\"og:url\" content=\"https:\/\/ispace.md\/blog\/cum-se-conecteaza-castile-airpods-2\/\" \/>\n<meta property=\"og:site_name\" content=\"iSpace\" \/>\n<meta property=\"article:publisher\" content=\"https:\/\/www.facebook.com\/ispacemd\/\" \/>\n<meta property=\"article:published_time\" content=\"2021-09-07T08:30:50+00:00\" \/>\n<meta property=\"article:modified_time\" content=\"2023-08-28T09:05:08+00:00\" \/>\n<meta property=\"og:image\" content=\"https:\/\/ispace.md\/blog\/wp-content\/uploads\/2023\/08\/2-2.jpeg\" \/>\n\t<meta property=\"og:image:width\" content=\"1200\" \/>\n\t<meta property=\"og:image:height\" content=\"698\" \/>\n<meta name=\"twitter:card\" content=\"summary_large_image\" \/>\n<meta name=\"twitter:label1\" content=\"\u041d\u0430\u043f\u0438\u0441\u0430\u043d\u043e \u0430\u0432\u0442\u043e\u0440\u043e\u043c\" \/>\n\t<meta name=\"twitter:data1\" content=\"istoreadm\" \/>\n\t<meta name=\"twitter:label2\" content=\"\u041f\u0440\u0438\u043c\u0435\u0440\u043d\u043e\u0435 \u0432\u0440\u0435\u043c\u044f \u0434\u043b\u044f \u0447\u0442\u0435\u043d\u0438\u044f\" \/>\n\t<meta name=\"twitter:data2\" content=\"3 \u043c\u0438\u043d\u0443\u0442\u044b\" \/>\n<script type=\"application\/ld+json\" class=\"yoast-schema-graph\">{\"@context\":\"https:\/\/schema.org\",\"@graph\":[{\"@type\":\"WebSite\",\"@id\":\"https:\/\/ispace.md\/blog\/ru\/#website\",\"url\":\"https:\/\/ispace.md\/blog\/ru\/\",\"name\":\"iSpace\",\"description\":\"\\u0411\\u043b\\u043e\\u0433 \\u043a\\u043e\\u043c\\u043f\\u0430\\u043d\\u0438\\u0438 iSpace\",\"potentialAction\":[{\"@type\":\"SearchAction\",\"target\":{\"@type\":\"EntryPoint\",\"urlTemplate\":\"https:\/\/ispace.md\/blog\/ru\/?s={search_term_string}\"},\"query-input\":\"required name=search_term_string\"}],\"inLanguage\":\"ru-RU\"},{\"@type\":\"ImageObject\",\"@id\":\"https:\/\/ispace.md\/blog\/cum-se-conecteaza-castile-airpods-2\/#primaryimage\",\"inLanguage\":\"ru-RU\",\"url\":\"https:\/\/ispace.md\/blog\/wp-content\/uploads\/2023\/08\/2-2.jpeg\",\"contentUrl\":\"https:\/\/ispace.md\/blog\/wp-content\/uploads\/2023\/08\/2-2.jpeg\",\"width\":1200,\"height\":698},{\"@type\":\"WebPage\",\"@id\":\"https:\/\/ispace.md\/blog\/cum-se-conecteaza-castile-airpods-2\/#webpage\",\"url\":\"https:\/\/ispace.md\/blog\/cum-se-conecteaza-castile-airpods-2\/\",\"name\":\"Cum se conecteaz\\u0103 c\\u0103\\u0219tile AirPods? - Apple Authorized ReselleriSpace\",\"isPartOf\":{\"@id\":\"https:\/\/ispace.md\/blog\/ru\/#website\"},\"primaryImageOfPage\":{\"@id\":\"https:\/\/ispace.md\/blog\/cum-se-conecteaza-castile-airpods-2\/#primaryimage\"},\"datePublished\":\"2021-09-07T08:30:50+00:00\",\"dateModified\":\"2023-08-28T09:05:08+00:00\",\"author\":{\"@id\":\"https:\/\/ispace.md\/blog\/ru\/#\/schema\/person\/ee7c990e7f16a92ff015648f1d3212cd\"},\"description\":\"AirPods 2 func\\u021bioneaz\\u0103 rapid \\u0219i f\\u0103r\\u0103 probleme cu toate dispozitivele Apple. Pute\\u021bi asculta muzic\\u0103, s\\u0103 apela\\u021bi Siri, s\\u0103 gestiona\\u021bi apelurile.\",\"breadcrumb\":{\"@id\":\"https:\/\/ispace.md\/blog\/cum-se-conecteaza-castile-airpods-2\/#breadcrumb\"},\"inLanguage\":\"ru-RU\",\"potentialAction\":[{\"@type\":\"ReadAction\",\"target\":[\"https:\/\/ispace.md\/blog\/cum-se-conecteaza-castile-airpods-2\/\"]}]},{\"@type\":\"BreadcrumbList\",\"@id\":\"https:\/\/ispace.md\/blog\/cum-se-conecteaza-castile-airpods-2\/#breadcrumb\",\"itemListElement\":[{\"@type\":\"ListItem\",\"position\":1,\"name\":\"\\u0413\\u043b\\u0430\\u0432\\u043d\\u0430\\u044f \\u0441\\u0442\\u0440\\u0430\\u043d\\u0438\\u0446\\u0430\",\"item\":\"https:\/\/ispace.md\/blog\/ru\/\"},{\"@type\":\"ListItem\",\"position\":2,\"name\":\"Cum se conecteaz\\u0103 c\\u0103\\u0219tile AirPods?\"}]},{\"@type\":\"Person\",\"@id\":\"https:\/\/ispace.md\/blog\/ru\/#\/schema\/person\/ee7c990e7f16a92ff015648f1d3212cd\",\"name\":\"istoreadm\",\"image\":{\"@type\":\"ImageObject\",\"@id\":\"https:\/\/ispace.md\/blog\/ru\/#personlogo\",\"inLanguage\":\"ru-RU\",\"url\":\"https:\/\/secure.gravatar.com\/avatar\/3ab1424e156237432133bacf1fcdd22d?s=96&d=mm&r=g\",\"contentUrl\":\"https:\/\/secure.gravatar.com\/avatar\/3ab1424e156237432133bacf1fcdd22d?s=96&d=mm&r=g\",\"caption\":\"istoreadm\"},\"url\":\"https:\/\/ispace.md\/blog\/author\/istoreadm\/\"}]}<\/script>\n<!-- \/ Yoast SEO plugin. -->","yoast_head_json":{"title":"Cum se conecteaz\u0103 c\u0103\u0219tile AirPods? - Apple Authorized ReselleriSpace","description":"AirPods 2 func\u021bioneaz\u0103 rapid \u0219i f\u0103r\u0103 probleme cu toate dispozitivele Apple. Pute\u021bi asculta muzic\u0103, s\u0103 apela\u021bi Siri, s\u0103 gestiona\u021bi apelurile.","robots":{"index":"index","follow":"follow","max-snippet":"max-snippet:-1","max-image-preview":"max-image-preview:large","max-video-preview":"max-video-preview:-1"},"canonical":"https:\/\/ispace.md\/blog\/cum-se-conecteaza-castile-airpods-2\/","og_locale":"ru_RU","og_type":"article","og_title":"Cum se conecteaz\u0103 c\u0103\u0219tile AirPods? - Apple Authorized ReselleriSpace","og_description":"AirPods 2 func\u021bioneaz\u0103 rapid \u0219i f\u0103r\u0103 probleme cu toate dispozitivele Apple. Pute\u021bi asculta muzic\u0103, s\u0103 apela\u021bi Siri, s\u0103 gestiona\u021bi apelurile.","og_url":"https:\/\/ispace.md\/blog\/cum-se-conecteaza-castile-airpods-2\/","og_site_name":"iSpace","article_publisher":"https:\/\/www.facebook.com\/ispacemd\/","article_published_time":"2021-09-07T08:30:50+00:00","article_modified_time":"2023-08-28T09:05:08+00:00","og_image":[{"width":1200,"height":698,"url":"https:\/\/ispace.md\/blog\/wp-content\/uploads\/2023\/08\/2-2.jpeg","path":"\/srv\/ispace.md\/blog\/wp-content\/uploads\/2023\/08\/2-2.jpeg","size":"full","id":6114,"alt":"","pixels":837600,"type":"image\/jpeg"}],"twitter_card":"summary_large_image","twitter_misc":{"\u041d\u0430\u043f\u0438\u0441\u0430\u043d\u043e \u0430\u0432\u0442\u043e\u0440\u043e\u043c":"istoreadm","\u041f\u0440\u0438\u043c\u0435\u0440\u043d\u043e\u0435 \u0432\u0440\u0435\u043c\u044f \u0434\u043b\u044f \u0447\u0442\u0435\u043d\u0438\u044f":"3 \u043c\u0438\u043d\u0443\u0442\u044b"},"schema":{"@context":"https:\/\/schema.org","@graph":[{"@type":"WebSite","@id":"https:\/\/ispace.md\/blog\/ru\/#website","url":"https:\/\/ispace.md\/blog\/ru\/","name":"iSpace","description":"\u0411\u043b\u043e\u0433 \u043a\u043e\u043c\u043f\u0430\u043d\u0438\u0438 iSpace","potentialAction":[{"@type":"SearchAction","target":{"@type":"EntryPoint","urlTemplate":"https:\/\/ispace.md\/blog\/ru\/?s={search_term_string}"},"query-input":"required name=search_term_string"}],"inLanguage":"ru-RU"},{"@type":"ImageObject","@id":"https:\/\/ispace.md\/blog\/cum-se-conecteaza-castile-airpods-2\/#primaryimage","inLanguage":"ru-RU","url":"https:\/\/ispace.md\/blog\/wp-content\/uploads\/2023\/08\/2-2.jpeg","contentUrl":"https:\/\/ispace.md\/blog\/wp-content\/uploads\/2023\/08\/2-2.jpeg","width":1200,"height":698},{"@type":"WebPage","@id":"https:\/\/ispace.md\/blog\/cum-se-conecteaza-castile-airpods-2\/#webpage","url":"https:\/\/ispace.md\/blog\/cum-se-conecteaza-castile-airpods-2\/","name":"Cum se conecteaz\u0103 c\u0103\u0219tile AirPods? - Apple Authorized ReselleriSpace","isPartOf":{"@id":"https:\/\/ispace.md\/blog\/ru\/#website"},"primaryImageOfPage":{"@id":"https:\/\/ispace.md\/blog\/cum-se-conecteaza-castile-airpods-2\/#primaryimage"},"datePublished":"2021-09-07T08:30:50+00:00","dateModified":"2023-08-28T09:05:08+00:00","author":{"@id":"https:\/\/ispace.md\/blog\/ru\/#\/schema\/person\/ee7c990e7f16a92ff015648f1d3212cd"},"description":"AirPods 2 func\u021bioneaz\u0103 rapid \u0219i f\u0103r\u0103 probleme cu toate dispozitivele Apple. Pute\u021bi asculta muzic\u0103, s\u0103 apela\u021bi Siri, s\u0103 gestiona\u021bi apelurile.","breadcrumb":{"@id":"https:\/\/ispace.md\/blog\/cum-se-conecteaza-castile-airpods-2\/#breadcrumb"},"inLanguage":"ru-RU","potentialAction":[{"@type":"ReadAction","target":["https:\/\/ispace.md\/blog\/cum-se-conecteaza-castile-airpods-2\/"]}]},{"@type":"BreadcrumbList","@id":"https:\/\/ispace.md\/blog\/cum-se-conecteaza-castile-airpods-2\/#breadcrumb","itemListElement":[{"@type":"ListItem","position":1,"name":"\u0413\u043b\u0430\u0432\u043d\u0430\u044f \u0441\u0442\u0440\u0430\u043d\u0438\u0446\u0430","item":"https:\/\/ispace.md\/blog\/ru\/"},{"@type":"ListItem","position":2,"name":"Cum se conecteaz\u0103 c\u0103\u0219tile AirPods?"}]},{"@type":"Person","@id":"https:\/\/ispace.md\/blog\/ru\/#\/schema\/person\/ee7c990e7f16a92ff015648f1d3212cd","name":"istoreadm","image":{"@type":"ImageObject","@id":"https:\/\/ispace.md\/blog\/ru\/#personlogo","inLanguage":"ru-RU","url":"https:\/\/secure.gravatar.com\/avatar\/3ab1424e156237432133bacf1fcdd22d?s=96&d=mm&r=g","contentUrl":"https:\/\/secure.gravatar.com\/avatar\/3ab1424e156237432133bacf1fcdd22d?s=96&d=mm&r=g","caption":"istoreadm"},"url":"https:\/\/ispace.md\/blog\/author\/istoreadm\/"}]}},"frontimg":"https:\/\/ispace.md\/blog\/wp-content\/uploads\/2023\/08\/2-2-320x220.jpeg","frontimglarge":"https:\/\/ispace.md\/blog\/wp-content\/uploads\/2023\/08\/2-2-730x300.jpeg","acf":{"select_banner_style":"0","select_sidebar":"0","axil_post_review_box":false},"_links":{"self":[{"href":"https:\/\/ispace.md\/blog\/wp-json\/wp\/v2\/posts\/6116"}],"collection":[{"href":"https:\/\/ispace.md\/blog\/wp-json\/wp\/v2\/posts"}],"about":[{"href":"https:\/\/ispace.md\/blog\/wp-json\/wp\/v2\/types\/post"}],"author":[{"embeddable":true,"href":"https:\/\/ispace.md\/blog\/wp-json\/wp\/v2\/users\/1"}],"replies":[{"embeddable":true,"href":"https:\/\/ispace.md\/blog\/wp-json\/wp\/v2\/comments?post=6116"}],"version-history":[{"count":1,"href":"https:\/\/ispace.md\/blog\/wp-json\/wp\/v2\/posts\/6116\/revisions"}],"predecessor-version":[{"id":6118,"href":"https:\/\/ispace.md\/blog\/wp-json\/wp\/v2\/posts\/6116\/revisions\/6118"}],"wp:featuredmedia":[{"embeddable":true,"href":"https:\/\/ispace.md\/blog\/wp-json\/wp\/v2\/media\/6114"}],"wp:attachment":[{"href":"https:\/\/ispace.md\/blog\/wp-json\/wp\/v2\/media?parent=6116"}],"wp:term":[{"taxonomy":"category","embeddable":true,"href":"https:\/\/ispace.md\/blog\/wp-json\/wp\/v2\/categories?post=6116"},{"taxonomy":"post_tag","embeddable":true,"href":"https:\/\/ispace.md\/blog\/wp-json\/wp\/v2\/tags?post=6116"}],"curies":[{"name":"wp","href":"https:\/\/api.w.org\/{rel}","templated":true}]}}