{"id":6778,"date":"2023-11-09T13:04:56","date_gmt":"2023-11-09T11:04:56","guid":{"rendered":"https:\/\/ispace.md\/blog\/?p=6778"},"modified":"2023-11-09T13:04:56","modified_gmt":"2023-11-09T11:04:56","slug":"cum-sa-creati-un-cont-apple-id","status":"publish","type":"post","link":"https:\/\/ispace.md\/blog\/cum-sa-creati-un-cont-apple-id\/","title":{"rendered":"Cum s\u0103 crea\u021bi un cont Apple ID?"},"content":{"rendered":"<p><strong>Felicit\u0103ri pentru achizi\u021bionarea unui iPhone! \u00cen cur\u00e2nd v\u0103 a\u0219teapt\u0103 o experien\u021b\u0103 captivant\u0103 cu noul vostru dispozitiv &#8211; de altfel, <a href=\"https:\/\/ispace.md\/blog\/category\/review\/\">blogul nostru<\/a> v\u0103 va ajuta mult \u00een acest sens. Dar primul lucru pe care trebuie s\u0103-l face\u021bi este s\u0103 v\u0103 crea\u021bi un cont Apple ID. Iat\u0103 cum pute\u021bi face asta.<\/strong><\/p>\n<h2>Pentru ce este necesar?<\/h2>\n<p>Apple ID este un identificator unic \u00een ecosistemul Apple. F\u0103r\u0103 el, nu ve\u021bi putea utiliza pe deplin dispozitivul vostru. De aceea, \u00een timpul configur\u0103rii noului dispozitiv, vi se va cere s\u0103 introduce\u021bi Apple ID-ul \u0219i parola.<\/p>\n<p>Cu ajutorul s\u0103u, ve\u021bi putea:<\/p>\n<p>&#8211; <em>sincroniza<\/em> toate dispozitivele Apple (suntem siguri c\u0103 nu v\u0103 ve\u021bi opri doar la cump\u0103rarea unui iPhone) \u0219i ve\u021bi avea acces la toate datele voastre personale de pe orice dispozitiv: contacte, noti\u021be, documente, fotografii \u0219i videoclipuri pot fi vizualizate prin intermediul stoc\u0103rii \u00een nor iCloud;<\/p>\n<p>&#8211; <em>desc\u0103rca<\/em> con\u021binut pl\u0103tit \u0219i gratuit din App Store: aplica\u021bii, jocuri, muzic\u0103 etc.;<\/p>\n<p>&#8211; <em>efectua<\/em> apeluri audio \u0219i video gratuite prin FaceTime;<\/p>\n<p>&#8211; <em>trimite<\/em> \u0219i <em>primi<\/em> mesaje multimedia gratuite iMessage (texte \u0219i imagini).<\/p>\n<p><img loading=\"lazy\" class=\"aligncenter wp-image-6773 size-full\" src=\"https:\/\/ispace.md\/blog\/wp-content\/uploads\/2023\/11\/sinhronizatsiya-ustroi-stv-eppl-scaled.jpg\" alt=\"Apple ID\" width=\"2560\" height=\"1706\" srcset=\"https:\/\/ispace.md\/blog\/wp-content\/uploads\/2023\/11\/sinhronizatsiya-ustroi-stv-eppl-scaled.jpg 2560w, https:\/\/ispace.md\/blog\/wp-content\/uploads\/2023\/11\/sinhronizatsiya-ustroi-stv-eppl-400x267.jpg 400w, https:\/\/ispace.md\/blog\/wp-content\/uploads\/2023\/11\/sinhronizatsiya-ustroi-stv-eppl-1024x682.jpg 1024w, https:\/\/ispace.md\/blog\/wp-content\/uploads\/2023\/11\/sinhronizatsiya-ustroi-stv-eppl-768x512.jpg 768w, https:\/\/ispace.md\/blog\/wp-content\/uploads\/2023\/11\/sinhronizatsiya-ustroi-stv-eppl-1536x1023.jpg 1536w, https:\/\/ispace.md\/blog\/wp-content\/uploads\/2023\/11\/sinhronizatsiya-ustroi-stv-eppl-2048x1365.jpg 2048w, https:\/\/ispace.md\/blog\/wp-content\/uploads\/2023\/11\/sinhronizatsiya-ustroi-stv-eppl-390x260.jpg 390w, https:\/\/ispace.md\/blog\/wp-content\/uploads\/2023\/11\/sinhronizatsiya-ustroi-stv-eppl-285x190.jpg 285w\" sizes=\"(max-width: 2560px) 100vw, 2560px\" \/><\/p>\n<h2>Cum s\u0103 crea\u021bi un nou Apple ID pe iPhone sau iPad? \u00cen timpul activ\u0103rii dispozitivului:<\/h2>\n<ol>\n<li>Alege\u021bi op\u021biunea &#8220;A\u021bi uitat parola sau nu ave\u021bi un Apple ID?&#8221;<\/li>\n<li>Ap\u0103sa\u021bi pe &#8220;Crea\u021bi gratuit&#8221;.<\/li>\n<li>Introduce\u021bi data voastr\u0103 de na\u0219tere \u0219i numele. Ap\u0103sa\u021bi pe &#8220;\u00cenainte&#8221;.<\/li>\n<li>Folosi\u021bi adresa voastr\u0103 de e-mail existent\u0103 sau crea\u021bi una nou\u0103.<\/li>\n<li>Urma\u021bi indica\u021biile de pe ecran: confirma\u021bi adresa de e-mail, crea\u021bi o parol\u0103 sigur\u0103, selecta\u021bi regiunea \u0219i configura\u021bi autentificarea \u00een doi pa\u0219i. Dar dac\u0103 s\u0103ri\u021bi peste acest pas, tot pute\u021bi face asta mai t\u00e2rziu \u00een &#8220;Set\u0103ri&#8221;.<\/li>\n<\/ol>\n<p>Dac\u0103 dispozitivul vostru este deja activat:<\/p>\n<ol>\n<li>Deschide\u021bi App Store \u0219i ap\u0103sa\u021bi pe butonul &#8220;Contul meu&#8221;.<\/li>\n<li>Ap\u0103sa\u021bi pe &#8220;Crea\u021bi un nou Apple ID&#8221;. Dac\u0103 aceast\u0103 op\u021biune nu apare, verifica\u021bi dac\u0103 a\u021bi ie\u0219it din iCloud.<\/li>\n<li>Introduce\u021bi adresa de e-mail, care va fi noul vostru ID.<\/li>\n<li>G\u00e2ndi\u021bi o parol\u0103 \u0219i selecta\u021bi regiunea dispozitivului.<\/li>\n<li>Alege\u021bi o metod\u0103 de plat\u0103 pentru con\u021binutul pl\u0103tit Apple \u0219i ap\u0103sa\u021bi pe &#8220;\u00cenainte&#8221;. Dar pute\u021bi alege, de asemenea, varianta &#8220;Nu&#8221;.<\/li>\n<li>Confirma\u021bi num\u0103rul vostru de telefon. Acest lucru v\u0103 va ajuta s\u0103 v\u0103 confirma\u021bi identitatea \u0219i s\u0103 v\u0103 recupera\u021bi contul \u00een caz de nevoie. Ap\u0103sa\u021bi pe &#8220;\u00cenainte&#8221;.<\/li>\n<li>Verifica\u021bi-v\u0103 c\u0103su\u021ba de e-mail. Ve\u021bi primi un e-mail de la Apple prin care vi se va cere s\u0103 v\u0103 confirma\u021bi adresa de e-mail.<\/li>\n<\/ol>\n<p><img loading=\"lazy\" class=\"aligncenter wp-image-6774 size-full\" src=\"https:\/\/ispace.md\/blog\/wp-content\/uploads\/2023\/11\/kak-sozdat-epl-ai-di-scaled.jpg\" alt=\"\" width=\"2560\" height=\"1685\" srcset=\"https:\/\/ispace.md\/blog\/wp-content\/uploads\/2023\/11\/kak-sozdat-epl-ai-di-scaled.jpg 2560w, https:\/\/ispace.md\/blog\/wp-content\/uploads\/2023\/11\/kak-sozdat-epl-ai-di-400x263.jpg 400w, https:\/\/ispace.md\/blog\/wp-content\/uploads\/2023\/11\/kak-sozdat-epl-ai-di-1024x674.jpg 1024w, https:\/\/ispace.md\/blog\/wp-content\/uploads\/2023\/11\/kak-sozdat-epl-ai-di-768x505.jpg 768w, https:\/\/ispace.md\/blog\/wp-content\/uploads\/2023\/11\/kak-sozdat-epl-ai-di-1536x1011.jpg 1536w, https:\/\/ispace.md\/blog\/wp-content\/uploads\/2023\/11\/kak-sozdat-epl-ai-di-2048x1348.jpg 2048w\" sizes=\"(max-width: 2560px) 100vw, 2560px\" \/><\/p>\n<h2>Cum s\u0103 crea\u021bi un Apple ID pe un MacBook?<\/h2>\n<ol>\n<li>Selecta\u021bi meniul Apple. Pentru aceasta, ap\u0103sa\u021bi pe pictograma m\u0103rului din bara de instrumente din partea de sus a paginii.<\/li>\n<li>Accesa\u021bi &#8220;Preferin\u021be de sistem&#8221;.<\/li>\n<li>\u00cen meniul lateral, ap\u0103sa\u021bi pe &#8220;Autentificare cu Apple ID&#8221;.<\/li>\n<li>Pe pagina deschis\u0103, \u00een partea de jos, ap\u0103sa\u021bi butonul &#8220;Crea\u021bi Apple ID&#8221;.<\/li>\n<li>Urma\u021bi apoi indica\u021biile de pe ecran, pe care le-am descris detaliat mai sus.<\/li>\n<\/ol>\n<p><img loading=\"lazy\" class=\"aligncenter wp-image-6775 size-full\" src=\"https:\/\/ispace.md\/blog\/wp-content\/uploads\/2023\/11\/kak-sozdat-eppl-ai-di-na-make.jpg\" alt=\"Apple ID\" width=\"1556\" height=\"1037\" srcset=\"https:\/\/ispace.md\/blog\/wp-content\/uploads\/2023\/11\/kak-sozdat-eppl-ai-di-na-make.jpg 1556w, https:\/\/ispace.md\/blog\/wp-content\/uploads\/2023\/11\/kak-sozdat-eppl-ai-di-na-make-400x267.jpg 400w, https:\/\/ispace.md\/blog\/wp-content\/uploads\/2023\/11\/kak-sozdat-eppl-ai-di-na-make-1024x682.jpg 1024w, https:\/\/ispace.md\/blog\/wp-content\/uploads\/2023\/11\/kak-sozdat-eppl-ai-di-na-make-768x512.jpg 768w, https:\/\/ispace.md\/blog\/wp-content\/uploads\/2023\/11\/kak-sozdat-eppl-ai-di-na-make-1536x1024.jpg 1536w, https:\/\/ispace.md\/blog\/wp-content\/uploads\/2023\/11\/kak-sozdat-eppl-ai-di-na-make-390x260.jpg 390w, https:\/\/ispace.md\/blog\/wp-content\/uploads\/2023\/11\/kak-sozdat-eppl-ai-di-na-make-285x190.jpg 285w\" sizes=\"(max-width: 1556px) 100vw, 1556px\" \/><\/p>\n<h2>Cum s\u0103 crea\u021bi prin browser?<\/h2>\n<ol>\n<li>Accesa\u021bi site-ul <a href=\"https:\/\/support.apple.com\/apple-id\">applied.apple.com<\/a>.<\/li>\n<li>Selecta\u021bi op\u021biunea &#8220;Crea\u021bi&#8221;.<\/li>\n<li>Urma\u021bi indica\u021biile de pe ecran: introduce\u021bi adresa de e-mail, crea\u021bi o parol\u0103 \u0219i selecta\u021bi regiunea de reziden\u021b\u0103. Aceast\u0103 adres\u0103 de e-mail va fi \u0219i numele de utilizator pentru autentificare \u00een contul dvs.<\/li>\n<li>Introduce\u021bi num\u0103rul de telefon la care ave\u021bi acces permanent.<\/li>\n<li>Bifa\u021bi casetele dac\u0103 dori\u021bi s\u0103 v\u0103 abona\u021bi la actualiz\u0103ri Apple \u0219i s\u0103 fi\u021bi la curent cu ultimele \u0219tiri ale companiei.<\/li>\n<li>Ap\u0103sa\u021bi &#8220;Continuare&#8221;.<\/li>\n<li>Finaliza\u021bi procedura de creare a contului, confirm\u00e2nd adresa dvs. de e-mail \u0219i num\u0103rul de contact.<\/li>\n<\/ol>\n<p><img loading=\"lazy\" class=\"aligncenter wp-image-6776 size-full\" src=\"https:\/\/ispace.md\/blog\/wp-content\/uploads\/2023\/11\/kak-sozdat-eppl-ai-di-cherez-brauzer.jpg\" alt=\"Apple ID\" width=\"1500\" height=\"1000\" srcset=\"https:\/\/ispace.md\/blog\/wp-content\/uploads\/2023\/11\/kak-sozdat-eppl-ai-di-cherez-brauzer.jpg 1500w, https:\/\/ispace.md\/blog\/wp-content\/uploads\/2023\/11\/kak-sozdat-eppl-ai-di-cherez-brauzer-400x267.jpg 400w, https:\/\/ispace.md\/blog\/wp-content\/uploads\/2023\/11\/kak-sozdat-eppl-ai-di-cherez-brauzer-1024x683.jpg 1024w, https:\/\/ispace.md\/blog\/wp-content\/uploads\/2023\/11\/kak-sozdat-eppl-ai-di-cherez-brauzer-768x512.jpg 768w, https:\/\/ispace.md\/blog\/wp-content\/uploads\/2023\/11\/kak-sozdat-eppl-ai-di-cherez-brauzer-390x260.jpg 390w, https:\/\/ispace.md\/blog\/wp-content\/uploads\/2023\/11\/kak-sozdat-eppl-ai-di-cherez-brauzer-285x190.jpg 285w\" sizes=\"(max-width: 1500px) 100vw, 1500px\" \/><\/p>\n<p><strong>Uneori, noilor utilizatori le este dificil s\u0103 \u00ee\u0219i \u00eenregistreze un nou cont. Speciali\u0219tii iSpace vor fi bucuro\u0219i s\u0103 v\u0103 ajute s\u0103 \u00een\u021belege\u021bi toate subtilit\u0103\u021bile configur\u0103rii \u0219i utiliz\u0103rii dispozitivului dvs.<\/strong><\/p>\n<p><strong>CITI\u021aI MAI MULTE:<\/strong><\/p>\n<p><a href=\"https:\/\/ispace.md\/blog\/ce-se-poate-face-daca-este-uitat-apple-id-ul-dvs\/\"><strong>A\u021bi uitat parola pentru Apple ID? V\u0103 spunem ce s\u0103 face\u021bi<\/strong><\/a><\/p>\n<p><a href=\"https:\/\/ispace.md\/blog\/cum-sa-conectati-castile-airpods-la-orice-model-de-android\/\"><strong>Cum s\u0103 conecta\u021bi c\u0103\u0219tile AirPods la orice model Android?<\/strong><\/a><\/p>\n<p><a href=\"https:\/\/ispace.md\/blog\/cum-sa-anulati-abonamentul-pe-iphone-instructiuni-detaliate\/\"><strong>Cum s\u0103 anula\u021bi o abonamentul pe iPhone: instruc\u021biuni detaliate<\/strong><\/a><\/p>\n","protected":false},"excerpt":{"rendered":"<p>Felicit\u0103ri pentru achizi\u021bionarea unui iPhone! \u00cen cur\u00e2nd v\u0103 a\u0219teapt\u0103 o experien\u021b\u0103 captivant\u0103 cu noul vostru dispozitiv &#8211; de altfel, blogul nostru v\u0103 va ajuta mult \u00een acest sens. Dar primul lucru pe care trebuie s\u0103-l face\u021bi este s\u0103 v\u0103 crea\u021bi un cont Apple ID. Iat\u0103 cum pute\u021bi face asta. Pentru ce este necesar? Apple ID [&hellip;]<\/p>\n","protected":false},"author":1,"featured_media":6772,"comment_status":"open","ping_status":"open","sticky":false,"template":"","format":"standard","meta":[],"categories":[439,441,443,668],"tags":[652,455,1007,636,627,714,755,1003,742,775,630,685,985],"yoast_head":"<!-- This site is optimized with the Yoast SEO plugin v17.0 - https:\/\/yoast.com\/wordpress\/plugins\/seo\/ -->\n<title>Cum s\u0103 crea\u021bi un nou ID Apple pe iPhone, MacBook sau iPad? - iSpace<\/title>\n<meta name=\"description\" content=\"Apple ID este un identificator unic \u00een ecosistemul Apple. F\u0103r\u0103 el, nu ve\u021bi putea utiliza pe deplin dispozitivul vostru. Iat\u0103 cum face\u021bi asta.\" \/>\n<meta name=\"robots\" content=\"index, follow, max-snippet:-1, max-image-preview:large, max-video-preview:-1\" \/>\n<link rel=\"canonical\" href=\"https:\/\/ispace.md\/blog\/cum-sa-creati-un-cont-apple-id\/\" \/>\n<meta property=\"og:locale\" content=\"ru_RU\" \/>\n<meta property=\"og:type\" content=\"article\" \/>\n<meta property=\"og:title\" content=\"Cum s\u0103 crea\u021bi un nou ID Apple pe iPhone, MacBook sau iPad? - iSpace\" \/>\n<meta property=\"og:description\" content=\"Apple ID este un identificator unic \u00een ecosistemul Apple. F\u0103r\u0103 el, nu ve\u021bi putea utiliza pe deplin dispozitivul vostru. Iat\u0103 cum face\u021bi asta.\" \/>\n<meta property=\"og:url\" content=\"https:\/\/ispace.md\/blog\/cum-sa-creati-un-cont-apple-id\/\" \/>\n<meta property=\"og:site_name\" content=\"iSpace\" \/>\n<meta property=\"article:publisher\" content=\"https:\/\/www.facebook.com\/ispacemd\/\" \/>\n<meta property=\"article:published_time\" content=\"2023-11-09T11:04:56+00:00\" \/>\n<meta property=\"og:image\" content=\"https:\/\/ispace.md\/blog\/wp-content\/uploads\/2023\/11\/cardmapr-nl-tvzykmBf3r0-unsplash-scaled.jpg\" \/>\n\t<meta property=\"og:image:width\" content=\"2560\" \/>\n\t<meta property=\"og:image:height\" content=\"1710\" \/>\n<meta name=\"twitter:card\" content=\"summary_large_image\" \/>\n<meta name=\"twitter:label1\" content=\"\u041d\u0430\u043f\u0438\u0441\u0430\u043d\u043e \u0430\u0432\u0442\u043e\u0440\u043e\u043c\" \/>\n\t<meta name=\"twitter:data1\" content=\"istoreadm\" \/>\n\t<meta name=\"twitter:label2\" content=\"\u041f\u0440\u0438\u043c\u0435\u0440\u043d\u043e\u0435 \u0432\u0440\u0435\u043c\u044f \u0434\u043b\u044f \u0447\u0442\u0435\u043d\u0438\u044f\" \/>\n\t<meta name=\"twitter:data2\" content=\"4 \u043c\u0438\u043d\u0443\u0442\u044b\" \/>\n<script type=\"application\/ld+json\" class=\"yoast-schema-graph\">{\"@context\":\"https:\/\/schema.org\",\"@graph\":[{\"@type\":\"WebSite\",\"@id\":\"https:\/\/ispace.md\/blog\/ru\/#website\",\"url\":\"https:\/\/ispace.md\/blog\/ru\/\",\"name\":\"iSpace\",\"description\":\"\\u0411\\u043b\\u043e\\u0433 \\u043a\\u043e\\u043c\\u043f\\u0430\\u043d\\u0438\\u0438 iSpace\",\"potentialAction\":[{\"@type\":\"SearchAction\",\"target\":{\"@type\":\"EntryPoint\",\"urlTemplate\":\"https:\/\/ispace.md\/blog\/ru\/?s={search_term_string}\"},\"query-input\":\"required name=search_term_string\"}],\"inLanguage\":\"ru-RU\"},{\"@type\":\"ImageObject\",\"@id\":\"https:\/\/ispace.md\/blog\/cum-sa-creati-un-cont-apple-id\/#primaryimage\",\"inLanguage\":\"ru-RU\",\"url\":\"https:\/\/ispace.md\/blog\/wp-content\/uploads\/2023\/11\/cardmapr-nl-tvzykmBf3r0-unsplash-scaled.jpg\",\"contentUrl\":\"https:\/\/ispace.md\/blog\/wp-content\/uploads\/2023\/11\/cardmapr-nl-tvzykmBf3r0-unsplash-scaled.jpg\",\"width\":2560,\"height\":1710},{\"@type\":\"WebPage\",\"@id\":\"https:\/\/ispace.md\/blog\/cum-sa-creati-un-cont-apple-id\/#webpage\",\"url\":\"https:\/\/ispace.md\/blog\/cum-sa-creati-un-cont-apple-id\/\",\"name\":\"Cum s\\u0103 crea\\u021bi un nou ID Apple pe iPhone, MacBook sau iPad? - iSpace\",\"isPartOf\":{\"@id\":\"https:\/\/ispace.md\/blog\/ru\/#website\"},\"primaryImageOfPage\":{\"@id\":\"https:\/\/ispace.md\/blog\/cum-sa-creati-un-cont-apple-id\/#primaryimage\"},\"datePublished\":\"2023-11-09T11:04:56+00:00\",\"dateModified\":\"2023-11-09T11:04:56+00:00\",\"author\":{\"@id\":\"https:\/\/ispace.md\/blog\/ru\/#\/schema\/person\/ee7c990e7f16a92ff015648f1d3212cd\"},\"description\":\"Apple ID este un identificator unic \\u00een ecosistemul Apple. F\\u0103r\\u0103 el, nu ve\\u021bi putea utiliza pe deplin dispozitivul vostru. Iat\\u0103 cum face\\u021bi asta.\",\"breadcrumb\":{\"@id\":\"https:\/\/ispace.md\/blog\/cum-sa-creati-un-cont-apple-id\/#breadcrumb\"},\"inLanguage\":\"ru-RU\",\"potentialAction\":[{\"@type\":\"ReadAction\",\"target\":[\"https:\/\/ispace.md\/blog\/cum-sa-creati-un-cont-apple-id\/\"]}]},{\"@type\":\"BreadcrumbList\",\"@id\":\"https:\/\/ispace.md\/blog\/cum-sa-creati-un-cont-apple-id\/#breadcrumb\",\"itemListElement\":[{\"@type\":\"ListItem\",\"position\":1,\"name\":\"\\u0413\\u043b\\u0430\\u0432\\u043d\\u0430\\u044f \\u0441\\u0442\\u0440\\u0430\\u043d\\u0438\\u0446\\u0430\",\"item\":\"https:\/\/ispace.md\/blog\/ru\/\"},{\"@type\":\"ListItem\",\"position\":2,\"name\":\"Cum s\\u0103 crea\\u021bi un cont Apple ID?\"}]},{\"@type\":\"Person\",\"@id\":\"https:\/\/ispace.md\/blog\/ru\/#\/schema\/person\/ee7c990e7f16a92ff015648f1d3212cd\",\"name\":\"istoreadm\",\"image\":{\"@type\":\"ImageObject\",\"@id\":\"https:\/\/ispace.md\/blog\/ru\/#personlogo\",\"inLanguage\":\"ru-RU\",\"url\":\"https:\/\/secure.gravatar.com\/avatar\/3ab1424e156237432133bacf1fcdd22d?s=96&d=mm&r=g\",\"contentUrl\":\"https:\/\/secure.gravatar.com\/avatar\/3ab1424e156237432133bacf1fcdd22d?s=96&d=mm&r=g\",\"caption\":\"istoreadm\"},\"url\":\"https:\/\/ispace.md\/blog\/author\/istoreadm\/\"}]}<\/script>\n<!-- \/ Yoast SEO plugin. -->","yoast_head_json":{"title":"Cum s\u0103 crea\u021bi un nou ID Apple pe iPhone, MacBook sau iPad? - iSpace","description":"Apple ID este un identificator unic \u00een ecosistemul Apple. F\u0103r\u0103 el, nu ve\u021bi putea utiliza pe deplin dispozitivul vostru. Iat\u0103 cum face\u021bi asta.","robots":{"index":"index","follow":"follow","max-snippet":"max-snippet:-1","max-image-preview":"max-image-preview:large","max-video-preview":"max-video-preview:-1"},"canonical":"https:\/\/ispace.md\/blog\/cum-sa-creati-un-cont-apple-id\/","og_locale":"ru_RU","og_type":"article","og_title":"Cum s\u0103 crea\u021bi un nou ID Apple pe iPhone, MacBook sau iPad? - iSpace","og_description":"Apple ID este un identificator unic \u00een ecosistemul Apple. F\u0103r\u0103 el, nu ve\u021bi putea utiliza pe deplin dispozitivul vostru. Iat\u0103 cum face\u021bi asta.","og_url":"https:\/\/ispace.md\/blog\/cum-sa-creati-un-cont-apple-id\/","og_site_name":"iSpace","article_publisher":"https:\/\/www.facebook.com\/ispacemd\/","article_published_time":"2023-11-09T11:04:56+00:00","og_image":[{"width":2560,"height":1710,"url":"https:\/\/ispace.md\/blog\/wp-content\/uploads\/2023\/11\/cardmapr-nl-tvzykmBf3r0-unsplash-scaled.jpg","path":"\/srv\/ispace.md\/blog\/wp-content\/uploads\/2023\/11\/cardmapr-nl-tvzykmBf3r0-unsplash-scaled.jpg","size":"full","id":6772,"alt":"","pixels":4377600,"type":"image\/jpeg"}],"twitter_card":"summary_large_image","twitter_misc":{"\u041d\u0430\u043f\u0438\u0441\u0430\u043d\u043e \u0430\u0432\u0442\u043e\u0440\u043e\u043c":"istoreadm","\u041f\u0440\u0438\u043c\u0435\u0440\u043d\u043e\u0435 \u0432\u0440\u0435\u043c\u044f \u0434\u043b\u044f \u0447\u0442\u0435\u043d\u0438\u044f":"4 \u043c\u0438\u043d\u0443\u0442\u044b"},"schema":{"@context":"https:\/\/schema.org","@graph":[{"@type":"WebSite","@id":"https:\/\/ispace.md\/blog\/ru\/#website","url":"https:\/\/ispace.md\/blog\/ru\/","name":"iSpace","description":"\u0411\u043b\u043e\u0433 \u043a\u043e\u043c\u043f\u0430\u043d\u0438\u0438 iSpace","potentialAction":[{"@type":"SearchAction","target":{"@type":"EntryPoint","urlTemplate":"https:\/\/ispace.md\/blog\/ru\/?s={search_term_string}"},"query-input":"required name=search_term_string"}],"inLanguage":"ru-RU"},{"@type":"ImageObject","@id":"https:\/\/ispace.md\/blog\/cum-sa-creati-un-cont-apple-id\/#primaryimage","inLanguage":"ru-RU","url":"https:\/\/ispace.md\/blog\/wp-content\/uploads\/2023\/11\/cardmapr-nl-tvzykmBf3r0-unsplash-scaled.jpg","contentUrl":"https:\/\/ispace.md\/blog\/wp-content\/uploads\/2023\/11\/cardmapr-nl-tvzykmBf3r0-unsplash-scaled.jpg","width":2560,"height":1710},{"@type":"WebPage","@id":"https:\/\/ispace.md\/blog\/cum-sa-creati-un-cont-apple-id\/#webpage","url":"https:\/\/ispace.md\/blog\/cum-sa-creati-un-cont-apple-id\/","name":"Cum s\u0103 crea\u021bi un nou ID Apple pe iPhone, MacBook sau iPad? - iSpace","isPartOf":{"@id":"https:\/\/ispace.md\/blog\/ru\/#website"},"primaryImageOfPage":{"@id":"https:\/\/ispace.md\/blog\/cum-sa-creati-un-cont-apple-id\/#primaryimage"},"datePublished":"2023-11-09T11:04:56+00:00","dateModified":"2023-11-09T11:04:56+00:00","author":{"@id":"https:\/\/ispace.md\/blog\/ru\/#\/schema\/person\/ee7c990e7f16a92ff015648f1d3212cd"},"description":"Apple ID este un identificator unic \u00een ecosistemul Apple. F\u0103r\u0103 el, nu ve\u021bi putea utiliza pe deplin dispozitivul vostru. Iat\u0103 cum face\u021bi asta.","breadcrumb":{"@id":"https:\/\/ispace.md\/blog\/cum-sa-creati-un-cont-apple-id\/#breadcrumb"},"inLanguage":"ru-RU","potentialAction":[{"@type":"ReadAction","target":["https:\/\/ispace.md\/blog\/cum-sa-creati-un-cont-apple-id\/"]}]},{"@type":"BreadcrumbList","@id":"https:\/\/ispace.md\/blog\/cum-sa-creati-un-cont-apple-id\/#breadcrumb","itemListElement":[{"@type":"ListItem","position":1,"name":"\u0413\u043b\u0430\u0432\u043d\u0430\u044f \u0441\u0442\u0440\u0430\u043d\u0438\u0446\u0430","item":"https:\/\/ispace.md\/blog\/ru\/"},{"@type":"ListItem","position":2,"name":"Cum s\u0103 crea\u021bi un cont Apple ID?"}]},{"@type":"Person","@id":"https:\/\/ispace.md\/blog\/ru\/#\/schema\/person\/ee7c990e7f16a92ff015648f1d3212cd","name":"istoreadm","image":{"@type":"ImageObject","@id":"https:\/\/ispace.md\/blog\/ru\/#personlogo","inLanguage":"ru-RU","url":"https:\/\/secure.gravatar.com\/avatar\/3ab1424e156237432133bacf1fcdd22d?s=96&d=mm&r=g","contentUrl":"https:\/\/secure.gravatar.com\/avatar\/3ab1424e156237432133bacf1fcdd22d?s=96&d=mm&r=g","caption":"istoreadm"},"url":"https:\/\/ispace.md\/blog\/author\/istoreadm\/"}]}},"frontimg":"https:\/\/ispace.md\/blog\/wp-content\/uploads\/2023\/11\/cardmapr-nl-tvzykmBf3r0-unsplash-320x220.jpg","frontimglarge":"https:\/\/ispace.md\/blog\/wp-content\/uploads\/2023\/11\/cardmapr-nl-tvzykmBf3r0-unsplash-730x300.jpg","acf":{"select_banner_style":"0","select_sidebar":"0","axil_post_review_box":false},"_links":{"self":[{"href":"https:\/\/ispace.md\/blog\/wp-json\/wp\/v2\/posts\/6778"}],"collection":[{"href":"https:\/\/ispace.md\/blog\/wp-json\/wp\/v2\/posts"}],"about":[{"href":"https:\/\/ispace.md\/blog\/wp-json\/wp\/v2\/types\/post"}],"author":[{"embeddable":true,"href":"https:\/\/ispace.md\/blog\/wp-json\/wp\/v2\/users\/1"}],"replies":[{"embeddable":true,"href":"https:\/\/ispace.md\/blog\/wp-json\/wp\/v2\/comments?post=6778"}],"version-history":[{"count":1,"href":"https:\/\/ispace.md\/blog\/wp-json\/wp\/v2\/posts\/6778\/revisions"}],"predecessor-version":[{"id":6779,"href":"https:\/\/ispace.md\/blog\/wp-json\/wp\/v2\/posts\/6778\/revisions\/6779"}],"wp:featuredmedia":[{"embeddable":true,"href":"https:\/\/ispace.md\/blog\/wp-json\/wp\/v2\/media\/6772"}],"wp:attachment":[{"href":"https:\/\/ispace.md\/blog\/wp-json\/wp\/v2\/media?parent=6778"}],"wp:term":[{"taxonomy":"category","embeddable":true,"href":"https:\/\/ispace.md\/blog\/wp-json\/wp\/v2\/categories?post=6778"},{"taxonomy":"post_tag","embeddable":true,"href":"https:\/\/ispace.md\/blog\/wp-json\/wp\/v2\/tags?post=6778"}],"curies":[{"name":"wp","href":"https:\/\/api.w.org\/{rel}","templated":true}]}}