{"id":6882,"date":"2021-10-21T11:15:41","date_gmt":"2021-10-21T08:15:41","guid":{"rendered":"https:\/\/ispace.md\/blog\/?p=6882"},"modified":"2023-11-15T11:48:05","modified_gmt":"2023-11-15T09:48:05","slug":"apple-a-adaugat-noi-tablete-si-ceasuri-inteligente-in-gama-sa","status":"publish","type":"post","link":"https:\/\/ispace.md\/blog\/apple-a-adaugat-noi-tablete-si-ceasuri-inteligente-in-gama-sa\/","title":{"rendered":"Apple a ad\u0103ugat noi tablete \u0219i ceasuri inteligente \u00een gama sa"},"content":{"rendered":"<p><strong>Ieri, pe 14 septembrie, Apple a anun\u021bat nout\u0103\u021bile de toamn\u0103. \u00cen afar\u0103 de iubitul iPhone 13, Tim Cook \u0219i echipa sa ne-au prezentat modelele actualizate de iPad, iPad mini \u0219i Apple Watch Series 7.<\/strong><\/p>\n<h2>iPad 9: puternicul cip A13 Bionic, func\u021bia Centre Stage, tehnologia True Tone \u0219i un pre\u021b accesibil<\/h2>\n<p>Este cel mai popular model din gama tabletelor Apple, pe care dezvoltatorii au decis s\u0103-l fac\u0103 \u0219i mai performant. <a href=\"https:\/\/www.apple.com\/newsroom\/2021\/09\/apples-most-popular-ipad-delivers-even-more-performance-and-advanced-features\/\">Noul iPad<\/a> a primit un <strong>display colorat Retina de 10,2 inci<\/strong>. Aceasta este o diagonal\u0103 optim\u0103 pentru sarcinile zilnice, iar dispozitivul nu va ocupa mult spa\u021biu \u00een geant\u0103.<\/p>\n<p>Comparativ cu modelul anterior al iPad-ului de a 9-a genera\u021bie, nu au fost aduse modific\u0103ri \u00een design, dar a primit deja <strong>tehnologia tradi\u021bional\u0103<\/strong> pentru majoritatea produselor Apple, <strong>True Tone<\/strong>. Aceasta se ocup\u0103 de corectarea automat\u0103 a temperaturii imaginii \u00een func\u021bie de iluminarea ambiental\u0103 \u0219i protejeaz\u0103 vederea.<\/p>\n<p><img loading=\"lazy\" class=\"aligncenter wp-image-6872 size-full\" src=\"https:\/\/ispace.md\/blog\/wp-content\/uploads\/2023\/11\/snimok-ekrana-2021-09-15-v-11.03.46.jpg\" alt=\"apple\" width=\"1200\" height=\"800\" srcset=\"https:\/\/ispace.md\/blog\/wp-content\/uploads\/2023\/11\/snimok-ekrana-2021-09-15-v-11.03.46.jpg 1200w, https:\/\/ispace.md\/blog\/wp-content\/uploads\/2023\/11\/snimok-ekrana-2021-09-15-v-11.03.46-400x267.jpg 400w, https:\/\/ispace.md\/blog\/wp-content\/uploads\/2023\/11\/snimok-ekrana-2021-09-15-v-11.03.46-1024x683.jpg 1024w, https:\/\/ispace.md\/blog\/wp-content\/uploads\/2023\/11\/snimok-ekrana-2021-09-15-v-11.03.46-768x512.jpg 768w, https:\/\/ispace.md\/blog\/wp-content\/uploads\/2023\/11\/snimok-ekrana-2021-09-15-v-11.03.46-390x260.jpg 390w, https:\/\/ispace.md\/blog\/wp-content\/uploads\/2023\/11\/snimok-ekrana-2021-09-15-v-11.03.46-285x190.jpg 285w\" sizes=\"(max-width: 1200px) 100vw, 1200px\" \/><\/p>\n<p>Camera din noul iPad este de top: <strong>8 MP pentru obiectivul cu un unghi larg pe partea din spate \u0219i 12 MP pentru camera frontal\u0103 ultra-larg\u0103.<\/strong> Camera universal\u0103 de pe spate permite scanarea rapid\u0103 \u0219i clar\u0103 a documentelor, precum \u0219i lucrul cu aplica\u021bii de realitate augmentat\u0103 cu efect de prezen\u021b\u0103. De men\u021bionat c\u0103 una dintre caracteristicile principale ale noii versiuni este <strong>func\u021bia Centre Stage<\/strong>, mo\u0219tenit\u0103 de la modelul mai mare iPad Pro de 10,2 inci. \u00cen timpul apelurilor video, camera se focalizeaz\u0103 automat pe utilizator atunci c\u00e2nd acesta prive\u0219te \u00een camer\u0103. Interesant este c\u0103 dac\u0103 apare altcineva \u00een cadru, Centre Stage se mi\u0219c\u0103 \u0219i schimb\u0103 planul pentru a captura to\u021bi participan\u021bii la scen\u0103.<\/p>\n<p>Cre\u0219terea performan\u021bei cu 20% a devenit posibil\u0103 datorit\u0103 <strong>puternicului cip A13 Bionic<\/strong>. \u0218i de\u0219i acest iPad este un model de baz\u0103, acum poate rula chiar \u0219i jocuri \u0219i aplica\u021bii grele f\u0103r\u0103 \u00eenghe\u021barea imaginii. \u00cen plus, <strong>sistemul Neural Engine<\/strong> face posibil\u0103 \u00eenv\u0103\u021barea automat\u0103: de exemplu, capacit\u0103\u021bile inteligente ale dispozitivului permit recunoa\u0219terea textului \u00een imagini.<\/p>\n<p>De asemenea, merit\u0103 men\u021bionat c\u0103 Apple <strong>a m\u0103rit capacitatea minim\u0103 de stocare<\/strong> a tabletei: cea mai mic\u0103 op\u021biune are acum 64 GB, iar cea mai mare &#8211; 256 GB. iPad va func\u021biona cu suportul sistemului iPadOS 15, creionului digital Apple Pencil de prima genera\u021bie \u0219i tastaturii-hus\u0103 Apple Smart Keyboard.<\/p>\n<p><img loading=\"lazy\" class=\"aligncenter wp-image-6873 size-full\" src=\"https:\/\/ispace.md\/blog\/wp-content\/uploads\/2023\/11\/snimok-ekrana-2021-09-15-v-10.59.39.jpg\" alt=\"\" width=\"1200\" height=\"799\" srcset=\"https:\/\/ispace.md\/blog\/wp-content\/uploads\/2023\/11\/snimok-ekrana-2021-09-15-v-10.59.39.jpg 1200w, https:\/\/ispace.md\/blog\/wp-content\/uploads\/2023\/11\/snimok-ekrana-2021-09-15-v-10.59.39-400x266.jpg 400w, https:\/\/ispace.md\/blog\/wp-content\/uploads\/2023\/11\/snimok-ekrana-2021-09-15-v-10.59.39-1024x682.jpg 1024w, https:\/\/ispace.md\/blog\/wp-content\/uploads\/2023\/11\/snimok-ekrana-2021-09-15-v-10.59.39-768x511.jpg 768w, https:\/\/ispace.md\/blog\/wp-content\/uploads\/2023\/11\/snimok-ekrana-2021-09-15-v-10.59.39-390x260.jpg 390w, https:\/\/ispace.md\/blog\/wp-content\/uploads\/2023\/11\/snimok-ekrana-2021-09-15-v-10.59.39-285x190.jpg 285w\" sizes=\"(max-width: 1200px) 100vw, 1200px\" \/><\/p>\n<h2>iPad Mini: cip puternic A15 Bionic, display \u00eentins pe \u00eentreaga suprafa\u021b\u0103 \u0219i un design absolut nou \u0219i uimitor<\/h2>\n<p>Chiar dac\u0103 acest model \u00eencape \u00een palma m\u00e2inii, nu ar trebui subestimat: \u00een interiorul acestui dispozitiv compact se ascunde o performan\u021b\u0103 serioas\u0103. Greg Joswiak, vicepre\u0219edinte senior Apple pentru marketing interna\u021bional, a spus c\u0103 acesta este <strong>cel mai performant <a href=\"https:\/\/ispace.md\/ipad\/ipad-mini-5\">iPad Mini<\/a> din istorie!<\/strong><\/p>\n<p><a href=\"https:\/\/www.apple.com\/newsroom\/2021\/09\/apple-unveils-new-ipad-mini-with-breakthrough-performance-in-stunning-new-design\/\">Noul model<\/a> a primit <strong>un display Liquid Retina extins, cu o diagonal\u0103 de 8,3 inci<\/strong>\u00a0\u0219i <strong>4 culori frumoase la alegere<\/strong> &#8211; roz, mov, &#8220;SpaceBlak&#8221; \u0219i &#8220;Starlight&#8221;. Display-ul este prelucrat cu un strat antireflex \u0219i sus\u021bine <strong>tehnologia True Tone<\/strong>, oferind o imagine bogat\u0103 \u0219i realist\u0103 \u00een orice iluminare. <strong>Tehnologia Touch ID<\/strong> pentru autentificare rapid\u0103 \u0219i sigur\u0103 a fost integrat\u0103 \u00een butonul superior al iPad Mini, ceea ce este foarte comod.<\/p>\n<p>Capacit\u0103\u021bile de fotografiere \u0219i \u00eenregistrare video au fost semnificativ \u00eembun\u0103t\u0103\u021bite. Micul iPad a primit <strong>o camer\u0103 de 12 megapixeli<\/strong> pe partea din spate \u0219i <strong>o camer\u0103 ultra-larg\u0103 de 12 megapixeli<\/strong> pe partea din fa\u021b\u0103. Un unghi larg de vizualizare permite implementarea excelent\u0103 a <strong>func\u021biei Centre Stage<\/strong>, prin care to\u021bi participan\u021bii la filmare r\u0103m\u00e2n \u00een centrul cadrului chiar \u0219i \u00een timpul deplas\u0103rilor.<\/p>\n<p><img loading=\"lazy\" class=\"aligncenter wp-image-6874 size-full\" src=\"https:\/\/ispace.md\/blog\/wp-content\/uploads\/2023\/11\/snimok-ekrana-2021-09-15-v-12.17.51.jpg\" alt=\"apple\" width=\"1200\" height=\"800\" srcset=\"https:\/\/ispace.md\/blog\/wp-content\/uploads\/2023\/11\/snimok-ekrana-2021-09-15-v-12.17.51.jpg 1200w, https:\/\/ispace.md\/blog\/wp-content\/uploads\/2023\/11\/snimok-ekrana-2021-09-15-v-12.17.51-400x267.jpg 400w, https:\/\/ispace.md\/blog\/wp-content\/uploads\/2023\/11\/snimok-ekrana-2021-09-15-v-12.17.51-1024x683.jpg 1024w, https:\/\/ispace.md\/blog\/wp-content\/uploads\/2023\/11\/snimok-ekrana-2021-09-15-v-12.17.51-768x512.jpg 768w, https:\/\/ispace.md\/blog\/wp-content\/uploads\/2023\/11\/snimok-ekrana-2021-09-15-v-12.17.51-390x260.jpg 390w, https:\/\/ispace.md\/blog\/wp-content\/uploads\/2023\/11\/snimok-ekrana-2021-09-15-v-12.17.51-285x190.jpg 285w\" sizes=\"(max-width: 1200px) 100vw, 1200px\" \/><\/p>\n<p>Dar ceea ce impresioneaz\u0103 cu adev\u0103rat <strong>este cipul actualizat A15 Bionic<\/strong>. Acesta permite iPad Mini s\u0103 func\u021bioneze cu 80% mai rapid dec\u00e2t dispozitivele din genera\u021biile anterioare. \u00cen practic\u0103, acest lucru \u00eenseamn\u0103 c\u0103 utilizatorului \u00eei vor fi disponibile jocuri grele cu grafic\u0103 puternic\u0103 \u0219i aplica\u021bii profesionale. Procesoarele central \u0219i grafic, \u00eempreun\u0103 cu sistemul de \u00eenv\u0103\u021bare automat\u0103 Neural Engine, permit iPad Mini s\u0103 recunoasc\u0103 imagini \u0219i s\u0103 proceseze limbajul natural.<\/p>\n<p>\u00cen acela\u0219i timp, <strong>consum\u0103 baterie foarte eficient<\/strong>: pentru sarcinile zilnice cum ar fi vizionarea filmelor, citirea c\u0103r\u021bilor, derularea \u0219tirilor sau scrierea noti\u021belor, timpul trece neobservat, iar tableta iPad Mini va rezista \u00eentreaga zi f\u0103r\u0103 a necesita \u00eenc\u0103rcare.<\/p>\n<p>Conecta\u021bi Apple Pencil a doua genera\u021bie pentru a transforma iPad Mini \u00eentr-un caiet complet pentru desen \u0219i noti\u021be, mereu la \u00eendem\u00e2n\u0103. Se ata\u0219eaz\u0103 cu ajutorul unui magnet &#8211; niciun cablu. Pentru a \u00eenc\u0103rca dispozitivul sau a conecta alte accesorii, exist\u0103 un port USB-C. Noul model va fi disponibil \u00een cur\u00e2nd cu 64 GB \u0219i 256 GB de memorie intern\u0103.<\/p>\n<p><img loading=\"lazy\" class=\"aligncenter wp-image-6875 size-full\" src=\"https:\/\/ispace.md\/blog\/wp-content\/uploads\/2023\/11\/apple_ipad-mini_ipados-split-view_09142021_big_carousel.jpg.large_.jpg\" alt=\"\" width=\"1200\" height=\"800\" srcset=\"https:\/\/ispace.md\/blog\/wp-content\/uploads\/2023\/11\/apple_ipad-mini_ipados-split-view_09142021_big_carousel.jpg.large_.jpg 1200w, https:\/\/ispace.md\/blog\/wp-content\/uploads\/2023\/11\/apple_ipad-mini_ipados-split-view_09142021_big_carousel.jpg.large_-400x267.jpg 400w, https:\/\/ispace.md\/blog\/wp-content\/uploads\/2023\/11\/apple_ipad-mini_ipados-split-view_09142021_big_carousel.jpg.large_-1024x683.jpg 1024w, https:\/\/ispace.md\/blog\/wp-content\/uploads\/2023\/11\/apple_ipad-mini_ipados-split-view_09142021_big_carousel.jpg.large_-768x512.jpg 768w, https:\/\/ispace.md\/blog\/wp-content\/uploads\/2023\/11\/apple_ipad-mini_ipados-split-view_09142021_big_carousel.jpg.large_-390x260.jpg 390w, https:\/\/ispace.md\/blog\/wp-content\/uploads\/2023\/11\/apple_ipad-mini_ipados-split-view_09142021_big_carousel.jpg.large_-285x190.jpg 285w\" sizes=\"(max-width: 1200px) 100vw, 1200px\" \/><\/p>\n<h2>Apple Watch Series 7: display mare, \u00eenc\u0103rcare mai rapid\u0103, durabilitate crescut\u0103 \u0219i noi culori<\/h2>\n<p>Cu toate c\u0103 fanii a\u0219teptau un design nou pentru Apple Watch, cu margini drepte, asem\u0103n\u0103toare cu cele de pe iPhone 12, Apple a decis s\u0103 fac\u0103 schimb\u0103ri minime. Linile dispozitivului au devenit pu\u021bin mai fluide, iar elementele de control au crescut \u00een dimensiune.<\/p>\n<p>\u00cens\u0103<strong> display-ul<\/strong> poate fi acum considerat cu \u00eencredere cel mai mare din gama de ceasuri inteligente a companiei. \u00cen compara\u021bie cu seria anterioar\u0103, <a href=\"https:\/\/www.apple.com\/newsroom\/2021\/09\/apple-reveals-apple-watch-series-7-featuring-the-largest-most-advanced-display\/\">Apple Watch Series 7<\/a> are o suprafa\u021b\u0103 de vizualizare cu 20% mai mare. Acest lucru a fost realizat prin margini mai sub\u021biri. Acum utilizarea tastaturii pe ecran \u0219i citirea mesajelor va fi mult mai comod\u0103.<\/p>\n<p><img loading=\"lazy\" class=\"aligncenter wp-image-6876 size-full\" src=\"https:\/\/ispace.md\/blog\/wp-content\/uploads\/2023\/11\/apple_watch-series7_hero_09142021_big.jpg.large_.jpg\" alt=\"apple\" width=\"1200\" height=\"801\" srcset=\"https:\/\/ispace.md\/blog\/wp-content\/uploads\/2023\/11\/apple_watch-series7_hero_09142021_big.jpg.large_.jpg 1200w, https:\/\/ispace.md\/blog\/wp-content\/uploads\/2023\/11\/apple_watch-series7_hero_09142021_big.jpg.large_-400x267.jpg 400w, https:\/\/ispace.md\/blog\/wp-content\/uploads\/2023\/11\/apple_watch-series7_hero_09142021_big.jpg.large_-1024x684.jpg 1024w, https:\/\/ispace.md\/blog\/wp-content\/uploads\/2023\/11\/apple_watch-series7_hero_09142021_big.jpg.large_-768x513.jpg 768w, https:\/\/ispace.md\/blog\/wp-content\/uploads\/2023\/11\/apple_watch-series7_hero_09142021_big.jpg.large_-390x260.jpg 390w, https:\/\/ispace.md\/blog\/wp-content\/uploads\/2023\/11\/apple_watch-series7_hero_09142021_big.jpg.large_-285x190.jpg 285w\" sizes=\"(max-width: 1200px) 100vw, 1200px\" \/><\/p>\n<p>La prezentare s-a men\u021bionat c\u0103 noua genera\u021bie de ceasuri inteligente este <strong>cea mai durabil\u0103 din istoria Apple<\/strong>. Seria 7 a primit o sticl\u0103 frontal\u0103 mai fiabil\u0103 \u0219i rezistent\u0103 la zg\u00e2rieturi \u0219i fisuri, precum \u0219i certificare de protec\u021bie \u00eempotriva prafului \u0219i apei.<\/p>\n<p>Potrivit dezvoltatorilor, noua serie <strong>poate func\u021biona p\u00e2n\u0103 la 18 ore<\/strong> cu o singur\u0103 \u00eenc\u0103rcare. Timpul de \u00eenc\u0103rcare s-a \u00eembun\u0103t\u0103\u021bit cu 30%: \u00een doar 45 de minute, dispozitivul poate fi \u00eenc\u0103rcat p\u00e2n\u0103 la 80%, iar 8 minute de \u00eenc\u0103rcare vor oferi utilizatorului p\u00e2n\u0103 la 8 ore de urm\u0103rire a somnului.<\/p>\n<p>Modelul mic are un diametru de 41 mm, iar cel mare &#8211; 45 mm. Apple Watch Series 7 \u00een carcas\u0103 de aluminiu va fi disponibil \u00een <strong>culorile negru, alb, albastru, ro\u0219u \u0219i olive<\/strong>.<\/p>\n<p>\u00cen cur\u00e2nd le ve\u021bi putea achizi\u021biona din magazinul iSpace. Abona\u021bi-v\u0103 la noi pe re\u021belele de socializare \u0219i urm\u0103ri\u021bi nout\u0103\u021bile!<\/p>\n","protected":false},"excerpt":{"rendered":"<p>Ieri, pe 14 septembrie, Apple a anun\u021bat nout\u0103\u021bile de toamn\u0103. \u00cen afar\u0103 de iubitul iPhone 13, Tim Cook \u0219i echipa sa ne-au prezentat modelele actualizate de iPad, iPad mini \u0219i Apple Watch Series 7. iPad 9: puternicul cip A13 Bionic, func\u021bia Centre Stage, tehnologia True Tone \u0219i un pre\u021b accesibil Este cel mai popular model [&hellip;]<\/p>\n","protected":false},"author":1,"featured_media":6870,"comment_status":"open","ping_status":"open","sticky":false,"template":"","format":"standard","meta":[],"categories":[433],"tags":[1550,455,1122,1168,714,1533,1535,1552,1118,755,1221,1315,685,985],"yoast_head":"<!-- This site is optimized with the Yoast SEO plugin v17.0 - https:\/\/yoast.com\/wordpress\/plugins\/seo\/ -->\n<title>Apple a ad\u0103ugat noi tablete \u0219i ceasuri inteligente \u00een gama sa - iSpace<\/title>\n<meta name=\"description\" content=\"Ieri, 14 septembrie, Apple a anun\u021bat noi produse. Pe l\u00e2ng\u0103 iPhone 13, echipa ne-a prezentat iPad, iPad mini \u0219i Apple Watch Series 7.\" \/>\n<meta name=\"robots\" content=\"index, follow, max-snippet:-1, max-image-preview:large, max-video-preview:-1\" \/>\n<link rel=\"canonical\" href=\"https:\/\/ispace.md\/blog\/apple-a-adaugat-noi-tablete-si-ceasuri-inteligente-in-gama-sa\/\" \/>\n<meta property=\"og:locale\" content=\"ru_RU\" \/>\n<meta property=\"og:type\" content=\"article\" \/>\n<meta property=\"og:title\" content=\"Apple a ad\u0103ugat noi tablete \u0219i ceasuri inteligente \u00een gama sa - iSpace\" \/>\n<meta property=\"og:description\" content=\"Ieri, 14 septembrie, Apple a anun\u021bat noi produse. Pe l\u00e2ng\u0103 iPhone 13, echipa ne-a prezentat iPad, iPad mini \u0219i Apple Watch Series 7.\" \/>\n<meta property=\"og:url\" content=\"https:\/\/ispace.md\/blog\/apple-a-adaugat-noi-tablete-si-ceasuri-inteligente-in-gama-sa\/\" \/>\n<meta property=\"og:site_name\" content=\"iSpace\" \/>\n<meta property=\"article:publisher\" content=\"https:\/\/www.facebook.com\/ispacemd\/\" \/>\n<meta property=\"article:published_time\" content=\"2021-10-21T08:15:41+00:00\" \/>\n<meta property=\"article:modified_time\" content=\"2023-11-15T09:48:05+00:00\" \/>\n<meta property=\"og:image\" content=\"https:\/\/ispace.md\/blog\/wp-content\/uploads\/2023\/11\/snimok-ekrana-2021-09-15-v-12.18.29-1.jpg\" \/>\n\t<meta property=\"og:image:width\" content=\"1200\" \/>\n\t<meta property=\"og:image:height\" content=\"800\" \/>\n<meta name=\"twitter:card\" content=\"summary_large_image\" \/>\n<meta name=\"twitter:label1\" content=\"\u041d\u0430\u043f\u0438\u0441\u0430\u043d\u043e \u0430\u0432\u0442\u043e\u0440\u043e\u043c\" \/>\n\t<meta name=\"twitter:data1\" content=\"istoreadm\" \/>\n\t<meta name=\"twitter:label2\" content=\"\u041f\u0440\u0438\u043c\u0435\u0440\u043d\u043e\u0435 \u0432\u0440\u0435\u043c\u044f \u0434\u043b\u044f \u0447\u0442\u0435\u043d\u0438\u044f\" \/>\n\t<meta name=\"twitter:data2\" content=\"5 \u043c\u0438\u043d\u0443\u0442\" \/>\n<script type=\"application\/ld+json\" class=\"yoast-schema-graph\">{\"@context\":\"https:\/\/schema.org\",\"@graph\":[{\"@type\":\"WebSite\",\"@id\":\"https:\/\/ispace.md\/blog\/ru\/#website\",\"url\":\"https:\/\/ispace.md\/blog\/ru\/\",\"name\":\"iSpace\",\"description\":\"\\u0411\\u043b\\u043e\\u0433 \\u043a\\u043e\\u043c\\u043f\\u0430\\u043d\\u0438\\u0438 iSpace\",\"potentialAction\":[{\"@type\":\"SearchAction\",\"target\":{\"@type\":\"EntryPoint\",\"urlTemplate\":\"https:\/\/ispace.md\/blog\/ru\/?s={search_term_string}\"},\"query-input\":\"required name=search_term_string\"}],\"inLanguage\":\"ru-RU\"},{\"@type\":\"ImageObject\",\"@id\":\"https:\/\/ispace.md\/blog\/apple-a-adaugat-noi-tablete-si-ceasuri-inteligente-in-gama-sa\/#primaryimage\",\"inLanguage\":\"ru-RU\",\"url\":\"https:\/\/ispace.md\/blog\/wp-content\/uploads\/2023\/11\/snimok-ekrana-2021-09-15-v-12.18.29-1.jpg\",\"contentUrl\":\"https:\/\/ispace.md\/blog\/wp-content\/uploads\/2023\/11\/snimok-ekrana-2021-09-15-v-12.18.29-1.jpg\",\"width\":1200,\"height\":800},{\"@type\":\"WebPage\",\"@id\":\"https:\/\/ispace.md\/blog\/apple-a-adaugat-noi-tablete-si-ceasuri-inteligente-in-gama-sa\/#webpage\",\"url\":\"https:\/\/ispace.md\/blog\/apple-a-adaugat-noi-tablete-si-ceasuri-inteligente-in-gama-sa\/\",\"name\":\"Apple a ad\\u0103ugat noi tablete \\u0219i ceasuri inteligente \\u00een gama sa - iSpace\",\"isPartOf\":{\"@id\":\"https:\/\/ispace.md\/blog\/ru\/#website\"},\"primaryImageOfPage\":{\"@id\":\"https:\/\/ispace.md\/blog\/apple-a-adaugat-noi-tablete-si-ceasuri-inteligente-in-gama-sa\/#primaryimage\"},\"datePublished\":\"2021-10-21T08:15:41+00:00\",\"dateModified\":\"2023-11-15T09:48:05+00:00\",\"author\":{\"@id\":\"https:\/\/ispace.md\/blog\/ru\/#\/schema\/person\/ee7c990e7f16a92ff015648f1d3212cd\"},\"description\":\"Ieri, 14 septembrie, Apple a anun\\u021bat noi produse. Pe l\\u00e2ng\\u0103 iPhone 13, echipa ne-a prezentat iPad, iPad mini \\u0219i Apple Watch Series 7.\",\"breadcrumb\":{\"@id\":\"https:\/\/ispace.md\/blog\/apple-a-adaugat-noi-tablete-si-ceasuri-inteligente-in-gama-sa\/#breadcrumb\"},\"inLanguage\":\"ru-RU\",\"potentialAction\":[{\"@type\":\"ReadAction\",\"target\":[\"https:\/\/ispace.md\/blog\/apple-a-adaugat-noi-tablete-si-ceasuri-inteligente-in-gama-sa\/\"]}]},{\"@type\":\"BreadcrumbList\",\"@id\":\"https:\/\/ispace.md\/blog\/apple-a-adaugat-noi-tablete-si-ceasuri-inteligente-in-gama-sa\/#breadcrumb\",\"itemListElement\":[{\"@type\":\"ListItem\",\"position\":1,\"name\":\"\\u0413\\u043b\\u0430\\u0432\\u043d\\u0430\\u044f \\u0441\\u0442\\u0440\\u0430\\u043d\\u0438\\u0446\\u0430\",\"item\":\"https:\/\/ispace.md\/blog\/ru\/\"},{\"@type\":\"ListItem\",\"position\":2,\"name\":\"Apple a ad\\u0103ugat noi tablete \\u0219i ceasuri inteligente \\u00een gama sa\"}]},{\"@type\":\"Person\",\"@id\":\"https:\/\/ispace.md\/blog\/ru\/#\/schema\/person\/ee7c990e7f16a92ff015648f1d3212cd\",\"name\":\"istoreadm\",\"image\":{\"@type\":\"ImageObject\",\"@id\":\"https:\/\/ispace.md\/blog\/ru\/#personlogo\",\"inLanguage\":\"ru-RU\",\"url\":\"https:\/\/secure.gravatar.com\/avatar\/3ab1424e156237432133bacf1fcdd22d?s=96&d=mm&r=g\",\"contentUrl\":\"https:\/\/secure.gravatar.com\/avatar\/3ab1424e156237432133bacf1fcdd22d?s=96&d=mm&r=g\",\"caption\":\"istoreadm\"},\"url\":\"https:\/\/ispace.md\/blog\/author\/istoreadm\/\"}]}<\/script>\n<!-- \/ Yoast SEO plugin. -->","yoast_head_json":{"title":"Apple a ad\u0103ugat noi tablete \u0219i ceasuri inteligente \u00een gama sa - iSpace","description":"Ieri, 14 septembrie, Apple a anun\u021bat noi produse. Pe l\u00e2ng\u0103 iPhone 13, echipa ne-a prezentat iPad, iPad mini \u0219i Apple Watch Series 7.","robots":{"index":"index","follow":"follow","max-snippet":"max-snippet:-1","max-image-preview":"max-image-preview:large","max-video-preview":"max-video-preview:-1"},"canonical":"https:\/\/ispace.md\/blog\/apple-a-adaugat-noi-tablete-si-ceasuri-inteligente-in-gama-sa\/","og_locale":"ru_RU","og_type":"article","og_title":"Apple a ad\u0103ugat noi tablete \u0219i ceasuri inteligente \u00een gama sa - iSpace","og_description":"Ieri, 14 septembrie, Apple a anun\u021bat noi produse. Pe l\u00e2ng\u0103 iPhone 13, echipa ne-a prezentat iPad, iPad mini \u0219i Apple Watch Series 7.","og_url":"https:\/\/ispace.md\/blog\/apple-a-adaugat-noi-tablete-si-ceasuri-inteligente-in-gama-sa\/","og_site_name":"iSpace","article_publisher":"https:\/\/www.facebook.com\/ispacemd\/","article_published_time":"2021-10-21T08:15:41+00:00","article_modified_time":"2023-11-15T09:48:05+00:00","og_image":[{"width":1200,"height":800,"url":"https:\/\/ispace.md\/blog\/wp-content\/uploads\/2023\/11\/snimok-ekrana-2021-09-15-v-12.18.29-1.jpg","path":"\/srv\/ispace.md\/blog\/wp-content\/uploads\/2023\/11\/snimok-ekrana-2021-09-15-v-12.18.29-1.jpg","size":"full","id":6870,"alt":"","pixels":960000,"type":"image\/jpeg"}],"twitter_card":"summary_large_image","twitter_misc":{"\u041d\u0430\u043f\u0438\u0441\u0430\u043d\u043e \u0430\u0432\u0442\u043e\u0440\u043e\u043c":"istoreadm","\u041f\u0440\u0438\u043c\u0435\u0440\u043d\u043e\u0435 \u0432\u0440\u0435\u043c\u044f \u0434\u043b\u044f \u0447\u0442\u0435\u043d\u0438\u044f":"5 \u043c\u0438\u043d\u0443\u0442"},"schema":{"@context":"https:\/\/schema.org","@graph":[{"@type":"WebSite","@id":"https:\/\/ispace.md\/blog\/ru\/#website","url":"https:\/\/ispace.md\/blog\/ru\/","name":"iSpace","description":"\u0411\u043b\u043e\u0433 \u043a\u043e\u043c\u043f\u0430\u043d\u0438\u0438 iSpace","potentialAction":[{"@type":"SearchAction","target":{"@type":"EntryPoint","urlTemplate":"https:\/\/ispace.md\/blog\/ru\/?s={search_term_string}"},"query-input":"required name=search_term_string"}],"inLanguage":"ru-RU"},{"@type":"ImageObject","@id":"https:\/\/ispace.md\/blog\/apple-a-adaugat-noi-tablete-si-ceasuri-inteligente-in-gama-sa\/#primaryimage","inLanguage":"ru-RU","url":"https:\/\/ispace.md\/blog\/wp-content\/uploads\/2023\/11\/snimok-ekrana-2021-09-15-v-12.18.29-1.jpg","contentUrl":"https:\/\/ispace.md\/blog\/wp-content\/uploads\/2023\/11\/snimok-ekrana-2021-09-15-v-12.18.29-1.jpg","width":1200,"height":800},{"@type":"WebPage","@id":"https:\/\/ispace.md\/blog\/apple-a-adaugat-noi-tablete-si-ceasuri-inteligente-in-gama-sa\/#webpage","url":"https:\/\/ispace.md\/blog\/apple-a-adaugat-noi-tablete-si-ceasuri-inteligente-in-gama-sa\/","name":"Apple a ad\u0103ugat noi tablete \u0219i ceasuri inteligente \u00een gama sa - iSpace","isPartOf":{"@id":"https:\/\/ispace.md\/blog\/ru\/#website"},"primaryImageOfPage":{"@id":"https:\/\/ispace.md\/blog\/apple-a-adaugat-noi-tablete-si-ceasuri-inteligente-in-gama-sa\/#primaryimage"},"datePublished":"2021-10-21T08:15:41+00:00","dateModified":"2023-11-15T09:48:05+00:00","author":{"@id":"https:\/\/ispace.md\/blog\/ru\/#\/schema\/person\/ee7c990e7f16a92ff015648f1d3212cd"},"description":"Ieri, 14 septembrie, Apple a anun\u021bat noi produse. Pe l\u00e2ng\u0103 iPhone 13, echipa ne-a prezentat iPad, iPad mini \u0219i Apple Watch Series 7.","breadcrumb":{"@id":"https:\/\/ispace.md\/blog\/apple-a-adaugat-noi-tablete-si-ceasuri-inteligente-in-gama-sa\/#breadcrumb"},"inLanguage":"ru-RU","potentialAction":[{"@type":"ReadAction","target":["https:\/\/ispace.md\/blog\/apple-a-adaugat-noi-tablete-si-ceasuri-inteligente-in-gama-sa\/"]}]},{"@type":"BreadcrumbList","@id":"https:\/\/ispace.md\/blog\/apple-a-adaugat-noi-tablete-si-ceasuri-inteligente-in-gama-sa\/#breadcrumb","itemListElement":[{"@type":"ListItem","position":1,"name":"\u0413\u043b\u0430\u0432\u043d\u0430\u044f \u0441\u0442\u0440\u0430\u043d\u0438\u0446\u0430","item":"https:\/\/ispace.md\/blog\/ru\/"},{"@type":"ListItem","position":2,"name":"Apple a ad\u0103ugat noi tablete \u0219i ceasuri inteligente \u00een gama sa"}]},{"@type":"Person","@id":"https:\/\/ispace.md\/blog\/ru\/#\/schema\/person\/ee7c990e7f16a92ff015648f1d3212cd","name":"istoreadm","image":{"@type":"ImageObject","@id":"https:\/\/ispace.md\/blog\/ru\/#personlogo","inLanguage":"ru-RU","url":"https:\/\/secure.gravatar.com\/avatar\/3ab1424e156237432133bacf1fcdd22d?s=96&d=mm&r=g","contentUrl":"https:\/\/secure.gravatar.com\/avatar\/3ab1424e156237432133bacf1fcdd22d?s=96&d=mm&r=g","caption":"istoreadm"},"url":"https:\/\/ispace.md\/blog\/author\/istoreadm\/"}]}},"frontimg":"https:\/\/ispace.md\/blog\/wp-content\/uploads\/2023\/11\/snimok-ekrana-2021-09-15-v-12.18.29-1-320x220.jpg","frontimglarge":"https:\/\/ispace.md\/blog\/wp-content\/uploads\/2023\/11\/snimok-ekrana-2021-09-15-v-12.18.29-1-730x300.jpg","acf":{"select_banner_style":"0","select_sidebar":"0","axil_post_review_box":false},"_links":{"self":[{"href":"https:\/\/ispace.md\/blog\/wp-json\/wp\/v2\/posts\/6882"}],"collection":[{"href":"https:\/\/ispace.md\/blog\/wp-json\/wp\/v2\/posts"}],"about":[{"href":"https:\/\/ispace.md\/blog\/wp-json\/wp\/v2\/types\/post"}],"author":[{"embeddable":true,"href":"https:\/\/ispace.md\/blog\/wp-json\/wp\/v2\/users\/1"}],"replies":[{"embeddable":true,"href":"https:\/\/ispace.md\/blog\/wp-json\/wp\/v2\/comments?post=6882"}],"version-history":[{"count":2,"href":"https:\/\/ispace.md\/blog\/wp-json\/wp\/v2\/posts\/6882\/revisions"}],"predecessor-version":[{"id":6885,"href":"https:\/\/ispace.md\/blog\/wp-json\/wp\/v2\/posts\/6882\/revisions\/6885"}],"wp:featuredmedia":[{"embeddable":true,"href":"https:\/\/ispace.md\/blog\/wp-json\/wp\/v2\/media\/6870"}],"wp:attachment":[{"href":"https:\/\/ispace.md\/blog\/wp-json\/wp\/v2\/media?parent=6882"}],"wp:term":[{"taxonomy":"category","embeddable":true,"href":"https:\/\/ispace.md\/blog\/wp-json\/wp\/v2\/categories?post=6882"},{"taxonomy":"post_tag","embeddable":true,"href":"https:\/\/ispace.md\/blog\/wp-json\/wp\/v2\/tags?post=6882"}],"curies":[{"name":"wp","href":"https:\/\/api.w.org\/{rel}","templated":true}]}}