{"id":6898,"date":"2022-02-28T16:28:13","date_gmt":"2022-02-28T14:28:13","guid":{"rendered":"https:\/\/ispace.md\/blog\/?p=6898"},"modified":"2023-11-16T10:59:37","modified_gmt":"2023-11-16T08:59:37","slug":"doar-fapte-5-motive-sa-ii-oferiti-ei-castile-airpods","status":"publish","type":"post","link":"https:\/\/ispace.md\/blog\/doar-fapte-5-motive-sa-ii-oferiti-ei-castile-airpods\/","title":{"rendered":"Doar fapte: 5 motive s\u0103 \u00eei oferi\u021bi ei AirPods."},"content":{"rendered":"<p><img loading=\"lazy\" class=\"aligncenter wp-image-6889 size-full\" src=\"https:\/\/ispace.md\/blog\/wp-content\/uploads\/2023\/11\/daniel-romero-AgLMrojqjAM-unsplash-3-1024x601-1.jpg\" alt=\"c\u0103\u0219tile\" width=\"1024\" height=\"601\" srcset=\"https:\/\/ispace.md\/blog\/wp-content\/uploads\/2023\/11\/daniel-romero-AgLMrojqjAM-unsplash-3-1024x601-1.jpg 1024w, https:\/\/ispace.md\/blog\/wp-content\/uploads\/2023\/11\/daniel-romero-AgLMrojqjAM-unsplash-3-1024x601-1-400x235.jpg 400w, https:\/\/ispace.md\/blog\/wp-content\/uploads\/2023\/11\/daniel-romero-AgLMrojqjAM-unsplash-3-1024x601-1-768x451.jpg 768w\" sizes=\"(max-width: 1024px) 100vw, 1024px\" \/><\/p>\n<p><strong>Partenera dvs. ador\u0103 s\u0103-\u0219i coloreze via\u021ba cu muzic\u0103? Ascult\u0103 des piesele ei preferate \u00een drum spre \u0219coal\u0103, munc\u0103 sau sal\u0103 de sport? Atunci am g\u0103sit cadoul perfect pentru ea &#8211; AirPods.<\/strong><\/p>\n<p>C\u0103\u0219tile nu se \u00eencurc\u0103 \u00een p\u0103rul lung al femeilor \u0219i se integreaz\u0103 frumos \u00een orice \u021binut\u0103. Ele func\u021bioneaz\u0103 minunat cu iOS, dar se conecteaz\u0103 u\u0219or \u0219i la Android. \u0218i construc\u021bia lor f\u0103r\u0103 fir ofer\u0103 o libertate total\u0103 de mi\u0219care.<\/p>\n<p><strong>5 motive pentru care <a href=\"https:\/\/ispace.md\/accessories\/audio\/apple-airpods\">AirPods<\/a> sunt cel mai bun cadou pentru partenera, logodnica sau so\u021bia dvs.<\/strong><\/p>\n<p><strong>1.Sunet cu adev\u0103rat bun<\/strong><\/p>\n<p><img loading=\"lazy\" class=\"aligncenter wp-image-6890 size-full\" src=\"https:\/\/ispace.md\/blog\/wp-content\/uploads\/2023\/11\/auguras-pipiras-OC7Jb9LDIf8-unsplash-768x512-1.jpg\" alt=\"\" width=\"768\" height=\"512\" srcset=\"https:\/\/ispace.md\/blog\/wp-content\/uploads\/2023\/11\/auguras-pipiras-OC7Jb9LDIf8-unsplash-768x512-1.jpg 768w, https:\/\/ispace.md\/blog\/wp-content\/uploads\/2023\/11\/auguras-pipiras-OC7Jb9LDIf8-unsplash-768x512-1-400x267.jpg 400w, https:\/\/ispace.md\/blog\/wp-content\/uploads\/2023\/11\/auguras-pipiras-OC7Jb9LDIf8-unsplash-768x512-1-390x260.jpg 390w, https:\/\/ispace.md\/blog\/wp-content\/uploads\/2023\/11\/auguras-pipiras-OC7Jb9LDIf8-unsplash-768x512-1-285x190.jpg 285w\" sizes=\"(max-width: 768px) 100vw, 768px\" \/><\/p>\n<p>AirPods ofer\u0103 partenerilor vo\u0219tri o experien\u021b\u0103 sonor\u0103 echilibrat\u0103 \u0219i puternic\u0103, deoarece sunetul de calitate este esen\u021bial pentru orice pereche de c\u0103\u0219ti. Acest lucru se datoreaz\u0103 faptului c\u0103 fetele (\u0219i b\u0103ie\u021bii, de asemenea) ascult\u0103 muzic\u0103 pentru a experimenta emo\u021bii. Pentru a se pierde \u00een propriul lor univers, pentru a se relaxa sau, dimpotriv\u0103, pentru a-\u0219i \u00eembun\u0103t\u0103\u021bi starea de spirit.<\/p>\n<p>Cu AirPods, partenerii vo\u0219tri vor c\u00e2nta \u00eempreun\u0103 cu piesele lor preferate. \u0218i dac\u0103 sunt singuri acas\u0103 sau nimeni nu \u00eei vede, s-ar putea s\u0103 \u0219i danseze. Volumul imersiv al AirPods creeaz\u0103 atmosfera pe care artistul a inten\u021bionat-o. Acest lucru se datoreaz\u0103 egalizatorului adaptiv, cipului nostru H1 \u0219i driverului dinamic. \u00cen plus, sunetul poate fi personalizat prin intermediul set\u0103rilor egalizatorului \u00een set\u0103rile sistemului. De asemenea, acest lucru este implementat separat \u00een aplica\u021biile ter\u021be.<\/p>\n<p>Indiferent ce gen de muzic\u0103 ascult\u0103 partenerii vo\u0219tri, sunetul din AirPods va fi remarcabil. \u0218i datorit\u0103 designului c\u0103\u0219tilor, ei pot s\u0103 \u00ee\u0219i pun\u0103 melodii precum Maksim sau Dima Bilan f\u0103r\u0103 s\u0103 se team\u0103 c\u0103 cei din jur \u00eei aud.<\/p>\n<p><strong>2.Durat\u0103 lung\u0103 de func\u021bionare f\u0103r\u0103 a necesita \u00eenc\u0103rcare.<\/strong><\/p>\n<p><img loading=\"lazy\" class=\"aligncenter wp-image-6891 size-full\" src=\"https:\/\/ispace.md\/blog\/wp-content\/uploads\/2023\/11\/omid-armin-AnOqYTCpPmw-unsplash-768x502-1.jpg\" alt=\"c\u0103\u0219tile\" width=\"768\" height=\"502\" srcset=\"https:\/\/ispace.md\/blog\/wp-content\/uploads\/2023\/11\/omid-armin-AnOqYTCpPmw-unsplash-768x502-1.jpg 768w, https:\/\/ispace.md\/blog\/wp-content\/uploads\/2023\/11\/omid-armin-AnOqYTCpPmw-unsplash-768x502-1-400x261.jpg 400w\" sizes=\"(max-width: 768px) 100vw, 768px\" \/><\/p>\n<p>AirPods nu vor influen\u021ba \u00een mod negativ starea dvs. de spirit. Ele v\u0103 vor ajuta s\u0103 v\u0103 preg\u0103ti\u021bi pentru munc\u0103 sau studiu \u0219i se \u00eencarc\u0103 rapid, asigur\u00e2nd o perioad\u0103 lung\u0103 de func\u021bionare f\u0103r\u0103 necesitatea \u00eenc\u0103rc\u0103rii. \u00cen r\u00e2ndul c\u0103\u0219tilor wireless cu inser\u021bii, ele se remarc\u0103 prin una dintre cele mai bune autonomii.<\/p>\n<p>\u00cen modul de <strong>redare audio continu\u0103<\/strong>, c\u0103\u0219tile ofer\u0103 urm\u0103toarele perioade de func\u021bionare:<\/p>\n<ul>\n<li><a href=\"https:\/\/ispace.md\/accessories\/audio\/apple-airpods\/tws-bluetooth-headsets-apple-airpods-mv7n2rua\"><strong>AirPods 2<\/strong><\/a> \u2013 p\u00e2n\u0103 la 5 ore.<\/li>\n<li><a href=\"https:\/\/ispace.md\/accessories\/audio\/apple-airpods\/tws-bluetooth-headsets-apple-airpods-gen-3-mpny3rua\"><strong>AirPods 3<\/strong><\/a> \u2013 p\u00e2n\u0103 la 6 ore.<\/li>\n<li><a href=\"https:\/\/ispace.md\/accessories\/audio\/apple-airpods\/tws-bluetooth-headsets-apple-airpods-pro-gen-2-mqd83rua\"><strong>AirPods Pro<\/strong><\/a> \u2013 p\u00e2n\u0103 la 4,5 ore.<\/li>\n<li><a href=\"https:\/\/ispace.md\/accessories\/audio\/apple-airpods\/tws-bluetooth-headsets-apple-airpods-max-mgyh3rua\"><strong>AirPods Max<\/strong><\/a> \u2013 p\u00e2n\u0103 la 20 de ore.<\/li>\n<\/ul>\n<p>Aceste perioade sunt suficiente pentru a v\u0103 desf\u0103\u0219ura activit\u0103\u021bi zilnice, fie c\u0103 este vorba de treburi, antrenamente sau vizionarea unui film. Doar 5 minute de \u00eenc\u0103rcare \u00een carcasa lor<strong> prelungesc timpul de utilizare<\/strong> al AirPods 3 \u0219i Pro cu \u00eenc\u0103 o or\u0103. \u00cen general, cu \u00eenc\u0103rcare periodic\u0103 \u00een carcasa lor, c\u0103\u0219tile ofer\u0103 urm\u0103toarele perioade de func\u021bionare:<\/p>\n<ul>\n<li><strong>AirPods 2 \u0219i Pro<\/strong> \u2013 peste 24 de ore \u00een modul de redare \u0219i p\u00e2n\u0103 la 20 de ore \u00een modul convorbire telefonic\u0103.<\/li>\n<li><strong>AirPods 3<\/strong> \u2013 p\u00e2n\u0103 la 30 de ore de redare \u0219i p\u00e2n\u0103 la 20 de ore \u00een modul convorbire.<\/li>\n<\/ul>\n<p>Dup\u0103 cum observa\u021bi, AirPods nu \u00eent\u00e2mpin\u0103 probleme \u00een ceea ce prive\u0219te autonomia. Ele au o durat\u0103 de via\u021b\u0103 suficient de lung\u0103 pentru a fi utilizate \u00een mod confortabil \u00een fiecare zi, elimin\u00e2nd grija \u00eenc\u0103rc\u0103rii \u00een c\u0103l\u0103toriile lungi.<\/p>\n<p><strong>3. Comutarea inteligent\u0103 \u00eentre dispozitive<\/strong><\/p>\n<p><img loading=\"lazy\" class=\"aligncenter wp-image-6892 size-full\" src=\"https:\/\/ispace.md\/blog\/wp-content\/uploads\/2023\/11\/brandon-romanchuk-eIzFrxkTcz0-unsplash-768x512-1.jpg\" alt=\"\" width=\"768\" height=\"512\" srcset=\"https:\/\/ispace.md\/blog\/wp-content\/uploads\/2023\/11\/brandon-romanchuk-eIzFrxkTcz0-unsplash-768x512-1.jpg 768w, https:\/\/ispace.md\/blog\/wp-content\/uploads\/2023\/11\/brandon-romanchuk-eIzFrxkTcz0-unsplash-768x512-1-400x267.jpg 400w, https:\/\/ispace.md\/blog\/wp-content\/uploads\/2023\/11\/brandon-romanchuk-eIzFrxkTcz0-unsplash-768x512-1-390x260.jpg 390w, https:\/\/ispace.md\/blog\/wp-content\/uploads\/2023\/11\/brandon-romanchuk-eIzFrxkTcz0-unsplash-768x512-1-285x190.jpg 285w\" sizes=\"(max-width: 768px) 100vw, 768px\" \/><\/p>\n<p>Imagina\u021bi-v\u0103 c\u0103 suna\u021bi iubita dvs. de pe iPhone c\u00e2nd ea lucreaz\u0103 cu c\u0103\u0219tile pe un Mac. Ea nu va fi nevoit\u0103 s\u0103 scoat\u0103 AirPods din urechi pentru a v\u0103 r\u0103spunde: acestea se vor comuta automat la telefon. Apoi, \u00eenapoi. F\u0103r\u0103 proceduri plictisitoare de reconectare: pur \u0219i simplu func\u021bioneaz\u0103.<\/p>\n<p>Pentru comutarea rapid\u0103 \u00eentre dispozitivele Apple r\u0103spunde cipul H1. Acesta poate avea loc automat sau manual. Singurele condi\u021bii sunt ca dispozitivele s\u0103 fie asociate cu acela\u0219i Apple ID \u0219i s\u0103 fie \u00een apropiere.<\/p>\n<p><strong>4. Tehnologii avansate.<\/strong><\/p>\n<p><img loading=\"lazy\" class=\"aligncenter wp-image-6893 size-full\" src=\"https:\/\/ispace.md\/blog\/wp-content\/uploads\/2023\/11\/project-290-Q-raIe-gAOo-unsplash-768x512-1.jpg\" alt=\"c\u0103\u0219tile\" width=\"768\" height=\"512\" srcset=\"https:\/\/ispace.md\/blog\/wp-content\/uploads\/2023\/11\/project-290-Q-raIe-gAOo-unsplash-768x512-1.jpg 768w, https:\/\/ispace.md\/blog\/wp-content\/uploads\/2023\/11\/project-290-Q-raIe-gAOo-unsplash-768x512-1-400x267.jpg 400w, https:\/\/ispace.md\/blog\/wp-content\/uploads\/2023\/11\/project-290-Q-raIe-gAOo-unsplash-768x512-1-390x260.jpg 390w, https:\/\/ispace.md\/blog\/wp-content\/uploads\/2023\/11\/project-290-Q-raIe-gAOo-unsplash-768x512-1-285x190.jpg 285w\" sizes=\"(max-width: 768px) 100vw, 768px\" \/><\/p>\n<p>AirPods \u2013 cel mai bun prieten \u0219i partener constant pentru iubita ta. \u00cen afar\u0103 de tine, desigur. Dispozitivul va \u00een\u021belege preferin\u021bele ei f\u0103r\u0103 cuvinte: a scos c\u0103\u0219tile din ureche? Melodia se va opri automat. Vrea s\u0103 vad\u0103 nivelul bateriei? Trebuie doar s\u0103 apropie carcasa deschis\u0103 de un iPhone deblocat. \u0218i acestea nu sunt singurele func\u021bii.<\/p>\n<p>AirPods Pro \u0219i AirPods Max sunt ideale pentru un ora\u0219 zgomotos. Acestea au \u00eencorporat un <strong>sistem de anulare activ\u0103 a zgomotului,<\/strong> care v\u0103 permite s\u0103 &#8220;opri\u021bi&#8221; sunetele din jur \u0219i s\u0103 v\u0103 bucura\u021bi de muzic\u0103. Func\u021bia lucreaz\u0103 excelent: nu va trebui s\u0103 cre\u0219te\u021bi volumul nici \u00een metrou, nici chiar l\u00e2ng\u0103 un mower care func\u021bioneaz\u0103. Pentru mai multe detalii despre cum func\u021bioneaz\u0103 anularea activ\u0103 a zgomotului la AirPods, citi\u021bi <a href=\"https:\/\/ispace.md\/blog\/cum-functioneaza-anularea-activa-a-zgomotului-in-airpods-si-ce-legatura-are-aceasta-cu-aviatia\/\"><strong>recenzia<\/strong> <\/a>noastr\u0103.<\/p>\n<p>Pentru a redescoperi melodiile preferate, exist\u0103 un <strong>egalizator adaptiv<\/strong>. Acesta este prezent la AirPods 3, Pro \u0219i Max. Tehnologia ajusteaz\u0103 frecven\u021bele \u00een func\u021bie de forma urechii proprietarului, lu\u00e2nd \u00een considerare anatomia urechii, dimensiunea acesteia \u0219i chiar prezen\u021ba p\u0103rului, care influen\u021beaz\u0103 modul \u00een care sunetul ajunge la timpanul nostru.<\/p>\n<p>Pentru a v\u0103 sim\u021bi ca \u00eentr-un cinematograf sau la un concert real, exist\u0103 <strong>sunet spa\u021bial sau &#8220;efect de prezen\u021b\u0103&#8221;<\/strong>. Aceasta este sus\u021binut\u0103 de AirPods Pro \u0219i Max. Cum func\u021bioneaz\u0103? De exemplu, \u00een via\u021ba real\u0103, atunci c\u00e2nd v\u0103 \u00eentoarce\u021bi cu fa\u021ba spre scen\u0103, o ureche aude sunetul mai bine dec\u00e2t cealalt\u0103. Acela\u0219i efect \u00eel ofer\u0103 c\u0103\u0219tile.<\/p>\n<p>\u00cen termeni tehnici, func\u021bia utilizeaz\u0103 un accelerometru \u0219i un giroscop pentru a determina dinamic pozi\u021bia capului utilizatorului \u00een spa\u021biu. \u0218i, pe baza acestor date, regleaz\u0103 intensitatea \u0219i volumul sunetului.<\/p>\n<p><strong>5. Protec\u021bie \u00eempotriva apei, transpira\u021biei \u0219i control simplu.<\/strong><\/p>\n<p><img loading=\"lazy\" class=\"aligncenter wp-image-6888 size-full\" src=\"https:\/\/ispace.md\/blog\/wp-content\/uploads\/2023\/11\/thai-nguyen-VhsYmb1Zt_M-unsplash-1.jpg\" alt=\"\" width=\"1200\" height=\"802\" srcset=\"https:\/\/ispace.md\/blog\/wp-content\/uploads\/2023\/11\/thai-nguyen-VhsYmb1Zt_M-unsplash-1.jpg 1200w, https:\/\/ispace.md\/blog\/wp-content\/uploads\/2023\/11\/thai-nguyen-VhsYmb1Zt_M-unsplash-1-400x267.jpg 400w, https:\/\/ispace.md\/blog\/wp-content\/uploads\/2023\/11\/thai-nguyen-VhsYmb1Zt_M-unsplash-1-1024x684.jpg 1024w, https:\/\/ispace.md\/blog\/wp-content\/uploads\/2023\/11\/thai-nguyen-VhsYmb1Zt_M-unsplash-1-768x513.jpg 768w, https:\/\/ispace.md\/blog\/wp-content\/uploads\/2023\/11\/thai-nguyen-VhsYmb1Zt_M-unsplash-1-390x260.jpg 390w, https:\/\/ispace.md\/blog\/wp-content\/uploads\/2023\/11\/thai-nguyen-VhsYmb1Zt_M-unsplash-1-285x190.jpg 285w\" sizes=\"(max-width: 1200px) 100vw, 1200px\" \/><\/p>\n<p>Partenera dvs. are grij\u0103 de ea \u0219i face sport? Cu AirPods, cu siguran\u021b\u0103 va atinge obiectivele sale. Deoarece muzica potrivit\u0103 \u00eembun\u0103t\u0103\u021be\u0219te starea de spirit \u0219i poate distrage creierul de la oboseala muscular\u0103. Rezultatul &#8211; lucr\u0103m mai intens, f\u0103r\u0103 s\u0103 ne d\u0103m seama. \u0218i nu trebuie s\u0103 v\u0103 face\u021bi griji cu privire la siguran\u021ba c\u0103\u0219tilor: <strong>AirPods nu se tem de transpira\u021bie sau umiditate<\/strong>, deci le pute\u021bi utiliza chiar \u0219i \u00een ploaie.<\/p>\n<p>Partenera dvs. nu iube\u0219te dispozitivele complicate? Excelent, deoarece AirPods sunt gata de utilizare &#8220;din cutie&#8221;. Nu este necesar <strong>s\u0103 le configura\u021bi sau s\u0103 le ajusta\u021bi.<\/strong> \u0218i pentru a schimba piesa sau a r\u0103spunde la apelul dvs., nu va trebui s\u0103 scoat\u0103 smartphone-ul. Este incredibil de convenabil c\u00e2nd afar\u0103 este rece \u0219i m\u00e2inile \u00eenghea\u021b\u0103. \u0218i, de asemenea, \u00een timpul alerg\u0103rilor, plimb\u0103rilor cu bicicleta sau atunci c\u00e2nd m\u00e2inile sunt ocupate.<\/p>\n<p>Oricare AirPods pot fi controlate cu ajutorul asistentului vocal Siri sau prin atingere. Pe tija <strong>AirPods 2, 3 \u0219i Pro<\/strong> exist\u0103 senzori tactili care reac\u021bioneaz\u0103 la atingeri. Prin b\u0103t\u0103i sau ap\u0103s\u0103ri po\u021bi:<\/p>\n<ul>\n<li>schimba piesele;<\/li>\n<li>r\u0103spunde la apeluri;<\/li>\n<li>opri \u0219i relua redarea muzicii;<\/li>\n<li>activa Siri;<\/li>\n<li>pe AirPods Pro &#8211; comuta \u00eentre modurile &#8220;Anulare zgomot&#8221; \u0219i &#8220;Transparen\u021b\u0103&#8221;.<\/li>\n<\/ul>\n<p>Controlul <strong>AirPods Max<\/strong> se poate realiza cu ajutorul roti\u021bei Digital Crown \u0219i a unui buton de pe casca dreapt\u0103.<\/p>\n<p><img loading=\"lazy\" class=\"aligncenter wp-image-6894 size-full\" src=\"https:\/\/ispace.md\/blog\/wp-content\/uploads\/2023\/11\/matt-birchler-UnSoy1GII9Q-unsplash-768x511-1.jpg\" alt=\"c\u0103\u0219tile\" width=\"768\" height=\"511\" srcset=\"https:\/\/ispace.md\/blog\/wp-content\/uploads\/2023\/11\/matt-birchler-UnSoy1GII9Q-unsplash-768x511-1.jpg 768w, https:\/\/ispace.md\/blog\/wp-content\/uploads\/2023\/11\/matt-birchler-UnSoy1GII9Q-unsplash-768x511-1-400x266.jpg 400w, https:\/\/ispace.md\/blog\/wp-content\/uploads\/2023\/11\/matt-birchler-UnSoy1GII9Q-unsplash-768x511-1-390x260.jpg 390w, https:\/\/ispace.md\/blog\/wp-content\/uploads\/2023\/11\/matt-birchler-UnSoy1GII9Q-unsplash-768x511-1-285x190.jpg 285w\" sizes=\"(max-width: 768px) 100vw, 768px\" \/><\/p>\n<p>Dac\u0103 partenera dvs. folose\u0219te iPhone, Mac sau iPad, atunci AirPods vor fi cel mai bun cadou pentru ea. \u00cen orice caz, chiar \u0219i dac\u0103 este fidel\u0103 Android \u2013 la fel: va fi un motiv s\u0103-i deschide\u021bi un nou univers <a href=\"https:\/\/www.apple.com\/\">Apple<\/a>.<\/p>\n<p>Achizi\u021biona\u021bi <a href=\"https:\/\/ispace.md\/accessories\/audio\/apple-airpods\"><strong>AirPods<\/strong><\/a>, precum \u0219i accesorii elegante pentru ele de la iSpace. \u00cen magazinul nostru, pute\u021bi \u00eencerca fiecare model de c\u0103\u0219ti \u0219i alege pe cel care se potrive\u0219te cel mai bine \u0219i sun\u0103 cel mai bine pentru dvs. Costul AirPods \u00eencepe de la 3 399 MDL. Husele de protec\u021bie pornesc de la 539 MDL. <strong><a href=\"https:\/\/ispace.md\/accessories\/audio\/apple-airpods\">Accesa\u021bi catalogul \u2192<\/a><\/strong><\/p>\n<p><strong>CITI\u021aI MAI MULTE:<\/strong><\/p>\n<p><a href=\"https:\/\/ispace.md\/blog\/airpods-pro\/\"><strong>AirPods Pro: rezistente la ap\u0103 sau nu?<\/strong><\/a><\/p>\n<p><a href=\"https:\/\/ispace.md\/blog\/airpods-3-cele-mai-populare-casti-de-la-apple-acum-si-mai-bune\/\"><strong>AirPods 3 \u2013 cele mai populare c\u0103\u0219ti de la Apple. Acum \u0219i mai bune.<\/strong><\/a><\/p>\n<p><a href=\"https:\/\/ispace.md\/blog\/airpods-max-noile-casti-over-ear-de-la-apple-cu-sunet-spatial\/\"><strong>AirPods Max: noile c\u0103\u0219ti over-ear de la Apple cu sunet spatial.<\/strong><\/a><\/p>\n","protected":false},"excerpt":{"rendered":"<p>Partenera dvs. ador\u0103 s\u0103-\u0219i coloreze via\u021ba cu muzic\u0103? Ascult\u0103 des piesele ei preferate \u00een drum spre \u0219coal\u0103, munc\u0103 sau sal\u0103 de sport? Atunci am g\u0103sit cadoul perfect pentru ea &#8211; AirPods. C\u0103\u0219tile nu se \u00eencurc\u0103 \u00een p\u0103rul lung al femeilor \u0219i se integreaz\u0103 frumos \u00een orice \u021binut\u0103. Ele func\u021bioneaz\u0103 minunat cu iOS, dar se conecteaz\u0103 [&hellip;]<\/p>\n","protected":false},"author":1,"featured_media":6888,"comment_status":"open","ping_status":"open","sticky":false,"template":"","format":"standard","meta":[],"categories":[435,668],"tags":[796,1138,1140,798,800,455,714,755,1003,685,985],"yoast_head":"<!-- This site is optimized with the Yoast SEO plugin v17.0 - https:\/\/yoast.com\/wordpress\/plugins\/seo\/ -->\n<title>Doar fapte: 5 motive s\u0103 \u00eei oferi\u021bi ei AirPods. - iSpace<\/title>\n<meta name=\"description\" content=\"C\u0103\u0219tile nu se \u00eencurc\u0103 \u00een p\u0103rul lung al femeii \u0219i se potrivesc \u00een orice look. Func\u021bioneaz\u0103 perfect cu iOS, dar se conecteaz\u0103 \u0219i la Android.\" \/>\n<meta name=\"robots\" content=\"index, follow, max-snippet:-1, max-image-preview:large, max-video-preview:-1\" \/>\n<link rel=\"canonical\" href=\"https:\/\/ispace.md\/blog\/doar-fapte-5-motive-sa-ii-oferiti-ei-castile-airpods\/\" \/>\n<meta property=\"og:locale\" content=\"ru_RU\" \/>\n<meta property=\"og:type\" content=\"article\" \/>\n<meta property=\"og:title\" content=\"Doar fapte: 5 motive s\u0103 \u00eei oferi\u021bi ei AirPods. - iSpace\" \/>\n<meta property=\"og:description\" content=\"C\u0103\u0219tile nu se \u00eencurc\u0103 \u00een p\u0103rul lung al femeii \u0219i se potrivesc \u00een orice look. Func\u021bioneaz\u0103 perfect cu iOS, dar se conecteaz\u0103 \u0219i la Android.\" \/>\n<meta property=\"og:url\" content=\"https:\/\/ispace.md\/blog\/doar-fapte-5-motive-sa-ii-oferiti-ei-castile-airpods\/\" \/>\n<meta property=\"og:site_name\" content=\"iSpace\" \/>\n<meta property=\"article:publisher\" content=\"https:\/\/www.facebook.com\/ispacemd\/\" \/>\n<meta property=\"article:published_time\" content=\"2022-02-28T14:28:13+00:00\" \/>\n<meta property=\"article:modified_time\" content=\"2023-11-16T08:59:37+00:00\" \/>\n<meta property=\"og:image\" content=\"https:\/\/ispace.md\/blog\/wp-content\/uploads\/2023\/11\/thai-nguyen-VhsYmb1Zt_M-unsplash-1.jpg\" \/>\n\t<meta property=\"og:image:width\" content=\"1200\" \/>\n\t<meta property=\"og:image:height\" content=\"802\" \/>\n<meta name=\"twitter:card\" content=\"summary_large_image\" \/>\n<meta name=\"twitter:label1\" content=\"\u041d\u0430\u043f\u0438\u0441\u0430\u043d\u043e \u0430\u0432\u0442\u043e\u0440\u043e\u043c\" \/>\n\t<meta name=\"twitter:data1\" content=\"istoreadm\" \/>\n\t<meta name=\"twitter:label2\" content=\"\u041f\u0440\u0438\u043c\u0435\u0440\u043d\u043e\u0435 \u0432\u0440\u0435\u043c\u044f \u0434\u043b\u044f \u0447\u0442\u0435\u043d\u0438\u044f\" \/>\n\t<meta name=\"twitter:data2\" content=\"7 \u043c\u0438\u043d\u0443\u0442\" \/>\n<script type=\"application\/ld+json\" class=\"yoast-schema-graph\">{\"@context\":\"https:\/\/schema.org\",\"@graph\":[{\"@type\":\"WebSite\",\"@id\":\"https:\/\/ispace.md\/blog\/ru\/#website\",\"url\":\"https:\/\/ispace.md\/blog\/ru\/\",\"name\":\"iSpace\",\"description\":\"\\u0411\\u043b\\u043e\\u0433 \\u043a\\u043e\\u043c\\u043f\\u0430\\u043d\\u0438\\u0438 iSpace\",\"potentialAction\":[{\"@type\":\"SearchAction\",\"target\":{\"@type\":\"EntryPoint\",\"urlTemplate\":\"https:\/\/ispace.md\/blog\/ru\/?s={search_term_string}\"},\"query-input\":\"required name=search_term_string\"}],\"inLanguage\":\"ru-RU\"},{\"@type\":\"ImageObject\",\"@id\":\"https:\/\/ispace.md\/blog\/doar-fapte-5-motive-sa-ii-oferiti-ei-castile-airpods\/#primaryimage\",\"inLanguage\":\"ru-RU\",\"url\":\"https:\/\/ispace.md\/blog\/wp-content\/uploads\/2023\/11\/thai-nguyen-VhsYmb1Zt_M-unsplash-1.jpg\",\"contentUrl\":\"https:\/\/ispace.md\/blog\/wp-content\/uploads\/2023\/11\/thai-nguyen-VhsYmb1Zt_M-unsplash-1.jpg\",\"width\":1200,\"height\":802},{\"@type\":\"WebPage\",\"@id\":\"https:\/\/ispace.md\/blog\/doar-fapte-5-motive-sa-ii-oferiti-ei-castile-airpods\/#webpage\",\"url\":\"https:\/\/ispace.md\/blog\/doar-fapte-5-motive-sa-ii-oferiti-ei-castile-airpods\/\",\"name\":\"Doar fapte: 5 motive s\\u0103 \\u00eei oferi\\u021bi ei AirPods. - iSpace\",\"isPartOf\":{\"@id\":\"https:\/\/ispace.md\/blog\/ru\/#website\"},\"primaryImageOfPage\":{\"@id\":\"https:\/\/ispace.md\/blog\/doar-fapte-5-motive-sa-ii-oferiti-ei-castile-airpods\/#primaryimage\"},\"datePublished\":\"2022-02-28T14:28:13+00:00\",\"dateModified\":\"2023-11-16T08:59:37+00:00\",\"author\":{\"@id\":\"https:\/\/ispace.md\/blog\/ru\/#\/schema\/person\/ee7c990e7f16a92ff015648f1d3212cd\"},\"description\":\"C\\u0103\\u0219tile nu se \\u00eencurc\\u0103 \\u00een p\\u0103rul lung al femeii \\u0219i se potrivesc \\u00een orice look. Func\\u021bioneaz\\u0103 perfect cu iOS, dar se conecteaz\\u0103 \\u0219i la Android.\",\"breadcrumb\":{\"@id\":\"https:\/\/ispace.md\/blog\/doar-fapte-5-motive-sa-ii-oferiti-ei-castile-airpods\/#breadcrumb\"},\"inLanguage\":\"ru-RU\",\"potentialAction\":[{\"@type\":\"ReadAction\",\"target\":[\"https:\/\/ispace.md\/blog\/doar-fapte-5-motive-sa-ii-oferiti-ei-castile-airpods\/\"]}]},{\"@type\":\"BreadcrumbList\",\"@id\":\"https:\/\/ispace.md\/blog\/doar-fapte-5-motive-sa-ii-oferiti-ei-castile-airpods\/#breadcrumb\",\"itemListElement\":[{\"@type\":\"ListItem\",\"position\":1,\"name\":\"\\u0413\\u043b\\u0430\\u0432\\u043d\\u0430\\u044f \\u0441\\u0442\\u0440\\u0430\\u043d\\u0438\\u0446\\u0430\",\"item\":\"https:\/\/ispace.md\/blog\/ru\/\"},{\"@type\":\"ListItem\",\"position\":2,\"name\":\"Doar fapte: 5 motive s\\u0103 \\u00eei oferi\\u021bi ei AirPods.\"}]},{\"@type\":\"Person\",\"@id\":\"https:\/\/ispace.md\/blog\/ru\/#\/schema\/person\/ee7c990e7f16a92ff015648f1d3212cd\",\"name\":\"istoreadm\",\"image\":{\"@type\":\"ImageObject\",\"@id\":\"https:\/\/ispace.md\/blog\/ru\/#personlogo\",\"inLanguage\":\"ru-RU\",\"url\":\"https:\/\/secure.gravatar.com\/avatar\/3ab1424e156237432133bacf1fcdd22d?s=96&d=mm&r=g\",\"contentUrl\":\"https:\/\/secure.gravatar.com\/avatar\/3ab1424e156237432133bacf1fcdd22d?s=96&d=mm&r=g\",\"caption\":\"istoreadm\"},\"url\":\"https:\/\/ispace.md\/blog\/author\/istoreadm\/\"}]}<\/script>\n<!-- \/ Yoast SEO plugin. -->","yoast_head_json":{"title":"Doar fapte: 5 motive s\u0103 \u00eei oferi\u021bi ei AirPods. - iSpace","description":"C\u0103\u0219tile nu se \u00eencurc\u0103 \u00een p\u0103rul lung al femeii \u0219i se potrivesc \u00een orice look. Func\u021bioneaz\u0103 perfect cu iOS, dar se conecteaz\u0103 \u0219i la Android.","robots":{"index":"index","follow":"follow","max-snippet":"max-snippet:-1","max-image-preview":"max-image-preview:large","max-video-preview":"max-video-preview:-1"},"canonical":"https:\/\/ispace.md\/blog\/doar-fapte-5-motive-sa-ii-oferiti-ei-castile-airpods\/","og_locale":"ru_RU","og_type":"article","og_title":"Doar fapte: 5 motive s\u0103 \u00eei oferi\u021bi ei AirPods. - iSpace","og_description":"C\u0103\u0219tile nu se \u00eencurc\u0103 \u00een p\u0103rul lung al femeii \u0219i se potrivesc \u00een orice look. Func\u021bioneaz\u0103 perfect cu iOS, dar se conecteaz\u0103 \u0219i la Android.","og_url":"https:\/\/ispace.md\/blog\/doar-fapte-5-motive-sa-ii-oferiti-ei-castile-airpods\/","og_site_name":"iSpace","article_publisher":"https:\/\/www.facebook.com\/ispacemd\/","article_published_time":"2022-02-28T14:28:13+00:00","article_modified_time":"2023-11-16T08:59:37+00:00","og_image":[{"width":1200,"height":802,"url":"https:\/\/ispace.md\/blog\/wp-content\/uploads\/2023\/11\/thai-nguyen-VhsYmb1Zt_M-unsplash-1.jpg","path":"\/srv\/ispace.md\/blog\/wp-content\/uploads\/2023\/11\/thai-nguyen-VhsYmb1Zt_M-unsplash-1.jpg","size":"full","id":6888,"alt":"","pixels":962400,"type":"image\/jpeg"}],"twitter_card":"summary_large_image","twitter_misc":{"\u041d\u0430\u043f\u0438\u0441\u0430\u043d\u043e \u0430\u0432\u0442\u043e\u0440\u043e\u043c":"istoreadm","\u041f\u0440\u0438\u043c\u0435\u0440\u043d\u043e\u0435 \u0432\u0440\u0435\u043c\u044f \u0434\u043b\u044f \u0447\u0442\u0435\u043d\u0438\u044f":"7 \u043c\u0438\u043d\u0443\u0442"},"schema":{"@context":"https:\/\/schema.org","@graph":[{"@type":"WebSite","@id":"https:\/\/ispace.md\/blog\/ru\/#website","url":"https:\/\/ispace.md\/blog\/ru\/","name":"iSpace","description":"\u0411\u043b\u043e\u0433 \u043a\u043e\u043c\u043f\u0430\u043d\u0438\u0438 iSpace","potentialAction":[{"@type":"SearchAction","target":{"@type":"EntryPoint","urlTemplate":"https:\/\/ispace.md\/blog\/ru\/?s={search_term_string}"},"query-input":"required name=search_term_string"}],"inLanguage":"ru-RU"},{"@type":"ImageObject","@id":"https:\/\/ispace.md\/blog\/doar-fapte-5-motive-sa-ii-oferiti-ei-castile-airpods\/#primaryimage","inLanguage":"ru-RU","url":"https:\/\/ispace.md\/blog\/wp-content\/uploads\/2023\/11\/thai-nguyen-VhsYmb1Zt_M-unsplash-1.jpg","contentUrl":"https:\/\/ispace.md\/blog\/wp-content\/uploads\/2023\/11\/thai-nguyen-VhsYmb1Zt_M-unsplash-1.jpg","width":1200,"height":802},{"@type":"WebPage","@id":"https:\/\/ispace.md\/blog\/doar-fapte-5-motive-sa-ii-oferiti-ei-castile-airpods\/#webpage","url":"https:\/\/ispace.md\/blog\/doar-fapte-5-motive-sa-ii-oferiti-ei-castile-airpods\/","name":"Doar fapte: 5 motive s\u0103 \u00eei oferi\u021bi ei AirPods. - iSpace","isPartOf":{"@id":"https:\/\/ispace.md\/blog\/ru\/#website"},"primaryImageOfPage":{"@id":"https:\/\/ispace.md\/blog\/doar-fapte-5-motive-sa-ii-oferiti-ei-castile-airpods\/#primaryimage"},"datePublished":"2022-02-28T14:28:13+00:00","dateModified":"2023-11-16T08:59:37+00:00","author":{"@id":"https:\/\/ispace.md\/blog\/ru\/#\/schema\/person\/ee7c990e7f16a92ff015648f1d3212cd"},"description":"C\u0103\u0219tile nu se \u00eencurc\u0103 \u00een p\u0103rul lung al femeii \u0219i se potrivesc \u00een orice look. Func\u021bioneaz\u0103 perfect cu iOS, dar se conecteaz\u0103 \u0219i la Android.","breadcrumb":{"@id":"https:\/\/ispace.md\/blog\/doar-fapte-5-motive-sa-ii-oferiti-ei-castile-airpods\/#breadcrumb"},"inLanguage":"ru-RU","potentialAction":[{"@type":"ReadAction","target":["https:\/\/ispace.md\/blog\/doar-fapte-5-motive-sa-ii-oferiti-ei-castile-airpods\/"]}]},{"@type":"BreadcrumbList","@id":"https:\/\/ispace.md\/blog\/doar-fapte-5-motive-sa-ii-oferiti-ei-castile-airpods\/#breadcrumb","itemListElement":[{"@type":"ListItem","position":1,"name":"\u0413\u043b\u0430\u0432\u043d\u0430\u044f \u0441\u0442\u0440\u0430\u043d\u0438\u0446\u0430","item":"https:\/\/ispace.md\/blog\/ru\/"},{"@type":"ListItem","position":2,"name":"Doar fapte: 5 motive s\u0103 \u00eei oferi\u021bi ei AirPods."}]},{"@type":"Person","@id":"https:\/\/ispace.md\/blog\/ru\/#\/schema\/person\/ee7c990e7f16a92ff015648f1d3212cd","name":"istoreadm","image":{"@type":"ImageObject","@id":"https:\/\/ispace.md\/blog\/ru\/#personlogo","inLanguage":"ru-RU","url":"https:\/\/secure.gravatar.com\/avatar\/3ab1424e156237432133bacf1fcdd22d?s=96&d=mm&r=g","contentUrl":"https:\/\/secure.gravatar.com\/avatar\/3ab1424e156237432133bacf1fcdd22d?s=96&d=mm&r=g","caption":"istoreadm"},"url":"https:\/\/ispace.md\/blog\/author\/istoreadm\/"}]}},"frontimg":"https:\/\/ispace.md\/blog\/wp-content\/uploads\/2023\/11\/thai-nguyen-VhsYmb1Zt_M-unsplash-1-320x220.jpg","frontimglarge":"https:\/\/ispace.md\/blog\/wp-content\/uploads\/2023\/11\/thai-nguyen-VhsYmb1Zt_M-unsplash-1-730x300.jpg","acf":{"select_banner_style":"0","select_sidebar":"0","axil_post_review_box":false},"_links":{"self":[{"href":"https:\/\/ispace.md\/blog\/wp-json\/wp\/v2\/posts\/6898"}],"collection":[{"href":"https:\/\/ispace.md\/blog\/wp-json\/wp\/v2\/posts"}],"about":[{"href":"https:\/\/ispace.md\/blog\/wp-json\/wp\/v2\/types\/post"}],"author":[{"embeddable":true,"href":"https:\/\/ispace.md\/blog\/wp-json\/wp\/v2\/users\/1"}],"replies":[{"embeddable":true,"href":"https:\/\/ispace.md\/blog\/wp-json\/wp\/v2\/comments?post=6898"}],"version-history":[{"count":5,"href":"https:\/\/ispace.md\/blog\/wp-json\/wp\/v2\/posts\/6898\/revisions"}],"predecessor-version":[{"id":6955,"href":"https:\/\/ispace.md\/blog\/wp-json\/wp\/v2\/posts\/6898\/revisions\/6955"}],"wp:featuredmedia":[{"embeddable":true,"href":"https:\/\/ispace.md\/blog\/wp-json\/wp\/v2\/media\/6888"}],"wp:attachment":[{"href":"https:\/\/ispace.md\/blog\/wp-json\/wp\/v2\/media?parent=6898"}],"wp:term":[{"taxonomy":"category","embeddable":true,"href":"https:\/\/ispace.md\/blog\/wp-json\/wp\/v2\/categories?post=6898"},{"taxonomy":"post_tag","embeddable":true,"href":"https:\/\/ispace.md\/blog\/wp-json\/wp\/v2\/tags?post=6898"}],"curies":[{"name":"wp","href":"https:\/\/api.w.org\/{rel}","templated":true}]}}