{"id":6929,"date":"2021-03-01T09:46:02","date_gmt":"2021-03-01T07:46:02","guid":{"rendered":"https:\/\/ispace.md\/blog\/?p=6929"},"modified":"2023-11-16T10:01:15","modified_gmt":"2023-11-16T08:01:15","slug":"cum-functioneaza-anularea-activa-a-zgomotului-in-airpods-si-ce-legatura-are-aceasta-cu-aviatia","status":"publish","type":"post","link":"https:\/\/ispace.md\/blog\/cum-functioneaza-anularea-activa-a-zgomotului-in-airpods-si-ce-legatura-are-aceasta-cu-aviatia\/","title":{"rendered":"Cum func\u021bioneaz\u0103 anularea activ\u0103 a zgomotului \u00een AirPods \u0219i ce leg\u0103tur\u0103 are aceasta cu avia\u021bia?"},"content":{"rendered":"<p><strong>Dac\u0103 \u00een lume exist\u0103 ceva constant, atunci acela este zgomotul. \u00cen ora\u0219, avem ma\u0219ini, metrou \u0219i vecinul cu perforatorul. La \u021bar\u0103, avem coco\u0219ii \u0219i l\u0103tratul c\u00e2inilor. Peste tot, avem ma\u0219ini de tuns iarba. Pentru a asculta muzic\u0103 sau podcast-uri \u00een astfel de condi\u021bii, trebuie s\u0103 cre\u0219tem volumul sunetului. Dar acest lucru poate duce la probleme auditive.<\/strong><\/p>\n<p><strong>Desigur, distrugerea s\u0103n\u0103tp\u021bii poate avea loc \u00een mai multe feluri. Cu toate acestea, progresul permite eliminarea zgomotului \u00eentr-un mod delicat &#8211; cu ajutorul c\u0103\u0219tilor cu <a href=\"https:\/\/support.apple.com\/ro-ro\/HT210643\">func\u021bia<\/a> de anulare activ\u0103 a zgomotului. \u0218i <a href=\"https:\/\/ispace.md\/accessories\/audio\/apple-airpods\">AirPods<\/a> sunt printre cele mai bune \u00een aceast\u0103 categorie.<\/strong><\/p>\n<p><img loading=\"lazy\" class=\"aligncenter wp-image-6923 size-full\" src=\"https:\/\/ispace.md\/blog\/wp-content\/uploads\/2023\/11\/2-1.jpg\" alt=\"anularea activ\u0103 a zgomotului\" width=\"1200\" height=\"762\" srcset=\"https:\/\/ispace.md\/blog\/wp-content\/uploads\/2023\/11\/2-1.jpg 1200w, https:\/\/ispace.md\/blog\/wp-content\/uploads\/2023\/11\/2-1-400x254.jpg 400w, https:\/\/ispace.md\/blog\/wp-content\/uploads\/2023\/11\/2-1-1024x650.jpg 1024w, https:\/\/ispace.md\/blog\/wp-content\/uploads\/2023\/11\/2-1-768x488.jpg 768w\" sizes=\"(max-width: 1200px) 100vw, 1200px\" \/><\/p>\n<h2>De la cabinele avioanelor la c\u0103\u0219tile utilizatorilor<\/h2>\n<p>Ini\u021bial, anularea activ\u0103 a zgomotului era utilizat\u0103 \u00een domeniul militar \u0219i aviatic. Apoi, a devenit disponibil\u0103 \u00een dispozitivele pentru consumatori. Principiul anul\u0103rii active a zgomotului a fost inventat ini\u021bial de c\u0103tre Paul Lueg \u00een 1934. El credea c\u0103 inven\u021bia ar putea fi folosit\u0103 pentru combaterea ecoului \u00een s\u0103lile de concert \u0219i pentru reducerea zgomotului ma\u0219inilor de scris \u00een birouri. Cu toate acestea, biroul de patente a clasificat dezvoltarea lui Lueg ca fiind militar\u0103 \u0219i i-a acordat statutul de &#8220;secret&#8221;.<\/p>\n<p>\u00cen 1957, Dr. Laurence Fogel a creat sisteme de anulare a zgomotului \u00een elicoptere \u0219i cabine de avioane. Apoi, \u00een 1957, Willard Meeker a creat primele c\u0103\u0219ti supra-auriculare cu anulare activ\u0103 a zgomotului. Acestea erau utilizate \u00een avia\u021bie pentru a proteja pilo\u021bii de zgomotul aeronavei.<\/p>\n<p><img loading=\"lazy\" class=\"aligncenter wp-image-6924 size-full\" src=\"https:\/\/ispace.md\/blog\/wp-content\/uploads\/2023\/11\/3-1.jpg\" alt=\"\" width=\"1200\" height=\"800\" srcset=\"https:\/\/ispace.md\/blog\/wp-content\/uploads\/2023\/11\/3-1.jpg 1200w, https:\/\/ispace.md\/blog\/wp-content\/uploads\/2023\/11\/3-1-400x267.jpg 400w, https:\/\/ispace.md\/blog\/wp-content\/uploads\/2023\/11\/3-1-1024x683.jpg 1024w, https:\/\/ispace.md\/blog\/wp-content\/uploads\/2023\/11\/3-1-768x512.jpg 768w, https:\/\/ispace.md\/blog\/wp-content\/uploads\/2023\/11\/3-1-390x260.jpg 390w, https:\/\/ispace.md\/blog\/wp-content\/uploads\/2023\/11\/3-1-285x190.jpg 285w\" sizes=\"(max-width: 1200px) 100vw, 1200px\" \/><\/p>\n<h2>Cum func\u021bioneaz\u0103 anularea activ\u0103 a zgomotului \u00een AirPods?<\/h2>\n<p>Relativ simplu: mai \u00eent\u00e2i, un microfon orientat \u00een exterior detecteaz\u0103 sunetele externe. Apoi, <strong><a href=\"https:\/\/ispace.md\/accessories\/audio\/apple-airpods\/tws-bluetooth-headsets-apple-airpods-pro-gen-2-mqd83rua\">AirPods Pro<\/a><\/strong> \u0219i <a href=\"https:\/\/ispace.md\/accessories\/audio\/apple-airpods\/tws-bluetooth-headsets-apple-airpods-max-mgyh3rua\"><strong>AirPods Max<\/strong><\/a> emit unde inverse, care suprim\u0103 aceste zgomote \u00eenainte ca oamenii s\u0103 le aud\u0103. Un microfon orientat \u00een interior detecteaz\u0103 sunetele nedorite din ureche, iar c\u0103\u0219tile le suprim\u0103, de asemenea. Sistemul de anulare activ\u0103 a zgomotului analizeaz\u0103 mediul de 200 de ori pe secund\u0103 &#8211; de aceea sunetul este at\u00e2t de clar.<\/p>\n<p>Pentru ca func\u021bia s\u0103 lucreze \u00een mod optim, este crucial ca c\u0103\u0219tile s\u0103 se potriveasc\u0103 c\u00e2t mai bine \u00een urechi. Doar astfel se pot elimina zgomotele exterioare care p\u0103trund \u00een ureche prin cele mai mici orificii. AirPods Pro au inclus perni\u021be schimbabile de diferite dimensiuni.<\/p>\n<p>Cu AirPods Pro \u0219i AirPods Max, pute\u021bi asculta c\u0103r\u021bi audio sau vorbi \u00een metrou \u0219i pe str\u0103zi aglomerate, s\u0103 le utiliza\u021bi ca ni\u0219te dopuri auditive \u00een avion sau \u00een spa\u021bii deschise. C\u0103\u0219tile nu &#8220;opresc&#8221; sunetele exterioare cu 100%, dar le reduc semnificativ volumul. \u0218i, spre deosebire de c\u0103\u0219tile cu vid, AirPods Pro nu provoac\u0103 disconfort chiar \u0219i \u00een utilizare prelungit\u0103: ele dispun de un sistem inovator de echilibrare a presiunii exterioare \u0219i interioare.<\/p>\n<p><img loading=\"lazy\" class=\"aligncenter wp-image-6925 size-full\" src=\"https:\/\/ispace.md\/blog\/wp-content\/uploads\/2023\/11\/4-2.jpg\" alt=\"anularea activ\u0103 a zgomotului\" width=\"1200\" height=\"700\" srcset=\"https:\/\/ispace.md\/blog\/wp-content\/uploads\/2023\/11\/4-2.jpg 1200w, https:\/\/ispace.md\/blog\/wp-content\/uploads\/2023\/11\/4-2-400x233.jpg 400w, https:\/\/ispace.md\/blog\/wp-content\/uploads\/2023\/11\/4-2-1024x597.jpg 1024w, https:\/\/ispace.md\/blog\/wp-content\/uploads\/2023\/11\/4-2-768x448.jpg 768w\" sizes=\"(max-width: 1200px) 100vw, 1200px\" \/><\/p>\n<h2>Dar anularea activ\u0103 a zgomotului nu provoac\u0103 disconfort?<\/h2>\n<p>Un astfel de efect secundar este mai degrab\u0103 o excep\u021bie dec\u00e2t o regul\u0103. Cu toate acestea, cu toate avantajele lor, c\u0103\u0219tile cu anularea activ\u0103 a zgomotului pot, \u00eentr-adev\u0103r, s\u0103 provoace dureri de cap sau disconfort psihologic. Iat\u0103 cu ce este asociat acest lucru:<\/p>\n<p>&#8211; <strong>Absoluta t\u0103cere nu este confortabil\u0103 pentru om.<\/strong> Ochii v\u0103d \u00een mod clar ce se \u00eent\u00e2mpl\u0103 \u00een jur: ma\u0219ini care trec, vagoane de metrou, v\u00e2nt, strig\u0103te de copii \u0219i alte surse de sunet. Dar urechile nu transmit aceste semnale c\u0103tre creier, intr\u00e2nd astfel \u00een confuzie. \u00cen plus, ne orient\u0103m \u00een spa\u021biu \u0219i pe baza sunetelor reflectate de obiecte.<\/p>\n<p>&#8211; <strong>Monotonie.<\/strong> Imagina\u021bi-v\u0103 c\u0103 dezvoltatorii au reu\u0219it s\u0103 elimine zgomotul \u0219i s\u0103 \u00eenglobeze complet oamenii \u00een muzic\u0103. Dar aici apare o nuan\u021b\u0103: \u00een acest caz, organele auditive sunt supuse undelor sonore monotone. Creierul uman este programat s\u0103 perceap\u0103 sunete diverse, iar din cauza acestei caracteristici a organismului, poate ap\u0103rea \u0219i disconfort. \u0218i nu este posibil s\u0103 anticip\u0103m cine este predispus la astfel de consecin\u021be \u0219i cine nu.<\/p>\n<p><img loading=\"lazy\" class=\"aligncenter wp-image-6926 size-full\" src=\"https:\/\/ispace.md\/blog\/wp-content\/uploads\/2023\/11\/5-2.jpg\" alt=\"\" width=\"1200\" height=\"725\" srcset=\"https:\/\/ispace.md\/blog\/wp-content\/uploads\/2023\/11\/5-2.jpg 1200w, https:\/\/ispace.md\/blog\/wp-content\/uploads\/2023\/11\/5-2-400x242.jpg 400w, https:\/\/ispace.md\/blog\/wp-content\/uploads\/2023\/11\/5-2-1024x619.jpg 1024w, https:\/\/ispace.md\/blog\/wp-content\/uploads\/2023\/11\/5-2-768x464.jpg 768w, https:\/\/ispace.md\/blog\/wp-content\/uploads\/2023\/11\/5-2-495x300.jpg 495w\" sizes=\"(max-width: 1200px) 100vw, 1200px\" \/><\/p>\n<p>P.S. Exist\u0103 o glum\u0103 tradi\u021bional\u0103: \u00een trecut, \u00een semn de respect, \u00ee\u021bi scoateai p\u0103l\u0103ria la \u00eent\u00e2lnire, iar acum \u00ee\u021bi sco\u021bi una din c\u0103\u0219ti din ureche. Cu <a href=\"https:\/\/ispace.md\/accessories\/audio\/apple-airpods\/tws-bluetooth-headsets-apple-airpods-pro-gen-2-usb-c-mtjv3rua\"><strong>AirPods Pro<\/strong><\/a>, acest lucru nu este necesar: ele au un mod &#8220;transparen\u021b\u0103&#8221;, \u00een care sunetele exterioare p\u0103trund liber \u00een ureche. Pentru a comuta la acest mod, este suficient s\u0103 ape\u0219i pe piciorul c\u0103\u0219tii.<\/p>\n","protected":false},"excerpt":{"rendered":"<p>Dac\u0103 \u00een lume exist\u0103 ceva constant, atunci acela este zgomotul. \u00cen ora\u0219, avem ma\u0219ini, metrou \u0219i vecinul cu perforatorul. La \u021bar\u0103, avem coco\u0219ii \u0219i l\u0103tratul c\u00e2inilor. Peste tot, avem ma\u0219ini de tuns iarba. Pentru a asculta muzic\u0103 sau podcast-uri \u00een astfel de condi\u021bii, trebuie s\u0103 cre\u0219tem volumul sunetului. Dar acest lucru poate duce la probleme [&hellip;]<\/p>\n","protected":false},"author":1,"featured_media":6922,"comment_status":"open","ping_status":"open","sticky":false,"template":"","format":"standard","meta":[],"categories":[435,668],"tags":[796,1138,1140,798,800,455,1315,685,985],"yoast_head":"<!-- This site is optimized with the Yoast SEO plugin v17.0 - https:\/\/yoast.com\/wordpress\/plugins\/seo\/ -->\n<title>Cum func\u021bioneaz\u0103 anularea activ\u0103 a zgomotului \u00een AirPods?<\/title>\n<meta name=\"description\" content=\"Anularea activ\u0103 a zgomotului a fost utilizat\u0103 ini\u021bial \u00een domeniul ap\u0103r\u0103rii \u0219i al avia\u021biei. Apoi a devenit disponibil\u0103 \u0219i \u00een dispozitive.\" \/>\n<meta name=\"robots\" content=\"index, follow, max-snippet:-1, max-image-preview:large, max-video-preview:-1\" \/>\n<link rel=\"canonical\" href=\"https:\/\/ispace.md\/blog\/cum-functioneaza-anularea-activa-a-zgomotului-in-airpods-si-ce-legatura-are-aceasta-cu-aviatia\/\" \/>\n<meta property=\"og:locale\" content=\"ru_RU\" \/>\n<meta property=\"og:type\" content=\"article\" \/>\n<meta property=\"og:title\" content=\"Cum func\u021bioneaz\u0103 anularea activ\u0103 a zgomotului \u00een AirPods?\" \/>\n<meta property=\"og:description\" content=\"Anularea activ\u0103 a zgomotului a fost utilizat\u0103 ini\u021bial \u00een domeniul ap\u0103r\u0103rii \u0219i al avia\u021biei. Apoi a devenit disponibil\u0103 \u0219i \u00een dispozitive.\" \/>\n<meta property=\"og:url\" content=\"https:\/\/ispace.md\/blog\/cum-functioneaza-anularea-activa-a-zgomotului-in-airpods-si-ce-legatura-are-aceasta-cu-aviatia\/\" \/>\n<meta property=\"og:site_name\" content=\"iSpace\" \/>\n<meta property=\"article:publisher\" content=\"https:\/\/www.facebook.com\/ispacemd\/\" \/>\n<meta property=\"article:published_time\" content=\"2021-03-01T07:46:02+00:00\" \/>\n<meta property=\"article:modified_time\" content=\"2023-11-16T08:01:15+00:00\" \/>\n<meta property=\"og:image\" content=\"https:\/\/ispace.md\/blog\/wp-content\/uploads\/2023\/11\/glavnaya-1-1.jpeg\" \/>\n\t<meta property=\"og:image:width\" content=\"1502\" \/>\n\t<meta property=\"og:image:height\" content=\"1001\" \/>\n<meta name=\"twitter:card\" content=\"summary_large_image\" \/>\n<meta name=\"twitter:label1\" content=\"\u041d\u0430\u043f\u0438\u0441\u0430\u043d\u043e \u0430\u0432\u0442\u043e\u0440\u043e\u043c\" \/>\n\t<meta name=\"twitter:data1\" content=\"istoreadm\" \/>\n\t<meta name=\"twitter:label2\" content=\"\u041f\u0440\u0438\u043c\u0435\u0440\u043d\u043e\u0435 \u0432\u0440\u0435\u043c\u044f \u0434\u043b\u044f \u0447\u0442\u0435\u043d\u0438\u044f\" \/>\n\t<meta name=\"twitter:data2\" content=\"4 \u043c\u0438\u043d\u0443\u0442\u044b\" \/>\n<script type=\"application\/ld+json\" class=\"yoast-schema-graph\">{\"@context\":\"https:\/\/schema.org\",\"@graph\":[{\"@type\":\"WebSite\",\"@id\":\"https:\/\/ispace.md\/blog\/ru\/#website\",\"url\":\"https:\/\/ispace.md\/blog\/ru\/\",\"name\":\"iSpace\",\"description\":\"\\u0411\\u043b\\u043e\\u0433 \\u043a\\u043e\\u043c\\u043f\\u0430\\u043d\\u0438\\u0438 iSpace\",\"potentialAction\":[{\"@type\":\"SearchAction\",\"target\":{\"@type\":\"EntryPoint\",\"urlTemplate\":\"https:\/\/ispace.md\/blog\/ru\/?s={search_term_string}\"},\"query-input\":\"required name=search_term_string\"}],\"inLanguage\":\"ru-RU\"},{\"@type\":\"ImageObject\",\"@id\":\"https:\/\/ispace.md\/blog\/cum-functioneaza-anularea-activa-a-zgomotului-in-airpods-si-ce-legatura-are-aceasta-cu-aviatia\/#primaryimage\",\"inLanguage\":\"ru-RU\",\"url\":\"https:\/\/ispace.md\/blog\/wp-content\/uploads\/2023\/11\/glavnaya-1-1.jpeg\",\"contentUrl\":\"https:\/\/ispace.md\/blog\/wp-content\/uploads\/2023\/11\/glavnaya-1-1.jpeg\",\"width\":1502,\"height\":1001},{\"@type\":\"WebPage\",\"@id\":\"https:\/\/ispace.md\/blog\/cum-functioneaza-anularea-activa-a-zgomotului-in-airpods-si-ce-legatura-are-aceasta-cu-aviatia\/#webpage\",\"url\":\"https:\/\/ispace.md\/blog\/cum-functioneaza-anularea-activa-a-zgomotului-in-airpods-si-ce-legatura-are-aceasta-cu-aviatia\/\",\"name\":\"Cum func\\u021bioneaz\\u0103 anularea activ\\u0103 a zgomotului \\u00een AirPods?\",\"isPartOf\":{\"@id\":\"https:\/\/ispace.md\/blog\/ru\/#website\"},\"primaryImageOfPage\":{\"@id\":\"https:\/\/ispace.md\/blog\/cum-functioneaza-anularea-activa-a-zgomotului-in-airpods-si-ce-legatura-are-aceasta-cu-aviatia\/#primaryimage\"},\"datePublished\":\"2021-03-01T07:46:02+00:00\",\"dateModified\":\"2023-11-16T08:01:15+00:00\",\"author\":{\"@id\":\"https:\/\/ispace.md\/blog\/ru\/#\/schema\/person\/ee7c990e7f16a92ff015648f1d3212cd\"},\"description\":\"Anularea activ\\u0103 a zgomotului a fost utilizat\\u0103 ini\\u021bial \\u00een domeniul ap\\u0103r\\u0103rii \\u0219i al avia\\u021biei. Apoi a devenit disponibil\\u0103 \\u0219i \\u00een dispozitive.\",\"breadcrumb\":{\"@id\":\"https:\/\/ispace.md\/blog\/cum-functioneaza-anularea-activa-a-zgomotului-in-airpods-si-ce-legatura-are-aceasta-cu-aviatia\/#breadcrumb\"},\"inLanguage\":\"ru-RU\",\"potentialAction\":[{\"@type\":\"ReadAction\",\"target\":[\"https:\/\/ispace.md\/blog\/cum-functioneaza-anularea-activa-a-zgomotului-in-airpods-si-ce-legatura-are-aceasta-cu-aviatia\/\"]}]},{\"@type\":\"BreadcrumbList\",\"@id\":\"https:\/\/ispace.md\/blog\/cum-functioneaza-anularea-activa-a-zgomotului-in-airpods-si-ce-legatura-are-aceasta-cu-aviatia\/#breadcrumb\",\"itemListElement\":[{\"@type\":\"ListItem\",\"position\":1,\"name\":\"\\u0413\\u043b\\u0430\\u0432\\u043d\\u0430\\u044f \\u0441\\u0442\\u0440\\u0430\\u043d\\u0438\\u0446\\u0430\",\"item\":\"https:\/\/ispace.md\/blog\/ru\/\"},{\"@type\":\"ListItem\",\"position\":2,\"name\":\"Cum func\\u021bioneaz\\u0103 anularea activ\\u0103 a zgomotului \\u00een AirPods \\u0219i ce leg\\u0103tur\\u0103 are aceasta cu avia\\u021bia?\"}]},{\"@type\":\"Person\",\"@id\":\"https:\/\/ispace.md\/blog\/ru\/#\/schema\/person\/ee7c990e7f16a92ff015648f1d3212cd\",\"name\":\"istoreadm\",\"image\":{\"@type\":\"ImageObject\",\"@id\":\"https:\/\/ispace.md\/blog\/ru\/#personlogo\",\"inLanguage\":\"ru-RU\",\"url\":\"https:\/\/secure.gravatar.com\/avatar\/3ab1424e156237432133bacf1fcdd22d?s=96&d=mm&r=g\",\"contentUrl\":\"https:\/\/secure.gravatar.com\/avatar\/3ab1424e156237432133bacf1fcdd22d?s=96&d=mm&r=g\",\"caption\":\"istoreadm\"},\"url\":\"https:\/\/ispace.md\/blog\/author\/istoreadm\/\"}]}<\/script>\n<!-- \/ Yoast SEO plugin. -->","yoast_head_json":{"title":"Cum func\u021bioneaz\u0103 anularea activ\u0103 a zgomotului \u00een AirPods?","description":"Anularea activ\u0103 a zgomotului a fost utilizat\u0103 ini\u021bial \u00een domeniul ap\u0103r\u0103rii \u0219i al avia\u021biei. Apoi a devenit disponibil\u0103 \u0219i \u00een dispozitive.","robots":{"index":"index","follow":"follow","max-snippet":"max-snippet:-1","max-image-preview":"max-image-preview:large","max-video-preview":"max-video-preview:-1"},"canonical":"https:\/\/ispace.md\/blog\/cum-functioneaza-anularea-activa-a-zgomotului-in-airpods-si-ce-legatura-are-aceasta-cu-aviatia\/","og_locale":"ru_RU","og_type":"article","og_title":"Cum func\u021bioneaz\u0103 anularea activ\u0103 a zgomotului \u00een AirPods?","og_description":"Anularea activ\u0103 a zgomotului a fost utilizat\u0103 ini\u021bial \u00een domeniul ap\u0103r\u0103rii \u0219i al avia\u021biei. Apoi a devenit disponibil\u0103 \u0219i \u00een dispozitive.","og_url":"https:\/\/ispace.md\/blog\/cum-functioneaza-anularea-activa-a-zgomotului-in-airpods-si-ce-legatura-are-aceasta-cu-aviatia\/","og_site_name":"iSpace","article_publisher":"https:\/\/www.facebook.com\/ispacemd\/","article_published_time":"2021-03-01T07:46:02+00:00","article_modified_time":"2023-11-16T08:01:15+00:00","og_image":[{"width":1502,"height":1001,"url":"https:\/\/ispace.md\/blog\/wp-content\/uploads\/2023\/11\/glavnaya-1-1.jpeg","path":"\/srv\/ispace.md\/blog\/wp-content\/uploads\/2023\/11\/glavnaya-1-1.jpeg","size":"full","id":6922,"alt":"","pixels":1503502,"type":"image\/jpeg"}],"twitter_card":"summary_large_image","twitter_misc":{"\u041d\u0430\u043f\u0438\u0441\u0430\u043d\u043e \u0430\u0432\u0442\u043e\u0440\u043e\u043c":"istoreadm","\u041f\u0440\u0438\u043c\u0435\u0440\u043d\u043e\u0435 \u0432\u0440\u0435\u043c\u044f \u0434\u043b\u044f \u0447\u0442\u0435\u043d\u0438\u044f":"4 \u043c\u0438\u043d\u0443\u0442\u044b"},"schema":{"@context":"https:\/\/schema.org","@graph":[{"@type":"WebSite","@id":"https:\/\/ispace.md\/blog\/ru\/#website","url":"https:\/\/ispace.md\/blog\/ru\/","name":"iSpace","description":"\u0411\u043b\u043e\u0433 \u043a\u043e\u043c\u043f\u0430\u043d\u0438\u0438 iSpace","potentialAction":[{"@type":"SearchAction","target":{"@type":"EntryPoint","urlTemplate":"https:\/\/ispace.md\/blog\/ru\/?s={search_term_string}"},"query-input":"required name=search_term_string"}],"inLanguage":"ru-RU"},{"@type":"ImageObject","@id":"https:\/\/ispace.md\/blog\/cum-functioneaza-anularea-activa-a-zgomotului-in-airpods-si-ce-legatura-are-aceasta-cu-aviatia\/#primaryimage","inLanguage":"ru-RU","url":"https:\/\/ispace.md\/blog\/wp-content\/uploads\/2023\/11\/glavnaya-1-1.jpeg","contentUrl":"https:\/\/ispace.md\/blog\/wp-content\/uploads\/2023\/11\/glavnaya-1-1.jpeg","width":1502,"height":1001},{"@type":"WebPage","@id":"https:\/\/ispace.md\/blog\/cum-functioneaza-anularea-activa-a-zgomotului-in-airpods-si-ce-legatura-are-aceasta-cu-aviatia\/#webpage","url":"https:\/\/ispace.md\/blog\/cum-functioneaza-anularea-activa-a-zgomotului-in-airpods-si-ce-legatura-are-aceasta-cu-aviatia\/","name":"Cum func\u021bioneaz\u0103 anularea activ\u0103 a zgomotului \u00een AirPods?","isPartOf":{"@id":"https:\/\/ispace.md\/blog\/ru\/#website"},"primaryImageOfPage":{"@id":"https:\/\/ispace.md\/blog\/cum-functioneaza-anularea-activa-a-zgomotului-in-airpods-si-ce-legatura-are-aceasta-cu-aviatia\/#primaryimage"},"datePublished":"2021-03-01T07:46:02+00:00","dateModified":"2023-11-16T08:01:15+00:00","author":{"@id":"https:\/\/ispace.md\/blog\/ru\/#\/schema\/person\/ee7c990e7f16a92ff015648f1d3212cd"},"description":"Anularea activ\u0103 a zgomotului a fost utilizat\u0103 ini\u021bial \u00een domeniul ap\u0103r\u0103rii \u0219i al avia\u021biei. Apoi a devenit disponibil\u0103 \u0219i \u00een dispozitive.","breadcrumb":{"@id":"https:\/\/ispace.md\/blog\/cum-functioneaza-anularea-activa-a-zgomotului-in-airpods-si-ce-legatura-are-aceasta-cu-aviatia\/#breadcrumb"},"inLanguage":"ru-RU","potentialAction":[{"@type":"ReadAction","target":["https:\/\/ispace.md\/blog\/cum-functioneaza-anularea-activa-a-zgomotului-in-airpods-si-ce-legatura-are-aceasta-cu-aviatia\/"]}]},{"@type":"BreadcrumbList","@id":"https:\/\/ispace.md\/blog\/cum-functioneaza-anularea-activa-a-zgomotului-in-airpods-si-ce-legatura-are-aceasta-cu-aviatia\/#breadcrumb","itemListElement":[{"@type":"ListItem","position":1,"name":"\u0413\u043b\u0430\u0432\u043d\u0430\u044f \u0441\u0442\u0440\u0430\u043d\u0438\u0446\u0430","item":"https:\/\/ispace.md\/blog\/ru\/"},{"@type":"ListItem","position":2,"name":"Cum func\u021bioneaz\u0103 anularea activ\u0103 a zgomotului \u00een AirPods \u0219i ce leg\u0103tur\u0103 are aceasta cu avia\u021bia?"}]},{"@type":"Person","@id":"https:\/\/ispace.md\/blog\/ru\/#\/schema\/person\/ee7c990e7f16a92ff015648f1d3212cd","name":"istoreadm","image":{"@type":"ImageObject","@id":"https:\/\/ispace.md\/blog\/ru\/#personlogo","inLanguage":"ru-RU","url":"https:\/\/secure.gravatar.com\/avatar\/3ab1424e156237432133bacf1fcdd22d?s=96&d=mm&r=g","contentUrl":"https:\/\/secure.gravatar.com\/avatar\/3ab1424e156237432133bacf1fcdd22d?s=96&d=mm&r=g","caption":"istoreadm"},"url":"https:\/\/ispace.md\/blog\/author\/istoreadm\/"}]}},"frontimg":"https:\/\/ispace.md\/blog\/wp-content\/uploads\/2023\/11\/glavnaya-1-1-320x220.jpeg","frontimglarge":"https:\/\/ispace.md\/blog\/wp-content\/uploads\/2023\/11\/glavnaya-1-1-730x300.jpeg","acf":{"select_banner_style":"0","select_sidebar":"0","axil_post_review_box":false},"_links":{"self":[{"href":"https:\/\/ispace.md\/blog\/wp-json\/wp\/v2\/posts\/6929"}],"collection":[{"href":"https:\/\/ispace.md\/blog\/wp-json\/wp\/v2\/posts"}],"about":[{"href":"https:\/\/ispace.md\/blog\/wp-json\/wp\/v2\/types\/post"}],"author":[{"embeddable":true,"href":"https:\/\/ispace.md\/blog\/wp-json\/wp\/v2\/users\/1"}],"replies":[{"embeddable":true,"href":"https:\/\/ispace.md\/blog\/wp-json\/wp\/v2\/comments?post=6929"}],"version-history":[{"count":1,"href":"https:\/\/ispace.md\/blog\/wp-json\/wp\/v2\/posts\/6929\/revisions"}],"predecessor-version":[{"id":6930,"href":"https:\/\/ispace.md\/blog\/wp-json\/wp\/v2\/posts\/6929\/revisions\/6930"}],"wp:featuredmedia":[{"embeddable":true,"href":"https:\/\/ispace.md\/blog\/wp-json\/wp\/v2\/media\/6922"}],"wp:attachment":[{"href":"https:\/\/ispace.md\/blog\/wp-json\/wp\/v2\/media?parent=6929"}],"wp:term":[{"taxonomy":"category","embeddable":true,"href":"https:\/\/ispace.md\/blog\/wp-json\/wp\/v2\/categories?post=6929"},{"taxonomy":"post_tag","embeddable":true,"href":"https:\/\/ispace.md\/blog\/wp-json\/wp\/v2\/tags?post=6929"}],"curies":[{"name":"wp","href":"https:\/\/api.w.org\/{rel}","templated":true}]}}