{"id":6940,"date":"2021-10-21T10:13:54","date_gmt":"2021-10-21T07:13:54","guid":{"rendered":"https:\/\/ispace.md\/blog\/?p=6940"},"modified":"2026-04-24T17:52:40","modified_gmt":"2026-04-24T14:52:40","slug":"airpods-3-cele-mai-populare-casti-de-la-apple-acum-si-mai-bune","status":"publish","type":"post","link":"https:\/\/ispace.md\/blog\/airpods-3-cele-mai-populare-casti-de-la-apple-acum-si-mai-bune\/","title":{"rendered":"AirPods 3 \u2013 cele mai populare c\u0103\u0219ti de la Apple. Acum \u0219i mai bune."},"content":{"rendered":"<p><strong>La 18 octombrie 2021, Apple a prezentat oficial <a href=\"https:\/\/ispace.md\/accessories\/audio\/apple-airpods\/tws-bluetooth-headsets-apple-airpods-gen-3-mpny3rua\">AirPods 3<\/a> &#8211; c\u0103\u0219ti complet noi cu func\u021bia de sunet spa\u021bial. Ele sunt proiectate pentru a se potrivi c\u00e2t mai confortabil \u00een urechi \u0219i pentru a oferi cea mai bun\u0103 calitate a sunetului. Iat\u0103 mai multe detalii despre acest dispozitiv.<\/strong><\/p>\n<h2>Sunet din toate direc\u021biile<\/h2>\n<p>AirPods 3 dep\u0103\u0219e\u0219te limitele sunetului stereo tradi\u021bional. Ele creeaz\u0103 un <strong>sunet spa\u021bial<\/strong> care d\u0103 via\u021b\u0103 muzicii \u0219i v\u0103 \u00eenglobeaz\u0103 complet \u00een sunet. Acesta nu mai vine doar din c\u0103\u0219tile st\u00e2ngi \u0219i drepte, ci pare s\u0103 curg\u0103 din toate p\u0103r\u021bile. Este o senza\u021bie uluitoare.<\/p>\n<p>Nu doar muzica beneficiaz\u0103 de sunetul spa\u021bial. Aceast\u0103 func\u021bie func\u021bioneaz\u0103 \u0219i atunci c\u00e2nd urm\u0103re\u0219ti filme sau seriale. <strong>Urmarirea dinamic\u0103 a mi\u0219c\u0103rilor capului<\/strong> creeaz\u0103 un sunet surround cu efect de prezen\u021b\u0103. Chiar \u0219i atunci c\u00e2nd \u00ee\u021bi rote\u0219ti capul sau mi\u0219ti dispozitivul, sunetul va fi tridimensional, iar vorbirea &#8211; clar\u0103. Pare c\u0103 e\u0219ti participant la evenimentele de pe ecran.<\/p>\n<p><img loading=\"lazy\" class=\"aligncenter wp-image-6934 size-full\" src=\"https:\/\/ispace.md\/blog\/wp-content\/uploads\/2023\/11\/apple-airpods-3-2504965.jpeg\" alt=\"AirPods 3\" width=\"1200\" height=\"800\" srcset=\"https:\/\/ispace.md\/blog\/wp-content\/uploads\/2023\/11\/apple-airpods-3-2504965.jpeg 1200w, https:\/\/ispace.md\/blog\/wp-content\/uploads\/2023\/11\/apple-airpods-3-2504965-400x267.jpeg 400w, https:\/\/ispace.md\/blog\/wp-content\/uploads\/2023\/11\/apple-airpods-3-2504965-1024x683.jpeg 1024w, https:\/\/ispace.md\/blog\/wp-content\/uploads\/2023\/11\/apple-airpods-3-2504965-768x512.jpeg 768w, https:\/\/ispace.md\/blog\/wp-content\/uploads\/2023\/11\/apple-airpods-3-2504965-390x260.jpeg 390w, https:\/\/ispace.md\/blog\/wp-content\/uploads\/2023\/11\/apple-airpods-3-2504965-285x190.jpeg 285w\" sizes=\"(max-width: 1200px) 100vw, 1200px\" \/><\/p>\n<h2>Muzic\u0103 adaptat\u0103 la particularit\u0103\u021bile urechii dvs.<\/h2>\n<p>Fiecare persoan\u0103 are o form\u0103 unic\u0103 a urechii. Aceasta poate schimba sunetele pe care le auzim. Apple a luat \u00een considerare acest aspect \u0219i a creat c\u0103\u0219ti care permit s\u0103 te bucuri de sunet &#8220;\u00een original&#8221;.<\/p>\n<p>Forma anatomic\u0103 a AirPods 3 plaseaz\u0103 c\u0103\u0219tile sub un unghi corect. Datorit\u0103 acestui fapt, sunetul p\u0103trunde direct \u00een ureche.<\/p>\n<p><strong>Egalizatorul adaptiv<\/strong> ia \u00een considerare particularit\u0103\u021bile structurii canalului auditiv \u0219i adapteaz\u0103 parametrii sunetului pentru acesta. Vei putea s\u0103 ascul\u021bi un album a\u0219a cum artistul l-a conceput.<\/p>\n<p><img loading=\"lazy\" class=\"aligncenter wp-image-6935 size-full\" src=\"https:\/\/ispace.md\/blog\/wp-content\/uploads\/2023\/11\/airpods_3.jpeg\" alt=\"\" width=\"1280\" height=\"730\" srcset=\"https:\/\/ispace.md\/blog\/wp-content\/uploads\/2023\/11\/airpods_3.jpeg 1280w, https:\/\/ispace.md\/blog\/wp-content\/uploads\/2023\/11\/airpods_3-400x228.jpeg 400w, https:\/\/ispace.md\/blog\/wp-content\/uploads\/2023\/11\/airpods_3-1024x584.jpeg 1024w, https:\/\/ispace.md\/blog\/wp-content\/uploads\/2023\/11\/airpods_3-768x438.jpeg 768w\" sizes=\"(max-width: 1280px) 100vw, 1280px\" \/><\/p>\n<h2>Sunet clar chiar \u0219i \u00een timpul convorbirilor pe strad\u0103<\/h2>\n<p>AirPods 3 combin\u0103 puterea cipului H1 cu sistemul acustic avansat de la Apple. Datorit\u0103 noului driver cu distorsiuni reduse, basul devine \u0219i mai puternic, iar notele \u00eenalte \u2013 mai clare.<\/p>\n<p>Microfonul acoperit cu o plas\u0103 acustic\u0103 ajut\u0103 la reducerea zgomotului v\u00e2ntului \u00een timpul convorbirilor pe strad\u0103. Acum, vocea persoanei \u00een timpul conversa\u021biilor va fi clar\u0103 \u0219i sonor\u0103. \u0218i calitatea \u00eenalt\u0103 a sunetului \u00een format Full HD \u00een timpul apelurilor FaceTime este asigurat\u0103 de codecul audio AAC-ELD.<\/p>\n<p><img loading=\"lazy\" class=\"aligncenter wp-image-6936 size-full\" src=\"https:\/\/ispace.md\/blog\/wp-content\/uploads\/2023\/11\/apple_airpods-3rd-gen_hero_10182021_inline.jpg.large-copy.jpg\" alt=\"AirPods 3\" width=\"1329\" height=\"653\" srcset=\"https:\/\/ispace.md\/blog\/wp-content\/uploads\/2023\/11\/apple_airpods-3rd-gen_hero_10182021_inline.jpg.large-copy.jpg 1329w, https:\/\/ispace.md\/blog\/wp-content\/uploads\/2023\/11\/apple_airpods-3rd-gen_hero_10182021_inline.jpg.large-copy-400x197.jpg 400w, https:\/\/ispace.md\/blog\/wp-content\/uploads\/2023\/11\/apple_airpods-3rd-gen_hero_10182021_inline.jpg.large-copy-1024x503.jpg 1024w, https:\/\/ispace.md\/blog\/wp-content\/uploads\/2023\/11\/apple_airpods-3rd-gen_hero_10182021_inline.jpg.large-copy-768x377.jpg 768w\" sizes=\"(max-width: 1329px) 100vw, 1329px\" \/><\/p>\n<h2>Nu se tem de transpira\u021bie \u0219i ploaie<\/h2>\n<p>Ploaia nu este un motiv s\u0103 renun\u021ba\u021bi la muzica dvs. preferat\u0103. At\u00e2t c\u0103\u0219tile \u00een sine, c\u00e2t \u0219i husa de \u00eenc\u0103rcare MagSafe au clasificarea IPX4. A\u0219adar, ele nu se tem de pic\u0103turi de ap\u0103 sau transpira\u021bie \u00een timpul antrenamentelor intense.<\/p>\n<h2>Func\u021bioneaz\u0103 \u00eentreaga zi f\u0103r\u0103 a fi nevoie de \u00eenc\u0103rcare<\/h2>\n<p>AirPods din a treia genera\u021bie func\u021bioneaz\u0103 surprinz\u0103tor de mult timp: p\u00e2n\u0103 la 6 ore \u00een modul de ascultare \u0219i p\u00e2n\u0103 la 4 ore \u00een modul convorbire. Doar 5 minute de \u00eenc\u0103rcare \u00een hus\u0103 pot prelungi acest timp cu \u00eenc\u0103 1 or\u0103. \u0218i patru \u00eenc\u0103rc\u0103ri suplimentare \u00een hus\u0103 ofer\u0103 p\u00e2n\u0103 la 30 de ore de timp total.<\/p>\n<p>De asemenea, s\u0103 \u00ee\u021bi \u00eencarci noile c\u0103\u0219ti este acum mai comod. Apple a dotat husa AirPods 3 cu tehnologia MagSafe \u0219i \u00eenc\u0103rcare f\u0103r\u0103 fir.<\/p>\n<p>\u00cen cur\u00e2nd ve\u021bi putea cump\u0103ra AirPods din a treia genera\u021bie sau alte modele <a href=\"https:\/\/ispace.md\/accessories\/audio\/apple-airpods\">AirPods<\/a> de la magazinul iSpace. Abona\u021bi-v\u0103 la noi pe<a href=\"https:\/\/www.instagram.com\/ispace.md\/\"><strong> re\u021belele de socializare<\/strong><\/a> sau emite\u021bi un card de client <a href=\"https:\/\/ispace.md\/bonus\">Wallet<\/a> pentru a afla primii despre \u00eenceperea v\u00e2nz\u0103rilor.<\/p>\n","protected":false},"excerpt":{"rendered":"<p>La 18 octombrie 2021, Apple a prezentat oficial AirPods 3 &#8211; c\u0103\u0219ti complet noi cu func\u021bia de sunet spa\u021bial. Ele sunt proiectate pentru a se potrivi c\u00e2t mai confortabil \u00een urechi \u0219i pentru a oferi cea mai bun\u0103 calitate a sunetului. Iat\u0103 mai multe detalii despre acest dispozitiv. Sunet din toate direc\u021biile AirPods 3 dep\u0103\u0219e\u0219te [&hellip;]<\/p>\n","protected":false},"author":1,"featured_media":6933,"comment_status":"open","ping_status":"open","sticky":false,"template":"","format":"standard","meta":[],"categories":[435,668],"tags":[796,1140,455,1315,685,985],"yoast_head":"<!-- This site is optimized with the Yoast SEO plugin v17.0 - https:\/\/yoast.com\/wordpress\/plugins\/seo\/ -->\n<title>AirPods 3 \u2013 cele mai populare c\u0103\u0219ti de la Apple. Acum \u0219i mai bune.<\/title>\n<meta name=\"description\" content=\"La 18 octombrie 2021, Apple a prezentat oficial AirPods 3 - c\u0103\u0219ti complet noi cu func\u021bia de sunet spa\u021bial. Proiectate pentru a se potrivi.\" \/>\n<meta name=\"robots\" content=\"index, follow, max-snippet:-1, max-image-preview:large, max-video-preview:-1\" \/>\n<link rel=\"canonical\" href=\"https:\/\/ispace.md\/blog\/airpods-3-cele-mai-populare-casti-de-la-apple-acum-si-mai-bune\/\" \/>\n<meta property=\"og:locale\" content=\"ru_RU\" \/>\n<meta property=\"og:type\" content=\"article\" \/>\n<meta property=\"og:title\" content=\"AirPods 3 \u2013 cele mai populare c\u0103\u0219ti de la Apple. Acum \u0219i mai bune.\" \/>\n<meta property=\"og:description\" content=\"La 18 octombrie 2021, Apple a prezentat oficial AirPods 3 - c\u0103\u0219ti complet noi cu func\u021bia de sunet spa\u021bial. Proiectate pentru a se potrivi.\" \/>\n<meta property=\"og:url\" content=\"https:\/\/ispace.md\/blog\/airpods-3-cele-mai-populare-casti-de-la-apple-acum-si-mai-bune\/\" \/>\n<meta property=\"og:site_name\" content=\"iSpace\" \/>\n<meta property=\"article:publisher\" content=\"https:\/\/www.facebook.com\/ispacemd\/\" \/>\n<meta property=\"article:published_time\" content=\"2021-10-21T07:13:54+00:00\" \/>\n<meta property=\"article:modified_time\" content=\"2026-04-24T14:52:40+00:00\" \/>\n<meta property=\"og:image\" content=\"https:\/\/ispace.md\/blog\/wp-content\/uploads\/2023\/11\/bez-nazvaniya.jpeg\" \/>\n\t<meta property=\"og:image:width\" content=\"1200\" \/>\n\t<meta property=\"og:image:height\" content=\"722\" \/>\n<meta name=\"twitter:card\" content=\"summary_large_image\" \/>\n<meta name=\"twitter:label1\" content=\"\u041d\u0430\u043f\u0438\u0441\u0430\u043d\u043e \u0430\u0432\u0442\u043e\u0440\u043e\u043c\" \/>\n\t<meta name=\"twitter:data1\" content=\"istoreadm\" \/>\n\t<meta name=\"twitter:label2\" content=\"\u041f\u0440\u0438\u043c\u0435\u0440\u043d\u043e\u0435 \u0432\u0440\u0435\u043c\u044f \u0434\u043b\u044f \u0447\u0442\u0435\u043d\u0438\u044f\" \/>\n\t<meta name=\"twitter:data2\" content=\"3 \u043c\u0438\u043d\u0443\u0442\u044b\" \/>\n<script type=\"application\/ld+json\" class=\"yoast-schema-graph\">{\"@context\":\"https:\/\/schema.org\",\"@graph\":[{\"@type\":\"WebSite\",\"@id\":\"https:\/\/ispace.md\/blog\/ru\/#website\",\"url\":\"https:\/\/ispace.md\/blog\/ru\/\",\"name\":\"iSpace\",\"description\":\"\\u0411\\u043b\\u043e\\u0433 \\u043a\\u043e\\u043c\\u043f\\u0430\\u043d\\u0438\\u0438 iSpace\",\"potentialAction\":[{\"@type\":\"SearchAction\",\"target\":{\"@type\":\"EntryPoint\",\"urlTemplate\":\"https:\/\/ispace.md\/blog\/ru\/?s={search_term_string}\"},\"query-input\":\"required name=search_term_string\"}],\"inLanguage\":\"ru-RU\"},{\"@type\":\"ImageObject\",\"@id\":\"https:\/\/ispace.md\/blog\/airpods-3-cele-mai-populare-casti-de-la-apple-acum-si-mai-bune\/#primaryimage\",\"inLanguage\":\"ru-RU\",\"url\":\"https:\/\/ispace.md\/blog\/wp-content\/uploads\/2023\/11\/bez-nazvaniya.jpeg\",\"contentUrl\":\"https:\/\/ispace.md\/blog\/wp-content\/uploads\/2023\/11\/bez-nazvaniya.jpeg\",\"width\":1200,\"height\":722},{\"@type\":\"WebPage\",\"@id\":\"https:\/\/ispace.md\/blog\/airpods-3-cele-mai-populare-casti-de-la-apple-acum-si-mai-bune\/#webpage\",\"url\":\"https:\/\/ispace.md\/blog\/airpods-3-cele-mai-populare-casti-de-la-apple-acum-si-mai-bune\/\",\"name\":\"AirPods 3 \\u2013 cele mai populare c\\u0103\\u0219ti de la Apple. Acum \\u0219i mai bune.\",\"isPartOf\":{\"@id\":\"https:\/\/ispace.md\/blog\/ru\/#website\"},\"primaryImageOfPage\":{\"@id\":\"https:\/\/ispace.md\/blog\/airpods-3-cele-mai-populare-casti-de-la-apple-acum-si-mai-bune\/#primaryimage\"},\"datePublished\":\"2021-10-21T07:13:54+00:00\",\"dateModified\":\"2026-04-24T14:52:40+00:00\",\"author\":{\"@id\":\"https:\/\/ispace.md\/blog\/ru\/#\/schema\/person\/ee7c990e7f16a92ff015648f1d3212cd\"},\"description\":\"La 18 octombrie 2021, Apple a prezentat oficial AirPods 3 - c\\u0103\\u0219ti complet noi cu func\\u021bia de sunet spa\\u021bial. Proiectate pentru a se potrivi.\",\"breadcrumb\":{\"@id\":\"https:\/\/ispace.md\/blog\/airpods-3-cele-mai-populare-casti-de-la-apple-acum-si-mai-bune\/#breadcrumb\"},\"inLanguage\":\"ru-RU\",\"potentialAction\":[{\"@type\":\"ReadAction\",\"target\":[\"https:\/\/ispace.md\/blog\/airpods-3-cele-mai-populare-casti-de-la-apple-acum-si-mai-bune\/\"]}]},{\"@type\":\"BreadcrumbList\",\"@id\":\"https:\/\/ispace.md\/blog\/airpods-3-cele-mai-populare-casti-de-la-apple-acum-si-mai-bune\/#breadcrumb\",\"itemListElement\":[{\"@type\":\"ListItem\",\"position\":1,\"name\":\"\\u0413\\u043b\\u0430\\u0432\\u043d\\u0430\\u044f \\u0441\\u0442\\u0440\\u0430\\u043d\\u0438\\u0446\\u0430\",\"item\":\"https:\/\/ispace.md\/blog\/ru\/\"},{\"@type\":\"ListItem\",\"position\":2,\"name\":\"AirPods 3 \\u2013 cele mai populare c\\u0103\\u0219ti de la Apple. Acum \\u0219i mai bune.\"}]},{\"@type\":\"Person\",\"@id\":\"https:\/\/ispace.md\/blog\/ru\/#\/schema\/person\/ee7c990e7f16a92ff015648f1d3212cd\",\"name\":\"istoreadm\",\"image\":{\"@type\":\"ImageObject\",\"@id\":\"https:\/\/ispace.md\/blog\/ru\/#personlogo\",\"inLanguage\":\"ru-RU\",\"url\":\"https:\/\/secure.gravatar.com\/avatar\/3ab1424e156237432133bacf1fcdd22d?s=96&d=mm&r=g\",\"contentUrl\":\"https:\/\/secure.gravatar.com\/avatar\/3ab1424e156237432133bacf1fcdd22d?s=96&d=mm&r=g\",\"caption\":\"istoreadm\"},\"url\":\"https:\/\/ispace.md\/blog\/author\/istoreadm\/\"}]}<\/script>\n<!-- \/ Yoast SEO plugin. -->","yoast_head_json":{"title":"AirPods 3 \u2013 cele mai populare c\u0103\u0219ti de la Apple. Acum \u0219i mai bune.","description":"La 18 octombrie 2021, Apple a prezentat oficial AirPods 3 - c\u0103\u0219ti complet noi cu func\u021bia de sunet spa\u021bial. Proiectate pentru a se potrivi.","robots":{"index":"index","follow":"follow","max-snippet":"max-snippet:-1","max-image-preview":"max-image-preview:large","max-video-preview":"max-video-preview:-1"},"canonical":"https:\/\/ispace.md\/blog\/airpods-3-cele-mai-populare-casti-de-la-apple-acum-si-mai-bune\/","og_locale":"ru_RU","og_type":"article","og_title":"AirPods 3 \u2013 cele mai populare c\u0103\u0219ti de la Apple. Acum \u0219i mai bune.","og_description":"La 18 octombrie 2021, Apple a prezentat oficial AirPods 3 - c\u0103\u0219ti complet noi cu func\u021bia de sunet spa\u021bial. Proiectate pentru a se potrivi.","og_url":"https:\/\/ispace.md\/blog\/airpods-3-cele-mai-populare-casti-de-la-apple-acum-si-mai-bune\/","og_site_name":"iSpace","article_publisher":"https:\/\/www.facebook.com\/ispacemd\/","article_published_time":"2021-10-21T07:13:54+00:00","article_modified_time":"2026-04-24T14:52:40+00:00","og_image":[{"width":1200,"height":722,"url":"https:\/\/ispace.md\/blog\/wp-content\/uploads\/2023\/11\/bez-nazvaniya.jpeg","path":"\/srv\/ispace.md\/blog\/wp-content\/uploads\/2023\/11\/bez-nazvaniya.jpeg","size":"full","id":6933,"alt":"","pixels":866400,"type":"image\/jpeg"}],"twitter_card":"summary_large_image","twitter_misc":{"\u041d\u0430\u043f\u0438\u0441\u0430\u043d\u043e \u0430\u0432\u0442\u043e\u0440\u043e\u043c":"istoreadm","\u041f\u0440\u0438\u043c\u0435\u0440\u043d\u043e\u0435 \u0432\u0440\u0435\u043c\u044f \u0434\u043b\u044f \u0447\u0442\u0435\u043d\u0438\u044f":"3 \u043c\u0438\u043d\u0443\u0442\u044b"},"schema":{"@context":"https:\/\/schema.org","@graph":[{"@type":"WebSite","@id":"https:\/\/ispace.md\/blog\/ru\/#website","url":"https:\/\/ispace.md\/blog\/ru\/","name":"iSpace","description":"\u0411\u043b\u043e\u0433 \u043a\u043e\u043c\u043f\u0430\u043d\u0438\u0438 iSpace","potentialAction":[{"@type":"SearchAction","target":{"@type":"EntryPoint","urlTemplate":"https:\/\/ispace.md\/blog\/ru\/?s={search_term_string}"},"query-input":"required name=search_term_string"}],"inLanguage":"ru-RU"},{"@type":"ImageObject","@id":"https:\/\/ispace.md\/blog\/airpods-3-cele-mai-populare-casti-de-la-apple-acum-si-mai-bune\/#primaryimage","inLanguage":"ru-RU","url":"https:\/\/ispace.md\/blog\/wp-content\/uploads\/2023\/11\/bez-nazvaniya.jpeg","contentUrl":"https:\/\/ispace.md\/blog\/wp-content\/uploads\/2023\/11\/bez-nazvaniya.jpeg","width":1200,"height":722},{"@type":"WebPage","@id":"https:\/\/ispace.md\/blog\/airpods-3-cele-mai-populare-casti-de-la-apple-acum-si-mai-bune\/#webpage","url":"https:\/\/ispace.md\/blog\/airpods-3-cele-mai-populare-casti-de-la-apple-acum-si-mai-bune\/","name":"AirPods 3 \u2013 cele mai populare c\u0103\u0219ti de la Apple. Acum \u0219i mai bune.","isPartOf":{"@id":"https:\/\/ispace.md\/blog\/ru\/#website"},"primaryImageOfPage":{"@id":"https:\/\/ispace.md\/blog\/airpods-3-cele-mai-populare-casti-de-la-apple-acum-si-mai-bune\/#primaryimage"},"datePublished":"2021-10-21T07:13:54+00:00","dateModified":"2026-04-24T14:52:40+00:00","author":{"@id":"https:\/\/ispace.md\/blog\/ru\/#\/schema\/person\/ee7c990e7f16a92ff015648f1d3212cd"},"description":"La 18 octombrie 2021, Apple a prezentat oficial AirPods 3 - c\u0103\u0219ti complet noi cu func\u021bia de sunet spa\u021bial. Proiectate pentru a se potrivi.","breadcrumb":{"@id":"https:\/\/ispace.md\/blog\/airpods-3-cele-mai-populare-casti-de-la-apple-acum-si-mai-bune\/#breadcrumb"},"inLanguage":"ru-RU","potentialAction":[{"@type":"ReadAction","target":["https:\/\/ispace.md\/blog\/airpods-3-cele-mai-populare-casti-de-la-apple-acum-si-mai-bune\/"]}]},{"@type":"BreadcrumbList","@id":"https:\/\/ispace.md\/blog\/airpods-3-cele-mai-populare-casti-de-la-apple-acum-si-mai-bune\/#breadcrumb","itemListElement":[{"@type":"ListItem","position":1,"name":"\u0413\u043b\u0430\u0432\u043d\u0430\u044f \u0441\u0442\u0440\u0430\u043d\u0438\u0446\u0430","item":"https:\/\/ispace.md\/blog\/ru\/"},{"@type":"ListItem","position":2,"name":"AirPods 3 \u2013 cele mai populare c\u0103\u0219ti de la Apple. Acum \u0219i mai bune."}]},{"@type":"Person","@id":"https:\/\/ispace.md\/blog\/ru\/#\/schema\/person\/ee7c990e7f16a92ff015648f1d3212cd","name":"istoreadm","image":{"@type":"ImageObject","@id":"https:\/\/ispace.md\/blog\/ru\/#personlogo","inLanguage":"ru-RU","url":"https:\/\/secure.gravatar.com\/avatar\/3ab1424e156237432133bacf1fcdd22d?s=96&d=mm&r=g","contentUrl":"https:\/\/secure.gravatar.com\/avatar\/3ab1424e156237432133bacf1fcdd22d?s=96&d=mm&r=g","caption":"istoreadm"},"url":"https:\/\/ispace.md\/blog\/author\/istoreadm\/"}]}},"frontimg":"https:\/\/ispace.md\/blog\/wp-content\/uploads\/2023\/11\/bez-nazvaniya-320x220.jpeg","frontimglarge":"https:\/\/ispace.md\/blog\/wp-content\/uploads\/2023\/11\/bez-nazvaniya-730x300.jpeg","acf":{"select_banner_style":"0","select_sidebar":"0","axil_post_review_box":false,"bage":"","subtitle":""},"_links":{"self":[{"href":"https:\/\/ispace.md\/blog\/wp-json\/wp\/v2\/posts\/6940"}],"collection":[{"href":"https:\/\/ispace.md\/blog\/wp-json\/wp\/v2\/posts"}],"about":[{"href":"https:\/\/ispace.md\/blog\/wp-json\/wp\/v2\/types\/post"}],"author":[{"embeddable":true,"href":"https:\/\/ispace.md\/blog\/wp-json\/wp\/v2\/users\/1"}],"replies":[{"embeddable":true,"href":"https:\/\/ispace.md\/blog\/wp-json\/wp\/v2\/comments?post=6940"}],"version-history":[{"count":2,"href":"https:\/\/ispace.md\/blog\/wp-json\/wp\/v2\/posts\/6940\/revisions"}],"predecessor-version":[{"id":10352,"href":"https:\/\/ispace.md\/blog\/wp-json\/wp\/v2\/posts\/6940\/revisions\/10352"}],"wp:featuredmedia":[{"embeddable":true,"href":"https:\/\/ispace.md\/blog\/wp-json\/wp\/v2\/media\/6933"}],"wp:attachment":[{"href":"https:\/\/ispace.md\/blog\/wp-json\/wp\/v2\/media?parent=6940"}],"wp:term":[{"taxonomy":"category","embeddable":true,"href":"https:\/\/ispace.md\/blog\/wp-json\/wp\/v2\/categories?post=6940"},{"taxonomy":"post_tag","embeddable":true,"href":"https:\/\/ispace.md\/blog\/wp-json\/wp\/v2\/tags?post=6940"}],"curies":[{"name":"wp","href":"https:\/\/api.w.org\/{rel}","templated":true}]}}