{"id":6950,"date":"2020-12-09T10:39:57","date_gmt":"2020-12-09T08:39:57","guid":{"rendered":"https:\/\/ispace.md\/blog\/?p=6950"},"modified":"2023-11-16T10:58:54","modified_gmt":"2023-11-16T08:58:54","slug":"airpods-max-noile-casti-over-ear-de-la-apple-cu-sunet-spatial","status":"publish","type":"post","link":"https:\/\/ispace.md\/blog\/airpods-max-noile-casti-over-ear-de-la-apple-cu-sunet-spatial\/","title":{"rendered":"AirPods Max: noile c\u0103\u0219ti over-ear de la Apple cu sunet spa\u021bial"},"content":{"rendered":"<p><strong>\u00cen decembrie 2020, <a href=\"https:\/\/www.apple.com\/newsroom\/2020\/12\/apple-introduces-airpods-max-the-magic-of-airpods-in-a-stunning-over-ear-design\/\">Apple a lansat<\/a> noutatea &#8211; c\u0103\u0219tile wireless AirPods Max. C\u0103\u0219tile se \u00eencadreaz\u0103 \u00een categoria over-ear: ele acoper\u0103 complet pavilionul urechii \u0219i sunt sus\u021binute de o clem\u0103 peste cap. Aceast\u0103 construc\u021bie deschide posibilit\u0103\u021bi care nu erau disponibile anterior la c\u0103\u0219tile compacte EarPods \u0219i AirPods.<\/strong><\/p>\n<p><strong>Ideea Apple a fost de a \u00eencorpora &#8220;magia AirPods&#8221; \u00eentr-un nou format. Sunet bogat, u\u0219urin\u021b\u0103 \u00een conectare \u0219i un design recunoscut &#8211; toate acestea se reg\u0103sesc \u00een AirPods Max. Cu toate acestea, cu mult mai interesante sunt caracteristicile nout\u0103\u021bii care o diferen\u021biaz\u0103 de alte c\u0103\u0219ti ale companiei.<\/strong><\/p>\n<h2>Design<\/h2>\n<p>Diferen\u021ba major\u0103 a <a href=\"https:\/\/ispace.md\/accessories\/audio\/apple-airpods?filter=26191%7CAirPods%20Max~208110622\">AirPods Max<\/a> const\u0103 \u00een aspectul exterior \u0219i ergonomia bine g\u00e2ndit\u0103. Cele dou\u0103 cupe din aluminiu anodizat se rotesc independent una fa\u021b\u0103 de cealalt\u0103 \u0219i pot fi fixate \u00een cea mai confortabil\u0103 pozi\u021bie. Pe carcas\u0103 se afl\u0103 un buton de reglare a modului de anulare a zgomotului \u0219i o roti\u021b\u0103 Digital Crown. R\u0103sucind-o, pute\u021bi ajusta volumul, prelua apeluri, schimba piesele \u0219i apela Siri. Cupele sunt conectate printr-o clem\u0103 de o\u021bel cu un sistem telescopic de reglare, care permite ajustarea dispozitivului la dimensiunea capului. C\u0103\u0219tile \u00een sine nu incomodeaz\u0103 \u0219i sunt aproape insesizabile, deoarece partea superioar\u0103 a clemei este acoperit\u0103 cu o &#8220;c\u0103ciul\u0103&#8221; moale din material textil plasat. Datorit\u0103 acestuia, presiunea construc\u021biei se distribuie uniform. Iar perni\u021bele moi dintr-un material spumos cu efect de memorie izoleaz\u0103 pavilionul urechii de zgomotele exterioare.<\/p>\n<p>AirPods Max sunt disponibile \u00een 5 culori: &#8220;Space Black&#8221;, &#8220;cer albastru&#8221;, precum \u0219i \u00een argintiu, verde \u0219i roz.<\/p>\n<p><img loading=\"lazy\" class=\"aligncenter wp-image-6945 size-full\" src=\"https:\/\/ispace.md\/blog\/wp-content\/uploads\/2023\/11\/5-3.jpg\" alt=\"AirPods Max\" width=\"1200\" height=\"731\" srcset=\"https:\/\/ispace.md\/blog\/wp-content\/uploads\/2023\/11\/5-3.jpg 1200w, https:\/\/ispace.md\/blog\/wp-content\/uploads\/2023\/11\/5-3-400x244.jpg 400w, https:\/\/ispace.md\/blog\/wp-content\/uploads\/2023\/11\/5-3-1024x624.jpg 1024w, https:\/\/ispace.md\/blog\/wp-content\/uploads\/2023\/11\/5-3-768x468.jpg 768w\" sizes=\"(max-width: 1200px) 100vw, 1200px\" \/><\/p>\n<h2>Sunet<\/h2>\n<p>Calitatea sunetului remarcabil\u0103 este a doua raz\u0103 pentru care <a href=\"https:\/\/ispace.md\/accessories\/audio\/apple-airpods?filter=26191%7CAirPods%20Max~208110622\">AirPods Max<\/a> te cucere\u0219te. Dispozitivul este echipat cu cipuri puternice H1 &#8211; c\u00e2te unul pentru fiecare casc\u0103. Acestea sunt capabile s\u0103 efectueze 9 miliarde de opera\u021bii pe secund\u0103 \u0219i sunt responsabile pentru numeroase aspecte, cum ar fi orientarea optim\u0103 \u0219i etan\u0219area c\u0103\u0219tilor, blocarea zgomotelor externe, prelucrarea sunetului \u0219i altele.<\/p>\n<p>Calitatea excelent\u0103 a sunetului \u0219i basurile bogate sunt furnizate de difuzoarele dinamice de 40 de milimetri. \u0218i doi magne\u021bi de neodim sub form\u0103 de inel elimin\u0103 distorsiunile chiar \u0219i la volumul maxim.<\/p>\n<p><img loading=\"lazy\" class=\"aligncenter wp-image-6946 size-full\" src=\"https:\/\/ispace.md\/blog\/wp-content\/uploads\/2023\/11\/1-1.jpg\" alt=\"\" width=\"1200\" height=\"800\" srcset=\"https:\/\/ispace.md\/blog\/wp-content\/uploads\/2023\/11\/1-1.jpg 1200w, https:\/\/ispace.md\/blog\/wp-content\/uploads\/2023\/11\/1-1-400x267.jpg 400w, https:\/\/ispace.md\/blog\/wp-content\/uploads\/2023\/11\/1-1-1024x683.jpg 1024w, https:\/\/ispace.md\/blog\/wp-content\/uploads\/2023\/11\/1-1-768x512.jpg 768w, https:\/\/ispace.md\/blog\/wp-content\/uploads\/2023\/11\/1-1-390x260.jpg 390w, https:\/\/ispace.md\/blog\/wp-content\/uploads\/2023\/11\/1-1-285x190.jpg 285w\" sizes=\"(max-width: 1200px) 100vw, 1200px\" \/><\/p>\n<h2>Anularea activ\u0103 a zgomotului<\/h2>\n<p>Sistemul de anulare a zgomotului activ \u00een <a href=\"https:\/\/ispace.md\/accessories\/audio\/apple-airpods?filter=26191%7CAirPods%20Max~208110622\">AirPods Max<\/a> este implementat cu ajutorul a 8 microfoane. \u0218ase dintre ele sunt orientate spre exterior \u0219i detecteaz\u0103 zgomotele externe. Cu ajutorul undelor inverse, AirPods Max le suprim\u0103 \u00eenainte ca dvs. s\u0103 le auzi\u021bi. Microfonul orientat spre interior detecteaz\u0103 \u0219i elimin\u0103 zgomotele nedorite din urechea ta. \u0218i \u00eenc\u0103 un microfon este prev\u0103zut pentru comunicarea vocal\u0103.<\/p>\n<p>Modul \u201etransparent\u201d permite sesisarea mediului \u00eenconjur\u0103tor f\u0103r\u0103 a scoate c\u0103\u0219tile sau a opri muzica. Pute\u021bi comuta \u00eentre anularea zgomotului \u0219i \u201etransparen\u021b\u0103\u201d folosind butonul de pe carcas\u0103 sau direct de la sursa sunetului, cum ar fi smartphone-ul sau tableta.<\/p>\n<p><img loading=\"lazy\" class=\"aligncenter wp-image-6947 size-full\" src=\"https:\/\/ispace.md\/blog\/wp-content\/uploads\/2023\/11\/3-2.jpg\" alt=\"AirPods Max\" width=\"1200\" height=\"708\" srcset=\"https:\/\/ispace.md\/blog\/wp-content\/uploads\/2023\/11\/3-2.jpg 1200w, https:\/\/ispace.md\/blog\/wp-content\/uploads\/2023\/11\/3-2-400x236.jpg 400w, https:\/\/ispace.md\/blog\/wp-content\/uploads\/2023\/11\/3-2-1024x604.jpg 1024w, https:\/\/ispace.md\/blog\/wp-content\/uploads\/2023\/11\/3-2-768x453.jpg 768w\" sizes=\"(max-width: 1200px) 100vw, 1200px\" \/><\/p>\n<h2>Sunet spa\u021bial<\/h2>\n<p>Una dintre cele mai interesante caracteristici ale <a href=\"https:\/\/ispace.md\/accessories\/audio\/apple-airpods?filter=26191%7CAirPods%20Max~208110622\">AirPods Max<\/a> este sunetul spa\u021bial. Datorit\u0103 acestuia, se creeaz\u0103 impresia c\u0103 sunetul nu provine din cele dou\u0103 c\u0103\u0219ti, a\u0219a cum se \u00eent\u00e2mpl\u0103 \u00een modul stereo, ci din mai multe surse virtuale. Acest lucru este realizat astfel: c\u0103\u0219tile \u0219i sursa sunetului (<a href=\"https:\/\/ispace.md\/iphone\">iPhone<\/a>, <a href=\"https:\/\/ispace.md\/ipad\">iPad<\/a>) urm\u0103resc pozi\u021bia reciproc\u0103 \u00een spa\u021biu, precum \u0219i mi\u0219c\u0103rile capului t\u0103u. Ele fac acest lucru cu ajutorul accelerometrelor \u0219i giroscopilor \u00eencorporate \u00een ambele dispozitive. Pe baza datelor ob\u021binute, dispozitivul creeaz\u0103 \u00een jurul t\u0103u un sunet realist \u0219i voluminos, \u00een care fiecare mi\u0219care a capului influen\u021beaz\u0103 ceea ce auzi. \u00cen final, chiar \u0219i vizionarea unui film pe smartphone poate deveni o alternativ\u0103 demn\u0103 pentru a merge la cinematograf.<\/p>\n<p><img loading=\"lazy\" class=\"aligncenter wp-image-6924 size-full\" src=\"https:\/\/ispace.md\/blog\/wp-content\/uploads\/2023\/11\/3-1.jpg\" alt=\"\" width=\"1200\" height=\"800\" srcset=\"https:\/\/ispace.md\/blog\/wp-content\/uploads\/2023\/11\/3-1.jpg 1200w, https:\/\/ispace.md\/blog\/wp-content\/uploads\/2023\/11\/3-1-400x267.jpg 400w, https:\/\/ispace.md\/blog\/wp-content\/uploads\/2023\/11\/3-1-1024x683.jpg 1024w, https:\/\/ispace.md\/blog\/wp-content\/uploads\/2023\/11\/3-1-768x512.jpg 768w, https:\/\/ispace.md\/blog\/wp-content\/uploads\/2023\/11\/3-1-390x260.jpg 390w, https:\/\/ispace.md\/blog\/wp-content\/uploads\/2023\/11\/3-1-285x190.jpg 285w\" sizes=\"(max-width: 1200px) 100vw, 1200px\" \/><\/p>\n<h2>Egalizator adaptiv<\/h2>\n<p>\u00cen interiorul <a href=\"https:\/\/ispace.md\/accessories\/audio\/apple-airpods?filter=26191%7CAirPods%20Max~208110622\">AirPods Max <\/a>se afl\u0103 senzori care iau \u00een considerare geometria urechii tale, pozi\u021bia dispozitivului pe cap \u0219i regleaz\u0103 automat frecven\u021bele joase \u0219i medii. Ca rezultat, v\u0103 bucura\u021bi de un sunet bogat \u0219i profund \u00een mod constant.<\/p>\n<h2>Durata de via\u021b\u0103 a bateriei<\/h2>\n<p>Bateria AirPods Max este suficient\u0103 pentru 20 de ore de redare sau convorbiri continue, chiar \u0219i cu anularea activ\u0103 a zgomotului \u0219i sunet spa\u021bial! O \u00eenc\u0103rcare de cinci minute poate prelungi redarea cu \u00eenc\u0103 1,5 ore. De asemenea, merit\u0103 men\u021bionat c\u0103 \u00eenc\u0103rcarea c\u0103\u0219tilor se face printr-un conector Lightning. \u00cen pachetul cu AirPods Max se afl\u0103 un cablu de \u00eenc\u0103rcare \u0219i o hus\u0103 Smart Case: c\u00e2nd sunt plasate \u00een aceast\u0103 hus\u0103, c\u0103\u0219tile trec instantaneu \u00een modul de consum extrem de redus de energie.<\/p>\n<p><img loading=\"lazy\" class=\"aligncenter wp-image-6948 size-full\" src=\"https:\/\/ispace.md\/blog\/wp-content\/uploads\/2023\/11\/image.jpg\" alt=\"AirPods Max\" width=\"1200\" height=\"793\" srcset=\"https:\/\/ispace.md\/blog\/wp-content\/uploads\/2023\/11\/image.jpg 1200w, https:\/\/ispace.md\/blog\/wp-content\/uploads\/2023\/11\/image-400x264.jpg 400w, https:\/\/ispace.md\/blog\/wp-content\/uploads\/2023\/11\/image-1024x677.jpg 1024w, https:\/\/ispace.md\/blog\/wp-content\/uploads\/2023\/11\/image-768x508.jpg 768w\" sizes=\"(max-width: 1200px) 100vw, 1200px\" \/><\/p>\n<p>Imediat dup\u0103 lansarea oficial\u0103, AirPods Max au st\u00e2rnit un interes enorm \u0219i sunt disponibile doar prin precomand\u0103. Plasa\u021bi o precomand\u0103 pe <strong>iSpace.md<\/strong> \u0219i deveni\u021bi unul dintre primii posesori ai acestor c\u0103\u0219ti exclusive.<\/p>\n","protected":false},"excerpt":{"rendered":"<p>\u00cen decembrie 2020, Apple a lansat noutatea &#8211; c\u0103\u0219tile wireless AirPods Max. C\u0103\u0219tile se \u00eencadreaz\u0103 \u00een categoria over-ear: ele acoper\u0103 complet pavilionul urechii \u0219i sunt sus\u021binute de o clem\u0103 peste cap. Aceast\u0103 construc\u021bie deschide posibilit\u0103\u021bi care nu erau disponibile anterior la c\u0103\u0219tile compacte EarPods \u0219i AirPods. Ideea Apple a fost de a \u00eencorpora &#8220;magia AirPods&#8221; [&hellip;]<\/p>\n","protected":false},"author":1,"featured_media":6944,"comment_status":"open","ping_status":"open","sticky":false,"template":"","format":"standard","meta":[],"categories":[435,668],"tags":[796,798,455,1315,685,985],"yoast_head":"<!-- This site is optimized with the Yoast SEO plugin v17.0 - https:\/\/yoast.com\/wordpress\/plugins\/seo\/ -->\n<title>AirPods Max: noile c\u0103\u0219ti over-ear de la Apple cu sunet spatial<\/title>\n<meta name=\"description\" content=\"\u00cen decembrie 2020, Apple a introdus c\u0103\u0219tile wireless AirPods Max. Ideea a fost de a aduce la via\u021b\u0103 &quot;magia AirPods&quot; \u00eentr-un nou format.\" \/>\n<meta name=\"robots\" content=\"index, follow, max-snippet:-1, max-image-preview:large, max-video-preview:-1\" \/>\n<link rel=\"canonical\" href=\"https:\/\/ispace.md\/blog\/airpods-max-noile-casti-over-ear-de-la-apple-cu-sunet-spatial\/\" \/>\n<meta property=\"og:locale\" content=\"ru_RU\" \/>\n<meta property=\"og:type\" content=\"article\" \/>\n<meta property=\"og:title\" content=\"AirPods Max: noile c\u0103\u0219ti over-ear de la Apple cu sunet spatial\" \/>\n<meta property=\"og:description\" content=\"\u00cen decembrie 2020, Apple a introdus c\u0103\u0219tile wireless AirPods Max. Ideea a fost de a aduce la via\u021b\u0103 &quot;magia AirPods&quot; \u00eentr-un nou format.\" \/>\n<meta property=\"og:url\" content=\"https:\/\/ispace.md\/blog\/airpods-max-noile-casti-over-ear-de-la-apple-cu-sunet-spatial\/\" \/>\n<meta property=\"og:site_name\" content=\"iSpace\" \/>\n<meta property=\"article:publisher\" content=\"https:\/\/www.facebook.com\/ispacemd\/\" \/>\n<meta property=\"article:published_time\" content=\"2020-12-09T08:39:57+00:00\" \/>\n<meta property=\"article:modified_time\" content=\"2023-11-16T08:58:54+00:00\" \/>\n<meta name=\"twitter:card\" content=\"summary_large_image\" \/>\n<meta name=\"twitter:image\" content=\"https:\/\/ispace.md\/blog\/wp-content\/uploads\/2023\/11\/airpods-max.webp\" \/>\n<meta name=\"twitter:label1\" content=\"\u041d\u0430\u043f\u0438\u0441\u0430\u043d\u043e \u0430\u0432\u0442\u043e\u0440\u043e\u043c\" \/>\n\t<meta name=\"twitter:data1\" content=\"istoreadm\" \/>\n\t<meta name=\"twitter:label2\" content=\"\u041f\u0440\u0438\u043c\u0435\u0440\u043d\u043e\u0435 \u0432\u0440\u0435\u043c\u044f \u0434\u043b\u044f \u0447\u0442\u0435\u043d\u0438\u044f\" \/>\n\t<meta name=\"twitter:data2\" content=\"4 \u043c\u0438\u043d\u0443\u0442\u044b\" \/>\n<script type=\"application\/ld+json\" class=\"yoast-schema-graph\">{\"@context\":\"https:\/\/schema.org\",\"@graph\":[{\"@type\":\"WebSite\",\"@id\":\"https:\/\/ispace.md\/blog\/ru\/#website\",\"url\":\"https:\/\/ispace.md\/blog\/ru\/\",\"name\":\"iSpace\",\"description\":\"\\u0411\\u043b\\u043e\\u0433 \\u043a\\u043e\\u043c\\u043f\\u0430\\u043d\\u0438\\u0438 iSpace\",\"potentialAction\":[{\"@type\":\"SearchAction\",\"target\":{\"@type\":\"EntryPoint\",\"urlTemplate\":\"https:\/\/ispace.md\/blog\/ru\/?s={search_term_string}\"},\"query-input\":\"required name=search_term_string\"}],\"inLanguage\":\"ru-RU\"},{\"@type\":\"ImageObject\",\"@id\":\"https:\/\/ispace.md\/blog\/airpods-max-noile-casti-over-ear-de-la-apple-cu-sunet-spatial\/#primaryimage\",\"inLanguage\":\"ru-RU\",\"url\":\"https:\/\/ispace.md\/blog\/wp-content\/uploads\/2023\/11\/airpods-max.webp\",\"contentUrl\":\"https:\/\/ispace.md\/blog\/wp-content\/uploads\/2023\/11\/airpods-max.webp\",\"width\":785,\"height\":493},{\"@type\":\"WebPage\",\"@id\":\"https:\/\/ispace.md\/blog\/airpods-max-noile-casti-over-ear-de-la-apple-cu-sunet-spatial\/#webpage\",\"url\":\"https:\/\/ispace.md\/blog\/airpods-max-noile-casti-over-ear-de-la-apple-cu-sunet-spatial\/\",\"name\":\"AirPods Max: noile c\\u0103\\u0219ti over-ear de la Apple cu sunet spatial\",\"isPartOf\":{\"@id\":\"https:\/\/ispace.md\/blog\/ru\/#website\"},\"primaryImageOfPage\":{\"@id\":\"https:\/\/ispace.md\/blog\/airpods-max-noile-casti-over-ear-de-la-apple-cu-sunet-spatial\/#primaryimage\"},\"datePublished\":\"2020-12-09T08:39:57+00:00\",\"dateModified\":\"2023-11-16T08:58:54+00:00\",\"author\":{\"@id\":\"https:\/\/ispace.md\/blog\/ru\/#\/schema\/person\/ee7c990e7f16a92ff015648f1d3212cd\"},\"description\":\"\\u00cen decembrie 2020, Apple a introdus c\\u0103\\u0219tile wireless AirPods Max. Ideea a fost de a aduce la via\\u021b\\u0103 \\\"magia AirPods\\\" \\u00eentr-un nou format.\",\"breadcrumb\":{\"@id\":\"https:\/\/ispace.md\/blog\/airpods-max-noile-casti-over-ear-de-la-apple-cu-sunet-spatial\/#breadcrumb\"},\"inLanguage\":\"ru-RU\",\"potentialAction\":[{\"@type\":\"ReadAction\",\"target\":[\"https:\/\/ispace.md\/blog\/airpods-max-noile-casti-over-ear-de-la-apple-cu-sunet-spatial\/\"]}]},{\"@type\":\"BreadcrumbList\",\"@id\":\"https:\/\/ispace.md\/blog\/airpods-max-noile-casti-over-ear-de-la-apple-cu-sunet-spatial\/#breadcrumb\",\"itemListElement\":[{\"@type\":\"ListItem\",\"position\":1,\"name\":\"\\u0413\\u043b\\u0430\\u0432\\u043d\\u0430\\u044f \\u0441\\u0442\\u0440\\u0430\\u043d\\u0438\\u0446\\u0430\",\"item\":\"https:\/\/ispace.md\/blog\/ru\/\"},{\"@type\":\"ListItem\",\"position\":2,\"name\":\"AirPods Max: noile c\\u0103\\u0219ti over-ear de la Apple cu sunet spa\\u021bial\"}]},{\"@type\":\"Person\",\"@id\":\"https:\/\/ispace.md\/blog\/ru\/#\/schema\/person\/ee7c990e7f16a92ff015648f1d3212cd\",\"name\":\"istoreadm\",\"image\":{\"@type\":\"ImageObject\",\"@id\":\"https:\/\/ispace.md\/blog\/ru\/#personlogo\",\"inLanguage\":\"ru-RU\",\"url\":\"https:\/\/secure.gravatar.com\/avatar\/3ab1424e156237432133bacf1fcdd22d?s=96&d=mm&r=g\",\"contentUrl\":\"https:\/\/secure.gravatar.com\/avatar\/3ab1424e156237432133bacf1fcdd22d?s=96&d=mm&r=g\",\"caption\":\"istoreadm\"},\"url\":\"https:\/\/ispace.md\/blog\/author\/istoreadm\/\"}]}<\/script>\n<!-- \/ Yoast SEO plugin. -->","yoast_head_json":{"title":"AirPods Max: noile c\u0103\u0219ti over-ear de la Apple cu sunet spatial","description":"\u00cen decembrie 2020, Apple a introdus c\u0103\u0219tile wireless AirPods Max. Ideea a fost de a aduce la via\u021b\u0103 \"magia AirPods\" \u00eentr-un nou format.","robots":{"index":"index","follow":"follow","max-snippet":"max-snippet:-1","max-image-preview":"max-image-preview:large","max-video-preview":"max-video-preview:-1"},"canonical":"https:\/\/ispace.md\/blog\/airpods-max-noile-casti-over-ear-de-la-apple-cu-sunet-spatial\/","og_locale":"ru_RU","og_type":"article","og_title":"AirPods Max: noile c\u0103\u0219ti over-ear de la Apple cu sunet spatial","og_description":"\u00cen decembrie 2020, Apple a introdus c\u0103\u0219tile wireless AirPods Max. Ideea a fost de a aduce la via\u021b\u0103 \"magia AirPods\" \u00eentr-un nou format.","og_url":"https:\/\/ispace.md\/blog\/airpods-max-noile-casti-over-ear-de-la-apple-cu-sunet-spatial\/","og_site_name":"iSpace","article_publisher":"https:\/\/www.facebook.com\/ispacemd\/","article_published_time":"2020-12-09T08:39:57+00:00","article_modified_time":"2023-11-16T08:58:54+00:00","twitter_card":"summary_large_image","twitter_image":"https:\/\/ispace.md\/blog\/wp-content\/uploads\/2023\/11\/airpods-max.webp","twitter_misc":{"\u041d\u0430\u043f\u0438\u0441\u0430\u043d\u043e \u0430\u0432\u0442\u043e\u0440\u043e\u043c":"istoreadm","\u041f\u0440\u0438\u043c\u0435\u0440\u043d\u043e\u0435 \u0432\u0440\u0435\u043c\u044f \u0434\u043b\u044f \u0447\u0442\u0435\u043d\u0438\u044f":"4 \u043c\u0438\u043d\u0443\u0442\u044b"},"schema":{"@context":"https:\/\/schema.org","@graph":[{"@type":"WebSite","@id":"https:\/\/ispace.md\/blog\/ru\/#website","url":"https:\/\/ispace.md\/blog\/ru\/","name":"iSpace","description":"\u0411\u043b\u043e\u0433 \u043a\u043e\u043c\u043f\u0430\u043d\u0438\u0438 iSpace","potentialAction":[{"@type":"SearchAction","target":{"@type":"EntryPoint","urlTemplate":"https:\/\/ispace.md\/blog\/ru\/?s={search_term_string}"},"query-input":"required name=search_term_string"}],"inLanguage":"ru-RU"},{"@type":"ImageObject","@id":"https:\/\/ispace.md\/blog\/airpods-max-noile-casti-over-ear-de-la-apple-cu-sunet-spatial\/#primaryimage","inLanguage":"ru-RU","url":"https:\/\/ispace.md\/blog\/wp-content\/uploads\/2023\/11\/airpods-max.webp","contentUrl":"https:\/\/ispace.md\/blog\/wp-content\/uploads\/2023\/11\/airpods-max.webp","width":785,"height":493},{"@type":"WebPage","@id":"https:\/\/ispace.md\/blog\/airpods-max-noile-casti-over-ear-de-la-apple-cu-sunet-spatial\/#webpage","url":"https:\/\/ispace.md\/blog\/airpods-max-noile-casti-over-ear-de-la-apple-cu-sunet-spatial\/","name":"AirPods Max: noile c\u0103\u0219ti over-ear de la Apple cu sunet spatial","isPartOf":{"@id":"https:\/\/ispace.md\/blog\/ru\/#website"},"primaryImageOfPage":{"@id":"https:\/\/ispace.md\/blog\/airpods-max-noile-casti-over-ear-de-la-apple-cu-sunet-spatial\/#primaryimage"},"datePublished":"2020-12-09T08:39:57+00:00","dateModified":"2023-11-16T08:58:54+00:00","author":{"@id":"https:\/\/ispace.md\/blog\/ru\/#\/schema\/person\/ee7c990e7f16a92ff015648f1d3212cd"},"description":"\u00cen decembrie 2020, Apple a introdus c\u0103\u0219tile wireless AirPods Max. Ideea a fost de a aduce la via\u021b\u0103 \"magia AirPods\" \u00eentr-un nou format.","breadcrumb":{"@id":"https:\/\/ispace.md\/blog\/airpods-max-noile-casti-over-ear-de-la-apple-cu-sunet-spatial\/#breadcrumb"},"inLanguage":"ru-RU","potentialAction":[{"@type":"ReadAction","target":["https:\/\/ispace.md\/blog\/airpods-max-noile-casti-over-ear-de-la-apple-cu-sunet-spatial\/"]}]},{"@type":"BreadcrumbList","@id":"https:\/\/ispace.md\/blog\/airpods-max-noile-casti-over-ear-de-la-apple-cu-sunet-spatial\/#breadcrumb","itemListElement":[{"@type":"ListItem","position":1,"name":"\u0413\u043b\u0430\u0432\u043d\u0430\u044f \u0441\u0442\u0440\u0430\u043d\u0438\u0446\u0430","item":"https:\/\/ispace.md\/blog\/ru\/"},{"@type":"ListItem","position":2,"name":"AirPods Max: noile c\u0103\u0219ti over-ear de la Apple cu sunet spa\u021bial"}]},{"@type":"Person","@id":"https:\/\/ispace.md\/blog\/ru\/#\/schema\/person\/ee7c990e7f16a92ff015648f1d3212cd","name":"istoreadm","image":{"@type":"ImageObject","@id":"https:\/\/ispace.md\/blog\/ru\/#personlogo","inLanguage":"ru-RU","url":"https:\/\/secure.gravatar.com\/avatar\/3ab1424e156237432133bacf1fcdd22d?s=96&d=mm&r=g","contentUrl":"https:\/\/secure.gravatar.com\/avatar\/3ab1424e156237432133bacf1fcdd22d?s=96&d=mm&r=g","caption":"istoreadm"},"url":"https:\/\/ispace.md\/blog\/author\/istoreadm\/"}]}},"frontimg":"https:\/\/ispace.md\/blog\/wp-content\/uploads\/2023\/11\/airpods-max-320x220.webp","frontimglarge":"https:\/\/ispace.md\/blog\/wp-content\/uploads\/2023\/11\/airpods-max-730x300.webp","acf":{"select_banner_style":"0","select_sidebar":"0","axil_post_review_box":false},"_links":{"self":[{"href":"https:\/\/ispace.md\/blog\/wp-json\/wp\/v2\/posts\/6950"}],"collection":[{"href":"https:\/\/ispace.md\/blog\/wp-json\/wp\/v2\/posts"}],"about":[{"href":"https:\/\/ispace.md\/blog\/wp-json\/wp\/v2\/types\/post"}],"author":[{"embeddable":true,"href":"https:\/\/ispace.md\/blog\/wp-json\/wp\/v2\/users\/1"}],"replies":[{"embeddable":true,"href":"https:\/\/ispace.md\/blog\/wp-json\/wp\/v2\/comments?post=6950"}],"version-history":[{"count":3,"href":"https:\/\/ispace.md\/blog\/wp-json\/wp\/v2\/posts\/6950\/revisions"}],"predecessor-version":[{"id":6954,"href":"https:\/\/ispace.md\/blog\/wp-json\/wp\/v2\/posts\/6950\/revisions\/6954"}],"wp:featuredmedia":[{"embeddable":true,"href":"https:\/\/ispace.md\/blog\/wp-json\/wp\/v2\/media\/6944"}],"wp:attachment":[{"href":"https:\/\/ispace.md\/blog\/wp-json\/wp\/v2\/media?parent=6950"}],"wp:term":[{"taxonomy":"category","embeddable":true,"href":"https:\/\/ispace.md\/blog\/wp-json\/wp\/v2\/categories?post=6950"},{"taxonomy":"post_tag","embeddable":true,"href":"https:\/\/ispace.md\/blog\/wp-json\/wp\/v2\/tags?post=6950"}],"curies":[{"name":"wp","href":"https:\/\/api.w.org\/{rel}","templated":true}]}}