{"id":7273,"date":"2024-01-18T13:03:00","date_gmt":"2024-01-18T11:03:00","guid":{"rendered":"https:\/\/ispace.md\/blog\/?p=7273"},"modified":"2024-01-18T15:01:53","modified_gmt":"2024-01-18T13:01:53","slug":"cum-sa-actionati-daca-iphone-ul-se-opreste-si-nu-se-mai-activeaza-la-frig","status":"publish","type":"post","link":"https:\/\/ispace.md\/blog\/cum-sa-actionati-daca-iphone-ul-se-opreste-si-nu-se-mai-activeaza-la-frig\/","title":{"rendered":"Cum s\u0103 ac\u021biona\u021bi dac\u0103 iPhone-ul se opre\u0219te \u0219i nu se mai activeaz\u0103 la frig?"},"content":{"rendered":"<p><strong>Lucru nea\u0219teptat: \u00een timpul iernii, Turnul Eiffel se mic\u0219oreaz\u0103 cu 15 cm. Totul din cauza dilat\u0103rii termice: c\u00e2nd aerul devine mai rece, o\u021belul se contract\u0103, iar la \u00eenc\u0103lzire revine la pozi\u021bia ini\u021bial\u0103. De ce atunci se opre\u0219te iPhone-ul la frig?<\/strong><\/p>\n<p><strong>Ce s\u0103 mai spunem despre iPhone-ul ultratransparent, care este format din numeroase elemente metalice \u0219i microcipuri! \u00cen plus, este echipat cu o baterie litiu-ion: aceasta este <a href=\"https:\/\/support.apple.com\/ro-ro\/HT201678\">sensibil\u0103 <\/a>la frig. V\u0103 vom explica cum temperatura sc\u0103zut\u0103 afecteaz\u0103 smartphone-ul \u0219i ce pute\u021bi face \u00een aceast\u0103 privin\u021b\u0103.<\/strong><\/p>\n<p><img loading=\"lazy\" class=\"aligncenter wp-image-7265 size-full\" src=\"https:\/\/ispace.md\/blog\/wp-content\/uploads\/2024\/01\/2-2-scaled.jpg\" alt=\"se opre\u0219te iPhone-ul la frig\" width=\"2560\" height=\"1707\" srcset=\"https:\/\/ispace.md\/blog\/wp-content\/uploads\/2024\/01\/2-2-scaled.jpg 2560w, https:\/\/ispace.md\/blog\/wp-content\/uploads\/2024\/01\/2-2-400x267.jpg 400w, https:\/\/ispace.md\/blog\/wp-content\/uploads\/2024\/01\/2-2-1024x683.jpg 1024w, https:\/\/ispace.md\/blog\/wp-content\/uploads\/2024\/01\/2-2-768x512.jpg 768w, https:\/\/ispace.md\/blog\/wp-content\/uploads\/2024\/01\/2-2-1536x1024.jpg 1536w, https:\/\/ispace.md\/blog\/wp-content\/uploads\/2024\/01\/2-2-2048x1365.jpg 2048w, https:\/\/ispace.md\/blog\/wp-content\/uploads\/2024\/01\/2-2-390x260.jpg 390w, https:\/\/ispace.md\/blog\/wp-content\/uploads\/2024\/01\/2-2-285x190.jpg 285w\" sizes=\"(max-width: 2560px) 100vw, 2560px\" \/><\/p>\n<h2>De ce se opre\u0219te iPhone-ul la frig?<\/h2>\n<p>\u00cen majoritatea cazurilor, cauza st\u0103 \u00een bateria de litiu-ion. La temperaturi sc\u0103zute, ionii pierd propriet\u0103\u021bile lor, iar rezisten\u021ba intern\u0103 cre\u0219te. Ca rezultat, capacitatea bateriei scade. Din cauza faptului c\u0103 bateria nu mai furnizeaz\u0103 curentul necesar pentru func\u021bionarea smartphone-ului, iPhone-ul se \u00eenchide. Acest lucru se \u00eent\u00e2mpl\u0103 chiar dac\u0103 dispozitivul avea \u00eenc\u0103 20-30% din baterie r\u0103mas\u0103.<\/p>\n<h2>Care iPhone-uri se opresc la frig?<\/h2>\n<p><img loading=\"lazy\" class=\"aligncenter wp-image-7266 size-full\" src=\"https:\/\/ispace.md\/blog\/wp-content\/uploads\/2024\/01\/3-2-scaled.jpg\" alt=\"se opre\u0219te iPhone-ul la frig\" width=\"2560\" height=\"1707\" srcset=\"https:\/\/ispace.md\/blog\/wp-content\/uploads\/2024\/01\/3-2-scaled.jpg 2560w, https:\/\/ispace.md\/blog\/wp-content\/uploads\/2024\/01\/3-2-400x267.jpg 400w, https:\/\/ispace.md\/blog\/wp-content\/uploads\/2024\/01\/3-2-1024x683.jpg 1024w, https:\/\/ispace.md\/blog\/wp-content\/uploads\/2024\/01\/3-2-768x512.jpg 768w, https:\/\/ispace.md\/blog\/wp-content\/uploads\/2024\/01\/3-2-1536x1024.jpg 1536w, https:\/\/ispace.md\/blog\/wp-content\/uploads\/2024\/01\/3-2-2048x1365.jpg 2048w, https:\/\/ispace.md\/blog\/wp-content\/uploads\/2024\/01\/3-2-390x260.jpg 390w, https:\/\/ispace.md\/blog\/wp-content\/uploads\/2024\/01\/3-2-285x190.jpg 285w\" sizes=\"(max-width: 2560px) 100vw, 2560px\" \/><\/p>\n<p>\u00cen <a href=\"https:\/\/ispace.md\/blog\/cum-prelungiti-durata-de-viata-a-bateriei-iphone\/\"><strong>articolul despre bateriile iPhone<\/strong><\/a> am explicat c\u0103 o baterie standard de litiu-ion este proiectat\u0103 pentru 500 de cicluri de \u00eenc\u0103rcare, echivalentul a aproximativ 2 ani de utilizare activ\u0103. C\u00e2nd se atinge acest prag, capacitatea bateriei scade cu 15-20%. C\u00e2nd aceasta scade sub 80%, este necesar\u0103 \u00eenlocuirea bateriei: cea existent\u0103 nu mai sus\u021bine puterea procesorului. Este greu s\u0103 nu observa\u021bi acest lucru: se opre\u0219te iPhone-ul la frig, \u00ee\u0219i pierde performan\u021ba \u0219i \u00een general se descarc\u0103 rapid.<\/p>\n<p>Prin urmare, \u00een condi\u021bii egale, un iPhone 11, spre exemplu, se va desc\u0103rca mai rapid la frig dec\u00e2t un iPhone 15 nou.<\/p>\n<p><img loading=\"lazy\" class=\"aligncenter wp-image-7267 size-full\" src=\"https:\/\/ispace.md\/blog\/wp-content\/uploads\/2024\/01\/4-2-scaled.jpg\" alt=\"se opre\u0219te iPhone-ul la frig\" width=\"2560\" height=\"1439\" srcset=\"https:\/\/ispace.md\/blog\/wp-content\/uploads\/2024\/01\/4-2-scaled.jpg 2560w, https:\/\/ispace.md\/blog\/wp-content\/uploads\/2024\/01\/4-2-400x225.jpg 400w, https:\/\/ispace.md\/blog\/wp-content\/uploads\/2024\/01\/4-2-1024x576.jpg 1024w, https:\/\/ispace.md\/blog\/wp-content\/uploads\/2024\/01\/4-2-768x432.jpg 768w, https:\/\/ispace.md\/blog\/wp-content\/uploads\/2024\/01\/4-2-1536x863.jpg 1536w, https:\/\/ispace.md\/blog\/wp-content\/uploads\/2024\/01\/4-2-2048x1151.jpg 2048w\" sizes=\"(max-width: 2560px) 100vw, 2560px\" \/><\/p>\n<h2><strong>La ce temperatur\u0103 se opre\u0219te iPhone-ul?<\/strong><\/h2>\n<p>Apple afirm\u0103 c\u0103 temperatura de operare a iPhone-ului este cuprins\u0103 \u00eentre 0 \u0219i 35\u00b0C. Dac\u0103 \u00eel utiliza\u021bi la o temperatur\u0103 mai sc\u0103zut\u0103 (sau mai ridicat\u0103), comportamentul dispozitivului se modific\u0103. De exemplu, chiar \u0219i la -1\u00b0C, performan\u021ba poate sc\u0103dea sau iPhone-ul poate \u00eencepe s\u0103 se descarce rapid, dup\u0103 care se va \u00eenchide.<\/p>\n<p>Noroc c\u0103 toate aceste inconveniente sunt temporare. Este suficient s\u0103 \u00eenc\u0103lzi\u021bi iPhone-ul \u0219i acesta va \u00eencepe s\u0103 func\u021bioneze din nou.<\/p>\n<h2>De ce se opre\u0219te iPhone-ul afar\u0103, \u00een timp ce alte smartphone-uri nu?<\/h2>\n<p>Este o confuzie: toate smartphone-urile cu baterie de litiu-ion au probleme la temperaturi sc\u0103zute. Dar trebuie s\u0103 facem o precizare aici: iPhone-urile au o carcas\u0103 sub\u021bire din metal \u0219i sticl\u0103. Arat\u0103 frumos, dar \u00eenghea\u021b\u0103 rapid. Pe de alt\u0103 parte, multe dispozitive Android au o carcas\u0103 din plastic. Plasticul conduce c\u0103ldura mai prost dec\u00e2t aluminiul \u0219i sticla, astfel c\u0103 telefoanele pot rezista la temperaturi mai sc\u0103zute. \u00cen plus, spre deosebire de Apple, pe pia\u021b\u0103 exist\u0103 multe dispozitive Android mai groase: acesta este un alt avantaj \u00een ceea ce prive\u0219te rezisten\u021ba la frig.<\/p>\n<p><img loading=\"lazy\" class=\"aligncenter wp-image-7268 size-full\" src=\"https:\/\/ispace.md\/blog\/wp-content\/uploads\/2024\/01\/5-2-scaled.jpg\" alt=\"se opre\u0219te iPhone-ul la frig\" width=\"2560\" height=\"2048\" srcset=\"https:\/\/ispace.md\/blog\/wp-content\/uploads\/2024\/01\/5-2-scaled.jpg 2560w, https:\/\/ispace.md\/blog\/wp-content\/uploads\/2024\/01\/5-2-375x300.jpg 375w, https:\/\/ispace.md\/blog\/wp-content\/uploads\/2024\/01\/5-2-1024x819.jpg 1024w, https:\/\/ispace.md\/blog\/wp-content\/uploads\/2024\/01\/5-2-768x614.jpg 768w, https:\/\/ispace.md\/blog\/wp-content\/uploads\/2024\/01\/5-2-1536x1229.jpg 1536w, https:\/\/ispace.md\/blog\/wp-content\/uploads\/2024\/01\/5-2-2048x1638.jpg 2048w\" sizes=\"(max-width: 2560px) 100vw, 2560px\" \/><\/p>\n<h2>Ce s\u0103 face\u021bi dac\u0103 iPhone-ul vostru nu se deschide?<\/h2>\n<p>Trebuie s\u0103 \u00eel \u00eenc\u0103lzi\u021bi: atunci c\u00e2nd telefonul ajunge \u00eentr-un mediu ambiant optim, durata de func\u021bionare normal\u0103 se va restabili. Dar aminti\u021bi-v\u0103: dispozitivele nu tolereaz\u0103 fluctua\u021biile de temperatur\u0103, a\u0219a c\u0103 nu ar trebui s\u0103 pune\u021bi dispozitivul &#8220;\u00eenghe\u021bat&#8221; pe baterie sau s\u0103 \u00eel \u021bine\u021bi l\u00e2ng\u0103 radiator \u00een ma\u0219in\u0103 &#8211; poate ap\u0103rea condens. De asemenea, nu este recomandat s\u0103 conecta\u021bi imediat dispozitivul la \u00eenc\u0103rcare. Dac\u0103 se opre\u0219te iPhone-ul \u0219i nu se deschide, l\u0103sa\u021bi-l timp de 10-15 minute la temperatura camerei pentru a reveni la normal. \u0218i abia apoi conecta\u021bi-l la \u00eenc\u0103rcare.<\/p>\n<p><img loading=\"lazy\" class=\"aligncenter wp-image-7269 size-full\" src=\"https:\/\/ispace.md\/blog\/wp-content\/uploads\/2024\/01\/6-2-scaled.jpg\" alt=\"se opre\u0219te iPhone-ul la frig\" width=\"2560\" height=\"1869\" srcset=\"https:\/\/ispace.md\/blog\/wp-content\/uploads\/2024\/01\/6-2-scaled.jpg 2560w, https:\/\/ispace.md\/blog\/wp-content\/uploads\/2024\/01\/6-2-400x292.jpg 400w, https:\/\/ispace.md\/blog\/wp-content\/uploads\/2024\/01\/6-2-1024x748.jpg 1024w, https:\/\/ispace.md\/blog\/wp-content\/uploads\/2024\/01\/6-2-768x561.jpg 768w, https:\/\/ispace.md\/blog\/wp-content\/uploads\/2024\/01\/6-2-1536x1122.jpg 1536w, https:\/\/ispace.md\/blog\/wp-content\/uploads\/2024\/01\/6-2-2048x1496.jpg 2048w\" sizes=\"(max-width: 2560px) 100vw, 2560px\" \/><\/p>\n<h2>iPhone-ul se comport\u0103 \u201eciudat\u201d la frig<\/h2>\n<p>\u00cen principiu, frigul poate schimba comportamentul dispozitivului p\u00e2n\u0103 la oprirea acestuia. Dar uneori utilizatorii se confrunt\u0103 cu alte probleme. La temperaturi extrem de sc\u0103zute, ecranul tactil poate func\u021biona necorespunz\u0103tor. \u0218i unii proprietari se confrunt\u0103 cu faptul c\u0103, la frig, camera func\u021bioneaz\u0103 mai prost. De exemplu, \u00een loc de imagine, apare un ecran negru sau bli\u021bul \u0219i focalizarea nu func\u021bioneaz\u0103.<\/p>\n<p>V\u0103 sun\u0103 cunoscut? \u00cenc\u0103lzi\u021bi telefonul \u0219i func\u021bionalitatea acestuia se va restabili.<\/p>\n<p><img loading=\"lazy\" class=\"alignnone wp-image-7270 size-full\" src=\"https:\/\/ispace.md\/blog\/wp-content\/uploads\/2024\/01\/7-2-scaled.jpg\" alt=\"\" width=\"2560\" height=\"1987\" srcset=\"https:\/\/ispace.md\/blog\/wp-content\/uploads\/2024\/01\/7-2-scaled.jpg 2560w, https:\/\/ispace.md\/blog\/wp-content\/uploads\/2024\/01\/7-2-387x300.jpg 387w, https:\/\/ispace.md\/blog\/wp-content\/uploads\/2024\/01\/7-2-1024x795.jpg 1024w, https:\/\/ispace.md\/blog\/wp-content\/uploads\/2024\/01\/7-2-768x596.jpg 768w, https:\/\/ispace.md\/blog\/wp-content\/uploads\/2024\/01\/7-2-1536x1192.jpg 1536w, https:\/\/ispace.md\/blog\/wp-content\/uploads\/2024\/01\/7-2-2048x1589.jpg 2048w\" sizes=\"(max-width: 2560px) 100vw, 2560px\" \/><\/p>\n<h2>Cum s\u0103 evita\u021bi ca iPhone-ul s\u0103 se opreasc\u0103 la frig?<\/h2>\n<ol>\n<li>\u00cenc\u0103rca\u021bi dispozitivul p\u00e2n\u0103 la 100% \u00eenainte de a ie\u0219i din cas\u0103. Totul este simplu: cu c\u00e2t este mai \u00eenc\u0103rcat dispozitivul, cu at\u00e2t se va desc\u0103rca mai lent.<\/li>\n<li>Vorbi\u021bi la telefon folosind c\u0103\u0219ti. \u0218i l\u0103sa\u021bi smartphone-ul s\u0103 stea \u00eentr-un buzunar cald \u00een acest timp.<\/li>\n<li>Folosi\u021bi huse. Iarna, acestea nu numai c\u0103 protejeaz\u0103 iPhone-ul de lovituri, dar \u00eempiedic\u0103 \u0219i \u00eenghe\u021barea rapid\u0103.<\/li>\n<li>Nu l\u0103sa\u021bi smartphone-ul \u00een ma\u0219in\u0103 dac\u0103 se sta\u021bioneaz\u0103 \u00een aer liber. M\u0103car pentru un scurt timp.<\/li>\n<li>\u021aine\u021bi iPhone-ul mai aproape de corp: \u00een buzunarul blugilor sau \u00een buzunarele interioare ale jachetei. Nu-l pune\u021bi \u00een geant\u0103 sau \u00een rucsac.<\/li>\n<li>Schimba\u021bi bateria la modelele mai vechi dac\u0103 capacitatea acesteia este sub 80%. Acest lucru poate fi f\u0103cut \u00eentr-un Service Centru autorizat iSpace din Moldova.<\/li>\n<li>Schimba\u021bi iPhone-ul vechi cu unul nou \u00een programul <strong><a href=\"https:\/\/ispace.md\/trade-in\">Trade-in.<\/a><\/strong> Astfel, nu doar sc\u0103pa\u021bi de problema unei baterii slabe, ci \u0219i ob\u021bine\u021bi un dispozitiv performant.<\/li>\n<\/ol>\n<p><img loading=\"lazy\" class=\"aligncenter wp-image-7271 size-full\" src=\"https:\/\/ispace.md\/blog\/wp-content\/uploads\/2024\/01\/8-1-scaled.jpg\" alt=\"se opre\u0219te iPhone-ul la frig\" width=\"2560\" height=\"1707\" srcset=\"https:\/\/ispace.md\/blog\/wp-content\/uploads\/2024\/01\/8-1-scaled.jpg 2560w, https:\/\/ispace.md\/blog\/wp-content\/uploads\/2024\/01\/8-1-400x267.jpg 400w, https:\/\/ispace.md\/blog\/wp-content\/uploads\/2024\/01\/8-1-1024x683.jpg 1024w, https:\/\/ispace.md\/blog\/wp-content\/uploads\/2024\/01\/8-1-768x512.jpg 768w, https:\/\/ispace.md\/blog\/wp-content\/uploads\/2024\/01\/8-1-1536x1024.jpg 1536w, https:\/\/ispace.md\/blog\/wp-content\/uploads\/2024\/01\/8-1-2048x1365.jpg 2048w, https:\/\/ispace.md\/blog\/wp-content\/uploads\/2024\/01\/8-1-390x260.jpg 390w, https:\/\/ispace.md\/blog\/wp-content\/uploads\/2024\/01\/8-1-285x190.jpg 285w\" sizes=\"(max-width: 2560px) 100vw, 2560px\" \/><\/p>\n<p><strong>Concluzie<\/strong><\/p>\n<p>Acum \u0219ti\u021bi de ce se opre\u0219te iPhone-ul la frig. Carcasa sub\u021bire din sticl\u0103 \u0219i aluminiu \u00eenghea\u021b\u0103 rapid, ceea ce \u00eencetine\u0219te reac\u021biile chimice \u00een baterie. Ca rezultat, smartphone-ul poate avea probleme de func\u021bionare \u0219i se poate desc\u0103rca rapid p\u00e2n\u0103 la oprire. Modelele mai vechi sufer\u0103 \u00een special din aceast\u0103 cauz\u0103.<\/p>\n<p>Este dificil s\u0103 r\u0103spundem f\u0103r\u0103 echivoc la \u00eentrebarea dac\u0103 toate iPhone-urile se opresc la frig. Acest lucru depinde de mul\u021bi factori: temperatur\u0103, v\u00e2rsta modelului, nivelul de \u00eenc\u0103rcare al telefonului \u0219i chiar de materialul carcasei.<\/p>\n<p>Dac\u0103 iPhone-ul vostru s-a oprit la frig \u0219i nu se deschide, duce\u021bi-l \u00eentr-un loc cald \u0219i l\u0103sa\u021bi-l s\u0103 se \u00eenc\u0103lzeasc\u0103. Func\u021bionalitatea telefonului se va restabili. Dar aminti\u021bi-v\u0103: electronica nu tolereaz\u0103 schimb\u0103rile bru\u0219te de temperatur\u0103, deci nu a\u0219eza\u021bi dispozitivul pe baterie, l\u00e2ng\u0103 sob\u0103 \u0219i nu conecta\u021bi un iPhone-ul \u201e\u00eenghe\u021bat\u201d la \u00eenc\u0103rcare.<\/p>\n<style>\n\tdiv#products_69f59df790195{\n\t\tdisplay: flex;flex-wrap: wrap;padding: 20px 0px;\n\t}\n\tdiv#products_69f59df790195 > div.prodwrap{\n\t\tdisplay:flex; \n\t\tflex-direction:column;\n\t\twidth:33%;\n\t\t padding: 0px 1%;\n\t\tborder: 1px solid #e5e5e5;\n\t\tpadding: 9px;\n\t\ttransition: 0.5s;\n\t\t    margin-bottom: 30px;\n\t\t\tposition: relative;\n\t}\n\tdiv#products_69f59df790195 > div.prodwrap:hover{\n\t\tborder-color: #0a84ff;\n\t}\n\t\n\tdiv#products_69f59df790195 > div.prod_colorgroup_wrap{\n\t\twidth:33%;\n\t\tpadding: 0px 1%;\n\t\tborder: 1px solid #e5e5e5;\n\t\tpadding: 9px; \n\t\ttransition: 0.5s;\n\t\t    margin-bottom: 30px;\n\t}\n\tdiv#products_69f59df790195 > div.prod_colorgroup_wrap:hover{\n\t\tborder-color: #0a84ff;\n\t}\n\tdiv#products_69f59df790195 > div.prod_colorgroup_wrap div.colorgr > div.prodwrap{\n\t\tdisplay:none;\n\t}\n\tdiv#products_69f59df790195 > div.prod_colorgroup_wrap div.colorgr > div.prodwrap.active{\n\t\tdisplay:flex; flex-direction:column;\n\t}\n\t\n\t span.name{\n\t\tcolor: #000;\n\t\tflex-grow: 1;\n\t\tline-height: 1.3;\n\t\tpadding: 5px 8px;\n\t\tfont-size: 16px;\n\t\tmargin-top: 44px;\n\t}\n\t span.name a{\n\t\tcolor: #000;\n\t}\n\t\n\t span.name:hover a{\n\t\tcolor: #0a84ff;\n\t\ttransition: 0.5s;\n\t}\n\t\n\t span.price{\n\t\t padding: 5px 8px;\n\t\tcolor:#000;\t\n\t\tfont-weight: bold; \n\t\tmax-width: calc(100% - 65px);\n\t}\n\t.bbutt{\n\t\tposition: absolute;\n    bottom: 4px;\n    right: 4px;\n\t\tdisplay: flex;\n\t\twidth: 60px;\n\t\theight: 60px;\n\t\tpadding: 5px;\n\t\talign-content: center;\n\t\talign-items: center;\n\t\tjustify-content: center;\n\t\tborder-radius: 50%;\n\t\tborder: 1px solid transparent;\n\t\ttransition: none;\n\t\tmin-width: unset;\n    color: #fff;\n    background: #0a84ff;\n\t}\n\t\n\t.bbutt:hover {\n\n\t\tbackground: #0b6fd4;\n\t\ttransition: 0.5s;\n\t}\n\t\n\t.prod_colorgroup_wrap{\n\t\tposition:relative;\n\t}\n\t\n\t.colorsw > div{\n\t\tborder-radius: 100%;\n\t\tpadding: 3px;\n\t\tmargin: 2px;\n\t\tborder: 2px solid transparent;\n\t\tcursor: pointer;\n\t\tdisplay: flex;\n\t\talign-content: center;\n\t\talign-items: center;\n\t\tjustify-content: center;\n\t}\n\t\n\t.colorsw > div >span{\n\t\twidth: 30px;\n\t\theight: 30px;\n\t\tborder-radius: 100%;\n\t}\n\t\n\t.colorsw {\n\t\tdisplay: flex;\n\t\tposition: absolute;\n\t\ttop: 251px; \n\t}\n\n\t.colorsw > div.active{\n\t\tborder-color: #0a84ff;\n\t}\n\n@media (max-width: 1200px) {\n\t.colorsw {\n\t\ttop: 193px;\n\t}\n}\n@media (max-width: 992px) {\n\t.colorsw {\n\t\ttop: 216px;\n\t}\n}\t\n\t\n@media (max-width: 768px) {\n\t.colorsw {\n\t\ttop: 164px;\n\t}\n}\t\n\t\n@media (max-width: 600px) {\n\t.colorsw {\n\t\ttop: 41vw ; \n\t}\n\t\n\tdiv#products_69f59df790195 > div.prod_colorgroup_wrap{\n\t\twidth:48%;\n\t}\n\tdiv#products_69f59df790195 > div.prodwrap{\n\t\twidth:48%;\n\t}\n}\n\n\n\n<\/style>\n\n<script>\nvar printOrder_69f59df790195 = [\"BPB012BTBK\",\"CNE-CPB301B\",\"BPB002BTBK\"];\n\nif(typeof jQuery != 'undefined'){\n\t\njQuery(document).ready(function(jQuery) {\nlet langkey = switchLocale();\nlet requrl = langkey + \"\/api\/apr\/catalog\/products\/by-sku?skus[]=BPB012BTBK&skus[]=CNE-CPB301B&skus[]=BPB002BTBK\";\n\nconsole.log(printOrder_69f59df790195);\nprintOrder_69f59df790195.forEach((elem, index) => {\n\tif(Array.isArray(elem)){\n\t\tjQuery(\"#products_69f59df790195\").append(\"<div id='wrap_\" + index + \"_69f59df790195' class='prod_colorgroup_wrap'><div class='colorgr'><\/div><div class='colorsw'><\/div><\/div>\");\n\t\t\n\t\telem.forEach((eleminner, indexinner) => {\n\t\t\tlet active = '';\n\t\t\t\/\/printOrder_69f59df790195[index][indexinner] = data.find(o => o.sku === eleminner);\n\t\t\tif(printOrder_69f59df790195[index][indexinner] != null){\n\t\t\t\t\n\t\t\t\tif(indexinner == 0){active = 'active';}\n\t\t\t\t\tgetElemNew_69f59df790195(printOrder_69f59df790195[index][indexinner], active, index)\n\t\t\t\tjQuery(\"#products_69f59df790195 div#wrap_\" + index + \"_69f59df790195 div.colorsw\")\n\t\t\t\t\t.append(\"<div data-elem = '\" + indexinner + \"' class='\" + active + \"'><span style='background:\" + color + \";'><\/span><\/div>\");\n\t\t\t}\n\t\t});\n\t}\n\telse{\n\t\t\/\/printOrder_69f59df790195[index] = data.find(o => o.sku === elem);\n\t\tif(printOrder_69f59df790195[index] != null){\n\t\t\tgetElemNew_69f59df790195(printOrder_69f59df790195[index], 0, -1)\n\t\t\t\n\t\t}\n\t}\n});\t\n\t\njQuery(\".colorsw div\").click(function() {\n\tlet elemid = jQuery(this).parent().parent().attr('id');\n\tjQuery(\"#\"+elemid + \" .colorgr > div.prodwrap\").removeClass(\"active\");\n\tjQuery(\"#\"+elemid + \" .colorsw > div\").removeClass(\"active\"); \n\tjQuery(\"#\"+elemid + \" .colorgr > div.prodwrap:eq(\"+this.dataset.elem+\")\").addClass(\"active\");\n\tjQuery(\"#\"+elemid + \" .colorsw > div:eq(\"+this.dataset.elem+\")\").addClass(\"active\"); \n});\n\n\n\n\t\n});\t\n\n}\n\t\n\n\n\/**\n * Number.prototype.format(n, x, s, c)\n * \n * @param integer n: length of decimal\n * @param integer x: length of whole part\n * @param mixed   s: sections delimiter\n * @param mixed   c: decimal delimiter\n *\/\nNumber.prototype.format = function(n, x, s, c) {\n    var re = '\\\\d(?=(\\\\d{' + (x || 3) + '})+' + (n > 0 ? '\\\\D' : '$') + ')',\n    num = this.toFixed(Math.max(0, ~~n));\n\n    return (c ? num.replace('.', c) : num).replace(new RegExp(re, 'g'), '$&' + (s || ','));\n};\n\n\n\nfunction getElem(element, active){\n\tconsole.log(element)\n\tlet currSign = switchCurrency(element.prices.geo); \n\tlet bigPrice = element.prices.discount_price;\n\tlet smallPrice = element.prices.price;\n\tif(element.prices.price > element.prices.discount_price){bigPrice = smallPrice; smallPrice = element.prices.discount_price; }\n\t\n\tlet finalPrice = element.prices.price;\n\tif(element.prices.discount_type){finalPrice = smallPrice;}\n\t\n\tlet price = formatPrice(element.prices.geo, finalPrice) ; \n\tlet url = location.protocol + '\/\/' + location.hostname + switchLocale() + '\/' + element.category[0].url + '\/' + element.slug;\n\tlet burl = location.protocol + '\/\/' + location.hostname + switchLocale() + '\/cart?articul=' + element.sku;\n\tlet aclass = '';\n\tif(active){aclass = 'active';}\n\t\/\/ \/AfrOrF3gWeDA6VOlDG4TzxMv39O7MXnF4CXpKUwGqRM\/resize:fill:540\/bg:f6f6f6\/q:100\/plain\/s3:\/\/\n\treturn \"<div class='prodwrap \" + aclass + \"'><a href='\" + url + \"' target='_blank'><img src='https:\/\/\"+switchProxy(element.prices.geo)+\"\/AfrOrF3gWeDA6VOlDG4TzxMv39O7MXnF4CXpKUwGqRM\/resize:fill:540\/bg:ffffff\/q:100\/plain\/s3:\/\/\" + element.image+\"@webp' alt=''><\/a><span class='name'><a href='\" + url + \"' target='_blank'>\" + element.name + \"<\/a><\/span><span class='price'>\" + price + \" \" + currSign + \"<\/span><a class='bbutt' href='\" + burl + \"''><img src='https:\/\/cdn0.it4profit.com\/files\/7\/catalog-add-cart-icon.svg' alt=''><\/a><\/div>\";\n}\n\n\nfunction getElemNew_69f59df790195(sku, active, index){\n\tconsole.log(sku)\n\n\trequrl = '\/api\/products?search=sku:'+ sku +'&searchFields=sku:=&limit=0&lang=ru';\n\tvar request_69f59df790195_sku = jQuery.ajax({\n\t\turl: requrl,\n\t\ttype: \"GET\", \n\t\tdataType: 'json',\n\t\theaders: {\n\t\t'Content-Type':'application\/json'\n\t\t},\n\t});\n\t\nrequest_69f59df790195_sku.done(function(data) {\n\tconsole.log(data);\n\telement = data.data[0];\n\t\tconsole.log(element);\n\tlet currSign = element.currency; \n\t\/\/let bigPrice = element.discount_price;\n\n\t\n\t\/\/let price = formatPrice(element.prices.geo, finalPrice) ; \n\t\n\tlet url = location.protocol + '\/\/' + location.hostname + switchLocale() + '\/product\/' + element.slug;\n\t\/\/let burl = location.protocol + '\/\/' + location.hostname + switchLocale() + '\/cart?articul=' + element.sku;\n\tlet aclass = '';\n\tif(active){aclass = 'active';}\n\n\nif(index === -1){\n\tjQuery(\"#products_69f59df790195\").append(\"<div class='prodwrap \" + aclass + \"'><a href='\" + url + \"' target='_blank'><img src='https:\/\/cdn0.it4profit.com\/s3size\/rt:fill\/w:900\/h:900\/g:no\/el:1\/f:webp\/plain\/s3:\/\"+element.images[0]+\"' alt=''><\/a><span class='name'><a href='\" + url + \"' target='_blank'>\" + element.name + \"<\/a><\/span><span class='price'>\" +  element.final_price + \" \" + currSign + \"<\/span><\/div>\");\t\n\n}\nelse{\n\tjQuery(\"#products_69f59df790195 div#wrap_\" + index + \"_69f59df790195 div.colorgr\")\n\t.append(\"#products_69f59df790195\").append(\"<div class='prodwrap \" + aclass + \"'><a href='\" + url + \"' target='_blank'><img src='https:\/\/cdn0.it4profit.com\/s3size\/rt:fill\/w:900\/h:900\/g:no\/el:1\/f:webp\/plain\/s3:\/\"+element.images[0]+\"' alt=''><\/a><span class='name'><a href='\" + url + \"' target='_blank'>\" + element.name + \"<\/a><\/span><span class='price'>\" +  element.final_price + \" \" + currSign + \"<\/span><\/div>\");\n}\n\n\n});\n\n\n\n}\n\n\nfunction switchLocale(){\n\tconsole.log(location.host);\n\tlet locale = jQuery(\"html\").attr('lang');\n\tif(location.host == 'ion.ua' & locale == 'uk'){return \"\/ua\";}\n\tif(location.host == 'ispace.ua' & locale == 'uk'){return \"\/ua\";}\n\tif(location.host == 'ispace.am' & locale == 'ru-RU'){return \"\/ru\";}\n\tif(location.host == 'ispace.am' & locale == 'en-US'){return \"\/en\";}\t\n\t\n\treturn \"\";\n}\n\nfunction switchCurrency(geo){\n\tswitch (geo) {\n\t  case 'BY':\n\t\treturn \"BYN\";\n\t  case 'UA':\n\t\treturn \"\u0433\u0440\u043d\";\n\t  case 'KZ':\n\t\treturn \"\u20b8\";\n\t  case 'AZ':\n\t\treturn \"AZN\";\n\t  case 'GE':\n\t\treturn \"\u10da\u10d0\u10e0\u10d8\";\n\t  case 'ARM':\n\t\treturn \"AMD\";\n\t  case 'RO':\n\t\treturn \"lei\";\n\t  case 'MD':\n\t\treturn \"lei\";\n\t  default:\n\t\treturn \"ERROR\";\n\t}\n}\n\nfunction formatPrice(geo, price){\n\tswitch (geo) {\n\t  case 'BY':\n\t\t\treturn Number(price).format(2, 3, ' ');\n\t  case 'UA':\n\t\t\treturn Number(price).format(2, 3, ' ');\n\t  case 'KZ':\n\t\t\treturn Number(price).format(0, 3, ' ');\n\t  case 'AZ':\n\t\t\treturn Number(price).format(0, 3, ' ');\n\t  case 'GE':\n\t\t\treturn Number(price).format(0, 3, ' ');\n\t  case 'ARM':\n\t\t\treturn Number(price).format(0, 3, ' ');\n\t  case 'RO':\n\t\t\treturn Number(price).format(0, 3, ' ');\n\t  case 'MD':\n\t\t\treturn Number(price).format(0, 3, ' ');\n\t  default:\n\t\t\treturn Number(price).format(0, 3, ' ');\n\t}\n}\n\n\t\nfunction switchProxy(geo){\n\tswitch (geo) {\n\t  case 'BY':\n\t\treturn \"cdn0.i-store.by\";\n\t  case 'UA':\n\t\treturn \"cdn1.it4profit.com\";\n\t  case 'KZ':\n\t\treturn \"cdn0.ipoint.kz\";\n\t  case 'AZ':\n\t\treturn \"cdn1.it4profit.com\";\n\t  case 'GE':\n\t\treturn \"cdn1.it4profit.com\";\n\t  case 'ARM':\n\t\treturn \"cdn0.ispace.am\";\n\t  default:\n\t\treturn \"cdn1.it4profit.com\";\n\t}\n}\n\n\n\n<\/script>\n<div id=\"products_69f59df790195\"><\/div>\n<p>Ce s\u0103 face\u021bi dac\u0103 iPhone-ul se opre\u0219te la frig? Cel mai eficient ar fi s\u0103 \u00eenlocuie\u021bi bateria. Acceseaz\u0103 \u201eConfigur\u0103ri\u201d &gt; \u201eBaterie\u201d &gt; \u201eStare s\u0103n\u0103tate \u0219i \u00eenc\u0103rcare baterie\u201d. Dac\u0103 \u00een categoria \u201eCapacitate maxim\u0103\u201d valoarea este sub 85-80%, atunci este momentul s\u0103 merge\u021bi la un Service Centru.<\/p>\n<p>Recomand\u0103m s\u0103 apela\u021bi la iSpace &#8211; un <strong>Service Centru autorizat Apple \u00een Moldova<\/strong>. Inginerii s\u0103i lucreaz\u0103 conform standardelor companiei, ceea ce garanteaz\u0103 fiabilitatea \u0219i calitatea repara\u021biei. Pentru lucr\u0103rile efectuate, se utilizeaz\u0103 echipamente profesionale \u0219i componente originale, ob\u021binute direct de la Apple de c\u0103tre iSpace.<\/p>\n<p>\u00cen esen\u021b\u0103, dac\u0103 dori\u021bi ca dispozitivul s\u0103 aib\u0103 aceea\u0219i baterie ca \u0219i iPhone-urile noi de la fabrica produc\u0103toare, adresa\u021bi-v\u0103 la iSpace. Costul piesei depinde de modelul telefonului, iar serviciul \u00een sine \u00eencepe de la 550 MDL. \u00cen plus, ve\u021bi primi o garan\u021bie pentru lucr\u0103rile efectuate.<\/p>\n<p>Contactele, etapele repara\u021biei \u0219i instruc\u021biuni despre cum s\u0103 preg\u0103ti\u021bi iPhone-ul pentru a fi dus la service se g\u0103sesc <a href=\"https:\/\/ispace.md\/t\/service_center\"><strong>aici<\/strong><\/a>.<\/p>\n<p>Service Centrul iSpace v\u0103 a\u0219teapt\u0103 la adresa:<\/p>\n<p>Ora\u0219ul Chi\u0219in\u0103u, str. 31 August 1989, 103<\/p>\n<style>\n\tdiv#products_69f59df790227{\n\t\tdisplay: flex;flex-wrap: wrap;padding: 20px 0px;\n\t}\n\tdiv#products_69f59df790227 > div.prodwrap{\n\t\tdisplay:flex; \n\t\tflex-direction:column;\n\t\twidth:33%;\n\t\t padding: 0px 1%;\n\t\tborder: 1px solid #e5e5e5;\n\t\tpadding: 9px;\n\t\ttransition: 0.5s;\n\t\t    margin-bottom: 30px;\n\t\t\tposition: relative;\n\t}\n\tdiv#products_69f59df790227 > div.prodwrap:hover{\n\t\tborder-color: #0a84ff;\n\t}\n\t\n\tdiv#products_69f59df790227 > div.prod_colorgroup_wrap{\n\t\twidth:33%;\n\t\tpadding: 0px 1%;\n\t\tborder: 1px solid #e5e5e5;\n\t\tpadding: 9px; \n\t\ttransition: 0.5s;\n\t\t    margin-bottom: 30px;\n\t}\n\tdiv#products_69f59df790227 > div.prod_colorgroup_wrap:hover{\n\t\tborder-color: #0a84ff;\n\t}\n\tdiv#products_69f59df790227 > div.prod_colorgroup_wrap div.colorgr > div.prodwrap{\n\t\tdisplay:none;\n\t}\n\tdiv#products_69f59df790227 > div.prod_colorgroup_wrap div.colorgr > div.prodwrap.active{\n\t\tdisplay:flex; flex-direction:column;\n\t}\n\t\n\t span.name{\n\t\tcolor: #000;\n\t\tflex-grow: 1;\n\t\tline-height: 1.3;\n\t\tpadding: 5px 8px;\n\t\tfont-size: 16px;\n\t\tmargin-top: 44px;\n\t}\n\t span.name a{\n\t\tcolor: #000;\n\t}\n\t\n\t span.name:hover a{\n\t\tcolor: #0a84ff;\n\t\ttransition: 0.5s;\n\t}\n\t\n\t span.price{\n\t\t padding: 5px 8px;\n\t\tcolor:#000;\t\n\t\tfont-weight: bold; \n\t\tmax-width: calc(100% - 65px);\n\t}\n\t.bbutt{\n\t\tposition: absolute;\n    bottom: 4px;\n    right: 4px;\n\t\tdisplay: flex;\n\t\twidth: 60px;\n\t\theight: 60px;\n\t\tpadding: 5px;\n\t\talign-content: center;\n\t\talign-items: center;\n\t\tjustify-content: center;\n\t\tborder-radius: 50%;\n\t\tborder: 1px solid transparent;\n\t\ttransition: none;\n\t\tmin-width: unset;\n    color: #fff;\n    background: #0a84ff;\n\t}\n\t\n\t.bbutt:hover {\n\n\t\tbackground: #0b6fd4;\n\t\ttransition: 0.5s;\n\t}\n\t\n\t.prod_colorgroup_wrap{\n\t\tposition:relative;\n\t}\n\t\n\t.colorsw > div{\n\t\tborder-radius: 100%;\n\t\tpadding: 3px;\n\t\tmargin: 2px;\n\t\tborder: 2px solid transparent;\n\t\tcursor: pointer;\n\t\tdisplay: flex;\n\t\talign-content: center;\n\t\talign-items: center;\n\t\tjustify-content: center;\n\t}\n\t\n\t.colorsw > div >span{\n\t\twidth: 30px;\n\t\theight: 30px;\n\t\tborder-radius: 100%;\n\t}\n\t\n\t.colorsw {\n\t\tdisplay: flex;\n\t\tposition: absolute;\n\t\ttop: 251px; \n\t}\n\n\t.colorsw > div.active{\n\t\tborder-color: #0a84ff;\n\t}\n\n@media (max-width: 1200px) {\n\t.colorsw {\n\t\ttop: 193px;\n\t}\n}\n@media (max-width: 992px) {\n\t.colorsw {\n\t\ttop: 216px;\n\t}\n}\t\n\t\n@media (max-width: 768px) {\n\t.colorsw {\n\t\ttop: 164px;\n\t}\n}\t\n\t\n@media (max-width: 600px) {\n\t.colorsw {\n\t\ttop: 41vw ; \n\t}\n\t\n\tdiv#products_69f59df790227 > div.prod_colorgroup_wrap{\n\t\twidth:48%;\n\t}\n\tdiv#products_69f59df790227 > div.prodwrap{\n\t\twidth:48%;\n\t}\n}\n\n\n\n<\/style>\n\n<script>\nvar printOrder_69f59df790227 = [\"MTP43RX\\\/A\",\"MU173RX\\\/A\",\"MTUX3RX\\\/A\"];\n\nif(typeof jQuery != 'undefined'){\n\t\njQuery(document).ready(function(jQuery) {\nlet langkey = switchLocale();\nlet requrl = langkey + \"\/api\/apr\/catalog\/products\/by-sku?skus[]=MTP43RX\/A&skus[]=MU173RX\/A&skus[]=MTUX3RX\/A\";\n\nconsole.log(printOrder_69f59df790227);\nprintOrder_69f59df790227.forEach((elem, index) => {\n\tif(Array.isArray(elem)){\n\t\tjQuery(\"#products_69f59df790227\").append(\"<div id='wrap_\" + index + \"_69f59df790227' class='prod_colorgroup_wrap'><div class='colorgr'><\/div><div class='colorsw'><\/div><\/div>\");\n\t\t\n\t\telem.forEach((eleminner, indexinner) => {\n\t\t\tlet active = '';\n\t\t\t\/\/printOrder_69f59df790227[index][indexinner] = data.find(o => o.sku === eleminner);\n\t\t\tif(printOrder_69f59df790227[index][indexinner] != null){\n\t\t\t\t\n\t\t\t\tif(indexinner == 0){active = 'active';}\n\t\t\t\t\tgetElemNew_69f59df790227(printOrder_69f59df790227[index][indexinner], active, index)\n\t\t\t\tjQuery(\"#products_69f59df790227 div#wrap_\" + index + \"_69f59df790227 div.colorsw\")\n\t\t\t\t\t.append(\"<div data-elem = '\" + indexinner + \"' class='\" + active + \"'><span style='background:\" + color + \";'><\/span><\/div>\");\n\t\t\t}\n\t\t});\n\t}\n\telse{\n\t\t\/\/printOrder_69f59df790227[index] = data.find(o => o.sku === elem);\n\t\tif(printOrder_69f59df790227[index] != null){\n\t\t\tgetElemNew_69f59df790227(printOrder_69f59df790227[index], 0, -1)\n\t\t\t\n\t\t}\n\t}\n});\t\n\t\njQuery(\".colorsw div\").click(function() {\n\tlet elemid = jQuery(this).parent().parent().attr('id');\n\tjQuery(\"#\"+elemid + \" .colorgr > div.prodwrap\").removeClass(\"active\");\n\tjQuery(\"#\"+elemid + \" .colorsw > div\").removeClass(\"active\"); \n\tjQuery(\"#\"+elemid + \" .colorgr > div.prodwrap:eq(\"+this.dataset.elem+\")\").addClass(\"active\");\n\tjQuery(\"#\"+elemid + \" .colorsw > div:eq(\"+this.dataset.elem+\")\").addClass(\"active\"); \n});\n\n\n\n\t\n});\t\n\n}\n\t\n\n\n\/**\n * Number.prototype.format(n, x, s, c)\n * \n * @param integer n: length of decimal\n * @param integer x: length of whole part\n * @param mixed   s: sections delimiter\n * @param mixed   c: decimal delimiter\n *\/\nNumber.prototype.format = function(n, x, s, c) {\n    var re = '\\\\d(?=(\\\\d{' + (x || 3) + '})+' + (n > 0 ? '\\\\D' : '$') + ')',\n    num = this.toFixed(Math.max(0, ~~n));\n\n    return (c ? num.replace('.', c) : num).replace(new RegExp(re, 'g'), '$&' + (s || ','));\n};\n\n\n\nfunction getElem(element, active){\n\tconsole.log(element)\n\tlet currSign = switchCurrency(element.prices.geo); \n\tlet bigPrice = element.prices.discount_price;\n\tlet smallPrice = element.prices.price;\n\tif(element.prices.price > element.prices.discount_price){bigPrice = smallPrice; smallPrice = element.prices.discount_price; }\n\t\n\tlet finalPrice = element.prices.price;\n\tif(element.prices.discount_type){finalPrice = smallPrice;}\n\t\n\tlet price = formatPrice(element.prices.geo, finalPrice) ; \n\tlet url = location.protocol + '\/\/' + location.hostname + switchLocale() + '\/' + element.category[0].url + '\/' + element.slug;\n\tlet burl = location.protocol + '\/\/' + location.hostname + switchLocale() + '\/cart?articul=' + element.sku;\n\tlet aclass = '';\n\tif(active){aclass = 'active';}\n\t\/\/ \/AfrOrF3gWeDA6VOlDG4TzxMv39O7MXnF4CXpKUwGqRM\/resize:fill:540\/bg:f6f6f6\/q:100\/plain\/s3:\/\/\n\treturn \"<div class='prodwrap \" + aclass + \"'><a href='\" + url + \"' target='_blank'><img src='https:\/\/\"+switchProxy(element.prices.geo)+\"\/AfrOrF3gWeDA6VOlDG4TzxMv39O7MXnF4CXpKUwGqRM\/resize:fill:540\/bg:ffffff\/q:100\/plain\/s3:\/\/\" + element.image+\"@webp' alt=''><\/a><span class='name'><a href='\" + url + \"' target='_blank'>\" + element.name + \"<\/a><\/span><span class='price'>\" + price + \" \" + currSign + \"<\/span><a class='bbutt' href='\" + burl + \"''><img src='https:\/\/cdn0.it4profit.com\/files\/7\/catalog-add-cart-icon.svg' alt=''><\/a><\/div>\";\n}\n\n\nfunction getElemNew_69f59df790227(sku, active, index){\n\tconsole.log(sku)\n\n\trequrl = '\/api\/products?search=sku:'+ sku +'&searchFields=sku:=&limit=0&lang=ru';\n\tvar request_69f59df790227_sku = jQuery.ajax({\n\t\turl: requrl,\n\t\ttype: \"GET\", \n\t\tdataType: 'json',\n\t\theaders: {\n\t\t'Content-Type':'application\/json'\n\t\t},\n\t});\n\t\nrequest_69f59df790227_sku.done(function(data) {\n\tconsole.log(data);\n\telement = data.data[0];\n\t\tconsole.log(element);\n\tlet currSign = element.currency; \n\t\/\/let bigPrice = element.discount_price;\n\n\t\n\t\/\/let price = formatPrice(element.prices.geo, finalPrice) ; \n\t\n\tlet url = location.protocol + '\/\/' + location.hostname + switchLocale() + '\/product\/' + element.slug;\n\t\/\/let burl = location.protocol + '\/\/' + location.hostname + switchLocale() + '\/cart?articul=' + element.sku;\n\tlet aclass = '';\n\tif(active){aclass = 'active';}\n\n\nif(index === -1){\n\tjQuery(\"#products_69f59df790227\").append(\"<div class='prodwrap \" + aclass + \"'><a href='\" + url + \"' target='_blank'><img src='https:\/\/cdn0.it4profit.com\/s3size\/rt:fill\/w:900\/h:900\/g:no\/el:1\/f:webp\/plain\/s3:\/\"+element.images[0]+\"' alt=''><\/a><span class='name'><a href='\" + url + \"' target='_blank'>\" + element.name + \"<\/a><\/span><span class='price'>\" +  element.final_price + \" \" + currSign + \"<\/span><\/div>\");\t\n\n}\nelse{\n\tjQuery(\"#products_69f59df790227 div#wrap_\" + index + \"_69f59df790227 div.colorgr\")\n\t.append(\"#products_69f59df790227\").append(\"<div class='prodwrap \" + aclass + \"'><a href='\" + url + \"' target='_blank'><img src='https:\/\/cdn0.it4profit.com\/s3size\/rt:fill\/w:900\/h:900\/g:no\/el:1\/f:webp\/plain\/s3:\/\"+element.images[0]+\"' alt=''><\/a><span class='name'><a href='\" + url + \"' target='_blank'>\" + element.name + \"<\/a><\/span><span class='price'>\" +  element.final_price + \" \" + currSign + \"<\/span><\/div>\");\n}\n\n\n});\n\n\n\n}\n\n\nfunction switchLocale(){\n\tconsole.log(location.host);\n\tlet locale = jQuery(\"html\").attr('lang');\n\tif(location.host == 'ion.ua' & locale == 'uk'){return \"\/ua\";}\n\tif(location.host == 'ispace.ua' & locale == 'uk'){return \"\/ua\";}\n\tif(location.host == 'ispace.am' & locale == 'ru-RU'){return \"\/ru\";}\n\tif(location.host == 'ispace.am' & locale == 'en-US'){return \"\/en\";}\t\n\t\n\treturn \"\";\n}\n\nfunction switchCurrency(geo){\n\tswitch (geo) {\n\t  case 'BY':\n\t\treturn \"BYN\";\n\t  case 'UA':\n\t\treturn \"\u0433\u0440\u043d\";\n\t  case 'KZ':\n\t\treturn \"\u20b8\";\n\t  case 'AZ':\n\t\treturn \"AZN\";\n\t  case 'GE':\n\t\treturn \"\u10da\u10d0\u10e0\u10d8\";\n\t  case 'ARM':\n\t\treturn \"AMD\";\n\t  case 'RO':\n\t\treturn \"lei\";\n\t  case 'MD':\n\t\treturn \"lei\";\n\t  default:\n\t\treturn \"ERROR\";\n\t}\n}\n\nfunction formatPrice(geo, price){\n\tswitch (geo) {\n\t  case 'BY':\n\t\t\treturn Number(price).format(2, 3, ' ');\n\t  case 'UA':\n\t\t\treturn Number(price).format(2, 3, ' ');\n\t  case 'KZ':\n\t\t\treturn Number(price).format(0, 3, ' ');\n\t  case 'AZ':\n\t\t\treturn Number(price).format(0, 3, ' ');\n\t  case 'GE':\n\t\t\treturn Number(price).format(0, 3, ' ');\n\t  case 'ARM':\n\t\t\treturn Number(price).format(0, 3, ' ');\n\t  case 'RO':\n\t\t\treturn Number(price).format(0, 3, ' ');\n\t  case 'MD':\n\t\t\treturn Number(price).format(0, 3, ' ');\n\t  default:\n\t\t\treturn Number(price).format(0, 3, ' ');\n\t}\n}\n\n\t\nfunction switchProxy(geo){\n\tswitch (geo) {\n\t  case 'BY':\n\t\treturn \"cdn0.i-store.by\";\n\t  case 'UA':\n\t\treturn \"cdn1.it4profit.com\";\n\t  case 'KZ':\n\t\treturn \"cdn0.ipoint.kz\";\n\t  case 'AZ':\n\t\treturn \"cdn1.it4profit.com\";\n\t  case 'GE':\n\t\treturn \"cdn1.it4profit.com\";\n\t  case 'ARM':\n\t\treturn \"cdn0.ispace.am\";\n\t  default:\n\t\treturn \"cdn1.it4profit.com\";\n\t}\n}\n\n\n\n<\/script>\n<div id=\"products_69f59df790227\"><\/div>\n<p><strong>CITI\u021aI MAI MULT:<\/strong><\/p>\n<p class=\"title\"><a href=\"https:\/\/ispace.md\/blog\/de-ce-trebuie-sa-fie-reparate-dispozitivele-apple-in-service-centrul-autorizat\/\"><strong>De ce trebuie s\u0103 fie reparate dispozitivele Apple \u00een Service Centrele autorizate?<\/strong><\/a><\/p>\n<p class=\"title\"><a href=\"https:\/\/ispace.md\/blog\/7-functii-utile-pentru-mac-despre-care-s-ar-putea-sa-nu-fi-stiut\/\"><strong>7 func\u021bii \u201csecrete\u201d ale iPhone despre care s-ar putea s\u0103 nu fi \u0219tiut<\/strong><\/a><\/p>\n<p class=\"title\"><a href=\"https:\/\/ispace.md\/blog\/care-e-mai-bun-ios-sau-android-toate-argumentele-pro-si-contra\/\"><strong>Care e mai bun: iOS sau Android? Toate argumentele \u201epro\u201d \u0219i \u201econtra\u201d<\/strong><\/a><\/p>\n","protected":false},"excerpt":{"rendered":"<p>Lucru nea\u0219teptat: \u00een timpul iernii, Turnul Eiffel se mic\u0219oreaz\u0103 cu 15 cm. Totul din cauza dilat\u0103rii termice: c\u00e2nd aerul devine mai rece, o\u021belul se contract\u0103, iar la \u00eenc\u0103lzire revine la pozi\u021bia ini\u021bial\u0103. De ce atunci se opre\u0219te iPhone-ul la frig? Ce s\u0103 mai spunem despre iPhone-ul ultratransparent, care este format din numeroase elemente metalice \u0219i [&hellip;]<\/p>\n","protected":false},"author":1,"featured_media":7264,"comment_status":"open","ping_status":"open","sticky":false,"template":"","format":"standard","meta":[],"categories":[683],"tags":[455,755,815,1015,817,1013,1326,1328,1330,1332,1315,985,1053],"yoast_head":"<!-- This site is optimized with the Yoast SEO plugin v17.0 - https:\/\/yoast.com\/wordpress\/plugins\/seo\/ -->\n<title>Cum s\u0103 ac\u021biona\u021bi dac\u0103 iPhone-ul se opre\u0219te \u0219i nu se mai activeaz\u0103 la frig?<\/title>\n<meta name=\"description\" content=\"Afla\u021bi de ce se opre\u0219te iPhone-ul la frig \u0219i cum s\u0103 rezolva\u021bi aceast\u0103 problem\u0103. Spoiler: Nu trebuie s\u0103-\u021bi \u00eenlocui\u021bi iPhone-ul.\" \/>\n<meta name=\"robots\" content=\"index, follow, max-snippet:-1, max-image-preview:large, max-video-preview:-1\" \/>\n<link rel=\"canonical\" href=\"https:\/\/ispace.md\/blog\/cum-sa-actionati-daca-iphone-ul-se-opreste-si-nu-se-mai-activeaza-la-frig\/\" \/>\n<meta property=\"og:locale\" content=\"ru_RU\" \/>\n<meta property=\"og:type\" content=\"article\" \/>\n<meta property=\"og:title\" content=\"Cum s\u0103 ac\u021biona\u021bi dac\u0103 iPhone-ul se opre\u0219te \u0219i nu se mai activeaz\u0103 la frig?\" \/>\n<meta property=\"og:description\" content=\"Afla\u021bi de ce se opre\u0219te iPhone-ul la frig \u0219i cum s\u0103 rezolva\u021bi aceast\u0103 problem\u0103. Spoiler: Nu trebuie s\u0103-\u021bi \u00eenlocui\u021bi iPhone-ul.\" \/>\n<meta property=\"og:url\" content=\"https:\/\/ispace.md\/blog\/cum-sa-actionati-daca-iphone-ul-se-opreste-si-nu-se-mai-activeaza-la-frig\/\" \/>\n<meta property=\"og:site_name\" content=\"iSpace\" \/>\n<meta property=\"article:publisher\" content=\"https:\/\/www.facebook.com\/ispacemd\/\" \/>\n<meta property=\"article:published_time\" content=\"2024-01-18T11:03:00+00:00\" \/>\n<meta property=\"article:modified_time\" content=\"2024-01-18T13:01:53+00:00\" \/>\n<meta property=\"og:image\" content=\"https:\/\/ispace.md\/blog\/wp-content\/uploads\/2024\/01\/1-3-scaled.jpg\" \/>\n\t<meta property=\"og:image:width\" content=\"2560\" \/>\n\t<meta property=\"og:image:height\" content=\"1707\" \/>\n<meta name=\"twitter:card\" content=\"summary_large_image\" \/>\n<meta name=\"twitter:label1\" content=\"\u041d\u0430\u043f\u0438\u0441\u0430\u043d\u043e \u0430\u0432\u0442\u043e\u0440\u043e\u043c\" \/>\n\t<meta name=\"twitter:data1\" content=\"istoreadm\" \/>\n\t<meta name=\"twitter:label2\" content=\"\u041f\u0440\u0438\u043c\u0435\u0440\u043d\u043e\u0435 \u0432\u0440\u0435\u043c\u044f \u0434\u043b\u044f \u0447\u0442\u0435\u043d\u0438\u044f\" \/>\n\t<meta name=\"twitter:data2\" content=\"6 \u043c\u0438\u043d\u0443\u0442\" \/>\n<script type=\"application\/ld+json\" class=\"yoast-schema-graph\">{\"@context\":\"https:\/\/schema.org\",\"@graph\":[{\"@type\":\"WebSite\",\"@id\":\"https:\/\/ispace.md\/blog\/ru\/#website\",\"url\":\"https:\/\/ispace.md\/blog\/ru\/\",\"name\":\"iSpace\",\"description\":\"\\u0411\\u043b\\u043e\\u0433 \\u043a\\u043e\\u043c\\u043f\\u0430\\u043d\\u0438\\u0438 iSpace\",\"potentialAction\":[{\"@type\":\"SearchAction\",\"target\":{\"@type\":\"EntryPoint\",\"urlTemplate\":\"https:\/\/ispace.md\/blog\/ru\/?s={search_term_string}\"},\"query-input\":\"required name=search_term_string\"}],\"inLanguage\":\"ru-RU\"},{\"@type\":\"ImageObject\",\"@id\":\"https:\/\/ispace.md\/blog\/cum-sa-actionati-daca-iphone-ul-se-opreste-si-nu-se-mai-activeaza-la-frig\/#primaryimage\",\"inLanguage\":\"ru-RU\",\"url\":\"https:\/\/ispace.md\/blog\/wp-content\/uploads\/2024\/01\/1-3-scaled.jpg\",\"contentUrl\":\"https:\/\/ispace.md\/blog\/wp-content\/uploads\/2024\/01\/1-3-scaled.jpg\",\"width\":2560,\"height\":1707},{\"@type\":\"WebPage\",\"@id\":\"https:\/\/ispace.md\/blog\/cum-sa-actionati-daca-iphone-ul-se-opreste-si-nu-se-mai-activeaza-la-frig\/#webpage\",\"url\":\"https:\/\/ispace.md\/blog\/cum-sa-actionati-daca-iphone-ul-se-opreste-si-nu-se-mai-activeaza-la-frig\/\",\"name\":\"Cum s\\u0103 ac\\u021biona\\u021bi dac\\u0103 iPhone-ul se opre\\u0219te \\u0219i nu se mai activeaz\\u0103 la frig?\",\"isPartOf\":{\"@id\":\"https:\/\/ispace.md\/blog\/ru\/#website\"},\"primaryImageOfPage\":{\"@id\":\"https:\/\/ispace.md\/blog\/cum-sa-actionati-daca-iphone-ul-se-opreste-si-nu-se-mai-activeaza-la-frig\/#primaryimage\"},\"datePublished\":\"2024-01-18T11:03:00+00:00\",\"dateModified\":\"2024-01-18T13:01:53+00:00\",\"author\":{\"@id\":\"https:\/\/ispace.md\/blog\/ru\/#\/schema\/person\/ee7c990e7f16a92ff015648f1d3212cd\"},\"description\":\"Afla\\u021bi de ce se opre\\u0219te iPhone-ul la frig \\u0219i cum s\\u0103 rezolva\\u021bi aceast\\u0103 problem\\u0103. Spoiler: Nu trebuie s\\u0103-\\u021bi \\u00eenlocui\\u021bi iPhone-ul.\",\"breadcrumb\":{\"@id\":\"https:\/\/ispace.md\/blog\/cum-sa-actionati-daca-iphone-ul-se-opreste-si-nu-se-mai-activeaza-la-frig\/#breadcrumb\"},\"inLanguage\":\"ru-RU\",\"potentialAction\":[{\"@type\":\"ReadAction\",\"target\":[\"https:\/\/ispace.md\/blog\/cum-sa-actionati-daca-iphone-ul-se-opreste-si-nu-se-mai-activeaza-la-frig\/\"]}]},{\"@type\":\"BreadcrumbList\",\"@id\":\"https:\/\/ispace.md\/blog\/cum-sa-actionati-daca-iphone-ul-se-opreste-si-nu-se-mai-activeaza-la-frig\/#breadcrumb\",\"itemListElement\":[{\"@type\":\"ListItem\",\"position\":1,\"name\":\"\\u0413\\u043b\\u0430\\u0432\\u043d\\u0430\\u044f \\u0441\\u0442\\u0440\\u0430\\u043d\\u0438\\u0446\\u0430\",\"item\":\"https:\/\/ispace.md\/blog\/ru\/\"},{\"@type\":\"ListItem\",\"position\":2,\"name\":\"Cum s\\u0103 ac\\u021biona\\u021bi dac\\u0103 iPhone-ul se opre\\u0219te \\u0219i nu se mai activeaz\\u0103 la frig?\"}]},{\"@type\":\"Person\",\"@id\":\"https:\/\/ispace.md\/blog\/ru\/#\/schema\/person\/ee7c990e7f16a92ff015648f1d3212cd\",\"name\":\"istoreadm\",\"image\":{\"@type\":\"ImageObject\",\"@id\":\"https:\/\/ispace.md\/blog\/ru\/#personlogo\",\"inLanguage\":\"ru-RU\",\"url\":\"https:\/\/secure.gravatar.com\/avatar\/3ab1424e156237432133bacf1fcdd22d?s=96&d=mm&r=g\",\"contentUrl\":\"https:\/\/secure.gravatar.com\/avatar\/3ab1424e156237432133bacf1fcdd22d?s=96&d=mm&r=g\",\"caption\":\"istoreadm\"},\"url\":\"https:\/\/ispace.md\/blog\/author\/istoreadm\/\"}]}<\/script>\n<!-- \/ Yoast SEO plugin. -->","yoast_head_json":{"title":"Cum s\u0103 ac\u021biona\u021bi dac\u0103 iPhone-ul se opre\u0219te \u0219i nu se mai activeaz\u0103 la frig?","description":"Afla\u021bi de ce se opre\u0219te iPhone-ul la frig \u0219i cum s\u0103 rezolva\u021bi aceast\u0103 problem\u0103. Spoiler: Nu trebuie s\u0103-\u021bi \u00eenlocui\u021bi iPhone-ul.","robots":{"index":"index","follow":"follow","max-snippet":"max-snippet:-1","max-image-preview":"max-image-preview:large","max-video-preview":"max-video-preview:-1"},"canonical":"https:\/\/ispace.md\/blog\/cum-sa-actionati-daca-iphone-ul-se-opreste-si-nu-se-mai-activeaza-la-frig\/","og_locale":"ru_RU","og_type":"article","og_title":"Cum s\u0103 ac\u021biona\u021bi dac\u0103 iPhone-ul se opre\u0219te \u0219i nu se mai activeaz\u0103 la frig?","og_description":"Afla\u021bi de ce se opre\u0219te iPhone-ul la frig \u0219i cum s\u0103 rezolva\u021bi aceast\u0103 problem\u0103. Spoiler: Nu trebuie s\u0103-\u021bi \u00eenlocui\u021bi iPhone-ul.","og_url":"https:\/\/ispace.md\/blog\/cum-sa-actionati-daca-iphone-ul-se-opreste-si-nu-se-mai-activeaza-la-frig\/","og_site_name":"iSpace","article_publisher":"https:\/\/www.facebook.com\/ispacemd\/","article_published_time":"2024-01-18T11:03:00+00:00","article_modified_time":"2024-01-18T13:01:53+00:00","og_image":[{"width":2560,"height":1707,"url":"https:\/\/ispace.md\/blog\/wp-content\/uploads\/2024\/01\/1-3-scaled.jpg","path":"\/srv\/ispace.md\/blog\/wp-content\/uploads\/2024\/01\/1-3-scaled.jpg","size":"full","id":7264,"alt":"","pixels":4369920,"type":"image\/jpeg"}],"twitter_card":"summary_large_image","twitter_misc":{"\u041d\u0430\u043f\u0438\u0441\u0430\u043d\u043e \u0430\u0432\u0442\u043e\u0440\u043e\u043c":"istoreadm","\u041f\u0440\u0438\u043c\u0435\u0440\u043d\u043e\u0435 \u0432\u0440\u0435\u043c\u044f \u0434\u043b\u044f \u0447\u0442\u0435\u043d\u0438\u044f":"6 \u043c\u0438\u043d\u0443\u0442"},"schema":{"@context":"https:\/\/schema.org","@graph":[{"@type":"WebSite","@id":"https:\/\/ispace.md\/blog\/ru\/#website","url":"https:\/\/ispace.md\/blog\/ru\/","name":"iSpace","description":"\u0411\u043b\u043e\u0433 \u043a\u043e\u043c\u043f\u0430\u043d\u0438\u0438 iSpace","potentialAction":[{"@type":"SearchAction","target":{"@type":"EntryPoint","urlTemplate":"https:\/\/ispace.md\/blog\/ru\/?s={search_term_string}"},"query-input":"required name=search_term_string"}],"inLanguage":"ru-RU"},{"@type":"ImageObject","@id":"https:\/\/ispace.md\/blog\/cum-sa-actionati-daca-iphone-ul-se-opreste-si-nu-se-mai-activeaza-la-frig\/#primaryimage","inLanguage":"ru-RU","url":"https:\/\/ispace.md\/blog\/wp-content\/uploads\/2024\/01\/1-3-scaled.jpg","contentUrl":"https:\/\/ispace.md\/blog\/wp-content\/uploads\/2024\/01\/1-3-scaled.jpg","width":2560,"height":1707},{"@type":"WebPage","@id":"https:\/\/ispace.md\/blog\/cum-sa-actionati-daca-iphone-ul-se-opreste-si-nu-se-mai-activeaza-la-frig\/#webpage","url":"https:\/\/ispace.md\/blog\/cum-sa-actionati-daca-iphone-ul-se-opreste-si-nu-se-mai-activeaza-la-frig\/","name":"Cum s\u0103 ac\u021biona\u021bi dac\u0103 iPhone-ul se opre\u0219te \u0219i nu se mai activeaz\u0103 la frig?","isPartOf":{"@id":"https:\/\/ispace.md\/blog\/ru\/#website"},"primaryImageOfPage":{"@id":"https:\/\/ispace.md\/blog\/cum-sa-actionati-daca-iphone-ul-se-opreste-si-nu-se-mai-activeaza-la-frig\/#primaryimage"},"datePublished":"2024-01-18T11:03:00+00:00","dateModified":"2024-01-18T13:01:53+00:00","author":{"@id":"https:\/\/ispace.md\/blog\/ru\/#\/schema\/person\/ee7c990e7f16a92ff015648f1d3212cd"},"description":"Afla\u021bi de ce se opre\u0219te iPhone-ul la frig \u0219i cum s\u0103 rezolva\u021bi aceast\u0103 problem\u0103. Spoiler: Nu trebuie s\u0103-\u021bi \u00eenlocui\u021bi iPhone-ul.","breadcrumb":{"@id":"https:\/\/ispace.md\/blog\/cum-sa-actionati-daca-iphone-ul-se-opreste-si-nu-se-mai-activeaza-la-frig\/#breadcrumb"},"inLanguage":"ru-RU","potentialAction":[{"@type":"ReadAction","target":["https:\/\/ispace.md\/blog\/cum-sa-actionati-daca-iphone-ul-se-opreste-si-nu-se-mai-activeaza-la-frig\/"]}]},{"@type":"BreadcrumbList","@id":"https:\/\/ispace.md\/blog\/cum-sa-actionati-daca-iphone-ul-se-opreste-si-nu-se-mai-activeaza-la-frig\/#breadcrumb","itemListElement":[{"@type":"ListItem","position":1,"name":"\u0413\u043b\u0430\u0432\u043d\u0430\u044f \u0441\u0442\u0440\u0430\u043d\u0438\u0446\u0430","item":"https:\/\/ispace.md\/blog\/ru\/"},{"@type":"ListItem","position":2,"name":"Cum s\u0103 ac\u021biona\u021bi dac\u0103 iPhone-ul se opre\u0219te \u0219i nu se mai activeaz\u0103 la frig?"}]},{"@type":"Person","@id":"https:\/\/ispace.md\/blog\/ru\/#\/schema\/person\/ee7c990e7f16a92ff015648f1d3212cd","name":"istoreadm","image":{"@type":"ImageObject","@id":"https:\/\/ispace.md\/blog\/ru\/#personlogo","inLanguage":"ru-RU","url":"https:\/\/secure.gravatar.com\/avatar\/3ab1424e156237432133bacf1fcdd22d?s=96&d=mm&r=g","contentUrl":"https:\/\/secure.gravatar.com\/avatar\/3ab1424e156237432133bacf1fcdd22d?s=96&d=mm&r=g","caption":"istoreadm"},"url":"https:\/\/ispace.md\/blog\/author\/istoreadm\/"}]}},"frontimg":"https:\/\/ispace.md\/blog\/wp-content\/uploads\/2024\/01\/1-3-320x220.jpg","frontimglarge":"https:\/\/ispace.md\/blog\/wp-content\/uploads\/2024\/01\/1-3-730x300.jpg","acf":{"select_banner_style":"0","select_sidebar":"0","axil_post_review_box":false},"_links":{"self":[{"href":"https:\/\/ispace.md\/blog\/wp-json\/wp\/v2\/posts\/7273"}],"collection":[{"href":"https:\/\/ispace.md\/blog\/wp-json\/wp\/v2\/posts"}],"about":[{"href":"https:\/\/ispace.md\/blog\/wp-json\/wp\/v2\/types\/post"}],"author":[{"embeddable":true,"href":"https:\/\/ispace.md\/blog\/wp-json\/wp\/v2\/users\/1"}],"replies":[{"embeddable":true,"href":"https:\/\/ispace.md\/blog\/wp-json\/wp\/v2\/comments?post=7273"}],"version-history":[{"count":3,"href":"https:\/\/ispace.md\/blog\/wp-json\/wp\/v2\/posts\/7273\/revisions"}],"predecessor-version":[{"id":7290,"href":"https:\/\/ispace.md\/blog\/wp-json\/wp\/v2\/posts\/7273\/revisions\/7290"}],"wp:featuredmedia":[{"embeddable":true,"href":"https:\/\/ispace.md\/blog\/wp-json\/wp\/v2\/media\/7264"}],"wp:attachment":[{"href":"https:\/\/ispace.md\/blog\/wp-json\/wp\/v2\/media?parent=7273"}],"wp:term":[{"taxonomy":"category","embeddable":true,"href":"https:\/\/ispace.md\/blog\/wp-json\/wp\/v2\/categories?post=7273"},{"taxonomy":"post_tag","embeddable":true,"href":"https:\/\/ispace.md\/blog\/wp-json\/wp\/v2\/tags?post=7273"}],"curies":[{"name":"wp","href":"https:\/\/api.w.org\/{rel}","templated":true}]}}