{"id":7350,"date":"2024-02-12T14:42:48","date_gmt":"2024-02-12T12:42:48","guid":{"rendered":"https:\/\/ispace.md\/blog\/?p=7350"},"modified":"2024-02-12T14:43:07","modified_gmt":"2024-02-12T12:43:07","slug":"cu-ce-cablu-se-incarca-ipad-ul-brandul-conteaza","status":"publish","type":"post","link":"https:\/\/ispace.md\/blog\/cu-ce-cablu-se-incarca-ipad-ul-brandul-conteaza\/","title":{"rendered":"Cu ce cablu se \u00eencarc\u0103 iPad-ul? Brandul conteaz\u0103"},"content":{"rendered":"<p><strong>Produc\u0103torul recomand\u0103 utilizarea pentru \u00eenc\u0103rcarea iPad-ului a cablului \u0219i adaptorului pe care utilizatorul le prime\u0219te la achizi\u021bionarea dispozitivului. Dar, ca orice alt obiect, \u00eenc\u0103rc\u0103torul poate s\u0103 se defecteze sau s\u0103 se piard\u0103. Cum este mai ra\u021bional s\u0103 proced\u0103m \u00eentr-o astfel de situa\u021bie: s\u0103 cump\u0103r\u0103m un cablu original pentru iPad sau s\u0103 alegem o variant\u0103 mai simpl\u0103 \u0219i mai ieftin\u0103? \u00centrebarea este principial\u0103, av\u00e2nd \u00een vedere c\u00e2t cost\u0103 un accesoriu Apple. S\u0103 vedem dac\u0103 se poate \u00eenc\u0103rca iPad-ul cu un alt \u00eenc\u0103rc\u0103tor sau este obligatoriu s\u0103 utiliz\u0103m \u201ecel nativ\u201d.<\/strong><\/p>\n<h2>Ce cablu este potrivit pentru Apple iPad?<\/h2>\n<p>Pe site-ul <a href=\"https:\/\/support.apple.com\/ro-ro\/guide\/ipad\/ipad27098ef5\/ipados\">serviciului de suport<\/a> Apple este clar spus c\u0103 iPad-ul trebuie \u00eenc\u0103rcat prin cablul USB \u0219i adaptorul de alimentare pe care le primi\u021bi \u00een pachet cu dispozitivul. Este permis\u0103 utilizarea dispozitivelor de \u00eenc\u0103rcare similare, care au marca Made for iPad. Acestea se achizi\u021bioneaz\u0103 separat. O alt\u0103 op\u021biune este \u00eenc\u0103rcarea tabletelor prin intermediul unui adaptor de re\u021bea ter\u021b standard USB 2.0 (sau versiuni mai noi). Dar nu orice accesoriu este potrivit, ci doar cel produs de un brand verificat, care corespunde standardelor interna\u021bionale \u0219i na\u021bionale.<\/p>\n<p>Utilizarea dispozitivelor de \u00eenc\u0103rcare de provenien\u021b\u0103 \u00eendoielnic\u0103 este mai costisitoare. Produc\u0103torul avertizeaz\u0103 c\u0103 \u00eentr-o astfel de situa\u021bie se pot chiar ob\u021bine defec\u021biuni, sau mai r\u0103u, dispozitivul se poate stinge pentru totdeauna. Pove\u0219ti de speriat? Deloc. Dar despre asta vom vorbi mai jos. Deocamdat\u0103, s\u0103 v\u0103 spunem ce fel de cabluri pentru iPad exist\u0103 \u0219i ce evolu\u021bie au avut.<\/p>\n<p><img loading=\"lazy\" class=\"aligncenter wp-image-7346 size-full\" src=\"https:\/\/ispace.md\/blog\/wp-content\/uploads\/2024\/02\/type-c.jpg\" alt=\"cablu\" width=\"1918\" height=\"1312\" srcset=\"https:\/\/ispace.md\/blog\/wp-content\/uploads\/2024\/02\/type-c.jpg 1918w, https:\/\/ispace.md\/blog\/wp-content\/uploads\/2024\/02\/type-c-400x274.jpg 400w, https:\/\/ispace.md\/blog\/wp-content\/uploads\/2024\/02\/type-c-1024x700.jpg 1024w, https:\/\/ispace.md\/blog\/wp-content\/uploads\/2024\/02\/type-c-768x525.jpg 768w, https:\/\/ispace.md\/blog\/wp-content\/uploads\/2024\/02\/type-c-1536x1051.jpg 1536w, https:\/\/ispace.md\/blog\/wp-content\/uploads\/2024\/02\/type-c-320x220.jpg 320w\" sizes=\"(max-width: 1918px) 100vw, 1918px\" \/><\/p>\n<h2>\u00cenc\u0103rc\u0103tor pentru iPad: Lightning \u0219i USB-C<\/h2>\n<p>Un cablu Lightning este furnizat cu iPad, iar pentru versiunile mai noi &#8211; USB Type-C. Care sunt diferen\u021bele dintre ele?<\/p>\n<p>Cablu Lightning este utilizat de compania Apple din 2012. Este compatibil cu diferite tipuri de tehnologie portabil\u0103 Apple, inclusiv tablete: iPad Pro, iPad Mini \u0219i versiunile de baz\u0103 iPad. Drepturile pentru acest conector apar\u021bin exclusiv corpora\u021biei Apple. Al\u021bi produc\u0103tori pot produce acest format de accesorii doar cu permisiunea ei.<\/p>\n<p>Din 2005, exist\u0103 programul de certificare MFI. Apple vinde altor companii licen\u021ba de a produce accesorii pentru dispozitivele sale. \u0218i doar \u00een cazul \u00een care produsele corespund standardelor \u00eenalte de calitate, trec testele de siguran\u021b\u0103. Rezultatul &#8211; fiabilitate \u0219i compatibilitate complet\u0103 cu dispozitivele Apple. Prin urmare, c\u00e2nd cump\u0103ra\u021bi un cablu Lightning, c\u0103uta\u021bi inscrip\u021bia MFI pe ambalaj. Tableta dvs. va recunoa\u0219te imediat c\u0103 este original, datorit\u0103 cipului de identificare. Dac\u0103 acest cip lipse\u0219te, accesoriul nu este certificat \u0219i poate func\u021biona incorect.<\/p>\n<p><img loading=\"lazy\" class=\"aligncenter wp-image-7347 size-full\" src=\"https:\/\/ispace.md\/blog\/wp-content\/uploads\/2024\/02\/made-for-ipod-iphone-ipad.jpeg\" alt=\"\" width=\"1000\" height=\"563\" srcset=\"https:\/\/ispace.md\/blog\/wp-content\/uploads\/2024\/02\/made-for-ipod-iphone-ipad.jpeg 1000w, https:\/\/ispace.md\/blog\/wp-content\/uploads\/2024\/02\/made-for-ipod-iphone-ipad-400x225.jpeg 400w, https:\/\/ispace.md\/blog\/wp-content\/uploads\/2024\/02\/made-for-ipod-iphone-ipad-768x432.jpeg 768w\" sizes=\"(max-width: 1000px) 100vw, 1000px\" \/><\/p>\n<p>Versiunile mai recente ale tabletelor Apple sunt echipate cu conectorul universal USB Type-C. Acest standard este utilizat de mul\u021bi produc\u0103tori de dispozitive digitale din \u00eentreaga lume. Asta \u00eenseamn\u0103 c\u0103 proprietarii de iPad pot folosi \u00eenc\u0103rc\u0103toare de la alte m\u0103rci? Da, dar nu oricare, ci doar cele autorizate \u0219i de \u00eencredere.<\/p>\n<h2>4 motive s\u0103 nu \u00eenc\u0103rca\u021bi iPad-ul cu un cablu inauthentic<\/h2>\n<p>S\u0103 presupunem c\u0103 totu\u0219i a\u021bi riscat \u0219i a\u021bi decis s\u0103 cump\u0103ra\u021bi un cablu pentru iPad de la un chio\u0219c ieftin, \u00een loc s\u0103 merge\u021bi dup\u0103 unul originalul scump. Cu ce v\u0103 amenin\u021b\u0103 aceast\u0103 economie dispozitivului dvs.? Ce se \u00eent\u00e2mpl\u0103 dac\u0103 \u00eenc\u0103rca\u021bi iPad-ul nu cu un \u00eenc\u0103rc\u0103tor original, ci cu unul de calitate inferioar\u0103?<\/p>\n<ol>\n<li>\u00cenc\u0103rc\u0103torul va refuza s\u0103 func\u021bioneze. Produsele necertificate, de regul\u0103, nu sunt durabile. Uneori se dezintegreaz\u0103 chiar \u00een m\u00e2ini, dac\u0103 sunt asamblate prost \u0219i din componente de calitate inferioar\u0103. Alteori &#8211; pur \u0219i simplu refuz\u0103 s\u0103 func\u021bioneze, de\u0219i la vedere par \u00eentregi \u0219i noi. A\u0219adar, c\u00e2nd cump\u0103ra\u021bi, nu v\u0103 uita\u021bi la designul str\u0103lucitor sau la pre\u021bul atractiv, ci la numele produc\u0103torului.<\/li>\n<li>Dispozitivul va \u00eenceta s\u0103 \u201evad\u0103\u201c accesoriul. Apple nu avertizeaz\u0103 degeaba utilizatorii c\u0103 cablurile neoriginale pot func\u021biona incorect cu dispozitivele brandului. La \u00eenceput, totul poate merge bine. iPad-ul dvs. se \u00eencarc\u0103, datele sunt transferate f\u0103r\u0103 probleme. Dar \u00eentr-un moment frumos (de exemplu, dup\u0103 instalarea ultimei actualiz\u0103ri iPadOS), se poate dovedi c\u0103 tableta nu mai detecteaz\u0103 cablul.<\/li>\n<li>Tableta se va strica. Dac\u0103 \u00eenceteaz\u0103 s\u0103 func\u021bioneze cablul sau adaptorul, \u00eentotdeauna pute\u021bi cump\u0103ra unul nou. Cu at\u00e2t mai mult c\u0103 pre\u021bul este destul de accesibil. Dar dac\u0103 \u201emoare\u201c dispozitivul dvs.? Repara\u021bia nu este \u00eentotdeauna posibil\u0103. Cel mai adesea se stric\u0103 microcircuitele de alimentare, se supra\u00eenc\u0103lze\u0219te sau se umfl\u0103 bateria. Se \u00eent\u00e2mpl\u0103 chiar \u0219i incendii. G\u00e2ndi\u021bi-v\u0103: ave\u021bi nevoie de aceste probleme?<\/li>\n<li>V\u0103 expune\u021bi singur riscului de a suferi. Sunt cunoscute cazuri c\u00e2nd, \u00een urma utiliz\u0103rii unei \u00eenc\u0103rc\u0103ri de proast\u0103 calitate, a avut loc un scurtcircuit, utilizatorii suferind r\u0103ni. Merit\u0103 s\u0103 risca\u021bi a\u0219a? Cum vede\u021bi, economia are \u0219i o latur\u0103 negativ\u0103. \u0218i dac\u0103 deja folosi\u021bi un dispozitiv de marc\u0103 scump, ave\u021bi grij\u0103 de s\u0103n\u0103tatea lui, dar \u0219i de a dvs.<\/li>\n<\/ol>\n<h2>Alegem un cablu pentru tableta Apple<\/h2>\n<p><img loading=\"lazy\" class=\"aligncenter wp-image-7348 size-full\" src=\"https:\/\/ispace.md\/blog\/wp-content\/uploads\/2024\/02\/apple-ipad-mini-6-2021-21.jpg\" alt=\"cablu\" width=\"1000\" height=\"650\" srcset=\"https:\/\/ispace.md\/blog\/wp-content\/uploads\/2024\/02\/apple-ipad-mini-6-2021-21.jpg 1000w, https:\/\/ispace.md\/blog\/wp-content\/uploads\/2024\/02\/apple-ipad-mini-6-2021-21-400x260.jpg 400w, https:\/\/ispace.md\/blog\/wp-content\/uploads\/2024\/02\/apple-ipad-mini-6-2021-21-768x499.jpg 768w\" sizes=\"(max-width: 1000px) 100vw, 1000px\" \/><\/p>\n<p>Produc\u0103torul recomand\u0103 (\u0219i noi am explicat de ce) s\u0103 \u00eenc\u0103rca\u021bi tableta folosind cablul \u0219i adaptorul de alimentare original pentru iPad. Dac\u0103 a\u021bi pierdut sau a\u021bi deteriorat accesoriile din set &#8211; nu este o problem\u0103. \u00centotdeauna pute\u021bi g\u0103si un \u00eenlocuitor adecvat \u00een magazinul iSpace. Aici ve\u021bi g\u0103si un dispozitiv de \u00eenc\u0103rcare excelent pentru orice tablet\u0103 Apple: fie c\u0103 este vorba de versiunea de baz\u0103 iPad sau iPad Air, iPad mini, iPad Pro.<\/p>\n<p>Oferim cump\u0103r\u0103torilor \u00eenc\u0103rc\u0103toare verificate, care corespund criteriilor de calitate \u0219i normelor de siguran\u021b\u0103. Ne \u00eencredem doar \u00een m\u0103rci autoritare: <strong>Belkin, Native Union, Nomad Ubear, Satechi.<\/strong> Toate accesoriile sunt v\u00e2ndute cu garan\u021bie. Ele cu siguran\u021b\u0103 nu se vor strica a doua zi \u0219i nu vor \u00eenceta s\u0103 \u00eencarce dispozitivul imediat dup\u0103 achizi\u021bie, ci vor servi cu credin\u021b\u0103 \u0219i adev\u0103r foarte mult timp.<\/p>\n<p>Diversitatea de alegere va surprinde pl\u0103cut: design variat (de la stilul concis al Apple la varia\u021bii vii), mai multe op\u021biuni de lungime a cablului (1, 2 metri \u0219i mai mult), modele de \u00eenalt\u0103 rezisten\u021b\u0103. \u0218i dac\u0103 v\u0103 va fi greu s\u0103 v\u0103 orienta\u021bi singuri \u00een toat\u0103 aceast\u0103 varietate, consultan\u021bii no\u0219tri vor veni \u00een ajutor. Ei vor vorbi despre avantajele fiec\u0103rui tip de \u00eenc\u0103rc\u0103tor \u0219i v\u0103 vor sf\u0103tui pe cel potrivit.<\/p>\n<style>\n\tdiv#products_69f4b6dee1c87{\n\t\tdisplay: flex;flex-wrap: wrap;padding: 20px 0px;\n\t}\n\tdiv#products_69f4b6dee1c87 > div.prodwrap{\n\t\tdisplay:flex; \n\t\tflex-direction:column;\n\t\twidth:33%;\n\t\t padding: 0px 1%;\n\t\tborder: 1px solid #e5e5e5;\n\t\tpadding: 9px;\n\t\ttransition: 0.5s;\n\t\t    margin-bottom: 30px;\n\t\t\tposition: relative;\n\t}\n\tdiv#products_69f4b6dee1c87 > div.prodwrap:hover{\n\t\tborder-color: #0a84ff;\n\t}\n\t\n\tdiv#products_69f4b6dee1c87 > div.prod_colorgroup_wrap{\n\t\twidth:33%;\n\t\tpadding: 0px 1%;\n\t\tborder: 1px solid #e5e5e5;\n\t\tpadding: 9px; \n\t\ttransition: 0.5s;\n\t\t    margin-bottom: 30px;\n\t}\n\tdiv#products_69f4b6dee1c87 > div.prod_colorgroup_wrap:hover{\n\t\tborder-color: #0a84ff;\n\t}\n\tdiv#products_69f4b6dee1c87 > div.prod_colorgroup_wrap div.colorgr > div.prodwrap{\n\t\tdisplay:none;\n\t}\n\tdiv#products_69f4b6dee1c87 > div.prod_colorgroup_wrap div.colorgr > div.prodwrap.active{\n\t\tdisplay:flex; flex-direction:column;\n\t}\n\t\n\t span.name{\n\t\tcolor: #000;\n\t\tflex-grow: 1;\n\t\tline-height: 1.3;\n\t\tpadding: 5px 8px;\n\t\tfont-size: 16px;\n\t\tmargin-top: 44px;\n\t}\n\t span.name a{\n\t\tcolor: #000;\n\t}\n\t\n\t span.name:hover a{\n\t\tcolor: #0a84ff;\n\t\ttransition: 0.5s;\n\t}\n\t\n\t span.price{\n\t\t padding: 5px 8px;\n\t\tcolor:#000;\t\n\t\tfont-weight: bold; \n\t\tmax-width: calc(100% - 65px);\n\t}\n\t.bbutt{\n\t\tposition: absolute;\n    bottom: 4px;\n    right: 4px;\n\t\tdisplay: flex;\n\t\twidth: 60px;\n\t\theight: 60px;\n\t\tpadding: 5px;\n\t\talign-content: center;\n\t\talign-items: center;\n\t\tjustify-content: center;\n\t\tborder-radius: 50%;\n\t\tborder: 1px solid transparent;\n\t\ttransition: none;\n\t\tmin-width: unset;\n    color: #fff;\n    background: #0a84ff;\n\t}\n\t\n\t.bbutt:hover {\n\n\t\tbackground: #0b6fd4;\n\t\ttransition: 0.5s;\n\t}\n\t\n\t.prod_colorgroup_wrap{\n\t\tposition:relative;\n\t}\n\t\n\t.colorsw > div{\n\t\tborder-radius: 100%;\n\t\tpadding: 3px;\n\t\tmargin: 2px;\n\t\tborder: 2px solid transparent;\n\t\tcursor: pointer;\n\t\tdisplay: flex;\n\t\talign-content: center;\n\t\talign-items: center;\n\t\tjustify-content: center;\n\t}\n\t\n\t.colorsw > div >span{\n\t\twidth: 30px;\n\t\theight: 30px;\n\t\tborder-radius: 100%;\n\t}\n\t\n\t.colorsw {\n\t\tdisplay: flex;\n\t\tposition: absolute;\n\t\ttop: 251px; \n\t}\n\n\t.colorsw > div.active{\n\t\tborder-color: #0a84ff;\n\t}\n\n@media (max-width: 1200px) {\n\t.colorsw {\n\t\ttop: 193px;\n\t}\n}\n@media (max-width: 992px) {\n\t.colorsw {\n\t\ttop: 216px;\n\t}\n}\t\n\t\n@media (max-width: 768px) {\n\t.colorsw {\n\t\ttop: 164px;\n\t}\n}\t\n\t\n@media (max-width: 600px) {\n\t.colorsw {\n\t\ttop: 41vw ; \n\t}\n\t\n\tdiv#products_69f4b6dee1c87 > div.prod_colorgroup_wrap{\n\t\twidth:48%;\n\t}\n\tdiv#products_69f4b6dee1c87 > div.prodwrap{\n\t\twidth:48%;\n\t}\n}\n\n\n\n<\/style>\n\n<script>\nvar printOrder_69f4b6dee1c87 = [\"BELT-KV-CL-ZEB-2\",\"ST-TCL18M\",\"BELT-CL-GRN-2-NP\"];\n\nif(typeof jQuery != 'undefined'){\n\t\njQuery(document).ready(function(jQuery) {\nlet langkey = switchLocale();\nlet requrl = langkey + \"\/api\/apr\/catalog\/products\/by-sku?skus[]=BELT-KV-CL-ZEB-2&skus[]=ST-TCL18M&skus[]=BELT-CL-GRN-2-NP\";\n\nconsole.log(printOrder_69f4b6dee1c87);\nprintOrder_69f4b6dee1c87.forEach((elem, index) => {\n\tif(Array.isArray(elem)){\n\t\tjQuery(\"#products_69f4b6dee1c87\").append(\"<div id='wrap_\" + index + \"_69f4b6dee1c87' class='prod_colorgroup_wrap'><div class='colorgr'><\/div><div class='colorsw'><\/div><\/div>\");\n\t\t\n\t\telem.forEach((eleminner, indexinner) => {\n\t\t\tlet active = '';\n\t\t\t\/\/printOrder_69f4b6dee1c87[index][indexinner] = data.find(o => o.sku === eleminner);\n\t\t\tif(printOrder_69f4b6dee1c87[index][indexinner] != null){\n\t\t\t\t\n\t\t\t\tif(indexinner == 0){active = 'active';}\n\t\t\t\t\tgetElemNew_69f4b6dee1c87(printOrder_69f4b6dee1c87[index][indexinner], active, index)\n\t\t\t\tjQuery(\"#products_69f4b6dee1c87 div#wrap_\" + index + \"_69f4b6dee1c87 div.colorsw\")\n\t\t\t\t\t.append(\"<div data-elem = '\" + indexinner + \"' class='\" + active + \"'><span style='background:\" + color + \";'><\/span><\/div>\");\n\t\t\t}\n\t\t});\n\t}\n\telse{\n\t\t\/\/printOrder_69f4b6dee1c87[index] = data.find(o => o.sku === elem);\n\t\tif(printOrder_69f4b6dee1c87[index] != null){\n\t\t\tgetElemNew_69f4b6dee1c87(printOrder_69f4b6dee1c87[index], 0, -1)\n\t\t\t\n\t\t}\n\t}\n});\t\n\t\njQuery(\".colorsw div\").click(function() {\n\tlet elemid = jQuery(this).parent().parent().attr('id');\n\tjQuery(\"#\"+elemid + \" .colorgr > div.prodwrap\").removeClass(\"active\");\n\tjQuery(\"#\"+elemid + \" .colorsw > div\").removeClass(\"active\"); \n\tjQuery(\"#\"+elemid + \" .colorgr > div.prodwrap:eq(\"+this.dataset.elem+\")\").addClass(\"active\");\n\tjQuery(\"#\"+elemid + \" .colorsw > div:eq(\"+this.dataset.elem+\")\").addClass(\"active\"); \n});\n\n\n\n\t\n});\t\n\n}\n\t\n\n\n\/**\n * Number.prototype.format(n, x, s, c)\n * \n * @param integer n: length of decimal\n * @param integer x: length of whole part\n * @param mixed   s: sections delimiter\n * @param mixed   c: decimal delimiter\n *\/\nNumber.prototype.format = function(n, x, s, c) {\n    var re = '\\\\d(?=(\\\\d{' + (x || 3) + '})+' + (n > 0 ? '\\\\D' : '$') + ')',\n    num = this.toFixed(Math.max(0, ~~n));\n\n    return (c ? num.replace('.', c) : num).replace(new RegExp(re, 'g'), '$&' + (s || ','));\n};\n\n\n\nfunction getElem(element, active){\n\tconsole.log(element)\n\tlet currSign = switchCurrency(element.prices.geo); \n\tlet bigPrice = element.prices.discount_price;\n\tlet smallPrice = element.prices.price;\n\tif(element.prices.price > element.prices.discount_price){bigPrice = smallPrice; smallPrice = element.prices.discount_price; }\n\t\n\tlet finalPrice = element.prices.price;\n\tif(element.prices.discount_type){finalPrice = smallPrice;}\n\t\n\tlet price = formatPrice(element.prices.geo, finalPrice) ; \n\tlet url = location.protocol + '\/\/' + location.hostname + switchLocale() + '\/' + element.category[0].url + '\/' + element.slug;\n\tlet burl = location.protocol + '\/\/' + location.hostname + switchLocale() + '\/cart?articul=' + element.sku;\n\tlet aclass = '';\n\tif(active){aclass = 'active';}\n\t\/\/ \/AfrOrF3gWeDA6VOlDG4TzxMv39O7MXnF4CXpKUwGqRM\/resize:fill:540\/bg:f6f6f6\/q:100\/plain\/s3:\/\/\n\treturn \"<div class='prodwrap \" + aclass + \"'><a href='\" + url + \"' target='_blank'><img src='https:\/\/\"+switchProxy(element.prices.geo)+\"\/AfrOrF3gWeDA6VOlDG4TzxMv39O7MXnF4CXpKUwGqRM\/resize:fill:540\/bg:ffffff\/q:100\/plain\/s3:\/\/\" + element.image+\"@webp' alt=''><\/a><span class='name'><a href='\" + url + \"' target='_blank'>\" + element.name + \"<\/a><\/span><span class='price'>\" + price + \" \" + currSign + \"<\/span><a class='bbutt' href='\" + burl + \"''><img src='https:\/\/cdn0.it4profit.com\/files\/7\/catalog-add-cart-icon.svg' alt=''><\/a><\/div>\";\n}\n\n\nfunction getElemNew_69f4b6dee1c87(sku, active, index){\n\tconsole.log(sku)\n\n\trequrl = '\/api\/products?search=sku:'+ sku +'&searchFields=sku:=&limit=0&lang=ru';\n\tvar request_69f4b6dee1c87_sku = jQuery.ajax({\n\t\turl: requrl,\n\t\ttype: \"GET\", \n\t\tdataType: 'json',\n\t\theaders: {\n\t\t'Content-Type':'application\/json'\n\t\t},\n\t});\n\t\nrequest_69f4b6dee1c87_sku.done(function(data) {\n\tconsole.log(data);\n\telement = data.data[0];\n\t\tconsole.log(element);\n\tlet currSign = element.currency; \n\t\/\/let bigPrice = element.discount_price;\n\n\t\n\t\/\/let price = formatPrice(element.prices.geo, finalPrice) ; \n\t\n\tlet url = location.protocol + '\/\/' + location.hostname + switchLocale() + '\/product\/' + element.slug;\n\t\/\/let burl = location.protocol + '\/\/' + location.hostname + switchLocale() + '\/cart?articul=' + element.sku;\n\tlet aclass = '';\n\tif(active){aclass = 'active';}\n\n\nif(index === -1){\n\tjQuery(\"#products_69f4b6dee1c87\").append(\"<div class='prodwrap \" + aclass + \"'><a href='\" + url + \"' target='_blank'><img src='https:\/\/cdn0.it4profit.com\/s3size\/rt:fill\/w:900\/h:900\/g:no\/el:1\/f:webp\/plain\/s3:\/\"+element.images[0]+\"' alt=''><\/a><span class='name'><a href='\" + url + \"' target='_blank'>\" + element.name + \"<\/a><\/span><span class='price'>\" +  element.final_price + \" \" + currSign + \"<\/span><\/div>\");\t\n\n}\nelse{\n\tjQuery(\"#products_69f4b6dee1c87 div#wrap_\" + index + \"_69f4b6dee1c87 div.colorgr\")\n\t.append(\"#products_69f4b6dee1c87\").append(\"<div class='prodwrap \" + aclass + \"'><a href='\" + url + \"' target='_blank'><img src='https:\/\/cdn0.it4profit.com\/s3size\/rt:fill\/w:900\/h:900\/g:no\/el:1\/f:webp\/plain\/s3:\/\"+element.images[0]+\"' alt=''><\/a><span class='name'><a href='\" + url + \"' target='_blank'>\" + element.name + \"<\/a><\/span><span class='price'>\" +  element.final_price + \" \" + currSign + \"<\/span><\/div>\");\n}\n\n\n});\n\n\n\n}\n\n\nfunction switchLocale(){\n\tconsole.log(location.host);\n\tlet locale = jQuery(\"html\").attr('lang');\n\tif(location.host == 'ion.ua' & locale == 'uk'){return \"\/ua\";}\n\tif(location.host == 'ispace.ua' & locale == 'uk'){return \"\/ua\";}\n\tif(location.host == 'ispace.am' & locale == 'ru-RU'){return \"\/ru\";}\n\tif(location.host == 'ispace.am' & locale == 'en-US'){return \"\/en\";}\t\n\t\n\treturn \"\";\n}\n\nfunction switchCurrency(geo){\n\tswitch (geo) {\n\t  case 'BY':\n\t\treturn \"BYN\";\n\t  case 'UA':\n\t\treturn \"\u0433\u0440\u043d\";\n\t  case 'KZ':\n\t\treturn \"\u20b8\";\n\t  case 'AZ':\n\t\treturn \"AZN\";\n\t  case 'GE':\n\t\treturn \"\u10da\u10d0\u10e0\u10d8\";\n\t  case 'ARM':\n\t\treturn \"AMD\";\n\t  case 'RO':\n\t\treturn \"lei\";\n\t  case 'MD':\n\t\treturn \"lei\";\n\t  default:\n\t\treturn \"ERROR\";\n\t}\n}\n\nfunction formatPrice(geo, price){\n\tswitch (geo) {\n\t  case 'BY':\n\t\t\treturn Number(price).format(2, 3, ' ');\n\t  case 'UA':\n\t\t\treturn Number(price).format(2, 3, ' ');\n\t  case 'KZ':\n\t\t\treturn Number(price).format(0, 3, ' ');\n\t  case 'AZ':\n\t\t\treturn Number(price).format(0, 3, ' ');\n\t  case 'GE':\n\t\t\treturn Number(price).format(0, 3, ' ');\n\t  case 'ARM':\n\t\t\treturn Number(price).format(0, 3, ' ');\n\t  case 'RO':\n\t\t\treturn Number(price).format(0, 3, ' ');\n\t  case 'MD':\n\t\t\treturn Number(price).format(0, 3, ' ');\n\t  default:\n\t\t\treturn Number(price).format(0, 3, ' ');\n\t}\n}\n\n\t\nfunction switchProxy(geo){\n\tswitch (geo) {\n\t  case 'BY':\n\t\treturn \"cdn0.i-store.by\";\n\t  case 'UA':\n\t\treturn \"cdn1.it4profit.com\";\n\t  case 'KZ':\n\t\treturn \"cdn0.ipoint.kz\";\n\t  case 'AZ':\n\t\treturn \"cdn1.it4profit.com\";\n\t  case 'GE':\n\t\treturn \"cdn1.it4profit.com\";\n\t  case 'ARM':\n\t\treturn \"cdn0.ispace.am\";\n\t  default:\n\t\treturn \"cdn1.it4profit.com\";\n\t}\n}\n\n\n\n<\/script>\n<div id=\"products_69f4b6dee1c87\"><\/div>\n<p><strong>CITI\u021aI MAI MULT:<\/strong><\/p>\n<p class=\"title\"><a href=\"https:\/\/ispace.md\/blog\/must-have-am-gasit-cele-3-cele-mai-bune-accesorii-pentru-noul-tau-iphone-15-pro\/\"><strong>Must-have: Am g\u0103sit 3 cele mai bune accesorii pentru noul t\u0103u iPhone 15 Pro<\/strong><\/a><\/p>\n<p class=\"title\"><a href=\"https:\/\/ispace.md\/blog\/gasire-va-depista-orice-dispozitiv-apple-un-lucru-important-configurarea-corecta\/\"><strong>\u201cG\u0103sire\u201d va depista orice dispozitiv Apple: un lucru important \u2013 configurarea corect\u0103<\/strong><\/a><\/p>\n<p class=\"title\"><strong><a href=\"https:\/\/ispace.md\/blog\/se-poate-incarca-iphone-15-cu-un-cablu-neoriginal\/\">Se poate \u00eenc\u0103rca iPhone 15 cu un cablu neoriginal?<\/a><\/strong><\/p>\n","protected":false},"excerpt":{"rendered":"<p>Produc\u0103torul recomand\u0103 utilizarea pentru \u00eenc\u0103rcarea iPad-ului a cablului \u0219i adaptorului pe care utilizatorul le prime\u0219te la achizi\u021bionarea dispozitivului. Dar, ca orice alt obiect, \u00eenc\u0103rc\u0103torul poate s\u0103 se defecteze sau s\u0103 se piard\u0103. Cum este mai ra\u021bional s\u0103 proced\u0103m \u00eentr-o astfel de situa\u021bie: s\u0103 cump\u0103r\u0103m un cablu original pentru iPad sau s\u0103 alegem o variant\u0103 mai [&hellip;]<\/p>\n","protected":false},"author":1,"featured_media":7345,"comment_status":"open","ping_status":"open","sticky":false,"template":"","format":"standard","meta":[],"categories":[439,668],"tags":[455,714,1533,1535,1178,1552,1118,1089,1315,1493,685,985,1499],"yoast_head":"<!-- This site is optimized with the Yoast SEO plugin v17.0 - https:\/\/yoast.com\/wordpress\/plugins\/seo\/ -->\n<title>Cu ce cablu se \u00eencarc\u0103 iPad-ul? Brandul conteaz\u0103 - iSpace<\/title>\n<meta name=\"description\" content=\"Produc\u0103torul recomand\u0103 utilizarea de cablu inclus \u00eempreun\u0103 cu adaptorul la achizi\u021bionarea dispozitivului pentru \u00eenc\u0103rcarea iPad-ului.\" \/>\n<meta name=\"robots\" content=\"index, follow, max-snippet:-1, max-image-preview:large, max-video-preview:-1\" \/>\n<link rel=\"canonical\" href=\"https:\/\/ispace.md\/blog\/cu-ce-cablu-se-incarca-ipad-ul-brandul-conteaza\/\" \/>\n<meta property=\"og:locale\" content=\"ru_RU\" \/>\n<meta property=\"og:type\" content=\"article\" \/>\n<meta property=\"og:title\" content=\"Cu ce cablu se \u00eencarc\u0103 iPad-ul? Brandul conteaz\u0103 - iSpace\" \/>\n<meta property=\"og:description\" content=\"Produc\u0103torul recomand\u0103 utilizarea de cablu inclus \u00eempreun\u0103 cu adaptorul la achizi\u021bionarea dispozitivului pentru \u00eenc\u0103rcarea iPad-ului.\" \/>\n<meta property=\"og:url\" content=\"https:\/\/ispace.md\/blog\/cu-ce-cablu-se-incarca-ipad-ul-brandul-conteaza\/\" \/>\n<meta property=\"og:site_name\" content=\"iSpace\" \/>\n<meta property=\"article:publisher\" content=\"https:\/\/www.facebook.com\/ispacemd\/\" \/>\n<meta property=\"article:published_time\" content=\"2024-02-12T12:42:48+00:00\" \/>\n<meta property=\"article:modified_time\" content=\"2024-02-12T12:43:07+00:00\" \/>\n<meta property=\"og:image\" content=\"https:\/\/ispace.md\/blog\/wp-content\/uploads\/2024\/02\/E3D8F4FD-1790-4C18-B81C-9255397B8AF4.jpeg\" \/>\n\t<meta property=\"og:image:width\" content=\"1103\" \/>\n\t<meta property=\"og:image:height\" content=\"735\" \/>\n<meta name=\"twitter:card\" content=\"summary_large_image\" \/>\n<meta name=\"twitter:label1\" content=\"\u041d\u0430\u043f\u0438\u0441\u0430\u043d\u043e \u0430\u0432\u0442\u043e\u0440\u043e\u043c\" \/>\n\t<meta name=\"twitter:data1\" content=\"istoreadm\" \/>\n\t<meta name=\"twitter:label2\" content=\"\u041f\u0440\u0438\u043c\u0435\u0440\u043d\u043e\u0435 \u0432\u0440\u0435\u043c\u044f \u0434\u043b\u044f \u0447\u0442\u0435\u043d\u0438\u044f\" \/>\n\t<meta name=\"twitter:data2\" content=\"6 \u043c\u0438\u043d\u0443\u0442\" \/>\n<script type=\"application\/ld+json\" class=\"yoast-schema-graph\">{\"@context\":\"https:\/\/schema.org\",\"@graph\":[{\"@type\":\"WebSite\",\"@id\":\"https:\/\/ispace.md\/blog\/ru\/#website\",\"url\":\"https:\/\/ispace.md\/blog\/ru\/\",\"name\":\"iSpace\",\"description\":\"\\u0411\\u043b\\u043e\\u0433 \\u043a\\u043e\\u043c\\u043f\\u0430\\u043d\\u0438\\u0438 iSpace\",\"potentialAction\":[{\"@type\":\"SearchAction\",\"target\":{\"@type\":\"EntryPoint\",\"urlTemplate\":\"https:\/\/ispace.md\/blog\/ru\/?s={search_term_string}\"},\"query-input\":\"required name=search_term_string\"}],\"inLanguage\":\"ru-RU\"},{\"@type\":\"ImageObject\",\"@id\":\"https:\/\/ispace.md\/blog\/cu-ce-cablu-se-incarca-ipad-ul-brandul-conteaza\/#primaryimage\",\"inLanguage\":\"ru-RU\",\"url\":\"https:\/\/ispace.md\/blog\/wp-content\/uploads\/2024\/02\/E3D8F4FD-1790-4C18-B81C-9255397B8AF4.jpeg\",\"contentUrl\":\"https:\/\/ispace.md\/blog\/wp-content\/uploads\/2024\/02\/E3D8F4FD-1790-4C18-B81C-9255397B8AF4.jpeg\",\"width\":1103,\"height\":735},{\"@type\":\"WebPage\",\"@id\":\"https:\/\/ispace.md\/blog\/cu-ce-cablu-se-incarca-ipad-ul-brandul-conteaza\/#webpage\",\"url\":\"https:\/\/ispace.md\/blog\/cu-ce-cablu-se-incarca-ipad-ul-brandul-conteaza\/\",\"name\":\"Cu ce cablu se \\u00eencarc\\u0103 iPad-ul? Brandul conteaz\\u0103 - iSpace\",\"isPartOf\":{\"@id\":\"https:\/\/ispace.md\/blog\/ru\/#website\"},\"primaryImageOfPage\":{\"@id\":\"https:\/\/ispace.md\/blog\/cu-ce-cablu-se-incarca-ipad-ul-brandul-conteaza\/#primaryimage\"},\"datePublished\":\"2024-02-12T12:42:48+00:00\",\"dateModified\":\"2024-02-12T12:43:07+00:00\",\"author\":{\"@id\":\"https:\/\/ispace.md\/blog\/ru\/#\/schema\/person\/ee7c990e7f16a92ff015648f1d3212cd\"},\"description\":\"Produc\\u0103torul recomand\\u0103 utilizarea de cablu inclus \\u00eempreun\\u0103 cu adaptorul la achizi\\u021bionarea dispozitivului pentru \\u00eenc\\u0103rcarea iPad-ului.\",\"breadcrumb\":{\"@id\":\"https:\/\/ispace.md\/blog\/cu-ce-cablu-se-incarca-ipad-ul-brandul-conteaza\/#breadcrumb\"},\"inLanguage\":\"ru-RU\",\"potentialAction\":[{\"@type\":\"ReadAction\",\"target\":[\"https:\/\/ispace.md\/blog\/cu-ce-cablu-se-incarca-ipad-ul-brandul-conteaza\/\"]}]},{\"@type\":\"BreadcrumbList\",\"@id\":\"https:\/\/ispace.md\/blog\/cu-ce-cablu-se-incarca-ipad-ul-brandul-conteaza\/#breadcrumb\",\"itemListElement\":[{\"@type\":\"ListItem\",\"position\":1,\"name\":\"\\u0413\\u043b\\u0430\\u0432\\u043d\\u0430\\u044f \\u0441\\u0442\\u0440\\u0430\\u043d\\u0438\\u0446\\u0430\",\"item\":\"https:\/\/ispace.md\/blog\/ru\/\"},{\"@type\":\"ListItem\",\"position\":2,\"name\":\"Cu ce cablu se \\u00eencarc\\u0103 iPad-ul? Brandul conteaz\\u0103\"}]},{\"@type\":\"Person\",\"@id\":\"https:\/\/ispace.md\/blog\/ru\/#\/schema\/person\/ee7c990e7f16a92ff015648f1d3212cd\",\"name\":\"istoreadm\",\"image\":{\"@type\":\"ImageObject\",\"@id\":\"https:\/\/ispace.md\/blog\/ru\/#personlogo\",\"inLanguage\":\"ru-RU\",\"url\":\"https:\/\/secure.gravatar.com\/avatar\/3ab1424e156237432133bacf1fcdd22d?s=96&d=mm&r=g\",\"contentUrl\":\"https:\/\/secure.gravatar.com\/avatar\/3ab1424e156237432133bacf1fcdd22d?s=96&d=mm&r=g\",\"caption\":\"istoreadm\"},\"url\":\"https:\/\/ispace.md\/blog\/author\/istoreadm\/\"}]}<\/script>\n<!-- \/ Yoast SEO plugin. -->","yoast_head_json":{"title":"Cu ce cablu se \u00eencarc\u0103 iPad-ul? Brandul conteaz\u0103 - iSpace","description":"Produc\u0103torul recomand\u0103 utilizarea de cablu inclus \u00eempreun\u0103 cu adaptorul la achizi\u021bionarea dispozitivului pentru \u00eenc\u0103rcarea iPad-ului.","robots":{"index":"index","follow":"follow","max-snippet":"max-snippet:-1","max-image-preview":"max-image-preview:large","max-video-preview":"max-video-preview:-1"},"canonical":"https:\/\/ispace.md\/blog\/cu-ce-cablu-se-incarca-ipad-ul-brandul-conteaza\/","og_locale":"ru_RU","og_type":"article","og_title":"Cu ce cablu se \u00eencarc\u0103 iPad-ul? Brandul conteaz\u0103 - iSpace","og_description":"Produc\u0103torul recomand\u0103 utilizarea de cablu inclus \u00eempreun\u0103 cu adaptorul la achizi\u021bionarea dispozitivului pentru \u00eenc\u0103rcarea iPad-ului.","og_url":"https:\/\/ispace.md\/blog\/cu-ce-cablu-se-incarca-ipad-ul-brandul-conteaza\/","og_site_name":"iSpace","article_publisher":"https:\/\/www.facebook.com\/ispacemd\/","article_published_time":"2024-02-12T12:42:48+00:00","article_modified_time":"2024-02-12T12:43:07+00:00","og_image":[{"width":1103,"height":735,"url":"https:\/\/ispace.md\/blog\/wp-content\/uploads\/2024\/02\/E3D8F4FD-1790-4C18-B81C-9255397B8AF4.jpeg","path":"\/srv\/ispace.md\/blog\/wp-content\/uploads\/2024\/02\/E3D8F4FD-1790-4C18-B81C-9255397B8AF4.jpeg","size":"full","id":7345,"alt":"","pixels":810705,"type":"image\/jpeg"}],"twitter_card":"summary_large_image","twitter_misc":{"\u041d\u0430\u043f\u0438\u0441\u0430\u043d\u043e \u0430\u0432\u0442\u043e\u0440\u043e\u043c":"istoreadm","\u041f\u0440\u0438\u043c\u0435\u0440\u043d\u043e\u0435 \u0432\u0440\u0435\u043c\u044f \u0434\u043b\u044f \u0447\u0442\u0435\u043d\u0438\u044f":"6 \u043c\u0438\u043d\u0443\u0442"},"schema":{"@context":"https:\/\/schema.org","@graph":[{"@type":"WebSite","@id":"https:\/\/ispace.md\/blog\/ru\/#website","url":"https:\/\/ispace.md\/blog\/ru\/","name":"iSpace","description":"\u0411\u043b\u043e\u0433 \u043a\u043e\u043c\u043f\u0430\u043d\u0438\u0438 iSpace","potentialAction":[{"@type":"SearchAction","target":{"@type":"EntryPoint","urlTemplate":"https:\/\/ispace.md\/blog\/ru\/?s={search_term_string}"},"query-input":"required name=search_term_string"}],"inLanguage":"ru-RU"},{"@type":"ImageObject","@id":"https:\/\/ispace.md\/blog\/cu-ce-cablu-se-incarca-ipad-ul-brandul-conteaza\/#primaryimage","inLanguage":"ru-RU","url":"https:\/\/ispace.md\/blog\/wp-content\/uploads\/2024\/02\/E3D8F4FD-1790-4C18-B81C-9255397B8AF4.jpeg","contentUrl":"https:\/\/ispace.md\/blog\/wp-content\/uploads\/2024\/02\/E3D8F4FD-1790-4C18-B81C-9255397B8AF4.jpeg","width":1103,"height":735},{"@type":"WebPage","@id":"https:\/\/ispace.md\/blog\/cu-ce-cablu-se-incarca-ipad-ul-brandul-conteaza\/#webpage","url":"https:\/\/ispace.md\/blog\/cu-ce-cablu-se-incarca-ipad-ul-brandul-conteaza\/","name":"Cu ce cablu se \u00eencarc\u0103 iPad-ul? Brandul conteaz\u0103 - iSpace","isPartOf":{"@id":"https:\/\/ispace.md\/blog\/ru\/#website"},"primaryImageOfPage":{"@id":"https:\/\/ispace.md\/blog\/cu-ce-cablu-se-incarca-ipad-ul-brandul-conteaza\/#primaryimage"},"datePublished":"2024-02-12T12:42:48+00:00","dateModified":"2024-02-12T12:43:07+00:00","author":{"@id":"https:\/\/ispace.md\/blog\/ru\/#\/schema\/person\/ee7c990e7f16a92ff015648f1d3212cd"},"description":"Produc\u0103torul recomand\u0103 utilizarea de cablu inclus \u00eempreun\u0103 cu adaptorul la achizi\u021bionarea dispozitivului pentru \u00eenc\u0103rcarea iPad-ului.","breadcrumb":{"@id":"https:\/\/ispace.md\/blog\/cu-ce-cablu-se-incarca-ipad-ul-brandul-conteaza\/#breadcrumb"},"inLanguage":"ru-RU","potentialAction":[{"@type":"ReadAction","target":["https:\/\/ispace.md\/blog\/cu-ce-cablu-se-incarca-ipad-ul-brandul-conteaza\/"]}]},{"@type":"BreadcrumbList","@id":"https:\/\/ispace.md\/blog\/cu-ce-cablu-se-incarca-ipad-ul-brandul-conteaza\/#breadcrumb","itemListElement":[{"@type":"ListItem","position":1,"name":"\u0413\u043b\u0430\u0432\u043d\u0430\u044f \u0441\u0442\u0440\u0430\u043d\u0438\u0446\u0430","item":"https:\/\/ispace.md\/blog\/ru\/"},{"@type":"ListItem","position":2,"name":"Cu ce cablu se \u00eencarc\u0103 iPad-ul? Brandul conteaz\u0103"}]},{"@type":"Person","@id":"https:\/\/ispace.md\/blog\/ru\/#\/schema\/person\/ee7c990e7f16a92ff015648f1d3212cd","name":"istoreadm","image":{"@type":"ImageObject","@id":"https:\/\/ispace.md\/blog\/ru\/#personlogo","inLanguage":"ru-RU","url":"https:\/\/secure.gravatar.com\/avatar\/3ab1424e156237432133bacf1fcdd22d?s=96&d=mm&r=g","contentUrl":"https:\/\/secure.gravatar.com\/avatar\/3ab1424e156237432133bacf1fcdd22d?s=96&d=mm&r=g","caption":"istoreadm"},"url":"https:\/\/ispace.md\/blog\/author\/istoreadm\/"}]}},"frontimg":"https:\/\/ispace.md\/blog\/wp-content\/uploads\/2024\/02\/E3D8F4FD-1790-4C18-B81C-9255397B8AF4-320x220.jpeg","frontimglarge":"https:\/\/ispace.md\/blog\/wp-content\/uploads\/2024\/02\/E3D8F4FD-1790-4C18-B81C-9255397B8AF4-730x300.jpeg","acf":{"select_banner_style":"0","select_sidebar":"0","axil_post_review_box":false},"_links":{"self":[{"href":"https:\/\/ispace.md\/blog\/wp-json\/wp\/v2\/posts\/7350"}],"collection":[{"href":"https:\/\/ispace.md\/blog\/wp-json\/wp\/v2\/posts"}],"about":[{"href":"https:\/\/ispace.md\/blog\/wp-json\/wp\/v2\/types\/post"}],"author":[{"embeddable":true,"href":"https:\/\/ispace.md\/blog\/wp-json\/wp\/v2\/users\/1"}],"replies":[{"embeddable":true,"href":"https:\/\/ispace.md\/blog\/wp-json\/wp\/v2\/comments?post=7350"}],"version-history":[{"count":1,"href":"https:\/\/ispace.md\/blog\/wp-json\/wp\/v2\/posts\/7350\/revisions"}],"predecessor-version":[{"id":7351,"href":"https:\/\/ispace.md\/blog\/wp-json\/wp\/v2\/posts\/7350\/revisions\/7351"}],"wp:featuredmedia":[{"embeddable":true,"href":"https:\/\/ispace.md\/blog\/wp-json\/wp\/v2\/media\/7345"}],"wp:attachment":[{"href":"https:\/\/ispace.md\/blog\/wp-json\/wp\/v2\/media?parent=7350"}],"wp:term":[{"taxonomy":"category","embeddable":true,"href":"https:\/\/ispace.md\/blog\/wp-json\/wp\/v2\/categories?post=7350"},{"taxonomy":"post_tag","embeddable":true,"href":"https:\/\/ispace.md\/blog\/wp-json\/wp\/v2\/tags?post=7350"}],"curies":[{"name":"wp","href":"https:\/\/api.w.org\/{rel}","templated":true}]}}