{"id":7746,"date":"2024-05-08T14:40:32","date_gmt":"2024-05-08T11:40:32","guid":{"rendered":"https:\/\/ispace.md\/blog\/?p=7746"},"modified":"2024-05-08T14:43:00","modified_gmt":"2024-05-08T11:43:00","slug":"apple-a-prezentat-noile-ipad-air-si-pro-apple-pencil-si-magic-keyboard","status":"publish","type":"post","link":"https:\/\/ispace.md\/blog\/apple-a-prezentat-noile-ipad-air-si-pro-apple-pencil-si-magic-keyboard\/","title":{"rendered":"Apple a prezentat noile iPad Air \u0219i Pro, Apple Pencil \u0219i Magic Keyboard"},"content":{"rendered":"<p><strong>Apple nu \u00eenceteaz\u0103 s\u0103 surprind\u0103. La prezentarea tradi\u021bional\u0103 de prim\u0103var\u0103, care a avut loc \u00een acest an pe 7 mai, compania a prezentat noile sale produse. A\u0219eza\u021bi-v\u0103 confortabil, acum vom vorbi despre produsele de top care au f\u0103cut mult zgomot.<\/strong><\/p>\n<h2><strong>iPad Air: un procesor puternic, un display mare<\/strong><\/h2>\n<p><img loading=\"lazy\" class=\"aligncenter wp-image-7735 size-full\" src=\"https:\/\/ispace.md\/blog\/wp-content\/uploads\/2024\/05\/2.jpg\" alt=\"Apple\" width=\"1960\" height=\"1400\" srcset=\"https:\/\/ispace.md\/blog\/wp-content\/uploads\/2024\/05\/2.jpg 1960w, https:\/\/ispace.md\/blog\/wp-content\/uploads\/2024\/05\/2-400x286.jpg 400w, https:\/\/ispace.md\/blog\/wp-content\/uploads\/2024\/05\/2-1024x731.jpg 1024w, https:\/\/ispace.md\/blog\/wp-content\/uploads\/2024\/05\/2-768x549.jpg 768w, https:\/\/ispace.md\/blog\/wp-content\/uploads\/2024\/05\/2-1536x1097.jpg 1536w\" sizes=\"(max-width: 1960px) 100vw, 1960px\" \/><\/p>\n<p>Acest produs din gama Air a primit un display m\u0103rit \u0219i pentru prima dat\u0103 a devenit disponibil \u00een dou\u0103 dimensiuni &#8211; <strong>11 \u0219i 13 inci.<\/strong> Mai devreme, o diagonal\u0103 mare era disponibil\u0103 doar \u00een gama Pro! Acum nu mai este necesar s\u0103 pl\u0103ti\u021bi suplimentar pentru caracteristicile excesive ale &#8220;Pro&#8221; dac\u0103 scopul dvs. este lucrul sau jocurile de &#8220;mijloc&#8221;, \u00eenv\u0103\u021barea \u0219i divertismentul.<\/p>\n<p>Camera frontal\u0103 ultra-wide de 12 MP este acum plasat\u0103 pe latura lung\u0103 a carcasei iPad &#8211; ceea ce este necesar pentru utilizarea confortabil\u0103 \u00een orientarea orizontal\u0103. De exemplu, \u00een timpul apelurilor video sau c\u00e2nd conecta\u021bi o tastatur\u0103. Camera principal\u0103 are, de asemenea, 12 MP &#8211; pute\u021bi face fotografii \u0219i \u00eenregistr\u0103ri video de calitate bun\u0103.<\/p>\n<p><img loading=\"lazy\" class=\"aligncenter wp-image-7736 size-full\" src=\"https:\/\/ispace.md\/blog\/wp-content\/uploads\/2024\/05\/3-2.png\" alt=\"\" width=\"1458\" height=\"966\" srcset=\"https:\/\/ispace.md\/blog\/wp-content\/uploads\/2024\/05\/3-2.png 1458w, https:\/\/ispace.md\/blog\/wp-content\/uploads\/2024\/05\/3-2-400x265.png 400w, https:\/\/ispace.md\/blog\/wp-content\/uploads\/2024\/05\/3-2-1024x678.png 1024w, https:\/\/ispace.md\/blog\/wp-content\/uploads\/2024\/05\/3-2-768x509.png 768w, https:\/\/ispace.md\/blog\/wp-content\/uploads\/2024\/05\/3-2-285x190.png 285w\" sizes=\"(max-width: 1458px) 100vw, 1458px\" \/><\/p>\n<p>Noul model este echipat cu un cip puternic M2 &#8211; la fel ca \u0219i genera\u021bia anterioar\u0103 de iPad Pro. \u00cen compara\u021bie cu modelul anterior iPad Air pe M1 (care a fost prezentat acum doi ani), puterea noului model a crescut cu 50%. \u0218i \u00eenc\u0103 ceva, noutatea este de 3 ori mai rapid\u0103 dec\u00e2t predecesorul s\u0103u pe cipul A12 Bionic! Toate aplica\u021biile acum se deschid instantaneu \u0219i pute\u021bi comuta \u00eentre ele f\u0103r\u0103 \u00eent\u00e2rzieri. Este ca \u0219i cum ai r\u0103sfoi doar o pagin\u0103 dintr-o carte.<\/p>\n<p>Pe l\u00e2ng\u0103 specifica\u021biile impresionante, iPad-ul cucere\u0219te \u0219i cu un design stilat actualizat, disponibil \u00een patru culori noi. Touch ID este integrat \u00een butonul de blocare, iar pentru \u00eenc\u0103rcare \u0219i conectare este prev\u0103zut un port USB-C.<\/p>\n<p>De asemenea, are o autonomie excelent\u0103, Wi-Fi rapid \u0219i 5G ultra-rapid &#8211; tot necesar pentru a r\u0103m\u00e2ne conectat.<\/p>\n<p><img loading=\"lazy\" class=\"aligncenter wp-image-7737 size-full\" src=\"https:\/\/ispace.md\/blog\/wp-content\/uploads\/2024\/05\/4.jpg\" alt=\"Apple\" width=\"2048\" height=\"1150\" srcset=\"https:\/\/ispace.md\/blog\/wp-content\/uploads\/2024\/05\/4.jpg 2048w, https:\/\/ispace.md\/blog\/wp-content\/uploads\/2024\/05\/4-400x225.jpg 400w, https:\/\/ispace.md\/blog\/wp-content\/uploads\/2024\/05\/4-1024x575.jpg 1024w, https:\/\/ispace.md\/blog\/wp-content\/uploads\/2024\/05\/4-768x431.jpg 768w, https:\/\/ispace.md\/blog\/wp-content\/uploads\/2024\/05\/4-1536x863.jpg 1536w\" sizes=\"(max-width: 2048px) 100vw, 2048px\" \/><\/p>\n<p>\u00cen versiunea de baz\u0103 a iPad Air este prev\u0103zut\u0103 o memorie de 128 GB, ceea ce este de dou\u0103 ori mai mult dec\u00e2t \u00een modelele anterioare. De asemenea, sunt disponibile configura\u021bii cu 512 GB \u0219i 1 TB.<\/p>\n<h2>iPad Pro: cea mai sub\u021bire tablet\u0103 \u00een istorie, cu un display OLED Ultra Retina XDR<\/h2>\n<p><img loading=\"lazy\" class=\"aligncenter wp-image-7738 size-full\" src=\"https:\/\/ispace.md\/blog\/wp-content\/uploads\/2024\/05\/Snimok-ekrana-2024-05-07-v-17.14.09.png\" alt=\"\" width=\"2020\" height=\"1130\" srcset=\"https:\/\/ispace.md\/blog\/wp-content\/uploads\/2024\/05\/Snimok-ekrana-2024-05-07-v-17.14.09.png 2020w, https:\/\/ispace.md\/blog\/wp-content\/uploads\/2024\/05\/Snimok-ekrana-2024-05-07-v-17.14.09-400x224.png 400w, https:\/\/ispace.md\/blog\/wp-content\/uploads\/2024\/05\/Snimok-ekrana-2024-05-07-v-17.14.09-1024x573.png 1024w, https:\/\/ispace.md\/blog\/wp-content\/uploads\/2024\/05\/Snimok-ekrana-2024-05-07-v-17.14.09-768x430.png 768w, https:\/\/ispace.md\/blog\/wp-content\/uploads\/2024\/05\/Snimok-ekrana-2024-05-07-v-17.14.09-1536x859.png 1536w\" sizes=\"(max-width: 2020px) 100vw, 2020px\" \/><\/p>\n<p>De asemenea, Apple a prezentat iPad Pro cu cel mai nou procesor M4, construit pe tehnologia de 3 nm a celei de-a doua genera\u021bii. &#8220;Sub capot\u0103&#8221;, are p\u00e2n\u0103 la 10 nuclee CPU \u0219i 10 nuclee GPU. Compania a declarat o cre\u0219tere a puterii de p\u00e2n\u0103 la 50% \u00een compara\u021bie cu versiunea anterioar\u0103! \u0218i totu\u0219i, noul procesor consum\u0103 mult mai pu\u021bin\u0103 energie la acelea\u0219i sarcini.<\/p>\n<p>Datorit\u0103 procesorului grafic de nou\u0103 genera\u021bie \u0219i a motorului neural puternic, noul iPad Pro este un dispozitiv incredibil de performant \u00een domeniul inteligen\u021bei artificiale: dispozitivul cu M4 realizeaz\u0103 39 de trilioane de opera\u021bii pe secund\u0103!<\/p>\n<p>iPad Pro nu este doar puternic, ci \u0219i cel mai sub\u021bire gadget din istoria Apple. Grosimea tabletelor este doar de 5,3 mm pentru modelul de <strong>13 inci<\/strong> \u0219i 5,1 mm pentru cel de<strong> 11 inci<\/strong>. Un nou nivel \u00een portabilitate \u0219i performan\u021b\u0103!<\/p>\n<p><img loading=\"lazy\" class=\"aligncenter wp-image-7739 size-full\" src=\"https:\/\/ispace.md\/blog\/wp-content\/uploads\/2024\/05\/6.jpg\" alt=\"Apple\" width=\"1960\" height=\"1102\" srcset=\"https:\/\/ispace.md\/blog\/wp-content\/uploads\/2024\/05\/6.jpg 1960w, https:\/\/ispace.md\/blog\/wp-content\/uploads\/2024\/05\/6-400x225.jpg 400w, https:\/\/ispace.md\/blog\/wp-content\/uploads\/2024\/05\/6-1024x576.jpg 1024w, https:\/\/ispace.md\/blog\/wp-content\/uploads\/2024\/05\/6-768x432.jpg 768w, https:\/\/ispace.md\/blog\/wp-content\/uploads\/2024\/05\/6-1536x864.jpg 1536w\" sizes=\"(max-width: 1960px) 100vw, 1960px\" \/><\/p>\n<p>\u00cenc\u0103 o schimbare revolu\u021bionar\u0103 &#8211; noul display OLED Ultra Retina XDR. Pentru prima dat\u0103 \u00een linia de iPad, Apple a aplicat o tehnologie unic\u0103, unind dou\u0103 display-uri OLED care func\u021bioneaz\u0103 independent unul de altul (Tandem OLED Display). Luminozitatea maxim\u0103 a dispozitivului este de 1600 de ni\u021bi pentru vizionarea con\u021binutului HDR. Frecven\u021ba de actualizare variaz\u0103 \u00eentre 10 \u0219i 120 Hz.<\/p>\n<p>Carcasa noului iPad Pro este fabricat\u0103 din aluminiu reciclat. Culorile disponibile sunt argintiu \u0219i &#8220;Space Gray&#8221;. La fel ca \u00een iPad Air, camera de 12 MP actualizat\u0103 a fost mutat\u0103 pe marginea lateral\u0103 lung\u0103 pentru utilizarea \u00een orientare orizontal\u0103.<\/p>\n<p><img loading=\"lazy\" class=\"aligncenter wp-image-7740 size-full\" src=\"https:\/\/ispace.md\/blog\/wp-content\/uploads\/2024\/05\/7.jpg\" alt=\"\" width=\"1280\" height=\"697\" srcset=\"https:\/\/ispace.md\/blog\/wp-content\/uploads\/2024\/05\/7.jpg 1280w, https:\/\/ispace.md\/blog\/wp-content\/uploads\/2024\/05\/7-400x218.jpg 400w, https:\/\/ispace.md\/blog\/wp-content\/uploads\/2024\/05\/7-1024x558.jpg 1024w, https:\/\/ispace.md\/blog\/wp-content\/uploads\/2024\/05\/7-768x418.jpg 768w\" sizes=\"(max-width: 1280px) 100vw, 1280px\" \/><\/p>\n<p>Sunt disponibile patru op\u021biuni de stocare:<\/p>\n<ul>\n<li>256 GB;<\/li>\n<li>512 GB;<\/li>\n<li>1 TB;<\/li>\n<li>2 TB.<\/li>\n<\/ul>\n<h2>Apple Pencil Pro cu func\u021bii noi \u0219i giroscop \u00eencorporat<\/h2>\n<p><img loading=\"lazy\" class=\"aligncenter wp-image-7741 size-full\" src=\"https:\/\/ispace.md\/blog\/wp-content\/uploads\/2024\/05\/IMG_4677.jpg\" alt=\"Apple\" width=\"1680\" height=\"939\" srcset=\"https:\/\/ispace.md\/blog\/wp-content\/uploads\/2024\/05\/IMG_4677.jpg 1680w, https:\/\/ispace.md\/blog\/wp-content\/uploads\/2024\/05\/IMG_4677-400x224.jpg 400w, https:\/\/ispace.md\/blog\/wp-content\/uploads\/2024\/05\/IMG_4677-1024x572.jpg 1024w, https:\/\/ispace.md\/blog\/wp-content\/uploads\/2024\/05\/IMG_4677-768x429.jpg 768w, https:\/\/ispace.md\/blog\/wp-content\/uploads\/2024\/05\/IMG_4677-1536x859.jpg 1536w\" sizes=\"(max-width: 1680px) 100vw, 1680px\" \/><\/p>\n<p>Noul &#8220;creion&#8221; de la Apple a stabilit un nou standard pentru stilouri. Apple Pencil Pro v\u0103 \u00een\u021belege tactil: este suficient s\u0103 \u00eel str\u00e2nge\u021bi u\u0219or pentru a deschide panoul de control al set\u0103rilor.<\/p>\n<p>De asemenea, stiloul caracteristic Apple prime\u0219te pentru prima dat\u0103 un giroscop. Cu ajutorul s\u0103u, pute\u021bi schimba pozi\u021bia obiectelor \u00een proiect. \u0218i motorul de vibra\u021bii \u00eencorporat va emite un semnal atunci c\u00e2nd obiectele sunt perfect aliniate. &#8220;Creionul&#8221; pare s\u0103 v\u0103 \u00een\u021beleag\u0103 la jum\u0103tate de cuv\u00e2nt!<\/p>\n<p>\u00cenc\u0103 o inova\u021bie &#8211; suportul pentru &#8220;G\u0103sire&#8221;. Acum pute\u021bi urm\u0103ri loca\u021bia Apple Pencil Pro pe hart\u0103. Cu toate acestea, spre deosebire de iPhone sau AirPods, stiloul nu va emite un semnal sonor. Se \u00eencarc\u0103, se conecteaz\u0103 \u0219i se stocheaz\u0103 folosind magne\u021bii de pe latura lateral\u0103 a iPad-ului.<\/p>\n<p><img loading=\"lazy\" class=\"aligncenter wp-image-7742 size-full\" src=\"https:\/\/ispace.md\/blog\/wp-content\/uploads\/2024\/05\/9.jpg\" alt=\"\" width=\"2048\" height=\"1150\" srcset=\"https:\/\/ispace.md\/blog\/wp-content\/uploads\/2024\/05\/9.jpg 2048w, https:\/\/ispace.md\/blog\/wp-content\/uploads\/2024\/05\/9-400x225.jpg 400w, https:\/\/ispace.md\/blog\/wp-content\/uploads\/2024\/05\/9-1024x575.jpg 1024w, https:\/\/ispace.md\/blog\/wp-content\/uploads\/2024\/05\/9-768x431.jpg 768w, https:\/\/ispace.md\/blog\/wp-content\/uploads\/2024\/05\/9-1536x863.jpg 1536w\" sizes=\"(max-width: 2048px) 100vw, 2048px\" \/><\/p>\n<p>\u0218i, desigur, &#8220;la bord&#8221; sunt toate acele caracteristici pentru care iubim Apple Pencil &#8211; precizie pixelat\u0103, lipsa \u00eent\u00e2rzierilor, suport pentru \u00eenclinare \u0219i func\u021bii anti-palm\u0103. Ve\u021bi putea transfera ideile \u00een aplica\u021bie cu o singur\u0103 mi\u0219care.<\/p>\n<h2>Tastatura Magic Keyboard \u0219i husa Smart Folio<\/h2>\n<p><img loading=\"lazy\" class=\"aligncenter wp-image-7743 size-full\" src=\"https:\/\/ispace.md\/blog\/wp-content\/uploads\/2024\/05\/Apple-Event-May-7-32-18-screenshot.jpg\" alt=\"Apple\" width=\"2560\" height=\"1440\" srcset=\"https:\/\/ispace.md\/blog\/wp-content\/uploads\/2024\/05\/Apple-Event-May-7-32-18-screenshot.jpg 2560w, https:\/\/ispace.md\/blog\/wp-content\/uploads\/2024\/05\/Apple-Event-May-7-32-18-screenshot-400x225.jpg 400w, https:\/\/ispace.md\/blog\/wp-content\/uploads\/2024\/05\/Apple-Event-May-7-32-18-screenshot-1024x576.jpg 1024w, https:\/\/ispace.md\/blog\/wp-content\/uploads\/2024\/05\/Apple-Event-May-7-32-18-screenshot-768x432.jpg 768w, https:\/\/ispace.md\/blog\/wp-content\/uploads\/2024\/05\/Apple-Event-May-7-32-18-screenshot-1536x864.jpg 1536w, https:\/\/ispace.md\/blog\/wp-content\/uploads\/2024\/05\/Apple-Event-May-7-32-18-screenshot-2048x1152.jpg 2048w\" sizes=\"(max-width: 2560px) 100vw, 2560px\" \/><\/p>\n<p>Create special pentru noul iPad Pro. Dou\u0103 culori, care se potrivesc cu nuan\u021bele tabletelor: negru \u0219i alb. Ambele au o baz\u0103 de aluminiu pentru palme pentru o utilizare confortabil\u0103.<\/p>\n<p>Trackpad-ul actualizat, cu feedback tactil similar cu cel integrat \u00een MacBook. De asemenea, tastatura are taste cu noi r\u00e2nduri func\u021bionale pentru controlul luminozit\u0103\u021bii \u0219i volumului.<\/p>\n<p>Magic Keyboard este fixat cu ajutorul magne\u021bilor, iar Smart Connector conecteaz\u0103 instantaneu alimentarea \u0219i datele f\u0103r\u0103 Bluetooth.<\/p>\n<p>Husa Smart Folio se ata\u0219eaz\u0103 la iPad Pro cu magne\u021bi \u0219i suport\u0103 mai multe unghiuri de \u00eenclinare pentru maxim\u0103 libertate de ac\u021biune.<\/p>\n<p><img loading=\"lazy\" class=\"aligncenter wp-image-7744 size-full\" src=\"https:\/\/ispace.md\/blog\/wp-content\/uploads\/2024\/05\/IMG_4679.jpg\" alt=\"\" width=\"1384\" height=\"777\" srcset=\"https:\/\/ispace.md\/blog\/wp-content\/uploads\/2024\/05\/IMG_4679.jpg 1384w, https:\/\/ispace.md\/blog\/wp-content\/uploads\/2024\/05\/IMG_4679-400x225.jpg 400w, https:\/\/ispace.md\/blog\/wp-content\/uploads\/2024\/05\/IMG_4679-1024x575.jpg 1024w, https:\/\/ispace.md\/blog\/wp-content\/uploads\/2024\/05\/IMG_4679-768x431.jpg 768w\" sizes=\"(max-width: 1384px) 100vw, 1384px\" \/><\/p>\n<p>\u00cen cur\u00e2nd, noile produse vor fi disponibile \u00een magazinele iSpace. Pre\u021bul oficial \u00een Moldova \u00eenc\u0103 nu este cunoscut: urm\u0103ri\u021bi-ne pe <a href=\"https:\/\/www.instagram.com\/ispace.md\/\">Instagram<\/a> pentru a nu rata \u00eenceputul precomenzilor!<\/p>\n<p><strong>CITI\u021aI MAI MULTE:<\/strong><\/p>\n<p><a href=\"https:\/\/ispace.md\/blog\/noile-macbook-pro-14-si-16-cu-puternice-cipuri-din-seria-m3\/\"><strong>Noile MacBook Pro 14 \u0219i 16 cu cipuri puternice din seria M3<\/strong><\/a><\/p>\n<p><a href=\"https:\/\/ispace.md\/blog\/apple-a-prezentat-apple-watch-series-9-si-apple-watch-ultra-2-cu-noua-functie-double-tap\/\"><strong>Apple a prezentat Apple Watch Series 9 \u0219i Apple Watch Ultra 2 cu noua func\u021bie Double Tap<\/strong><\/a><\/p>\n<p><a href=\"https:\/\/ispace.md\/blog\/pregatiti-va-sa-fiti-uimiti-apple-a-dezvaluit-noul-iphone-15\/\"><strong>Preg\u0103ti\u021bi-v\u0103 s\u0103 fi\u021bi uimi\u021bi: Apple a dezv\u0103luit noul iPhone 15<\/strong><\/a><\/p>\n","protected":false},"excerpt":{"rendered":"<p>Apple nu \u00eenceteaz\u0103 s\u0103 surprind\u0103. La prezentarea tradi\u021bional\u0103 de prim\u0103var\u0103, care a avut loc \u00een acest an pe 7 mai, compania a prezentat noile sale produse. A\u0219eza\u021bi-v\u0103 confortabil, acum vom vorbi despre produsele de top care au f\u0103cut mult zgomot. iPad Air: un procesor puternic, un display mare Acest produs din gama Air a primit [&hellip;]<\/p>\n","protected":false},"author":1,"featured_media":7734,"comment_status":"open","ping_status":"open","sticky":false,"template":"","format":"standard","meta":[],"categories":[433,683],"tags":[455,714,1670,1666,1118,1668,1089,1315,1001,1664,1682,685,985,1684],"yoast_head":"<!-- This site is optimized with the Yoast SEO plugin v17.0 - https:\/\/yoast.com\/wordpress\/plugins\/seo\/ -->\n<title>Apple a prezentat noile iPad Air \u0219i Pro, Apple Pencil \u0219i Magic Keyboard<\/title>\n<meta name=\"description\" content=\"Am adunat cele mai interesante lucruri de la prezentarea Apple de pe 7 mai. S\u0103 vorbim despre produsele de top care au f\u0103cut mult\u0103 g\u0103l\u0103gie.\" \/>\n<meta name=\"robots\" content=\"index, follow, max-snippet:-1, max-image-preview:large, max-video-preview:-1\" \/>\n<link rel=\"canonical\" href=\"https:\/\/ispace.md\/blog\/apple-a-prezentat-noile-ipad-air-si-pro-apple-pencil-si-magic-keyboard\/\" \/>\n<meta property=\"og:locale\" content=\"ru_RU\" \/>\n<meta property=\"og:type\" content=\"article\" \/>\n<meta property=\"og:title\" content=\"Apple a prezentat noile iPad Air \u0219i Pro, Apple Pencil \u0219i Magic Keyboard\" \/>\n<meta property=\"og:description\" content=\"Am adunat cele mai interesante lucruri de la prezentarea Apple de pe 7 mai. S\u0103 vorbim despre produsele de top care au f\u0103cut mult\u0103 g\u0103l\u0103gie.\" \/>\n<meta property=\"og:url\" content=\"https:\/\/ispace.md\/blog\/apple-a-prezentat-noile-ipad-air-si-pro-apple-pencil-si-magic-keyboard\/\" \/>\n<meta property=\"og:site_name\" content=\"iSpace\" \/>\n<meta property=\"article:publisher\" content=\"https:\/\/www.facebook.com\/ispacemd\/\" \/>\n<meta property=\"article:published_time\" content=\"2024-05-08T11:40:32+00:00\" \/>\n<meta property=\"article:modified_time\" content=\"2024-05-08T11:43:00+00:00\" \/>\n<meta property=\"og:image\" content=\"https:\/\/ispace.md\/blog\/wp-content\/uploads\/2024\/05\/1.jpg\" \/>\n\t<meta property=\"og:image:width\" content=\"930\" \/>\n\t<meta property=\"og:image:height\" content=\"523\" \/>\n<meta name=\"twitter:card\" content=\"summary_large_image\" \/>\n<meta name=\"twitter:label1\" content=\"\u041d\u0430\u043f\u0438\u0441\u0430\u043d\u043e \u0430\u0432\u0442\u043e\u0440\u043e\u043c\" \/>\n\t<meta name=\"twitter:data1\" content=\"istoreadm\" \/>\n\t<meta name=\"twitter:label2\" content=\"\u041f\u0440\u0438\u043c\u0435\u0440\u043d\u043e\u0435 \u0432\u0440\u0435\u043c\u044f \u0434\u043b\u044f \u0447\u0442\u0435\u043d\u0438\u044f\" \/>\n\t<meta name=\"twitter:data2\" content=\"5 \u043c\u0438\u043d\u0443\u0442\" \/>\n<script type=\"application\/ld+json\" class=\"yoast-schema-graph\">{\"@context\":\"https:\/\/schema.org\",\"@graph\":[{\"@type\":\"WebSite\",\"@id\":\"https:\/\/ispace.md\/blog\/ru\/#website\",\"url\":\"https:\/\/ispace.md\/blog\/ru\/\",\"name\":\"iSpace\",\"description\":\"\\u0411\\u043b\\u043e\\u0433 \\u043a\\u043e\\u043c\\u043f\\u0430\\u043d\\u0438\\u0438 iSpace\",\"potentialAction\":[{\"@type\":\"SearchAction\",\"target\":{\"@type\":\"EntryPoint\",\"urlTemplate\":\"https:\/\/ispace.md\/blog\/ru\/?s={search_term_string}\"},\"query-input\":\"required name=search_term_string\"}],\"inLanguage\":\"ru-RU\"},{\"@type\":\"ImageObject\",\"@id\":\"https:\/\/ispace.md\/blog\/apple-a-prezentat-noile-ipad-air-si-pro-apple-pencil-si-magic-keyboard\/#primaryimage\",\"inLanguage\":\"ru-RU\",\"url\":\"https:\/\/ispace.md\/blog\/wp-content\/uploads\/2024\/05\/1.jpg\",\"contentUrl\":\"https:\/\/ispace.md\/blog\/wp-content\/uploads\/2024\/05\/1.jpg\",\"width\":930,\"height\":523},{\"@type\":\"WebPage\",\"@id\":\"https:\/\/ispace.md\/blog\/apple-a-prezentat-noile-ipad-air-si-pro-apple-pencil-si-magic-keyboard\/#webpage\",\"url\":\"https:\/\/ispace.md\/blog\/apple-a-prezentat-noile-ipad-air-si-pro-apple-pencil-si-magic-keyboard\/\",\"name\":\"Apple a prezentat noile iPad Air \\u0219i Pro, Apple Pencil \\u0219i Magic Keyboard\",\"isPartOf\":{\"@id\":\"https:\/\/ispace.md\/blog\/ru\/#website\"},\"primaryImageOfPage\":{\"@id\":\"https:\/\/ispace.md\/blog\/apple-a-prezentat-noile-ipad-air-si-pro-apple-pencil-si-magic-keyboard\/#primaryimage\"},\"datePublished\":\"2024-05-08T11:40:32+00:00\",\"dateModified\":\"2024-05-08T11:43:00+00:00\",\"author\":{\"@id\":\"https:\/\/ispace.md\/blog\/ru\/#\/schema\/person\/ee7c990e7f16a92ff015648f1d3212cd\"},\"description\":\"Am adunat cele mai interesante lucruri de la prezentarea Apple de pe 7 mai. S\\u0103 vorbim despre produsele de top care au f\\u0103cut mult\\u0103 g\\u0103l\\u0103gie.\",\"breadcrumb\":{\"@id\":\"https:\/\/ispace.md\/blog\/apple-a-prezentat-noile-ipad-air-si-pro-apple-pencil-si-magic-keyboard\/#breadcrumb\"},\"inLanguage\":\"ru-RU\",\"potentialAction\":[{\"@type\":\"ReadAction\",\"target\":[\"https:\/\/ispace.md\/blog\/apple-a-prezentat-noile-ipad-air-si-pro-apple-pencil-si-magic-keyboard\/\"]}]},{\"@type\":\"BreadcrumbList\",\"@id\":\"https:\/\/ispace.md\/blog\/apple-a-prezentat-noile-ipad-air-si-pro-apple-pencil-si-magic-keyboard\/#breadcrumb\",\"itemListElement\":[{\"@type\":\"ListItem\",\"position\":1,\"name\":\"\\u0413\\u043b\\u0430\\u0432\\u043d\\u0430\\u044f \\u0441\\u0442\\u0440\\u0430\\u043d\\u0438\\u0446\\u0430\",\"item\":\"https:\/\/ispace.md\/blog\/ru\/\"},{\"@type\":\"ListItem\",\"position\":2,\"name\":\"Apple a prezentat noile iPad Air \\u0219i Pro, Apple Pencil \\u0219i Magic Keyboard\"}]},{\"@type\":\"Person\",\"@id\":\"https:\/\/ispace.md\/blog\/ru\/#\/schema\/person\/ee7c990e7f16a92ff015648f1d3212cd\",\"name\":\"istoreadm\",\"image\":{\"@type\":\"ImageObject\",\"@id\":\"https:\/\/ispace.md\/blog\/ru\/#personlogo\",\"inLanguage\":\"ru-RU\",\"url\":\"https:\/\/secure.gravatar.com\/avatar\/3ab1424e156237432133bacf1fcdd22d?s=96&d=mm&r=g\",\"contentUrl\":\"https:\/\/secure.gravatar.com\/avatar\/3ab1424e156237432133bacf1fcdd22d?s=96&d=mm&r=g\",\"caption\":\"istoreadm\"},\"url\":\"https:\/\/ispace.md\/blog\/author\/istoreadm\/\"}]}<\/script>\n<!-- \/ Yoast SEO plugin. -->","yoast_head_json":{"title":"Apple a prezentat noile iPad Air \u0219i Pro, Apple Pencil \u0219i Magic Keyboard","description":"Am adunat cele mai interesante lucruri de la prezentarea Apple de pe 7 mai. S\u0103 vorbim despre produsele de top care au f\u0103cut mult\u0103 g\u0103l\u0103gie.","robots":{"index":"index","follow":"follow","max-snippet":"max-snippet:-1","max-image-preview":"max-image-preview:large","max-video-preview":"max-video-preview:-1"},"canonical":"https:\/\/ispace.md\/blog\/apple-a-prezentat-noile-ipad-air-si-pro-apple-pencil-si-magic-keyboard\/","og_locale":"ru_RU","og_type":"article","og_title":"Apple a prezentat noile iPad Air \u0219i Pro, Apple Pencil \u0219i Magic Keyboard","og_description":"Am adunat cele mai interesante lucruri de la prezentarea Apple de pe 7 mai. S\u0103 vorbim despre produsele de top care au f\u0103cut mult\u0103 g\u0103l\u0103gie.","og_url":"https:\/\/ispace.md\/blog\/apple-a-prezentat-noile-ipad-air-si-pro-apple-pencil-si-magic-keyboard\/","og_site_name":"iSpace","article_publisher":"https:\/\/www.facebook.com\/ispacemd\/","article_published_time":"2024-05-08T11:40:32+00:00","article_modified_time":"2024-05-08T11:43:00+00:00","og_image":[{"width":930,"height":523,"url":"https:\/\/ispace.md\/blog\/wp-content\/uploads\/2024\/05\/1.jpg","path":"\/srv\/ispace.md\/blog\/wp-content\/uploads\/2024\/05\/1.jpg","size":"full","id":7734,"alt":"","pixels":486390,"type":"image\/jpeg"}],"twitter_card":"summary_large_image","twitter_misc":{"\u041d\u0430\u043f\u0438\u0441\u0430\u043d\u043e \u0430\u0432\u0442\u043e\u0440\u043e\u043c":"istoreadm","\u041f\u0440\u0438\u043c\u0435\u0440\u043d\u043e\u0435 \u0432\u0440\u0435\u043c\u044f \u0434\u043b\u044f \u0447\u0442\u0435\u043d\u0438\u044f":"5 \u043c\u0438\u043d\u0443\u0442"},"schema":{"@context":"https:\/\/schema.org","@graph":[{"@type":"WebSite","@id":"https:\/\/ispace.md\/blog\/ru\/#website","url":"https:\/\/ispace.md\/blog\/ru\/","name":"iSpace","description":"\u0411\u043b\u043e\u0433 \u043a\u043e\u043c\u043f\u0430\u043d\u0438\u0438 iSpace","potentialAction":[{"@type":"SearchAction","target":{"@type":"EntryPoint","urlTemplate":"https:\/\/ispace.md\/blog\/ru\/?s={search_term_string}"},"query-input":"required name=search_term_string"}],"inLanguage":"ru-RU"},{"@type":"ImageObject","@id":"https:\/\/ispace.md\/blog\/apple-a-prezentat-noile-ipad-air-si-pro-apple-pencil-si-magic-keyboard\/#primaryimage","inLanguage":"ru-RU","url":"https:\/\/ispace.md\/blog\/wp-content\/uploads\/2024\/05\/1.jpg","contentUrl":"https:\/\/ispace.md\/blog\/wp-content\/uploads\/2024\/05\/1.jpg","width":930,"height":523},{"@type":"WebPage","@id":"https:\/\/ispace.md\/blog\/apple-a-prezentat-noile-ipad-air-si-pro-apple-pencil-si-magic-keyboard\/#webpage","url":"https:\/\/ispace.md\/blog\/apple-a-prezentat-noile-ipad-air-si-pro-apple-pencil-si-magic-keyboard\/","name":"Apple a prezentat noile iPad Air \u0219i Pro, Apple Pencil \u0219i Magic Keyboard","isPartOf":{"@id":"https:\/\/ispace.md\/blog\/ru\/#website"},"primaryImageOfPage":{"@id":"https:\/\/ispace.md\/blog\/apple-a-prezentat-noile-ipad-air-si-pro-apple-pencil-si-magic-keyboard\/#primaryimage"},"datePublished":"2024-05-08T11:40:32+00:00","dateModified":"2024-05-08T11:43:00+00:00","author":{"@id":"https:\/\/ispace.md\/blog\/ru\/#\/schema\/person\/ee7c990e7f16a92ff015648f1d3212cd"},"description":"Am adunat cele mai interesante lucruri de la prezentarea Apple de pe 7 mai. S\u0103 vorbim despre produsele de top care au f\u0103cut mult\u0103 g\u0103l\u0103gie.","breadcrumb":{"@id":"https:\/\/ispace.md\/blog\/apple-a-prezentat-noile-ipad-air-si-pro-apple-pencil-si-magic-keyboard\/#breadcrumb"},"inLanguage":"ru-RU","potentialAction":[{"@type":"ReadAction","target":["https:\/\/ispace.md\/blog\/apple-a-prezentat-noile-ipad-air-si-pro-apple-pencil-si-magic-keyboard\/"]}]},{"@type":"BreadcrumbList","@id":"https:\/\/ispace.md\/blog\/apple-a-prezentat-noile-ipad-air-si-pro-apple-pencil-si-magic-keyboard\/#breadcrumb","itemListElement":[{"@type":"ListItem","position":1,"name":"\u0413\u043b\u0430\u0432\u043d\u0430\u044f \u0441\u0442\u0440\u0430\u043d\u0438\u0446\u0430","item":"https:\/\/ispace.md\/blog\/ru\/"},{"@type":"ListItem","position":2,"name":"Apple a prezentat noile iPad Air \u0219i Pro, Apple Pencil \u0219i Magic Keyboard"}]},{"@type":"Person","@id":"https:\/\/ispace.md\/blog\/ru\/#\/schema\/person\/ee7c990e7f16a92ff015648f1d3212cd","name":"istoreadm","image":{"@type":"ImageObject","@id":"https:\/\/ispace.md\/blog\/ru\/#personlogo","inLanguage":"ru-RU","url":"https:\/\/secure.gravatar.com\/avatar\/3ab1424e156237432133bacf1fcdd22d?s=96&d=mm&r=g","contentUrl":"https:\/\/secure.gravatar.com\/avatar\/3ab1424e156237432133bacf1fcdd22d?s=96&d=mm&r=g","caption":"istoreadm"},"url":"https:\/\/ispace.md\/blog\/author\/istoreadm\/"}]}},"frontimg":"https:\/\/ispace.md\/blog\/wp-content\/uploads\/2024\/05\/1-320x220.jpg","frontimglarge":"https:\/\/ispace.md\/blog\/wp-content\/uploads\/2024\/05\/1-730x300.jpg","acf":{"select_banner_style":"0","select_sidebar":"0","axil_post_review_box":false},"_links":{"self":[{"href":"https:\/\/ispace.md\/blog\/wp-json\/wp\/v2\/posts\/7746"}],"collection":[{"href":"https:\/\/ispace.md\/blog\/wp-json\/wp\/v2\/posts"}],"about":[{"href":"https:\/\/ispace.md\/blog\/wp-json\/wp\/v2\/types\/post"}],"author":[{"embeddable":true,"href":"https:\/\/ispace.md\/blog\/wp-json\/wp\/v2\/users\/1"}],"replies":[{"embeddable":true,"href":"https:\/\/ispace.md\/blog\/wp-json\/wp\/v2\/comments?post=7746"}],"version-history":[{"count":5,"href":"https:\/\/ispace.md\/blog\/wp-json\/wp\/v2\/posts\/7746\/revisions"}],"predecessor-version":[{"id":7751,"href":"https:\/\/ispace.md\/blog\/wp-json\/wp\/v2\/posts\/7746\/revisions\/7751"}],"wp:featuredmedia":[{"embeddable":true,"href":"https:\/\/ispace.md\/blog\/wp-json\/wp\/v2\/media\/7734"}],"wp:attachment":[{"href":"https:\/\/ispace.md\/blog\/wp-json\/wp\/v2\/media?parent=7746"}],"wp:term":[{"taxonomy":"category","embeddable":true,"href":"https:\/\/ispace.md\/blog\/wp-json\/wp\/v2\/categories?post=7746"},{"taxonomy":"post_tag","embeddable":true,"href":"https:\/\/ispace.md\/blog\/wp-json\/wp\/v2\/tags?post=7746"}],"curies":[{"name":"wp","href":"https:\/\/api.w.org\/{rel}","templated":true}]}}