{"id":7764,"date":"2024-05-17T09:10:17","date_gmt":"2024-05-17T06:10:17","guid":{"rendered":"https:\/\/ispace.md\/blog\/?p=7764"},"modified":"2024-05-16T17:50:07","modified_gmt":"2024-05-16T14:50:07","slug":"macbook-ul-nu-recunoaste-un-stick-usb-cum-se-rezolva-problema","status":"publish","type":"post","link":"https:\/\/ispace.md\/blog\/macbook-ul-nu-recunoaste-un-stick-usb-cum-se-rezolva-problema\/","title":{"rendered":"MacBook-ul nu recunoa\u0219te un stick USB. Cum se rezolv\u0103 problema?"},"content":{"rendered":"<p><strong>Uneori se \u00eent\u00e2mpl\u0103 s\u0103 fie nevoie s\u0103 \u00eenc\u0103rca\u021bi \/ desc\u0103rca\u021bi date de pe un stick USB, dar laptopul nu reac\u021bioneaz\u0103 la dispozitivul conectat. Motivele pot fi diverse: unitatea de stocare este defect\u0103, portul USB nu func\u021bioneaz\u0103 sau este murdar, software-ul este \u00eenvechit. S\u0103 vedem ce trebuie f\u0103cut dac\u0103 un Mac nu vede un stick USB \u0219i cum s\u0103 rezolv\u0103m aceast\u0103 <a href=\"https:\/\/support.apple.com\/ro-ro\/guide\/mac-help\/mchlp1641\/mac\">problem\u0103<\/a> \u00een mod sigur.<\/strong><\/p>\n<h2>Cum s\u0103 \u201efor\u021ba\u021bi\u201d un MacBook s\u0103 vad\u0103 un stick USB<\/h2>\n<p>Motivul pentru care un MacBook nu vede un stick USB poate fi ascuns fie \u00een unitatea de stocare \u00eens\u0103\u0219i, fie \u00een software-ul computerului, sau \u00een alte dispozitive conectate. Cu toate acestea, adesea cauza problemei este evident\u0103, iar pentru ca laptopul s\u0103 vad\u0103 stick-ul USB, sunt suficien\u021bi c\u00e2\u021biva pa\u0219i simpli.<\/p>\n<p><strong>1. Verificarea aliment\u0103rii, a portului USB \u0219i a cablurilor<\/strong><\/p>\n<p>Verifica\u021bi conexiunea stick-ului de memorie la computer. Dac\u0103 utiliza\u021bi un adaptor, asigura\u021bi-v\u0103 c\u0103 cablurile sunt corect conectate la echipament. \u0218i dac\u0103 laptopul are mai multe porturi USB, \u00eencerca\u021bi s\u0103 schimba\u021bi stick-ul USB.<\/p>\n<p>Nimic nu ajut\u0103? Verifica\u021bi din nou conectorii, conect\u00e2nd alt echipament la ei &#8211; de exemplu, un smartphone cu un cablu. Dac\u0103 laptopul nu reac\u021bioneaz\u0103 la conexiuni, opri\u021bi-l, deconecta\u021bi-l de la \u00eenc\u0103rc\u0103tor \u0219i apoi porni\u021bi-l din nou. Asigura\u021bi-v\u0103 \u0219i c\u0103 stick-ul USB func\u021bioneaz\u0103 corect (verifica\u021bi-l pe alt computer). Dac\u0103 chiar \u0219i dup\u0103 aceste manevre Mac-ul nu vede niciunul dintre dispozitivele de stocare, exist\u0103 o \u0219ans\u0103 mare c\u0103 porturile nu func\u021bioneaz\u0103 corect.<\/p>\n<p><strong>2. Verificarea actualiz\u0103rilor software-ului<\/strong><\/p>\n<p>Software-ul \u00eenvechit este adesea cauza faptului c\u0103 computerul nu vede un stick USB. Prin urmare, trebuie s\u0103 actualiza\u021bi software-ul pe Mac la versiunea actual\u0103: \u00een bara de meniu, merge\u021bi la \u201ePreferin\u021be de sistem\u201d &gt; \u201eGeneral\u201d &gt; \u201eActualizare software\u201d.<\/p>\n<p><strong>3. Compararea vitezei hub-ului USB \u0219i a unui stick USB<\/strong><\/p>\n<p>Unitatea de stocare \u0219i conectorul USB ar trebui s\u0103 aib\u0103 viteze comune &#8211; ceea ce \u00eenseamn\u0103 c\u0103 vitezele lor se potrivesc. Un stick USB 3.0 este compatibil cu un conector USB 3.0, dar nu cu unul USB 2.0.<\/p>\n<p><strong>4. C\u0103utarea unit\u0103\u021bii de stocare \u00een sec\u021biunea \u201eInforma\u021bii despre sistem\u201d<\/strong><\/p>\n<p>Pentru a verifica dac\u0103 stick-ul este \u00een \u201eInforma\u021bii despre sistem\u201d, trebuie s\u0103 face\u021bi urm\u0103toarele:<\/p>\n<ul>\n<li>Ap\u0103sa\u021bi tasta Option pe laptop.<\/li>\n<li>\u021ain\u00e2nd ap\u0103sat butonul, deschide\u021bi meniul Apple. C\u0103uta\u021bi sec\u021biunea \u201eInforma\u021bii despre sistem\u201d.<\/li>\n<li>Studia\u021bi fereastra \u201eHardware\u201d \/ \u201eHardware\u201d &#8211; ar trebui s\u0103 afi\u0219eze dispozitivul de stocare. Dac\u0103 este prezent \u00een list\u0103, dar nu prezint\u0103 semne de via\u021b\u0103, urma\u021bi instruc\u021biunile pe care le vom discuta mai jos.<\/li>\n<\/ul>\n<p><img loading=\"lazy\" class=\"aligncenter wp-image-7765 size-full\" src=\"https:\/\/ispace.md\/blog\/wp-content\/uploads\/2024\/05\/2-3.png\" alt=\"stick USB\" width=\"1786\" height=\"1180\" srcset=\"https:\/\/ispace.md\/blog\/wp-content\/uploads\/2024\/05\/2-3.png 1786w, https:\/\/ispace.md\/blog\/wp-content\/uploads\/2024\/05\/2-3-400x264.png 400w, https:\/\/ispace.md\/blog\/wp-content\/uploads\/2024\/05\/2-3-1024x677.png 1024w, https:\/\/ispace.md\/blog\/wp-content\/uploads\/2024\/05\/2-3-768x507.png 768w, https:\/\/ispace.md\/blog\/wp-content\/uploads\/2024\/05\/2-3-1536x1015.png 1536w\" sizes=\"(max-width: 1786px) 100vw, 1786px\" \/><\/p>\n<p><strong>5. Deconectarea dispozitivelor\/gadget-urilor str\u0103ine<\/strong><\/p>\n<p>Motivul pentru func\u021bionarea necorespunz\u0103toare poate fi \u00een conexiunea cu laptopul a altor echipamente. Prin urmare, trebuie s\u0103 elimina\u021bi toate dispozitivele, cu excep\u021bia stick-ului USB. Apoi, va trebui s\u0103 reconecta\u021bi stick-ul la computer. Problema a fost rezolvat\u0103? Atunci alte dispozitive str\u0103ine au afectat func\u021bionarea stick-ului USB.<\/p>\n<p><strong>6. Redeschiderea aplica\u021biei<\/strong><\/p>\n<p>Pentru ca computerul s\u0103 recunoasc\u0103 un stick USB, \u00eencerca\u021bi s\u0103 \u00eenchide\u021bi \u0219i s\u0103 redeschide\u021bi aplica\u021biile care-l utilizeaz\u0103.<\/p>\n<p><strong>7. Repornire<\/strong><\/p>\n<p>Uneori, este necesar s\u0103 reporni\u021bi sistemul pentru a recunoa\u0219te dispozitivul de stocare.<\/p>\n<h2>Formatarea unui stick USB<\/h2>\n<p>\u00cenc\u0103 o cauz\u0103 comun\u0103 a &#8220;invizibilit\u0103\u021bii&#8221; &#8211; incompatibilitatea dintre macOS \u0219i sistemul de fi\u0219iere al dispozitivului de stocare, ceea ce face ca MacBook-ul s\u0103 nu vad\u0103 un stick USB. Sau \u00eel vede, dar nu poate edita \u0219i scrie date pe el. Acest lucru se \u00eent\u00e2mpl\u0103 dac\u0103 ave\u021bi un card NTFS. Problema este c\u0103 dispozitivele NTFS sunt produsul formatareii unui alt sistem de fi\u0219iere. \u0218i aici sunt dou\u0103 solu\u021bii:<\/p>\n<ol>\n<li>Desc\u0103rca\u021bi \u0219i instala\u021bi utilitarul NTFS for Mac (de obicei, disponibil contra cost). Acest program este folosit pentru scrierea \u0219i \u0219tergerea datelor \u00een formatul Microsoft NTFS.<\/li>\n<li>Formata\u021bi stick-ul USB \u00een ExFAT sau FAT. Aceste formate sunt compatibile cu macOS \u0219i Windows.<\/li>\n<\/ol>\n<p>Important. Formatarea presupune \u0219tergerea complet\u0103 a datelor de pe dispozitivul de stocare. \u00cenainte de procedur\u0103, trebuie s\u0103 transfera\u021bi fi\u0219ierele pe un alt stick sau computer.<\/p>\n<p><strong>Deci, cum s\u0103 formata\u021bi un stick USB:<\/strong><\/p>\n<ul>\n<li>C\u0103ut\u0103m aplica\u021bia &#8220;Utilitar de disc&#8221; pe MacBook. Pentru a nu pierde timpul, merge\u021bi \u00een Launchpad sau scrie\u021bi \u00een bara de c\u0103utare &#8220;Utilitar de disc&#8221;, apoi deschide\u021bi programul.<\/li>\n<\/ul>\n<p><img loading=\"lazy\" class=\"aligncenter wp-image-7766 size-full\" src=\"https:\/\/ispace.md\/blog\/wp-content\/uploads\/2024\/05\/3-4.png\" alt=\"\" width=\"2666\" height=\"1402\" srcset=\"https:\/\/ispace.md\/blog\/wp-content\/uploads\/2024\/05\/3-4.png 2666w, https:\/\/ispace.md\/blog\/wp-content\/uploads\/2024\/05\/3-4-400x210.png 400w, https:\/\/ispace.md\/blog\/wp-content\/uploads\/2024\/05\/3-4-1024x539.png 1024w, https:\/\/ispace.md\/blog\/wp-content\/uploads\/2024\/05\/3-4-768x404.png 768w, https:\/\/ispace.md\/blog\/wp-content\/uploads\/2024\/05\/3-4-1536x808.png 1536w, https:\/\/ispace.md\/blog\/wp-content\/uploads\/2024\/05\/3-4-2048x1077.png 2048w\" sizes=\"(max-width: 2666px) 100vw, 2666px\" \/><\/p>\n<ul>\n<li>Face\u021bi clic pe sec\u021biunea &#8220;Vizualizare&#8221;. Din lista care apare, selecta\u021bi &#8221; Afi\u0219a\u021bi toate dispozitivele&#8221;.<\/li>\n<\/ul>\n<p><img loading=\"lazy\" class=\"aligncenter wp-image-7767 size-full\" src=\"https:\/\/ispace.md\/blog\/wp-content\/uploads\/2024\/05\/4-3.png\" alt=\"stick USB\" width=\"1714\" height=\"1240\" srcset=\"https:\/\/ispace.md\/blog\/wp-content\/uploads\/2024\/05\/4-3.png 1714w, https:\/\/ispace.md\/blog\/wp-content\/uploads\/2024\/05\/4-3-400x289.png 400w, https:\/\/ispace.md\/blog\/wp-content\/uploads\/2024\/05\/4-3-1024x741.png 1024w, https:\/\/ispace.md\/blog\/wp-content\/uploads\/2024\/05\/4-3-768x556.png 768w, https:\/\/ispace.md\/blog\/wp-content\/uploads\/2024\/05\/4-3-1536x1111.png 1536w\" sizes=\"(max-width: 1714px) 100vw, 1714px\" \/><\/p>\n<ul>\n<li>\u00cen meniul din st\u00e2nga, g\u0103si\u021bi unitatea pe care dori\u021bi s\u0103 o formata\u021bi \u0219i face\u021bi clic pe ea.<\/li>\n<\/ul>\n<p><img loading=\"lazy\" class=\"aligncenter wp-image-7768 size-full\" src=\"https:\/\/ispace.md\/blog\/wp-content\/uploads\/2024\/05\/5-3.png\" alt=\"\" width=\"1720\" height=\"1232\" srcset=\"https:\/\/ispace.md\/blog\/wp-content\/uploads\/2024\/05\/5-3.png 1720w, https:\/\/ispace.md\/blog\/wp-content\/uploads\/2024\/05\/5-3-400x287.png 400w, https:\/\/ispace.md\/blog\/wp-content\/uploads\/2024\/05\/5-3-1024x733.png 1024w, https:\/\/ispace.md\/blog\/wp-content\/uploads\/2024\/05\/5-3-768x550.png 768w, https:\/\/ispace.md\/blog\/wp-content\/uploads\/2024\/05\/5-3-1536x1100.png 1536w\" sizes=\"(max-width: 1720px) 100vw, 1720px\" \/><\/p>\n<ul>\n<li>\u00cen col\u021bul din dreapta, face\u021bi clic pe &#8220;\u0218terge\u021bi&#8221;.<\/li>\n<\/ul>\n<p><img loading=\"lazy\" class=\"aligncenter wp-image-7769 size-full\" src=\"https:\/\/ispace.md\/blog\/wp-content\/uploads\/2024\/05\/6-2.png\" alt=\"stick USB\" width=\"1720\" height=\"1242\" srcset=\"https:\/\/ispace.md\/blog\/wp-content\/uploads\/2024\/05\/6-2.png 1720w, https:\/\/ispace.md\/blog\/wp-content\/uploads\/2024\/05\/6-2-400x289.png 400w, https:\/\/ispace.md\/blog\/wp-content\/uploads\/2024\/05\/6-2-1024x739.png 1024w, https:\/\/ispace.md\/blog\/wp-content\/uploads\/2024\/05\/6-2-768x555.png 768w, https:\/\/ispace.md\/blog\/wp-content\/uploads\/2024\/05\/6-2-1536x1109.png 1536w\" sizes=\"(max-width: 1720px) 100vw, 1720px\" \/><\/p>\n<ul>\n<li>Face\u021bi clic pe &#8220;Scheme&#8221;. Vor ap\u0103rea op\u021biunile: &#8220;GUID Partition Scheme&#8221; &#8211; pentru Mac-uri cu procesoare Apple sau Intel \u0219i modele mai noi de PC-uri Microsoft Windows, &#8220;Master Boot Record&#8221; &#8211; pentru tehnica Microsoft Windows, &#8220;Apple Partition Scheme&#8221; &#8211; potrivit pentru Mac-uri de genera\u021bie mai veche cu procesoare PowerPC.<\/li>\n<\/ul>\n<p><img loading=\"lazy\" class=\"aligncenter wp-image-7770 size-full\" src=\"https:\/\/ispace.md\/blog\/wp-content\/uploads\/2024\/05\/7-3.png\" alt=\"\" width=\"1714\" height=\"1246\" srcset=\"https:\/\/ispace.md\/blog\/wp-content\/uploads\/2024\/05\/7-3.png 1714w, https:\/\/ispace.md\/blog\/wp-content\/uploads\/2024\/05\/7-3-400x291.png 400w, https:\/\/ispace.md\/blog\/wp-content\/uploads\/2024\/05\/7-3-1024x744.png 1024w, https:\/\/ispace.md\/blog\/wp-content\/uploads\/2024\/05\/7-3-768x558.png 768w, https:\/\/ispace.md\/blog\/wp-content\/uploads\/2024\/05\/7-3-1536x1117.png 1536w\" sizes=\"(max-width: 1714px) 100vw, 1714px\" \/><\/p>\n<ul>\n<li>\u00cen fereastra care apare, face\u021bi clic pe formatul dorit. Dac\u0103 discul are p\u00e2n\u0103 la 32 GB, face\u021bi clic pe MS-DOS (FAT), iar dac\u0103 volumul este mai mare, este necesar formatul ExFAT.<\/li>\n<\/ul>\n<p><img loading=\"lazy\" class=\"aligncenter wp-image-7771 size-full\" src=\"https:\/\/ispace.md\/blog\/wp-content\/uploads\/2024\/05\/8-3.png\" alt=\"stick USB\" width=\"1714\" height=\"1242\" srcset=\"https:\/\/ispace.md\/blog\/wp-content\/uploads\/2024\/05\/8-3.png 1714w, https:\/\/ispace.md\/blog\/wp-content\/uploads\/2024\/05\/8-3-400x290.png 400w, https:\/\/ispace.md\/blog\/wp-content\/uploads\/2024\/05\/8-3-1024x742.png 1024w, https:\/\/ispace.md\/blog\/wp-content\/uploads\/2024\/05\/8-3-768x557.png 768w, https:\/\/ispace.md\/blog\/wp-content\/uploads\/2024\/05\/8-3-1536x1113.png 1536w\" sizes=\"(max-width: 1714px) 100vw, 1714px\" \/><\/p>\n<ul>\n<li>La r\u00e2ndul &#8220;Denumire&#8221;, introduce\u021bi numele grupului (poate avea mai mult de 11 caractere).<\/li>\n<\/ul>\n<p><img loading=\"lazy\" class=\"aligncenter wp-image-7772 size-full\" src=\"https:\/\/ispace.md\/blog\/wp-content\/uploads\/2024\/05\/9-2.png\" alt=\"\" width=\"1718\" height=\"1238\" srcset=\"https:\/\/ispace.md\/blog\/wp-content\/uploads\/2024\/05\/9-2.png 1718w, https:\/\/ispace.md\/blog\/wp-content\/uploads\/2024\/05\/9-2-400x288.png 400w, https:\/\/ispace.md\/blog\/wp-content\/uploads\/2024\/05\/9-2-1024x738.png 1024w, https:\/\/ispace.md\/blog\/wp-content\/uploads\/2024\/05\/9-2-768x553.png 768w, https:\/\/ispace.md\/blog\/wp-content\/uploads\/2024\/05\/9-2-1536x1107.png 1536w\" sizes=\"(max-width: 1718px) 100vw, 1718px\" \/><\/p>\n<ul>\n<li>Face\u021bi clic pe &#8220;\u0218terge\u021bi&#8221;. Pentru a confirma ac\u021biunile, face\u021bi clic pe &#8220;Gata&#8221;.<\/li>\n<\/ul>\n<p>Aceste manipul\u0103ri v\u0103 vor permite s\u0103 g\u0103si\u021bi unitatea flash pe laptop.<\/p>\n<p><img loading=\"lazy\" class=\"aligncenter wp-image-7773 size-full\" src=\"https:\/\/ispace.md\/blog\/wp-content\/uploads\/2024\/05\/10-3.png\" alt=\"stick USB\" width=\"1816\" height=\"786\" srcset=\"https:\/\/ispace.md\/blog\/wp-content\/uploads\/2024\/05\/10-3.png 1816w, https:\/\/ispace.md\/blog\/wp-content\/uploads\/2024\/05\/10-3-400x173.png 400w, https:\/\/ispace.md\/blog\/wp-content\/uploads\/2024\/05\/10-3-1024x443.png 1024w, https:\/\/ispace.md\/blog\/wp-content\/uploads\/2024\/05\/10-3-768x332.png 768w, https:\/\/ispace.md\/blog\/wp-content\/uploads\/2024\/05\/10-3-1536x665.png 1536w\" sizes=\"(max-width: 1816px) 100vw, 1816px\" \/><\/p>\n<p>Dac\u0103 Mac-ul dvs. nu poate vedea un stick USB chiar \u0219i dup\u0103 formatare, veni\u021bi la magazinele iSpace, unde consultan\u021bii no\u0219tri v\u0103 vor ajuta s\u0103 rezolva\u021bi problema rapid \u0219i \u00een siguran\u021b\u0103. De asemenea, speciali\u0219tii no\u0219tri v\u0103 vor \u00eemp\u0103rt\u0103\u0219i sfaturi de operare MacBook \u0219i, dac\u0103 dori\u021bi, v\u0103 vor vorbi despre noile modele de dispozitive Apple, gadgeturi \u0219i accesorii selecte.<\/p>\n<style>\n\tdiv#products_69f4e88a28603{\n\t\tdisplay: flex;flex-wrap: wrap;padding: 20px 0px;\n\t}\n\tdiv#products_69f4e88a28603 > div.prodwrap{\n\t\tdisplay:flex; \n\t\tflex-direction:column;\n\t\twidth:33%;\n\t\t padding: 0px 1%;\n\t\tborder: 1px solid #e5e5e5;\n\t\tpadding: 9px;\n\t\ttransition: 0.5s;\n\t\t    margin-bottom: 30px;\n\t\t\tposition: relative;\n\t}\n\tdiv#products_69f4e88a28603 > div.prodwrap:hover{\n\t\tborder-color: #0a84ff;\n\t}\n\t\n\tdiv#products_69f4e88a28603 > div.prod_colorgroup_wrap{\n\t\twidth:33%;\n\t\tpadding: 0px 1%;\n\t\tborder: 1px solid #e5e5e5;\n\t\tpadding: 9px; \n\t\ttransition: 0.5s;\n\t\t    margin-bottom: 30px;\n\t}\n\tdiv#products_69f4e88a28603 > div.prod_colorgroup_wrap:hover{\n\t\tborder-color: #0a84ff;\n\t}\n\tdiv#products_69f4e88a28603 > div.prod_colorgroup_wrap div.colorgr > div.prodwrap{\n\t\tdisplay:none;\n\t}\n\tdiv#products_69f4e88a28603 > div.prod_colorgroup_wrap div.colorgr > div.prodwrap.active{\n\t\tdisplay:flex; flex-direction:column;\n\t}\n\t\n\t span.name{\n\t\tcolor: #000;\n\t\tflex-grow: 1;\n\t\tline-height: 1.3;\n\t\tpadding: 5px 8px;\n\t\tfont-size: 16px;\n\t\tmargin-top: 44px;\n\t}\n\t span.name a{\n\t\tcolor: #000;\n\t}\n\t\n\t span.name:hover a{\n\t\tcolor: #0a84ff;\n\t\ttransition: 0.5s;\n\t}\n\t\n\t span.price{\n\t\t padding: 5px 8px;\n\t\tcolor:#000;\t\n\t\tfont-weight: bold; \n\t\tmax-width: calc(100% - 65px);\n\t}\n\t.bbutt{\n\t\tposition: absolute;\n    bottom: 4px;\n    right: 4px;\n\t\tdisplay: flex;\n\t\twidth: 60px;\n\t\theight: 60px;\n\t\tpadding: 5px;\n\t\talign-content: center;\n\t\talign-items: center;\n\t\tjustify-content: center;\n\t\tborder-radius: 50%;\n\t\tborder: 1px solid transparent;\n\t\ttransition: none;\n\t\tmin-width: unset;\n    color: #fff;\n    background: #0a84ff;\n\t}\n\t\n\t.bbutt:hover {\n\n\t\tbackground: #0b6fd4;\n\t\ttransition: 0.5s;\n\t}\n\t\n\t.prod_colorgroup_wrap{\n\t\tposition:relative;\n\t}\n\t\n\t.colorsw > div{\n\t\tborder-radius: 100%;\n\t\tpadding: 3px;\n\t\tmargin: 2px;\n\t\tborder: 2px solid transparent;\n\t\tcursor: pointer;\n\t\tdisplay: flex;\n\t\talign-content: center;\n\t\talign-items: center;\n\t\tjustify-content: center;\n\t}\n\t\n\t.colorsw > div >span{\n\t\twidth: 30px;\n\t\theight: 30px;\n\t\tborder-radius: 100%;\n\t}\n\t\n\t.colorsw {\n\t\tdisplay: flex;\n\t\tposition: absolute;\n\t\ttop: 251px; \n\t}\n\n\t.colorsw > div.active{\n\t\tborder-color: #0a84ff;\n\t}\n\n@media (max-width: 1200px) {\n\t.colorsw {\n\t\ttop: 193px;\n\t}\n}\n@media (max-width: 992px) {\n\t.colorsw {\n\t\ttop: 216px;\n\t}\n}\t\n\t\n@media (max-width: 768px) {\n\t.colorsw {\n\t\ttop: 164px;\n\t}\n}\t\n\t\n@media (max-width: 600px) {\n\t.colorsw {\n\t\ttop: 41vw ; \n\t}\n\t\n\tdiv#products_69f4e88a28603 > div.prod_colorgroup_wrap{\n\t\twidth:48%;\n\t}\n\tdiv#products_69f4e88a28603 > div.prodwrap{\n\t\twidth:48%;\n\t}\n}\n\n\n\n<\/style>\n\n<script>\nvar printOrder_69f4e88a28603 = [\"MRYR3RU\\\/A\",\"MRYQ3RU\\\/A\",\"MTL73RU\\\/A\"];\n\nif(typeof jQuery != 'undefined'){\n\t\njQuery(document).ready(function(jQuery) {\nlet langkey = switchLocale();\nlet requrl = langkey + \"\/api\/apr\/catalog\/products\/by-sku?skus[]=MRYR3RU\/A&skus[]=MRYQ3RU\/A&skus[]=MTL73RU\/A\";\n\nconsole.log(printOrder_69f4e88a28603);\nprintOrder_69f4e88a28603.forEach((elem, index) => {\n\tif(Array.isArray(elem)){\n\t\tjQuery(\"#products_69f4e88a28603\").append(\"<div id='wrap_\" + index + \"_69f4e88a28603' class='prod_colorgroup_wrap'><div class='colorgr'><\/div><div class='colorsw'><\/div><\/div>\");\n\t\t\n\t\telem.forEach((eleminner, indexinner) => {\n\t\t\tlet active = '';\n\t\t\t\/\/printOrder_69f4e88a28603[index][indexinner] = data.find(o => o.sku === eleminner);\n\t\t\tif(printOrder_69f4e88a28603[index][indexinner] != null){\n\t\t\t\t\n\t\t\t\tif(indexinner == 0){active = 'active';}\n\t\t\t\t\tgetElemNew_69f4e88a28603(printOrder_69f4e88a28603[index][indexinner], active, index)\n\t\t\t\tjQuery(\"#products_69f4e88a28603 div#wrap_\" + index + \"_69f4e88a28603 div.colorsw\")\n\t\t\t\t\t.append(\"<div data-elem = '\" + indexinner + \"' class='\" + active + \"'><span style='background:\" + color + \";'><\/span><\/div>\");\n\t\t\t}\n\t\t});\n\t}\n\telse{\n\t\t\/\/printOrder_69f4e88a28603[index] = data.find(o => o.sku === elem);\n\t\tif(printOrder_69f4e88a28603[index] != null){\n\t\t\tgetElemNew_69f4e88a28603(printOrder_69f4e88a28603[index], 0, -1)\n\t\t\t\n\t\t}\n\t}\n});\t\n\t\njQuery(\".colorsw div\").click(function() {\n\tlet elemid = jQuery(this).parent().parent().attr('id');\n\tjQuery(\"#\"+elemid + \" .colorgr > div.prodwrap\").removeClass(\"active\");\n\tjQuery(\"#\"+elemid + \" .colorsw > div\").removeClass(\"active\"); \n\tjQuery(\"#\"+elemid + \" .colorgr > div.prodwrap:eq(\"+this.dataset.elem+\")\").addClass(\"active\");\n\tjQuery(\"#\"+elemid + \" .colorsw > div:eq(\"+this.dataset.elem+\")\").addClass(\"active\"); \n});\n\n\n\n\t\n});\t\n\n}\n\t\n\n\n\/**\n * Number.prototype.format(n, x, s, c)\n * \n * @param integer n: length of decimal\n * @param integer x: length of whole part\n * @param mixed   s: sections delimiter\n * @param mixed   c: decimal delimiter\n *\/\nNumber.prototype.format = function(n, x, s, c) {\n    var re = '\\\\d(?=(\\\\d{' + (x || 3) + '})+' + (n > 0 ? '\\\\D' : '$') + ')',\n    num = this.toFixed(Math.max(0, ~~n));\n\n    return (c ? num.replace('.', c) : num).replace(new RegExp(re, 'g'), '$&' + (s || ','));\n};\n\n\n\nfunction getElem(element, active){\n\tconsole.log(element)\n\tlet currSign = switchCurrency(element.prices.geo); \n\tlet bigPrice = element.prices.discount_price;\n\tlet smallPrice = element.prices.price;\n\tif(element.prices.price > element.prices.discount_price){bigPrice = smallPrice; smallPrice = element.prices.discount_price; }\n\t\n\tlet finalPrice = element.prices.price;\n\tif(element.prices.discount_type){finalPrice = smallPrice;}\n\t\n\tlet price = formatPrice(element.prices.geo, finalPrice) ; \n\tlet url = location.protocol + '\/\/' + location.hostname + switchLocale() + '\/' + element.category[0].url + '\/' + element.slug;\n\tlet burl = location.protocol + '\/\/' + location.hostname + switchLocale() + '\/cart?articul=' + element.sku;\n\tlet aclass = '';\n\tif(active){aclass = 'active';}\n\t\/\/ \/AfrOrF3gWeDA6VOlDG4TzxMv39O7MXnF4CXpKUwGqRM\/resize:fill:540\/bg:f6f6f6\/q:100\/plain\/s3:\/\/\n\treturn \"<div class='prodwrap \" + aclass + \"'><a href='\" + url + \"' target='_blank'><img src='https:\/\/\"+switchProxy(element.prices.geo)+\"\/AfrOrF3gWeDA6VOlDG4TzxMv39O7MXnF4CXpKUwGqRM\/resize:fill:540\/bg:ffffff\/q:100\/plain\/s3:\/\/\" + element.image+\"@webp' alt=''><\/a><span class='name'><a href='\" + url + \"' target='_blank'>\" + element.name + \"<\/a><\/span><span class='price'>\" + price + \" \" + currSign + \"<\/span><a class='bbutt' href='\" + burl + \"''><img src='https:\/\/cdn0.it4profit.com\/files\/7\/catalog-add-cart-icon.svg' alt=''><\/a><\/div>\";\n}\n\n\nfunction getElemNew_69f4e88a28603(sku, active, index){\n\tconsole.log(sku)\n\n\trequrl = '\/api\/products?search=sku:'+ sku +'&searchFields=sku:=&limit=0&lang=ru';\n\tvar request_69f4e88a28603_sku = jQuery.ajax({\n\t\turl: requrl,\n\t\ttype: \"GET\", \n\t\tdataType: 'json',\n\t\theaders: {\n\t\t'Content-Type':'application\/json'\n\t\t},\n\t});\n\t\nrequest_69f4e88a28603_sku.done(function(data) {\n\tconsole.log(data);\n\telement = data.data[0];\n\t\tconsole.log(element);\n\tlet currSign = element.currency; \n\t\/\/let bigPrice = element.discount_price;\n\n\t\n\t\/\/let price = formatPrice(element.prices.geo, finalPrice) ; \n\t\n\tlet url = location.protocol + '\/\/' + location.hostname + switchLocale() + '\/product\/' + element.slug;\n\t\/\/let burl = location.protocol + '\/\/' + location.hostname + switchLocale() + '\/cart?articul=' + element.sku;\n\tlet aclass = '';\n\tif(active){aclass = 'active';}\n\n\nif(index === -1){\n\tjQuery(\"#products_69f4e88a28603\").append(\"<div class='prodwrap \" + aclass + \"'><a href='\" + url + \"' target='_blank'><img src='https:\/\/cdn0.it4profit.com\/s3size\/rt:fill\/w:900\/h:900\/g:no\/el:1\/f:webp\/plain\/s3:\/\"+element.images[0]+\"' alt=''><\/a><span class='name'><a href='\" + url + \"' target='_blank'>\" + element.name + \"<\/a><\/span><span class='price'>\" +  element.final_price + \" \" + currSign + \"<\/span><\/div>\");\t\n\n}\nelse{\n\tjQuery(\"#products_69f4e88a28603 div#wrap_\" + index + \"_69f4e88a28603 div.colorgr\")\n\t.append(\"#products_69f4e88a28603\").append(\"<div class='prodwrap \" + aclass + \"'><a href='\" + url + \"' target='_blank'><img src='https:\/\/cdn0.it4profit.com\/s3size\/rt:fill\/w:900\/h:900\/g:no\/el:1\/f:webp\/plain\/s3:\/\"+element.images[0]+\"' alt=''><\/a><span class='name'><a href='\" + url + \"' target='_blank'>\" + element.name + \"<\/a><\/span><span class='price'>\" +  element.final_price + \" \" + currSign + \"<\/span><\/div>\");\n}\n\n\n});\n\n\n\n}\n\n\nfunction switchLocale(){\n\tconsole.log(location.host);\n\tlet locale = jQuery(\"html\").attr('lang');\n\tif(location.host == 'ion.ua' & locale == 'uk'){return \"\/ua\";}\n\tif(location.host == 'ispace.ua' & locale == 'uk'){return \"\/ua\";}\n\tif(location.host == 'ispace.am' & locale == 'ru-RU'){return \"\/ru\";}\n\tif(location.host == 'ispace.am' & locale == 'en-US'){return \"\/en\";}\t\n\t\n\treturn \"\";\n}\n\nfunction switchCurrency(geo){\n\tswitch (geo) {\n\t  case 'BY':\n\t\treturn \"BYN\";\n\t  case 'UA':\n\t\treturn \"\u0433\u0440\u043d\";\n\t  case 'KZ':\n\t\treturn \"\u20b8\";\n\t  case 'AZ':\n\t\treturn \"AZN\";\n\t  case 'GE':\n\t\treturn \"\u10da\u10d0\u10e0\u10d8\";\n\t  case 'ARM':\n\t\treturn \"AMD\";\n\t  case 'RO':\n\t\treturn \"lei\";\n\t  case 'MD':\n\t\treturn \"lei\";\n\t  default:\n\t\treturn \"ERROR\";\n\t}\n}\n\nfunction formatPrice(geo, price){\n\tswitch (geo) {\n\t  case 'BY':\n\t\t\treturn Number(price).format(2, 3, ' ');\n\t  case 'UA':\n\t\t\treturn Number(price).format(2, 3, ' ');\n\t  case 'KZ':\n\t\t\treturn Number(price).format(0, 3, ' ');\n\t  case 'AZ':\n\t\t\treturn Number(price).format(0, 3, ' ');\n\t  case 'GE':\n\t\t\treturn Number(price).format(0, 3, ' ');\n\t  case 'ARM':\n\t\t\treturn Number(price).format(0, 3, ' ');\n\t  case 'RO':\n\t\t\treturn Number(price).format(0, 3, ' ');\n\t  case 'MD':\n\t\t\treturn Number(price).format(0, 3, ' ');\n\t  default:\n\t\t\treturn Number(price).format(0, 3, ' ');\n\t}\n}\n\n\t\nfunction switchProxy(geo){\n\tswitch (geo) {\n\t  case 'BY':\n\t\treturn \"cdn0.i-store.by\";\n\t  case 'UA':\n\t\treturn \"cdn1.it4profit.com\";\n\t  case 'KZ':\n\t\treturn \"cdn0.ipoint.kz\";\n\t  case 'AZ':\n\t\treturn \"cdn1.it4profit.com\";\n\t  case 'GE':\n\t\treturn \"cdn1.it4profit.com\";\n\t  case 'ARM':\n\t\treturn \"cdn0.ispace.am\";\n\t  default:\n\t\treturn \"cdn1.it4profit.com\";\n\t}\n}\n\n\n\n<\/script>\n<div id=\"products_69f4e88a28603\"><\/div>\n<p><strong>CITI\u021aI MAI MULTE:<\/strong><\/p>\n<p><a href=\"https:\/\/ispace.md\/blog\/apple-a-prezentat-noile-ipad-air-si-pro-apple-pencil-si-magic-keyboard\/\"><strong>Apple a prezentat noile iPad Air \u0219i Pro, Apple Pencil \u0219i Magic Keyboard<\/strong><\/a><\/p>\n<p><a href=\"https:\/\/ispace.md\/blog\/cum-se-pot-conecta-doua-perechi-de-casti-la-macbook-functioneaza-nu-doar-cu-airpods\/\"><strong>Cum se pot conecta dou\u0103 perechi de c\u0103\u0219ti la MacBook? Func\u021bioneaz\u0103 nu doar cu AirPods<\/strong><\/a><\/p>\n<p><a href=\"https:\/\/ispace.md\/blog\/partajam-internet-modul-hotspot-pe-iphone-si-cum-sa-l-activam\/\"><strong>Partaj\u0103m internet: modul hotspot pe iPhone \u0219i cum s\u0103-l activ\u0103m?<\/strong><\/a><\/p>\n","protected":false},"excerpt":{"rendered":"<p>Uneori se \u00eent\u00e2mpl\u0103 s\u0103 fie nevoie s\u0103 \u00eenc\u0103rca\u021bi \/ desc\u0103rca\u021bi date de pe un stick USB, dar laptopul nu reac\u021bioneaz\u0103 la dispozitivul conectat. Motivele pot fi diverse: unitatea de stocare este defect\u0103, portul USB nu func\u021bioneaz\u0103 sau este murdar, software-ul este \u00eenvechit. S\u0103 vedem ce trebuie f\u0103cut dac\u0103 un Mac nu vede un stick USB [&hellip;]<\/p>\n","protected":false},"author":1,"featured_media":7753,"comment_status":"open","ping_status":"open","sticky":false,"template":"","format":"standard","meta":[],"categories":[443,668],"tags":[455,1315,1003,742,775,747,630,685,985],"yoast_head":"<!-- This site is optimized with the Yoast SEO plugin v17.0 - https:\/\/yoast.com\/wordpress\/plugins\/seo\/ -->\n<title>MacBook-ul nu recunoa\u0219te un stick USB. Cum se rezolv\u0103 problema?<\/title>\n<meta name=\"description\" content=\"MacBook nu e &quot;prietenos&quot; cu un stick USB: modalit\u0103\u021bi simple de a rezolva problema. Cum s\u0103 &quot; face\u021bi&quot; ca MacBook-ul dvs. s\u0103 vad\u0103 stick-ul USB.\" \/>\n<meta name=\"robots\" content=\"index, follow, max-snippet:-1, max-image-preview:large, max-video-preview:-1\" \/>\n<link rel=\"canonical\" href=\"https:\/\/ispace.md\/blog\/macbook-ul-nu-recunoaste-un-stick-usb-cum-se-rezolva-problema\/\" \/>\n<meta property=\"og:locale\" content=\"ru_RU\" \/>\n<meta property=\"og:type\" content=\"article\" \/>\n<meta property=\"og:title\" content=\"MacBook-ul nu recunoa\u0219te un stick USB. Cum se rezolv\u0103 problema?\" \/>\n<meta property=\"og:description\" content=\"MacBook nu e &quot;prietenos&quot; cu un stick USB: modalit\u0103\u021bi simple de a rezolva problema. Cum s\u0103 &quot; face\u021bi&quot; ca MacBook-ul dvs. s\u0103 vad\u0103 stick-ul USB.\" \/>\n<meta property=\"og:url\" content=\"https:\/\/ispace.md\/blog\/macbook-ul-nu-recunoaste-un-stick-usb-cum-se-rezolva-problema\/\" \/>\n<meta property=\"og:site_name\" content=\"iSpace\" \/>\n<meta property=\"article:publisher\" content=\"https:\/\/www.facebook.com\/ispacemd\/\" \/>\n<meta property=\"article:published_time\" content=\"2024-05-17T06:10:17+00:00\" \/>\n<meta property=\"article:modified_time\" content=\"2024-05-16T14:50:07+00:00\" \/>\n<meta property=\"og:image\" content=\"https:\/\/ispace.md\/blog\/wp-content\/uploads\/2024\/05\/1-1-scaled.jpg\" \/>\n\t<meta property=\"og:image:width\" content=\"2560\" \/>\n\t<meta property=\"og:image:height\" content=\"1707\" \/>\n<meta name=\"twitter:card\" content=\"summary_large_image\" \/>\n<meta name=\"twitter:label1\" content=\"\u041d\u0430\u043f\u0438\u0441\u0430\u043d\u043e \u0430\u0432\u0442\u043e\u0440\u043e\u043c\" \/>\n\t<meta name=\"twitter:data1\" content=\"istoreadm\" \/>\n\t<meta name=\"twitter:label2\" content=\"\u041f\u0440\u0438\u043c\u0435\u0440\u043d\u043e\u0435 \u0432\u0440\u0435\u043c\u044f \u0434\u043b\u044f \u0447\u0442\u0435\u043d\u0438\u044f\" \/>\n\t<meta name=\"twitter:data2\" content=\"5 \u043c\u0438\u043d\u0443\u0442\" \/>\n<script type=\"application\/ld+json\" class=\"yoast-schema-graph\">{\"@context\":\"https:\/\/schema.org\",\"@graph\":[{\"@type\":\"WebSite\",\"@id\":\"https:\/\/ispace.md\/blog\/ru\/#website\",\"url\":\"https:\/\/ispace.md\/blog\/ru\/\",\"name\":\"iSpace\",\"description\":\"\\u0411\\u043b\\u043e\\u0433 \\u043a\\u043e\\u043c\\u043f\\u0430\\u043d\\u0438\\u0438 iSpace\",\"potentialAction\":[{\"@type\":\"SearchAction\",\"target\":{\"@type\":\"EntryPoint\",\"urlTemplate\":\"https:\/\/ispace.md\/blog\/ru\/?s={search_term_string}\"},\"query-input\":\"required name=search_term_string\"}],\"inLanguage\":\"ru-RU\"},{\"@type\":\"ImageObject\",\"@id\":\"https:\/\/ispace.md\/blog\/macbook-ul-nu-recunoaste-un-stick-usb-cum-se-rezolva-problema\/#primaryimage\",\"inLanguage\":\"ru-RU\",\"url\":\"https:\/\/ispace.md\/blog\/wp-content\/uploads\/2024\/05\/1-1-scaled.jpg\",\"contentUrl\":\"https:\/\/ispace.md\/blog\/wp-content\/uploads\/2024\/05\/1-1-scaled.jpg\",\"width\":2560,\"height\":1707,\"caption\":\"USB flash-drive with no cap as concept of data storage. High speed memory disk with USB type-c inerface\"},{\"@type\":\"WebPage\",\"@id\":\"https:\/\/ispace.md\/blog\/macbook-ul-nu-recunoaste-un-stick-usb-cum-se-rezolva-problema\/#webpage\",\"url\":\"https:\/\/ispace.md\/blog\/macbook-ul-nu-recunoaste-un-stick-usb-cum-se-rezolva-problema\/\",\"name\":\"MacBook-ul nu recunoa\\u0219te un stick USB. Cum se rezolv\\u0103 problema?\",\"isPartOf\":{\"@id\":\"https:\/\/ispace.md\/blog\/ru\/#website\"},\"primaryImageOfPage\":{\"@id\":\"https:\/\/ispace.md\/blog\/macbook-ul-nu-recunoaste-un-stick-usb-cum-se-rezolva-problema\/#primaryimage\"},\"datePublished\":\"2024-05-17T06:10:17+00:00\",\"dateModified\":\"2024-05-16T14:50:07+00:00\",\"author\":{\"@id\":\"https:\/\/ispace.md\/blog\/ru\/#\/schema\/person\/ee7c990e7f16a92ff015648f1d3212cd\"},\"description\":\"MacBook nu e \\\"prietenos\\\" cu un stick USB: modalit\\u0103\\u021bi simple de a rezolva problema. Cum s\\u0103 \\\" face\\u021bi\\\" ca MacBook-ul dvs. s\\u0103 vad\\u0103 stick-ul USB.\",\"breadcrumb\":{\"@id\":\"https:\/\/ispace.md\/blog\/macbook-ul-nu-recunoaste-un-stick-usb-cum-se-rezolva-problema\/#breadcrumb\"},\"inLanguage\":\"ru-RU\",\"potentialAction\":[{\"@type\":\"ReadAction\",\"target\":[\"https:\/\/ispace.md\/blog\/macbook-ul-nu-recunoaste-un-stick-usb-cum-se-rezolva-problema\/\"]}]},{\"@type\":\"BreadcrumbList\",\"@id\":\"https:\/\/ispace.md\/blog\/macbook-ul-nu-recunoaste-un-stick-usb-cum-se-rezolva-problema\/#breadcrumb\",\"itemListElement\":[{\"@type\":\"ListItem\",\"position\":1,\"name\":\"\\u0413\\u043b\\u0430\\u0432\\u043d\\u0430\\u044f \\u0441\\u0442\\u0440\\u0430\\u043d\\u0438\\u0446\\u0430\",\"item\":\"https:\/\/ispace.md\/blog\/ru\/\"},{\"@type\":\"ListItem\",\"position\":2,\"name\":\"MacBook-ul nu recunoa\\u0219te un stick USB. Cum se rezolv\\u0103 problema?\"}]},{\"@type\":\"Person\",\"@id\":\"https:\/\/ispace.md\/blog\/ru\/#\/schema\/person\/ee7c990e7f16a92ff015648f1d3212cd\",\"name\":\"istoreadm\",\"image\":{\"@type\":\"ImageObject\",\"@id\":\"https:\/\/ispace.md\/blog\/ru\/#personlogo\",\"inLanguage\":\"ru-RU\",\"url\":\"https:\/\/secure.gravatar.com\/avatar\/3ab1424e156237432133bacf1fcdd22d?s=96&d=mm&r=g\",\"contentUrl\":\"https:\/\/secure.gravatar.com\/avatar\/3ab1424e156237432133bacf1fcdd22d?s=96&d=mm&r=g\",\"caption\":\"istoreadm\"},\"url\":\"https:\/\/ispace.md\/blog\/author\/istoreadm\/\"}]}<\/script>\n<!-- \/ Yoast SEO plugin. -->","yoast_head_json":{"title":"MacBook-ul nu recunoa\u0219te un stick USB. Cum se rezolv\u0103 problema?","description":"MacBook nu e \"prietenos\" cu un stick USB: modalit\u0103\u021bi simple de a rezolva problema. Cum s\u0103 \" face\u021bi\" ca MacBook-ul dvs. s\u0103 vad\u0103 stick-ul USB.","robots":{"index":"index","follow":"follow","max-snippet":"max-snippet:-1","max-image-preview":"max-image-preview:large","max-video-preview":"max-video-preview:-1"},"canonical":"https:\/\/ispace.md\/blog\/macbook-ul-nu-recunoaste-un-stick-usb-cum-se-rezolva-problema\/","og_locale":"ru_RU","og_type":"article","og_title":"MacBook-ul nu recunoa\u0219te un stick USB. Cum se rezolv\u0103 problema?","og_description":"MacBook nu e \"prietenos\" cu un stick USB: modalit\u0103\u021bi simple de a rezolva problema. Cum s\u0103 \" face\u021bi\" ca MacBook-ul dvs. s\u0103 vad\u0103 stick-ul USB.","og_url":"https:\/\/ispace.md\/blog\/macbook-ul-nu-recunoaste-un-stick-usb-cum-se-rezolva-problema\/","og_site_name":"iSpace","article_publisher":"https:\/\/www.facebook.com\/ispacemd\/","article_published_time":"2024-05-17T06:10:17+00:00","article_modified_time":"2024-05-16T14:50:07+00:00","og_image":[{"width":2560,"height":1707,"url":"https:\/\/ispace.md\/blog\/wp-content\/uploads\/2024\/05\/1-1-scaled.jpg","path":"\/srv\/ispace.md\/blog\/wp-content\/uploads\/2024\/05\/1-1-scaled.jpg","size":"full","id":7753,"alt":"","pixels":4369920,"type":"image\/jpeg"}],"twitter_card":"summary_large_image","twitter_misc":{"\u041d\u0430\u043f\u0438\u0441\u0430\u043d\u043e \u0430\u0432\u0442\u043e\u0440\u043e\u043c":"istoreadm","\u041f\u0440\u0438\u043c\u0435\u0440\u043d\u043e\u0435 \u0432\u0440\u0435\u043c\u044f \u0434\u043b\u044f \u0447\u0442\u0435\u043d\u0438\u044f":"5 \u043c\u0438\u043d\u0443\u0442"},"schema":{"@context":"https:\/\/schema.org","@graph":[{"@type":"WebSite","@id":"https:\/\/ispace.md\/blog\/ru\/#website","url":"https:\/\/ispace.md\/blog\/ru\/","name":"iSpace","description":"\u0411\u043b\u043e\u0433 \u043a\u043e\u043c\u043f\u0430\u043d\u0438\u0438 iSpace","potentialAction":[{"@type":"SearchAction","target":{"@type":"EntryPoint","urlTemplate":"https:\/\/ispace.md\/blog\/ru\/?s={search_term_string}"},"query-input":"required name=search_term_string"}],"inLanguage":"ru-RU"},{"@type":"ImageObject","@id":"https:\/\/ispace.md\/blog\/macbook-ul-nu-recunoaste-un-stick-usb-cum-se-rezolva-problema\/#primaryimage","inLanguage":"ru-RU","url":"https:\/\/ispace.md\/blog\/wp-content\/uploads\/2024\/05\/1-1-scaled.jpg","contentUrl":"https:\/\/ispace.md\/blog\/wp-content\/uploads\/2024\/05\/1-1-scaled.jpg","width":2560,"height":1707,"caption":"USB flash-drive with no cap as concept of data storage. High speed memory disk with USB type-c inerface"},{"@type":"WebPage","@id":"https:\/\/ispace.md\/blog\/macbook-ul-nu-recunoaste-un-stick-usb-cum-se-rezolva-problema\/#webpage","url":"https:\/\/ispace.md\/blog\/macbook-ul-nu-recunoaste-un-stick-usb-cum-se-rezolva-problema\/","name":"MacBook-ul nu recunoa\u0219te un stick USB. Cum se rezolv\u0103 problema?","isPartOf":{"@id":"https:\/\/ispace.md\/blog\/ru\/#website"},"primaryImageOfPage":{"@id":"https:\/\/ispace.md\/blog\/macbook-ul-nu-recunoaste-un-stick-usb-cum-se-rezolva-problema\/#primaryimage"},"datePublished":"2024-05-17T06:10:17+00:00","dateModified":"2024-05-16T14:50:07+00:00","author":{"@id":"https:\/\/ispace.md\/blog\/ru\/#\/schema\/person\/ee7c990e7f16a92ff015648f1d3212cd"},"description":"MacBook nu e \"prietenos\" cu un stick USB: modalit\u0103\u021bi simple de a rezolva problema. Cum s\u0103 \" face\u021bi\" ca MacBook-ul dvs. s\u0103 vad\u0103 stick-ul USB.","breadcrumb":{"@id":"https:\/\/ispace.md\/blog\/macbook-ul-nu-recunoaste-un-stick-usb-cum-se-rezolva-problema\/#breadcrumb"},"inLanguage":"ru-RU","potentialAction":[{"@type":"ReadAction","target":["https:\/\/ispace.md\/blog\/macbook-ul-nu-recunoaste-un-stick-usb-cum-se-rezolva-problema\/"]}]},{"@type":"BreadcrumbList","@id":"https:\/\/ispace.md\/blog\/macbook-ul-nu-recunoaste-un-stick-usb-cum-se-rezolva-problema\/#breadcrumb","itemListElement":[{"@type":"ListItem","position":1,"name":"\u0413\u043b\u0430\u0432\u043d\u0430\u044f \u0441\u0442\u0440\u0430\u043d\u0438\u0446\u0430","item":"https:\/\/ispace.md\/blog\/ru\/"},{"@type":"ListItem","position":2,"name":"MacBook-ul nu recunoa\u0219te un stick USB. Cum se rezolv\u0103 problema?"}]},{"@type":"Person","@id":"https:\/\/ispace.md\/blog\/ru\/#\/schema\/person\/ee7c990e7f16a92ff015648f1d3212cd","name":"istoreadm","image":{"@type":"ImageObject","@id":"https:\/\/ispace.md\/blog\/ru\/#personlogo","inLanguage":"ru-RU","url":"https:\/\/secure.gravatar.com\/avatar\/3ab1424e156237432133bacf1fcdd22d?s=96&d=mm&r=g","contentUrl":"https:\/\/secure.gravatar.com\/avatar\/3ab1424e156237432133bacf1fcdd22d?s=96&d=mm&r=g","caption":"istoreadm"},"url":"https:\/\/ispace.md\/blog\/author\/istoreadm\/"}]}},"frontimg":"https:\/\/ispace.md\/blog\/wp-content\/uploads\/2024\/05\/1-1-320x220.jpg","frontimglarge":"https:\/\/ispace.md\/blog\/wp-content\/uploads\/2024\/05\/1-1-730x300.jpg","acf":{"select_banner_style":"0","select_sidebar":"0","axil_post_review_box":false},"_links":{"self":[{"href":"https:\/\/ispace.md\/blog\/wp-json\/wp\/v2\/posts\/7764"}],"collection":[{"href":"https:\/\/ispace.md\/blog\/wp-json\/wp\/v2\/posts"}],"about":[{"href":"https:\/\/ispace.md\/blog\/wp-json\/wp\/v2\/types\/post"}],"author":[{"embeddable":true,"href":"https:\/\/ispace.md\/blog\/wp-json\/wp\/v2\/users\/1"}],"replies":[{"embeddable":true,"href":"https:\/\/ispace.md\/blog\/wp-json\/wp\/v2\/comments?post=7764"}],"version-history":[{"count":1,"href":"https:\/\/ispace.md\/blog\/wp-json\/wp\/v2\/posts\/7764\/revisions"}],"predecessor-version":[{"id":7774,"href":"https:\/\/ispace.md\/blog\/wp-json\/wp\/v2\/posts\/7764\/revisions\/7774"}],"wp:featuredmedia":[{"embeddable":true,"href":"https:\/\/ispace.md\/blog\/wp-json\/wp\/v2\/media\/7753"}],"wp:attachment":[{"href":"https:\/\/ispace.md\/blog\/wp-json\/wp\/v2\/media?parent=7764"}],"wp:term":[{"taxonomy":"category","embeddable":true,"href":"https:\/\/ispace.md\/blog\/wp-json\/wp\/v2\/categories?post=7764"},{"taxonomy":"post_tag","embeddable":true,"href":"https:\/\/ispace.md\/blog\/wp-json\/wp\/v2\/tags?post=7764"}],"curies":[{"name":"wp","href":"https:\/\/api.w.org\/{rel}","templated":true}]}}