{"id":8572,"date":"2024-10-18T13:10:00","date_gmt":"2024-10-18T10:10:00","guid":{"rendered":"https:\/\/ispace.md\/blog\/?p=8572"},"modified":"2024-10-18T12:57:02","modified_gmt":"2024-10-18T09:57:02","slug":"faceti-cunostinta-cu-noul-ipad-mini-7-performanta-cosmica-si-suport-apple-intelligence","status":"publish","type":"post","link":"https:\/\/ispace.md\/blog\/faceti-cunostinta-cu-noul-ipad-mini-7-performanta-cosmica-si-suport-apple-intelligence\/","title":{"rendered":"Face\u021bi cuno\u0219tin\u021b\u0103 cu noul iPad mini 7: performan\u021b\u0103 cosmic\u0103 \u0219i suport Apple Intelligence"},"content":{"rendered":"<p><strong>Compania Apple continu\u0103 s\u0103 \u00ee\u0219i \u00eenc\u00e2nte fanii. Pe 15 octombrie, brandul american a prezentat iPad mini 7 \u2013 prima tablet\u0103 creat\u0103 pentru a func\u021biona cu Apple Intelligence. V\u0103 \u00eemp\u0103rt\u0103\u0219im detalii despre aceast\u0103 noutate.<\/strong><\/p>\n<h2>Designul \u0219i dimensiunile iPad mini 7<\/h2>\n<p>Minimalismul \u0219i ergonomia bine g\u00e2ndit\u0103 vor fi mereu atemporale. Exteriorul \u0219i dimensiunile noului iPad mini 7 sunt acelea\u0219i ca la versiunea anterioar\u0103 a tabletei din 2021.<\/p>\n<p>Diagonal\u0103 ecranului \u2013 8,3 inci. \u00cen\u0103l\u021bimea este de 203,2 mm, l\u0103\u021bimea \u2013 134,8 mm, iar grosimea \u2013 6,3 mm. Carcasa este fabricat\u0103 din aluminiu reciclat \u2013 un material ecologic \u0219i rezistent la uzur\u0103. \u00centreaga parte frontal\u0103 este acoperit\u0103 cu sticl\u0103. Marginile noii tablete nu sunt rotunjite, ci drepte, astfel \u00eenc\u00e2t aceasta se a\u0219az\u0103 confortabil \u00een m\u00e2n\u0103, sprijinindu-se pe palm\u0103. Nu trebuie s\u0103 v\u0103 face\u021bi griji c\u0103 va aluneca \u00een cel mai nepotrivit moment.<\/p>\n<p>Greutatea noului iPad mini este de doar 293 grame (versiunea Wi-Fi) sau 297 grame (modelul Wi-Fi + Cellular).<\/p>\n<p><img loading=\"lazy\" class=\"aligncenter wp-image-8565 size-full\" src=\"https:\/\/ispace.md\/blog\/wp-content\/uploads\/2024\/10\/Snimok-ekrana-2024-10-17-v-13.48.19.png\" alt=\"\" width=\"1378\" height=\"1386\" srcset=\"https:\/\/ispace.md\/blog\/wp-content\/uploads\/2024\/10\/Snimok-ekrana-2024-10-17-v-13.48.19.png 1378w, https:\/\/ispace.md\/blog\/wp-content\/uploads\/2024\/10\/Snimok-ekrana-2024-10-17-v-13.48.19-298x300.png 298w, https:\/\/ispace.md\/blog\/wp-content\/uploads\/2024\/10\/Snimok-ekrana-2024-10-17-v-13.48.19-1018x1024.png 1018w, https:\/\/ispace.md\/blog\/wp-content\/uploads\/2024\/10\/Snimok-ekrana-2024-10-17-v-13.48.19-150x150.png 150w, https:\/\/ispace.md\/blog\/wp-content\/uploads\/2024\/10\/Snimok-ekrana-2024-10-17-v-13.48.19-768x772.png 768w\" sizes=\"(max-width: 1378px) 100vw, 1378px\" \/><\/p>\n<p><strong>Capacitate de stocare intern\u0103 m\u0103rit\u0103 \u0219i noi nuan\u021be<\/strong><\/p>\n<p>Capacitatea de stocare de baz\u0103 a noii tablete a crescut. Pute\u021bi cump\u0103ra iPad mini de genera\u021bia a 7-a \u00een configura\u021bii de 128, 256 \u0219i 512 GB. Reamintim c\u0103 iPad mini 6 era disponibil doar \u00een dou\u0103 versiuni: 64 \u0219i 256 GB.<\/p>\n<p>La culorile deja cunoscute Starlight \u0219i Space Gray s-au ad\u0103ugat dou\u0103 nuan\u021be noi: Blue \u0219i Purple. Acestea nu sunt stridente, ci mai estompate, fiind potrivite at\u00e2t pentru b\u0103rba\u021bi, c\u00e2t \u0219i pentru femei.<\/p>\n<p><img loading=\"lazy\" class=\"aligncenter wp-image-8566 size-full\" src=\"https:\/\/ispace.md\/blog\/wp-content\/uploads\/2024\/10\/Snimok-ekrana-2024-10-17-v-13.51.09.png\" alt=\"iPad mini 7\" width=\"1382\" height=\"1380\" srcset=\"https:\/\/ispace.md\/blog\/wp-content\/uploads\/2024\/10\/Snimok-ekrana-2024-10-17-v-13.51.09.png 1382w, https:\/\/ispace.md\/blog\/wp-content\/uploads\/2024\/10\/Snimok-ekrana-2024-10-17-v-13.51.09-300x300.png 300w, https:\/\/ispace.md\/blog\/wp-content\/uploads\/2024\/10\/Snimok-ekrana-2024-10-17-v-13.51.09-1024x1024.png 1024w, https:\/\/ispace.md\/blog\/wp-content\/uploads\/2024\/10\/Snimok-ekrana-2024-10-17-v-13.51.09-150x150.png 150w, https:\/\/ispace.md\/blog\/wp-content\/uploads\/2024\/10\/Snimok-ekrana-2024-10-17-v-13.51.09-768x767.png 768w\" sizes=\"(max-width: 1382px) 100vw, 1382px\" \/><\/p>\n<h2>Performan\u021b\u0103 cosmic\u0103 pentru sarcini complexe<\/h2>\n<p>Compactul iPad mini 7 func\u021bioneaz\u0103 pe cipul Apple A17 Pro. Acela\u0219i cip a fost utilizat \u0219i \u00een iPhone 15 Pro \u0219i iPhone 15 Pro Max. Iar aceste smartphone-uri sunt dispozitive puternice pentru gaming.<\/p>\n<ul>\n<li>Procesorul central include 6 nuclee. Este cu 30% mai performant dec\u00e2t A15 Bionic, care echipa versiunea anterioar\u0103 din 2021.<\/li>\n<li>Procesorul grafic are 5 nuclee \u0219i este cu 25% mai puternic dec\u00e2t predecesorul s\u0103u.<\/li>\n<li>Neural Engine-ul cu 16 nuclee este de dou\u0103 ori mai rapid dec\u00e2t cel din iPad mini 6.<\/li>\n<\/ul>\n<p>Tranzi\u021bia de la A15 Bionic la A17 Pro garanteaz\u0103 o cre\u0219tere a performan\u021bei de calcul \u0219i grafice. Datorit\u0103 noului cip, lucrul cu fi\u0219iere mari a devenit mult mai convenabil. De asemenea, tableta este mai rezistent\u0103 \u0219i func\u021bioneaz\u0103 p\u00e2n\u0103 la 10 ore f\u0103r\u0103 re\u00eenc\u0103rcare. Aceasta este suficient\u0103 pentru o zi de munc\u0103 complet\u0103.<\/p>\n<p>Merit\u0103 men\u021bionat separat display-ul noii tablete. iPad-ul este un dispozitiv mobil pe care \u00eel ve\u021bi folosi at\u00e2t acas\u0103 \u00een pat, c\u00e2t \u0219i afar\u0103. Prin urmare, luminozitatea ecranului este foarte important\u0103, pentru a putea lucra confortabil la soare, f\u0103r\u0103 a acoperi imaginea cu m\u00e2na. Luminozitatea display-ului iPad mini este de 500 de ni\u021bi. Iar display-ul Liquid Retina suport\u0103 tehnologia True Tone pentru o redare mai natural\u0103 a culorilor.<\/p>\n<p><strong>Specifica\u021biile tehnice ale nout\u0103\u021bii:<\/strong><\/p>\n<ul>\n<li>Camer\u0103 principal\u0103 de 12 megapixeli cu unghi larg \u0219i camer\u0103 frontal\u0103 de 12 megapixeli cu unghi ultra-larg.<\/li>\n<li>Camera din spate suport\u0103 tehnologia Smart HDR 4.<\/li>\n<li>Func\u021bia Center Stage pentru apeluri video. Aceasta v\u0103 men\u021bine \u00een centrul aten\u021biei.<\/li>\n<li>Port USB-C cu transfer de date la viteze de p\u00e2n\u0103 la 10 Gbps.<\/li>\n<li>Suport pentru re\u021bele 5G \u0219i Wi-Fi 6, garant\u00e2nd o conectare rapid\u0103, desc\u0103rcare de fi\u0219iere mari \u0219i streaming.<\/li>\n<li>Difuzoare stereo pentru un sunet de calitate.<\/li>\n<li>Func\u021bia Touch ID pentru autentificare sigur\u0103.<\/li>\n<\/ul>\n<p><img loading=\"lazy\" class=\"aligncenter wp-image-8567 size-full\" src=\"https:\/\/ispace.md\/blog\/wp-content\/uploads\/2024\/10\/Snimok-ekrana-2024-10-17-v-13.48.53.png\" alt=\"\" width=\"1376\" height=\"1380\" srcset=\"https:\/\/ispace.md\/blog\/wp-content\/uploads\/2024\/10\/Snimok-ekrana-2024-10-17-v-13.48.53.png 1376w, https:\/\/ispace.md\/blog\/wp-content\/uploads\/2024\/10\/Snimok-ekrana-2024-10-17-v-13.48.53-299x300.png 299w, https:\/\/ispace.md\/blog\/wp-content\/uploads\/2024\/10\/Snimok-ekrana-2024-10-17-v-13.48.53-1021x1024.png 1021w, https:\/\/ispace.md\/blog\/wp-content\/uploads\/2024\/10\/Snimok-ekrana-2024-10-17-v-13.48.53-150x150.png 150w, https:\/\/ispace.md\/blog\/wp-content\/uploads\/2024\/10\/Snimok-ekrana-2024-10-17-v-13.48.53-768x770.png 768w\" sizes=\"(max-width: 1376px) 100vw, 1376px\" \/><\/p>\n<h2>Nu doar pentru munc\u0103, ci \u0219i pentru divertisment<\/h2>\n<p>Capacit\u0103\u021bile de gaming ale iPad mini 7 sunt impresionante. Procesorul grafic suport\u0103 <strong>accelerare hardware pentru ray tracing<\/strong>, care este de 4 ori mai rapid\u0103 dec\u00e2t cea software. \u00cen combina\u021bie cu <strong>accelerarea hardware a umbririi re\u021belei<\/strong>, aceasta asigur\u0103 o detaliere superioar\u0103 \u0219i o imagine realist\u0103, cu reflexii frumoase, umbre \u0219i str\u0103luciri pe ap\u0103.<\/p>\n<p>\u00cen plus, dispozitivul <strong>suport\u0103 cache-ul dinamic<\/strong> \u2013 o tehnologie care analizeaz\u0103 procesele \u00een timp real \u0219i aloc\u0103 exact volumul de memorie necesar pentru a \u00eendeplini o anumit\u0103 sarcin\u0103. Aceast\u0103 abordare \u00eembun\u0103t\u0103\u021be\u0219te semnificativ performan\u021ba aplica\u021biilor care consum\u0103 multe resurse.<\/p>\n<p>iPad mini 7 face fa\u021b\u0103 cu brio chiar \u0219i celor mai complexe jocuri AAA, precum Zenless Zone Zero.<\/p>\n<p><img loading=\"lazy\" class=\"aligncenter wp-image-8568 size-full\" src=\"https:\/\/ispace.md\/blog\/wp-content\/uploads\/2024\/10\/Snimok-ekrana-2024-10-17-v-13.47.53.png\" alt=\"iPad mini 7\" width=\"1378\" height=\"1382\" srcset=\"https:\/\/ispace.md\/blog\/wp-content\/uploads\/2024\/10\/Snimok-ekrana-2024-10-17-v-13.47.53.png 1378w, https:\/\/ispace.md\/blog\/wp-content\/uploads\/2024\/10\/Snimok-ekrana-2024-10-17-v-13.47.53-299x300.png 299w, https:\/\/ispace.md\/blog\/wp-content\/uploads\/2024\/10\/Snimok-ekrana-2024-10-17-v-13.47.53-1021x1024.png 1021w, https:\/\/ispace.md\/blog\/wp-content\/uploads\/2024\/10\/Snimok-ekrana-2024-10-17-v-13.47.53-150x150.png 150w, https:\/\/ispace.md\/blog\/wp-content\/uploads\/2024\/10\/Snimok-ekrana-2024-10-17-v-13.47.53-768x770.png 768w\" sizes=\"(max-width: 1378px) 100vw, 1378px\" \/><\/p>\n<h2>Apple Intelligence<\/h2>\n<p>Un alt avantaj important al iPad mini 7 este suportul pentru Apple Intelligence. Re\u021beaua neuronal\u0103 nu doar \u00eembun\u0103t\u0103\u021be\u0219te performan\u021ba tabletei, ci \u0219i adapteaz\u0103 interfa\u021ba acesteia special pentru dvs.<\/p>\n<p>Primul set de func\u021bionalit\u0103\u021bi Apple Intelligence va fi disponibil \u00een limba englez\u0103 \u00een SUA chiar din aceast\u0103 lun\u0103. Func\u021biile vor fi lansate odat\u0103 cu iPadOS 18.1.<\/p>\n<p><strong>Func\u021bionalit\u0103\u021bile Apple Intelligence pe iPad mini 7<\/strong><\/p>\n<ul>\n<li>Editarea textului a devenit mai simpl\u0103 datorit\u0103 instrumentelor Writing Tools din aplica\u021biile \u201eNoti\u021be\u201d, \u201eMail\u201d \u0219i altele.<\/li>\n<li>Siri a fost mai bine integrat\u0103 \u00een sistem \u0219i are o interfa\u021b\u0103 actualizat\u0103. Asistentul vocal \u00een\u021belege mai bine comenzile dvs., iar interac\u021biunea cu acesta a devenit mai natural\u0103.<\/li>\n<li>Func\u021bia \u201eAmintiri\u201d din aplica\u021bia \u201ePoze\u201d poate crea un film bazat pe descrierea introdus\u0103 \u00een bara de c\u0103utare. Iar noul instrument Clean Up elimin\u0103 u\u0219or obiectele nedorite din fotografii.<\/li>\n<li>Unele func\u021bii Apple Intelligence pe iPad mini vor ap\u0103rea mai t\u00e2rziu. De exemplu, posibilitatea de a crea emoji unice, de a transforma schi\u021bele \u00een imagini complete \u0219i multe altele care cu siguran\u021b\u0103 v\u0103 vor surprinde.<\/li>\n<\/ul>\n<p><img loading=\"lazy\" class=\"aligncenter wp-image-8569 size-full\" src=\"https:\/\/ispace.md\/blog\/wp-content\/uploads\/2024\/10\/Snimok-ekrana-2024-10-17-v-14.00.25.png\" alt=\"\" width=\"1376\" height=\"1376\" srcset=\"https:\/\/ispace.md\/blog\/wp-content\/uploads\/2024\/10\/Snimok-ekrana-2024-10-17-v-14.00.25.png 1376w, https:\/\/ispace.md\/blog\/wp-content\/uploads\/2024\/10\/Snimok-ekrana-2024-10-17-v-14.00.25-300x300.png 300w, https:\/\/ispace.md\/blog\/wp-content\/uploads\/2024\/10\/Snimok-ekrana-2024-10-17-v-14.00.25-1024x1024.png 1024w, https:\/\/ispace.md\/blog\/wp-content\/uploads\/2024\/10\/Snimok-ekrana-2024-10-17-v-14.00.25-150x150.png 150w, https:\/\/ispace.md\/blog\/wp-content\/uploads\/2024\/10\/Snimok-ekrana-2024-10-17-v-14.00.25-768x768.png 768w\" sizes=\"(max-width: 1376px) 100vw, 1376px\" \/><\/p>\n<h2>Func\u021bionalit\u0103\u021bi cu Apple Pencil Pro<\/h2>\n<p>iPad mini 7 este compatibil cu Apple Pencil USB-C \u0219i Apple Pencil Pro.<\/p>\n<p>Noul stylus Apple Pencil Pro este interesant prin faptul c\u0103 recunoa\u0219te for\u021ba de ap\u0103sare. De exemplu, pentru a deschide paleta de instrumente, trebuie doar s\u0103 \u00eel str\u00e2nge\u021bi. De asemenea, Apple Pencil Pro suport\u0103 func\u021bia Find My \u0219i se conecteaz\u0103, se \u00eencarc\u0103 \u0219i se stocheaz\u0103 u\u0219or prin intermediul interfe\u021bei magnetice de pe iPad mini 7. Cu acest stylus, iPad mini 7 devine o p\u00e2nz\u0103 pentru creativitate.<\/p>\n<p><img loading=\"lazy\" class=\"aligncenter wp-image-8570 size-full\" src=\"https:\/\/ispace.md\/blog\/wp-content\/uploads\/2024\/10\/Snimok-ekrana-2024-10-17-v-13.48.08.png\" alt=\"iPad mini 7\" width=\"1380\" height=\"1382\" srcset=\"https:\/\/ispace.md\/blog\/wp-content\/uploads\/2024\/10\/Snimok-ekrana-2024-10-17-v-13.48.08.png 1380w, https:\/\/ispace.md\/blog\/wp-content\/uploads\/2024\/10\/Snimok-ekrana-2024-10-17-v-13.48.08-300x300.png 300w, https:\/\/ispace.md\/blog\/wp-content\/uploads\/2024\/10\/Snimok-ekrana-2024-10-17-v-13.48.08-1024x1024.png 1024w, https:\/\/ispace.md\/blog\/wp-content\/uploads\/2024\/10\/Snimok-ekrana-2024-10-17-v-13.48.08-150x150.png 150w, https:\/\/ispace.md\/blog\/wp-content\/uploads\/2024\/10\/Snimok-ekrana-2024-10-17-v-13.48.08-768x769.png 768w\" sizes=\"(max-width: 1380px) 100vw, 1380px\" \/><\/p>\n<h2>Pre\u021bul iPad mini 7 \u00een Moldova<\/h2>\n<p>Pute\u021bi cump\u0103ra iPad mini 7 de la iSpace \u2013 partener oficial Apple \u00een Moldova. \u00cen cur\u00e2nd vom deschide precomanda pentru toate culorile \u0219i configura\u021biile disponibile \u0219i vom anun\u021ba pre\u021burile oficiale. Despre \u00eenceputul v\u00e2nz\u0103rilor v\u0103 vom informa pe site-ul nostru \u0219i pe pagina noastr\u0103 de <a href=\"https:\/\/www.instagram.com\/ispace.md\/\">Instagram<\/a> \u2013 abona\u021bi-v\u0103 ca s\u0103 nu rata\u021bi nout\u0103\u021bile!<\/p>\n<style>\n\tdiv#products_69f5e169cbe78{\n\t\tdisplay: flex;flex-wrap: wrap;padding: 20px 0px;\n\t}\n\tdiv#products_69f5e169cbe78 > div.prodwrap{\n\t\tdisplay:flex; \n\t\tflex-direction:column;\n\t\twidth:33%;\n\t\t padding: 0px 1%;\n\t\tborder: 1px solid #e5e5e5;\n\t\tpadding: 9px;\n\t\ttransition: 0.5s;\n\t\t    margin-bottom: 30px;\n\t\t\tposition: relative;\n\t}\n\tdiv#products_69f5e169cbe78 > div.prodwrap:hover{\n\t\tborder-color: #0a84ff;\n\t}\n\t\n\tdiv#products_69f5e169cbe78 > div.prod_colorgroup_wrap{\n\t\twidth:33%;\n\t\tpadding: 0px 1%;\n\t\tborder: 1px solid #e5e5e5;\n\t\tpadding: 9px; \n\t\ttransition: 0.5s;\n\t\t    margin-bottom: 30px;\n\t}\n\tdiv#products_69f5e169cbe78 > div.prod_colorgroup_wrap:hover{\n\t\tborder-color: #0a84ff;\n\t}\n\tdiv#products_69f5e169cbe78 > div.prod_colorgroup_wrap div.colorgr > div.prodwrap{\n\t\tdisplay:none;\n\t}\n\tdiv#products_69f5e169cbe78 > div.prod_colorgroup_wrap div.colorgr > div.prodwrap.active{\n\t\tdisplay:flex; flex-direction:column;\n\t}\n\t\n\t span.name{\n\t\tcolor: #000;\n\t\tflex-grow: 1;\n\t\tline-height: 1.3;\n\t\tpadding: 5px 8px;\n\t\tfont-size: 16px;\n\t\tmargin-top: 44px;\n\t}\n\t span.name a{\n\t\tcolor: #000;\n\t}\n\t\n\t span.name:hover a{\n\t\tcolor: #0a84ff;\n\t\ttransition: 0.5s;\n\t}\n\t\n\t span.price{\n\t\t padding: 5px 8px;\n\t\tcolor:#000;\t\n\t\tfont-weight: bold; \n\t\tmax-width: calc(100% - 65px);\n\t}\n\t.bbutt{\n\t\tposition: absolute;\n    bottom: 4px;\n    right: 4px;\n\t\tdisplay: flex;\n\t\twidth: 60px;\n\t\theight: 60px;\n\t\tpadding: 5px;\n\t\talign-content: center;\n\t\talign-items: center;\n\t\tjustify-content: center;\n\t\tborder-radius: 50%;\n\t\tborder: 1px solid transparent;\n\t\ttransition: none;\n\t\tmin-width: unset;\n    color: #fff;\n    background: #0a84ff;\n\t}\n\t\n\t.bbutt:hover {\n\n\t\tbackground: #0b6fd4;\n\t\ttransition: 0.5s;\n\t}\n\t\n\t.prod_colorgroup_wrap{\n\t\tposition:relative;\n\t}\n\t\n\t.colorsw > div{\n\t\tborder-radius: 100%;\n\t\tpadding: 3px;\n\t\tmargin: 2px;\n\t\tborder: 2px solid transparent;\n\t\tcursor: pointer;\n\t\tdisplay: flex;\n\t\talign-content: center;\n\t\talign-items: center;\n\t\tjustify-content: center;\n\t}\n\t\n\t.colorsw > div >span{\n\t\twidth: 30px;\n\t\theight: 30px;\n\t\tborder-radius: 100%;\n\t}\n\t\n\t.colorsw {\n\t\tdisplay: flex;\n\t\tposition: absolute;\n\t\ttop: 251px; \n\t}\n\n\t.colorsw > div.active{\n\t\tborder-color: #0a84ff;\n\t}\n\n@media (max-width: 1200px) {\n\t.colorsw {\n\t\ttop: 193px;\n\t}\n}\n@media (max-width: 992px) {\n\t.colorsw {\n\t\ttop: 216px;\n\t}\n}\t\n\t\n@media (max-width: 768px) {\n\t.colorsw {\n\t\ttop: 164px;\n\t}\n}\t\n\t\n@media (max-width: 600px) {\n\t.colorsw {\n\t\ttop: 41vw ; \n\t}\n\t\n\tdiv#products_69f5e169cbe78 > div.prod_colorgroup_wrap{\n\t\twidth:48%;\n\t}\n\tdiv#products_69f5e169cbe78 > div.prodwrap{\n\t\twidth:48%;\n\t}\n}\n\n\n\n<\/style>\n\n<script>\nvar printOrder_69f5e169cbe78 = [\"MUWA3ZM\\\/A\",\"MU8F2ZM\\\/A\",\"MX2D3QN\\\/A\"];\n\nif(typeof jQuery != 'undefined'){\n\t\njQuery(document).ready(function(jQuery) {\nlet langkey = switchLocale();\nlet requrl = langkey + \"\/api\/apr\/catalog\/products\/by-sku?skus[]=MUWA3ZM\/A&skus[]=MU8F2ZM\/A&skus[]=MX2D3QN\/A\";\n\nconsole.log(printOrder_69f5e169cbe78);\nprintOrder_69f5e169cbe78.forEach((elem, index) => {\n\tif(Array.isArray(elem)){\n\t\tjQuery(\"#products_69f5e169cbe78\").append(\"<div id='wrap_\" + index + \"_69f5e169cbe78' class='prod_colorgroup_wrap'><div class='colorgr'><\/div><div class='colorsw'><\/div><\/div>\");\n\t\t\n\t\telem.forEach((eleminner, indexinner) => {\n\t\t\tlet active = '';\n\t\t\t\/\/printOrder_69f5e169cbe78[index][indexinner] = data.find(o => o.sku === eleminner);\n\t\t\tif(printOrder_69f5e169cbe78[index][indexinner] != null){\n\t\t\t\t\n\t\t\t\tif(indexinner == 0){active = 'active';}\n\t\t\t\t\tgetElemNew_69f5e169cbe78(printOrder_69f5e169cbe78[index][indexinner], active, index)\n\t\t\t\tjQuery(\"#products_69f5e169cbe78 div#wrap_\" + index + \"_69f5e169cbe78 div.colorsw\")\n\t\t\t\t\t.append(\"<div data-elem = '\" + indexinner + \"' class='\" + active + \"'><span style='background:\" + color + \";'><\/span><\/div>\");\n\t\t\t}\n\t\t});\n\t}\n\telse{\n\t\t\/\/printOrder_69f5e169cbe78[index] = data.find(o => o.sku === elem);\n\t\tif(printOrder_69f5e169cbe78[index] != null){\n\t\t\tgetElemNew_69f5e169cbe78(printOrder_69f5e169cbe78[index], 0, -1)\n\t\t\t\n\t\t}\n\t}\n});\t\n\t\njQuery(\".colorsw div\").click(function() {\n\tlet elemid = jQuery(this).parent().parent().attr('id');\n\tjQuery(\"#\"+elemid + \" .colorgr > div.prodwrap\").removeClass(\"active\");\n\tjQuery(\"#\"+elemid + \" .colorsw > div\").removeClass(\"active\"); \n\tjQuery(\"#\"+elemid + \" .colorgr > div.prodwrap:eq(\"+this.dataset.elem+\")\").addClass(\"active\");\n\tjQuery(\"#\"+elemid + \" .colorsw > div:eq(\"+this.dataset.elem+\")\").addClass(\"active\"); \n});\n\n\n\n\t\n});\t\n\n}\n\t\n\n\n\/**\n * Number.prototype.format(n, x, s, c)\n * \n * @param integer n: length of decimal\n * @param integer x: length of whole part\n * @param mixed   s: sections delimiter\n * @param mixed   c: decimal delimiter\n *\/\nNumber.prototype.format = function(n, x, s, c) {\n    var re = '\\\\d(?=(\\\\d{' + (x || 3) + '})+' + (n > 0 ? '\\\\D' : '$') + ')',\n    num = this.toFixed(Math.max(0, ~~n));\n\n    return (c ? num.replace('.', c) : num).replace(new RegExp(re, 'g'), '$&' + (s || ','));\n};\n\n\n\nfunction getElem(element, active){\n\tconsole.log(element)\n\tlet currSign = switchCurrency(element.prices.geo); \n\tlet bigPrice = element.prices.discount_price;\n\tlet smallPrice = element.prices.price;\n\tif(element.prices.price > element.prices.discount_price){bigPrice = smallPrice; smallPrice = element.prices.discount_price; }\n\t\n\tlet finalPrice = element.prices.price;\n\tif(element.prices.discount_type){finalPrice = smallPrice;}\n\t\n\tlet price = formatPrice(element.prices.geo, finalPrice) ; \n\tlet url = location.protocol + '\/\/' + location.hostname + switchLocale() + '\/' + element.category[0].url + '\/' + element.slug;\n\tlet burl = location.protocol + '\/\/' + location.hostname + switchLocale() + '\/cart?articul=' + element.sku;\n\tlet aclass = '';\n\tif(active){aclass = 'active';}\n\t\/\/ \/AfrOrF3gWeDA6VOlDG4TzxMv39O7MXnF4CXpKUwGqRM\/resize:fill:540\/bg:f6f6f6\/q:100\/plain\/s3:\/\/\n\treturn \"<div class='prodwrap \" + aclass + \"'><a href='\" + url + \"' target='_blank'><img src='https:\/\/\"+switchProxy(element.prices.geo)+\"\/AfrOrF3gWeDA6VOlDG4TzxMv39O7MXnF4CXpKUwGqRM\/resize:fill:540\/bg:ffffff\/q:100\/plain\/s3:\/\/\" + element.image+\"@webp' alt=''><\/a><span class='name'><a href='\" + url + \"' target='_blank'>\" + element.name + \"<\/a><\/span><span class='price'>\" + price + \" \" + currSign + \"<\/span><a class='bbutt' href='\" + burl + \"''><img src='https:\/\/cdn0.it4profit.com\/files\/7\/catalog-add-cart-icon.svg' alt=''><\/a><\/div>\";\n}\n\n\nfunction getElemNew_69f5e169cbe78(sku, active, index){\n\tconsole.log(sku)\n\n\trequrl = '\/api\/products?search=sku:'+ sku +'&searchFields=sku:=&limit=0&lang=ru';\n\tvar request_69f5e169cbe78_sku = jQuery.ajax({\n\t\turl: requrl,\n\t\ttype: \"GET\", \n\t\tdataType: 'json',\n\t\theaders: {\n\t\t'Content-Type':'application\/json'\n\t\t},\n\t});\n\t\nrequest_69f5e169cbe78_sku.done(function(data) {\n\tconsole.log(data);\n\telement = data.data[0];\n\t\tconsole.log(element);\n\tlet currSign = element.currency; \n\t\/\/let bigPrice = element.discount_price;\n\n\t\n\t\/\/let price = formatPrice(element.prices.geo, finalPrice) ; \n\t\n\tlet url = location.protocol + '\/\/' + location.hostname + switchLocale() + '\/product\/' + element.slug;\n\t\/\/let burl = location.protocol + '\/\/' + location.hostname + switchLocale() + '\/cart?articul=' + element.sku;\n\tlet aclass = '';\n\tif(active){aclass = 'active';}\n\n\nif(index === -1){\n\tjQuery(\"#products_69f5e169cbe78\").append(\"<div class='prodwrap \" + aclass + \"'><a href='\" + url + \"' target='_blank'><img src='https:\/\/cdn0.it4profit.com\/s3size\/rt:fill\/w:900\/h:900\/g:no\/el:1\/f:webp\/plain\/s3:\/\"+element.images[0]+\"' alt=''><\/a><span class='name'><a href='\" + url + \"' target='_blank'>\" + element.name + \"<\/a><\/span><span class='price'>\" +  element.final_price + \" \" + currSign + \"<\/span><\/div>\");\t\n\n}\nelse{\n\tjQuery(\"#products_69f5e169cbe78 div#wrap_\" + index + \"_69f5e169cbe78 div.colorgr\")\n\t.append(\"#products_69f5e169cbe78\").append(\"<div class='prodwrap \" + aclass + \"'><a href='\" + url + \"' target='_blank'><img src='https:\/\/cdn0.it4profit.com\/s3size\/rt:fill\/w:900\/h:900\/g:no\/el:1\/f:webp\/plain\/s3:\/\"+element.images[0]+\"' alt=''><\/a><span class='name'><a href='\" + url + \"' target='_blank'>\" + element.name + \"<\/a><\/span><span class='price'>\" +  element.final_price + \" \" + currSign + \"<\/span><\/div>\");\n}\n\n\n});\n\n\n\n}\n\n\nfunction switchLocale(){\n\tconsole.log(location.host);\n\tlet locale = jQuery(\"html\").attr('lang');\n\tif(location.host == 'ion.ua' & locale == 'uk'){return \"\/ua\";}\n\tif(location.host == 'ispace.ua' & locale == 'uk'){return \"\/ua\";}\n\tif(location.host == 'ispace.am' & locale == 'ru-RU'){return \"\/ru\";}\n\tif(location.host == 'ispace.am' & locale == 'en-US'){return \"\/en\";}\t\n\t\n\treturn \"\";\n}\n\nfunction switchCurrency(geo){\n\tswitch (geo) {\n\t  case 'BY':\n\t\treturn \"BYN\";\n\t  case 'UA':\n\t\treturn \"\u0433\u0440\u043d\";\n\t  case 'KZ':\n\t\treturn \"\u20b8\";\n\t  case 'AZ':\n\t\treturn \"AZN\";\n\t  case 'GE':\n\t\treturn \"\u10da\u10d0\u10e0\u10d8\";\n\t  case 'ARM':\n\t\treturn \"AMD\";\n\t  case 'RO':\n\t\treturn \"lei\";\n\t  case 'MD':\n\t\treturn \"lei\";\n\t  default:\n\t\treturn \"ERROR\";\n\t}\n}\n\nfunction formatPrice(geo, price){\n\tswitch (geo) {\n\t  case 'BY':\n\t\t\treturn Number(price).format(2, 3, ' ');\n\t  case 'UA':\n\t\t\treturn Number(price).format(2, 3, ' ');\n\t  case 'KZ':\n\t\t\treturn Number(price).format(0, 3, ' ');\n\t  case 'AZ':\n\t\t\treturn Number(price).format(0, 3, ' ');\n\t  case 'GE':\n\t\t\treturn Number(price).format(0, 3, ' ');\n\t  case 'ARM':\n\t\t\treturn Number(price).format(0, 3, ' ');\n\t  case 'RO':\n\t\t\treturn Number(price).format(0, 3, ' ');\n\t  case 'MD':\n\t\t\treturn Number(price).format(0, 3, ' ');\n\t  default:\n\t\t\treturn Number(price).format(0, 3, ' ');\n\t}\n}\n\n\t\nfunction switchProxy(geo){\n\tswitch (geo) {\n\t  case 'BY':\n\t\treturn \"cdn0.i-store.by\";\n\t  case 'UA':\n\t\treturn \"cdn1.it4profit.com\";\n\t  case 'KZ':\n\t\treturn \"cdn0.ipoint.kz\";\n\t  case 'AZ':\n\t\treturn \"cdn1.it4profit.com\";\n\t  case 'GE':\n\t\treturn \"cdn1.it4profit.com\";\n\t  case 'ARM':\n\t\treturn \"cdn0.ispace.am\";\n\t  default:\n\t\treturn \"cdn1.it4profit.com\";\n\t}\n}\n\n\n\n<\/script>\n<div id=\"products_69f5e169cbe78\"><\/div>\n<p><strong>CITI\u021aI MAI MULT<\/strong><\/p>\n<p><a href=\"https:\/\/ispace.md\/blog\/ipad-a-9-a-generatie-sau-ipad-mini-6-recenzie-si-primele-impresii\/\"><strong>iPad a 9-a genera\u021bie sau iPad Mini 6? Recenzie \u0219i primele impresii<\/strong><\/a><\/p>\n<p><a href=\"https:\/\/ispace.md\/blog\/7-functii-de-top-ale-ipad-ului-care-transforma-studiile-intr-o-placere\/\"><strong>7 func\u021bii de top ale iPad-ului care transform\u0103 studiile \u00eentr-o pl\u0103cere<\/strong><\/a><\/p>\n<p><a href=\"https:\/\/ispace.md\/blog\/ipad-air-2024-ce-este-special-la-el-si-pentru-cine-este-potrivit\/\"><strong>iPad Air 2024: ce este special la el \u0219i pentru cine este potrivit<\/strong><\/a><\/p>\n","protected":false},"excerpt":{"rendered":"<p>Compania Apple continu\u0103 s\u0103 \u00ee\u0219i \u00eenc\u00e2nte fanii. Pe 15 octombrie, brandul american a prezentat iPad mini 7 \u2013 prima tablet\u0103 creat\u0103 pentru a func\u021biona cu Apple Intelligence. V\u0103 \u00eemp\u0103rt\u0103\u0219im detalii despre aceast\u0103 noutate. Designul \u0219i dimensiunile iPad mini 7 Minimalismul \u0219i ergonomia bine g\u00e2ndit\u0103 vor fi mereu atemporale. Exteriorul \u0219i dimensiunile noului iPad mini 7 [&hellip;]<\/p>\n","protected":false},"author":1,"featured_media":8564,"comment_status":"open","ping_status":"open","sticky":false,"template":"","format":"standard","meta":[],"categories":[433,439],"tags":[455,1829,1712,1722,1552,1831,1315,685,985,1238],"yoast_head":"<!-- This site is optimized with the Yoast SEO plugin v17.0 - https:\/\/yoast.com\/wordpress\/plugins\/seo\/ -->\n<title>Face\u021bi cuno\u0219tin\u021b\u0103 cu noul iPad mini 7: performan\u021b\u0103 \u0219i Apple Intelligence<\/title>\n<meta name=\"description\" content=\"Afla\u021bi ce este nou \u00een iPad mini 7 \u0219i cum difer\u0103 noutatea de versiunea anterioar\u0103, care a fost lansat\u0103 \u00een 2021. \u00cemp\u0103rt\u0103\u0219im detalii interesante\" \/>\n<meta name=\"robots\" content=\"index, follow, max-snippet:-1, max-image-preview:large, max-video-preview:-1\" \/>\n<link rel=\"canonical\" href=\"https:\/\/ispace.md\/blog\/faceti-cunostinta-cu-noul-ipad-mini-7-performanta-cosmica-si-suport-apple-intelligence\/\" \/>\n<meta property=\"og:locale\" content=\"ru_RU\" \/>\n<meta property=\"og:type\" content=\"article\" \/>\n<meta property=\"og:title\" content=\"Face\u021bi cuno\u0219tin\u021b\u0103 cu noul iPad mini 7: performan\u021b\u0103 \u0219i Apple Intelligence\" \/>\n<meta property=\"og:description\" content=\"Afla\u021bi ce este nou \u00een iPad mini 7 \u0219i cum difer\u0103 noutatea de versiunea anterioar\u0103, care a fost lansat\u0103 \u00een 2021. \u00cemp\u0103rt\u0103\u0219im detalii interesante\" \/>\n<meta property=\"og:url\" content=\"https:\/\/ispace.md\/blog\/faceti-cunostinta-cu-noul-ipad-mini-7-performanta-cosmica-si-suport-apple-intelligence\/\" \/>\n<meta property=\"og:site_name\" content=\"iSpace\" \/>\n<meta property=\"article:publisher\" content=\"https:\/\/www.facebook.com\/ispacemd\/\" \/>\n<meta property=\"article:published_time\" content=\"2024-10-18T10:10:00+00:00\" \/>\n<meta property=\"article:modified_time\" content=\"2024-10-18T09:57:02+00:00\" \/>\n<meta property=\"og:image\" content=\"https:\/\/ispace.md\/blog\/wp-content\/uploads\/2024\/10\/Main_54685_00102_WWEN_r1810_PF_OG_Hero_Vertical_CMYK_00-0142-061_v7_s_50-025x-1024x841.png\" \/>\n\t<meta property=\"og:image:width\" content=\"1024\" \/>\n\t<meta property=\"og:image:height\" content=\"841\" \/>\n<meta name=\"twitter:card\" content=\"summary_large_image\" \/>\n<meta name=\"twitter:label1\" content=\"\u041d\u0430\u043f\u0438\u0441\u0430\u043d\u043e \u0430\u0432\u0442\u043e\u0440\u043e\u043c\" \/>\n\t<meta name=\"twitter:data1\" content=\"istoreadm\" \/>\n\t<meta name=\"twitter:label2\" content=\"\u041f\u0440\u0438\u043c\u0435\u0440\u043d\u043e\u0435 \u0432\u0440\u0435\u043c\u044f \u0434\u043b\u044f \u0447\u0442\u0435\u043d\u0438\u044f\" \/>\n\t<meta name=\"twitter:data2\" content=\"5 \u043c\u0438\u043d\u0443\u0442\" \/>\n<script type=\"application\/ld+json\" class=\"yoast-schema-graph\">{\"@context\":\"https:\/\/schema.org\",\"@graph\":[{\"@type\":\"WebSite\",\"@id\":\"https:\/\/ispace.md\/blog\/ru\/#website\",\"url\":\"https:\/\/ispace.md\/blog\/ru\/\",\"name\":\"iSpace\",\"description\":\"\\u0411\\u043b\\u043e\\u0433 \\u043a\\u043e\\u043c\\u043f\\u0430\\u043d\\u0438\\u0438 iSpace\",\"potentialAction\":[{\"@type\":\"SearchAction\",\"target\":{\"@type\":\"EntryPoint\",\"urlTemplate\":\"https:\/\/ispace.md\/blog\/ru\/?s={search_term_string}\"},\"query-input\":\"required name=search_term_string\"}],\"inLanguage\":\"ru-RU\"},{\"@type\":\"ImageObject\",\"@id\":\"https:\/\/ispace.md\/blog\/faceti-cunostinta-cu-noul-ipad-mini-7-performanta-cosmica-si-suport-apple-intelligence\/#primaryimage\",\"inLanguage\":\"ru-RU\",\"url\":\"https:\/\/ispace.md\/blog\/wp-content\/uploads\/2024\/10\/Main_54685_00102_WWEN_r1810_PF_OG_Hero_Vertical_CMYK_00-0142-061_v7_s_50-025x.png\",\"contentUrl\":\"https:\/\/ispace.md\/blog\/wp-content\/uploads\/2024\/10\/Main_54685_00102_WWEN_r1810_PF_OG_Hero_Vertical_CMYK_00-0142-061_v7_s_50-025x.png\",\"width\":2669,\"height\":2191},{\"@type\":\"WebPage\",\"@id\":\"https:\/\/ispace.md\/blog\/faceti-cunostinta-cu-noul-ipad-mini-7-performanta-cosmica-si-suport-apple-intelligence\/#webpage\",\"url\":\"https:\/\/ispace.md\/blog\/faceti-cunostinta-cu-noul-ipad-mini-7-performanta-cosmica-si-suport-apple-intelligence\/\",\"name\":\"Face\\u021bi cuno\\u0219tin\\u021b\\u0103 cu noul iPad mini 7: performan\\u021b\\u0103 \\u0219i Apple Intelligence\",\"isPartOf\":{\"@id\":\"https:\/\/ispace.md\/blog\/ru\/#website\"},\"primaryImageOfPage\":{\"@id\":\"https:\/\/ispace.md\/blog\/faceti-cunostinta-cu-noul-ipad-mini-7-performanta-cosmica-si-suport-apple-intelligence\/#primaryimage\"},\"datePublished\":\"2024-10-18T10:10:00+00:00\",\"dateModified\":\"2024-10-18T09:57:02+00:00\",\"author\":{\"@id\":\"https:\/\/ispace.md\/blog\/ru\/#\/schema\/person\/ee7c990e7f16a92ff015648f1d3212cd\"},\"description\":\"Afla\\u021bi ce este nou \\u00een iPad mini 7 \\u0219i cum difer\\u0103 noutatea de versiunea anterioar\\u0103, care a fost lansat\\u0103 \\u00een 2021. \\u00cemp\\u0103rt\\u0103\\u0219im detalii interesante\",\"breadcrumb\":{\"@id\":\"https:\/\/ispace.md\/blog\/faceti-cunostinta-cu-noul-ipad-mini-7-performanta-cosmica-si-suport-apple-intelligence\/#breadcrumb\"},\"inLanguage\":\"ru-RU\",\"potentialAction\":[{\"@type\":\"ReadAction\",\"target\":[\"https:\/\/ispace.md\/blog\/faceti-cunostinta-cu-noul-ipad-mini-7-performanta-cosmica-si-suport-apple-intelligence\/\"]}]},{\"@type\":\"BreadcrumbList\",\"@id\":\"https:\/\/ispace.md\/blog\/faceti-cunostinta-cu-noul-ipad-mini-7-performanta-cosmica-si-suport-apple-intelligence\/#breadcrumb\",\"itemListElement\":[{\"@type\":\"ListItem\",\"position\":1,\"name\":\"\\u0413\\u043b\\u0430\\u0432\\u043d\\u0430\\u044f \\u0441\\u0442\\u0440\\u0430\\u043d\\u0438\\u0446\\u0430\",\"item\":\"https:\/\/ispace.md\/blog\/ru\/\"},{\"@type\":\"ListItem\",\"position\":2,\"name\":\"Face\\u021bi cuno\\u0219tin\\u021b\\u0103 cu noul iPad mini 7: performan\\u021b\\u0103 cosmic\\u0103 \\u0219i suport Apple Intelligence\"}]},{\"@type\":\"Person\",\"@id\":\"https:\/\/ispace.md\/blog\/ru\/#\/schema\/person\/ee7c990e7f16a92ff015648f1d3212cd\",\"name\":\"istoreadm\",\"image\":{\"@type\":\"ImageObject\",\"@id\":\"https:\/\/ispace.md\/blog\/ru\/#personlogo\",\"inLanguage\":\"ru-RU\",\"url\":\"https:\/\/secure.gravatar.com\/avatar\/3ab1424e156237432133bacf1fcdd22d?s=96&d=mm&r=g\",\"contentUrl\":\"https:\/\/secure.gravatar.com\/avatar\/3ab1424e156237432133bacf1fcdd22d?s=96&d=mm&r=g\",\"caption\":\"istoreadm\"},\"url\":\"https:\/\/ispace.md\/blog\/author\/istoreadm\/\"}]}<\/script>\n<!-- \/ Yoast SEO plugin. -->","yoast_head_json":{"title":"Face\u021bi cuno\u0219tin\u021b\u0103 cu noul iPad mini 7: performan\u021b\u0103 \u0219i Apple Intelligence","description":"Afla\u021bi ce este nou \u00een iPad mini 7 \u0219i cum difer\u0103 noutatea de versiunea anterioar\u0103, care a fost lansat\u0103 \u00een 2021. \u00cemp\u0103rt\u0103\u0219im detalii interesante","robots":{"index":"index","follow":"follow","max-snippet":"max-snippet:-1","max-image-preview":"max-image-preview:large","max-video-preview":"max-video-preview:-1"},"canonical":"https:\/\/ispace.md\/blog\/faceti-cunostinta-cu-noul-ipad-mini-7-performanta-cosmica-si-suport-apple-intelligence\/","og_locale":"ru_RU","og_type":"article","og_title":"Face\u021bi cuno\u0219tin\u021b\u0103 cu noul iPad mini 7: performan\u021b\u0103 \u0219i Apple Intelligence","og_description":"Afla\u021bi ce este nou \u00een iPad mini 7 \u0219i cum difer\u0103 noutatea de versiunea anterioar\u0103, care a fost lansat\u0103 \u00een 2021. \u00cemp\u0103rt\u0103\u0219im detalii interesante","og_url":"https:\/\/ispace.md\/blog\/faceti-cunostinta-cu-noul-ipad-mini-7-performanta-cosmica-si-suport-apple-intelligence\/","og_site_name":"iSpace","article_publisher":"https:\/\/www.facebook.com\/ispacemd\/","article_published_time":"2024-10-18T10:10:00+00:00","article_modified_time":"2024-10-18T09:57:02+00:00","og_image":[{"width":1024,"height":841,"path":"2024\/10\/Main_54685_00102_WWEN_r1810_PF_OG_Hero_Vertical_CMYK_00-0142-061_v7_s_50-025x-1024x841.png","url":"https:\/\/ispace.md\/blog\/wp-content\/uploads\/2024\/10\/Main_54685_00102_WWEN_r1810_PF_OG_Hero_Vertical_CMYK_00-0142-061_v7_s_50-025x-1024x841.png","size":"large","id":8564,"alt":"","pixels":861184,"type":"image\/png"}],"twitter_card":"summary_large_image","twitter_misc":{"\u041d\u0430\u043f\u0438\u0441\u0430\u043d\u043e \u0430\u0432\u0442\u043e\u0440\u043e\u043c":"istoreadm","\u041f\u0440\u0438\u043c\u0435\u0440\u043d\u043e\u0435 \u0432\u0440\u0435\u043c\u044f \u0434\u043b\u044f \u0447\u0442\u0435\u043d\u0438\u044f":"5 \u043c\u0438\u043d\u0443\u0442"},"schema":{"@context":"https:\/\/schema.org","@graph":[{"@type":"WebSite","@id":"https:\/\/ispace.md\/blog\/ru\/#website","url":"https:\/\/ispace.md\/blog\/ru\/","name":"iSpace","description":"\u0411\u043b\u043e\u0433 \u043a\u043e\u043c\u043f\u0430\u043d\u0438\u0438 iSpace","potentialAction":[{"@type":"SearchAction","target":{"@type":"EntryPoint","urlTemplate":"https:\/\/ispace.md\/blog\/ru\/?s={search_term_string}"},"query-input":"required name=search_term_string"}],"inLanguage":"ru-RU"},{"@type":"ImageObject","@id":"https:\/\/ispace.md\/blog\/faceti-cunostinta-cu-noul-ipad-mini-7-performanta-cosmica-si-suport-apple-intelligence\/#primaryimage","inLanguage":"ru-RU","url":"https:\/\/ispace.md\/blog\/wp-content\/uploads\/2024\/10\/Main_54685_00102_WWEN_r1810_PF_OG_Hero_Vertical_CMYK_00-0142-061_v7_s_50-025x.png","contentUrl":"https:\/\/ispace.md\/blog\/wp-content\/uploads\/2024\/10\/Main_54685_00102_WWEN_r1810_PF_OG_Hero_Vertical_CMYK_00-0142-061_v7_s_50-025x.png","width":2669,"height":2191},{"@type":"WebPage","@id":"https:\/\/ispace.md\/blog\/faceti-cunostinta-cu-noul-ipad-mini-7-performanta-cosmica-si-suport-apple-intelligence\/#webpage","url":"https:\/\/ispace.md\/blog\/faceti-cunostinta-cu-noul-ipad-mini-7-performanta-cosmica-si-suport-apple-intelligence\/","name":"Face\u021bi cuno\u0219tin\u021b\u0103 cu noul iPad mini 7: performan\u021b\u0103 \u0219i Apple Intelligence","isPartOf":{"@id":"https:\/\/ispace.md\/blog\/ru\/#website"},"primaryImageOfPage":{"@id":"https:\/\/ispace.md\/blog\/faceti-cunostinta-cu-noul-ipad-mini-7-performanta-cosmica-si-suport-apple-intelligence\/#primaryimage"},"datePublished":"2024-10-18T10:10:00+00:00","dateModified":"2024-10-18T09:57:02+00:00","author":{"@id":"https:\/\/ispace.md\/blog\/ru\/#\/schema\/person\/ee7c990e7f16a92ff015648f1d3212cd"},"description":"Afla\u021bi ce este nou \u00een iPad mini 7 \u0219i cum difer\u0103 noutatea de versiunea anterioar\u0103, care a fost lansat\u0103 \u00een 2021. \u00cemp\u0103rt\u0103\u0219im detalii interesante","breadcrumb":{"@id":"https:\/\/ispace.md\/blog\/faceti-cunostinta-cu-noul-ipad-mini-7-performanta-cosmica-si-suport-apple-intelligence\/#breadcrumb"},"inLanguage":"ru-RU","potentialAction":[{"@type":"ReadAction","target":["https:\/\/ispace.md\/blog\/faceti-cunostinta-cu-noul-ipad-mini-7-performanta-cosmica-si-suport-apple-intelligence\/"]}]},{"@type":"BreadcrumbList","@id":"https:\/\/ispace.md\/blog\/faceti-cunostinta-cu-noul-ipad-mini-7-performanta-cosmica-si-suport-apple-intelligence\/#breadcrumb","itemListElement":[{"@type":"ListItem","position":1,"name":"\u0413\u043b\u0430\u0432\u043d\u0430\u044f \u0441\u0442\u0440\u0430\u043d\u0438\u0446\u0430","item":"https:\/\/ispace.md\/blog\/ru\/"},{"@type":"ListItem","position":2,"name":"Face\u021bi cuno\u0219tin\u021b\u0103 cu noul iPad mini 7: performan\u021b\u0103 cosmic\u0103 \u0219i suport Apple Intelligence"}]},{"@type":"Person","@id":"https:\/\/ispace.md\/blog\/ru\/#\/schema\/person\/ee7c990e7f16a92ff015648f1d3212cd","name":"istoreadm","image":{"@type":"ImageObject","@id":"https:\/\/ispace.md\/blog\/ru\/#personlogo","inLanguage":"ru-RU","url":"https:\/\/secure.gravatar.com\/avatar\/3ab1424e156237432133bacf1fcdd22d?s=96&d=mm&r=g","contentUrl":"https:\/\/secure.gravatar.com\/avatar\/3ab1424e156237432133bacf1fcdd22d?s=96&d=mm&r=g","caption":"istoreadm"},"url":"https:\/\/ispace.md\/blog\/author\/istoreadm\/"}]}},"frontimg":"https:\/\/ispace.md\/blog\/wp-content\/uploads\/2024\/10\/Main_54685_00102_WWEN_r1810_PF_OG_Hero_Vertical_CMYK_00-0142-061_v7_s_50-025x-320x220.png","frontimglarge":"https:\/\/ispace.md\/blog\/wp-content\/uploads\/2024\/10\/Main_54685_00102_WWEN_r1810_PF_OG_Hero_Vertical_CMYK_00-0142-061_v7_s_50-025x-730x300.png","acf":{"select_banner_style":"0","select_sidebar":"0","axil_post_review_box":false},"_links":{"self":[{"href":"https:\/\/ispace.md\/blog\/wp-json\/wp\/v2\/posts\/8572"}],"collection":[{"href":"https:\/\/ispace.md\/blog\/wp-json\/wp\/v2\/posts"}],"about":[{"href":"https:\/\/ispace.md\/blog\/wp-json\/wp\/v2\/types\/post"}],"author":[{"embeddable":true,"href":"https:\/\/ispace.md\/blog\/wp-json\/wp\/v2\/users\/1"}],"replies":[{"embeddable":true,"href":"https:\/\/ispace.md\/blog\/wp-json\/wp\/v2\/comments?post=8572"}],"version-history":[{"count":3,"href":"https:\/\/ispace.md\/blog\/wp-json\/wp\/v2\/posts\/8572\/revisions"}],"predecessor-version":[{"id":8577,"href":"https:\/\/ispace.md\/blog\/wp-json\/wp\/v2\/posts\/8572\/revisions\/8577"}],"wp:featuredmedia":[{"embeddable":true,"href":"https:\/\/ispace.md\/blog\/wp-json\/wp\/v2\/media\/8564"}],"wp:attachment":[{"href":"https:\/\/ispace.md\/blog\/wp-json\/wp\/v2\/media?parent=8572"}],"wp:term":[{"taxonomy":"category","embeddable":true,"href":"https:\/\/ispace.md\/blog\/wp-json\/wp\/v2\/categories?post=8572"},{"taxonomy":"post_tag","embeddable":true,"href":"https:\/\/ispace.md\/blog\/wp-json\/wp\/v2\/tags?post=8572"}],"curies":[{"name":"wp","href":"https:\/\/api.w.org\/{rel}","templated":true}]}}