{"id":8984,"date":"2025-06-04T12:00:45","date_gmt":"2025-06-04T09:00:45","guid":{"rendered":"https:\/\/ispace.md\/blog\/?p=8984"},"modified":"2025-06-11T09:51:16","modified_gmt":"2025-06-11T06:51:16","slug":"cumparati-macbook-prin-trade-in-si-primiti-un-bonus-de-la-ispace","status":"publish","type":"post","link":"https:\/\/ispace.md\/blog\/cumparati-macbook-prin-trade-in-si-primiti-un-bonus-de-la-ispace\/","title":{"rendered":"Cump\u0103ra\u021bi MacBook prin Trade-in \u0219i primi\u021bi un bonus de la iSpace"},"content":{"rendered":"<p data-start=\"0\" data-end=\"318\"><strong>Visa\u021bi la un <a href=\"https:\/\/ispace.md\/pages\/trade-in\">MacBook<\/a> nou? La iSpace \u00eel pute\u021bi cump\u0103ra \u00een cele mai avantajoase condi\u021bii, deoarece acum avem programul Trade-in pentru Mac. Este un program care v\u0103 permite s\u0103 schimba\u021bi dispozitivul dvs. vechi pe un MacBook nou, cu o tax\u0103 suplimentar\u0103. Iar din partea iSpace primi\u021bi un bonus cadou! V\u0103 povestim mai multe.<\/strong><\/p>\n<h2>Ce este Trade-in \u0219i de ce este avantajos<\/h2>\n<p data-start=\"366\" data-end=\"682\">Programul Trade-in este foarte popular \u00een domeniul auto: oferi\u021bi automobilul dvs. vechi ca parte din plata pentru unul nou, cump\u0103rat din acela\u0219i magazin. Dup\u0103 acela\u0219i principiu v\u0103 pute\u021bi actualiza \u0219i echipamentele \u2013 inclusiv Mac. Cu iSpace, acest lucru este mult mai comod dec\u00e2t s\u0103 vinde\u021bi singur un dispozitiv uzat.<\/p>\n<ul>\n<li data-start=\"686\" data-end=\"768\">Nu trebuie s\u0103 pl\u0103ti\u021bi pre\u021bul \u00eentreg \u2013 o parte va fi acoperit\u0103 de dispozitivul dvs.<\/li>\n<li data-start=\"771\" data-end=\"874\">Dac\u0103 ave\u021bi mai multe gadgeturi uzate, le pute\u021bi preda pe toate: suma de r\u0103scump\u0103rare va fi \u0219i mai mare.<\/li>\n<li data-start=\"877\" data-end=\"994\">Nu pierde\u021bi timp pentru a vinde dispozitivul vechi: nu publica\u021bi anun\u021buri \u0219i nu v\u0103 \u00eent\u00e2lni\u021bi cu persoane necunoscute.<\/li>\n<li data-start=\"997\" data-end=\"1119\">F\u0103r\u0103 riscuri: pe site-urile de anun\u021buri ac\u021bioneaz\u0103 escroci. Iar metodele lor de \u00een\u0219el\u0103ciune sunt \u00eentr-o continu\u0103 evolu\u021bie.<\/li>\n<li data-start=\"1122\" data-end=\"1238\">Informa\u021biile dvs. personale sunt \u00een siguran\u021b\u0103: nu vom permite scurgeri de date \u0219i vom formata noi dispozitivul uzat.<\/li>\n<li data-start=\"1241\" data-end=\"1340\">Totul dureaz\u0103 cel mult o or\u0103: predarea tehnicii vechi \u0219i achizi\u021bia celei noi au loc \u00een acela\u0219i loc.<\/li>\n<\/ul>\n<p><img loading=\"lazy\" class=\"aligncenter wp-image-8978 size-full\" src=\"https:\/\/ispace.md\/blog\/wp-content\/uploads\/2025\/06\/aniket-narula-WooKCg5_D84-unsplash.jpg\" alt=\"MacBook prin Trade-in\" width=\"1920\" height=\"1280\" srcset=\"https:\/\/ispace.md\/blog\/wp-content\/uploads\/2025\/06\/aniket-narula-WooKCg5_D84-unsplash.jpg 1920w, https:\/\/ispace.md\/blog\/wp-content\/uploads\/2025\/06\/aniket-narula-WooKCg5_D84-unsplash-400x267.jpg 400w, https:\/\/ispace.md\/blog\/wp-content\/uploads\/2025\/06\/aniket-narula-WooKCg5_D84-unsplash-1024x683.jpg 1024w, https:\/\/ispace.md\/blog\/wp-content\/uploads\/2025\/06\/aniket-narula-WooKCg5_D84-unsplash-768x512.jpg 768w, https:\/\/ispace.md\/blog\/wp-content\/uploads\/2025\/06\/aniket-narula-WooKCg5_D84-unsplash-1536x1024.jpg 1536w, https:\/\/ispace.md\/blog\/wp-content\/uploads\/2025\/06\/aniket-narula-WooKCg5_D84-unsplash-390x260.jpg 390w, https:\/\/ispace.md\/blog\/wp-content\/uploads\/2025\/06\/aniket-narula-WooKCg5_D84-unsplash-285x190.jpg 285w\" sizes=\"(max-width: 1920px) 100vw, 1920px\" \/><\/p>\n<h2>Cum s\u0103 cump\u0103ra\u021bi un MacBook prin Trade-in \u00een Moldova<\/h2>\n<p data-start=\"58\" data-end=\"225\">La iSpace g\u0103si\u021bi toate modelele actuale de MacBook Air \u0219i MacBook Pro, a\u0219a c\u0103 cea mai grea parte este s\u0103 v\u0103 decide\u021bi asupra modelului. Dup\u0103 aceea, totul devine simplu.<\/p>\n<p data-start=\"227\" data-end=\"502\"><strong data-start=\"227\" data-end=\"239\">Pasul 1.<\/strong> Pe site-ul iSpace, selecta\u021bi dispozitivul dvs. \u0219i r\u0103spunde\u021bi la \u00eentreb\u0103rile despre starea lui \u0219i despre accesoriile incluse. Dac\u0103 ave\u021bi mai multe gadgeturi, ap\u0103sa\u021bi pe \u201eAd\u0103uga\u021bi dispozitiv\u201d. Cu c\u00e2t preda\u021bi mai multe dispozitive, cu at\u00e2t beneficiul este mai mare.<\/p>\n<p data-start=\"504\" data-end=\"574\"><strong data-start=\"504\" data-end=\"516\">Pasul 2.<\/strong> Alege\u021bi modelul de MacBook pe care dori\u021bi s\u0103-l cump\u0103ra\u021bi.<\/p>\n<p data-start=\"576\" data-end=\"775\" data-is-last-node=\"\" data-is-only-node=\"\"><strong data-start=\"576\" data-end=\"588\">Pasul 3.<\/strong> Ve\u021bi primi un calcul preliminar. Ap\u0103sa\u021bi \u201ePlasa\u021bi comanda\u201d. Un specialist iSpace v\u0103 va contacta pentru a v\u0103 oferi detalii despre pa\u0219ii urm\u0103tori \u0219i pentru a r\u0103spunde la toate \u00eentreb\u0103rile.<\/p>\n<p><img loading=\"lazy\" class=\"aligncenter wp-image-8980 size-full\" src=\"https:\/\/ispace.md\/blog\/wp-content\/uploads\/2025\/06\/Snimok-ekrana-2025-06-03-v-15.37.20.png\" alt=\"\" width=\"2494\" height=\"674\" srcset=\"https:\/\/ispace.md\/blog\/wp-content\/uploads\/2025\/06\/Snimok-ekrana-2025-06-03-v-15.37.20.png 2494w, https:\/\/ispace.md\/blog\/wp-content\/uploads\/2025\/06\/Snimok-ekrana-2025-06-03-v-15.37.20-400x108.png 400w, https:\/\/ispace.md\/blog\/wp-content\/uploads\/2025\/06\/Snimok-ekrana-2025-06-03-v-15.37.20-1024x277.png 1024w, https:\/\/ispace.md\/blog\/wp-content\/uploads\/2025\/06\/Snimok-ekrana-2025-06-03-v-15.37.20-768x208.png 768w, https:\/\/ispace.md\/blog\/wp-content\/uploads\/2025\/06\/Snimok-ekrana-2025-06-03-v-15.37.20-1536x415.png 1536w, https:\/\/ispace.md\/blog\/wp-content\/uploads\/2025\/06\/Snimok-ekrana-2025-06-03-v-15.37.20-2048x553.png 2048w\" sizes=\"(max-width: 2494px) 100vw, 2494px\" \/><\/p>\n<p data-start=\"0\" data-end=\"167\"><strong data-start=\"0\" data-end=\"12\">Pasul 4.<\/strong> Imediat dup\u0103 ce crea\u021bi cererea online, scana\u021bi codul QR \u0219i desc\u0103rca\u021bi aplica\u021bia pentru diagnosticare. Astfel ve\u021bi gr\u0103bi procesul de verificare \u00een magazin.<\/p>\n<p data-start=\"169\" data-end=\"438\"><strong data-start=\"169\" data-end=\"181\">Pasul 5.<\/strong> Aduce\u021bi dispozitivul dvs. la iSpace pentru o diagnosticare gratuit\u0103 \u2013 aceasta nu va dura mai mult de 10 minute. Lua\u021bi cu dvs. buletinul, cutia, \u00eenc\u0103rc\u0103torul din set. Chiar dac\u0103 accesoriile nu sunt obligatorii, prezen\u021ba lor cre\u0219te valoarea de r\u0103scump\u0103rare.<\/p>\n<p data-start=\"440\" data-end=\"534\">Diferen\u021ba r\u0103mas\u0103 poate fi achitat\u0103 \u00een numerar, cu cardul sau prin achitare \u00een rate ori credit.<\/p>\n<h2 data-start=\"536\" data-end=\"625\"><strong data-start=\"536\" data-end=\"562\">Exclusiv la iSpace:<\/strong> p\u00e2n\u0103 la 2100 lei cadou la achizi\u021bia unui Mac prin Trade-in<\/h2>\n<p><img loading=\"lazy\" class=\"aligncenter wp-image-8991 size-full\" src=\"https:\/\/ispace.md\/blog\/wp-content\/uploads\/2025\/06\/Screenshot-2025-06-04-at-12.05.58.png\" alt=\"\" width=\"2196\" height=\"616\" srcset=\"https:\/\/ispace.md\/blog\/wp-content\/uploads\/2025\/06\/Screenshot-2025-06-04-at-12.05.58.png 2196w, https:\/\/ispace.md\/blog\/wp-content\/uploads\/2025\/06\/Screenshot-2025-06-04-at-12.05.58-400x112.png 400w, https:\/\/ispace.md\/blog\/wp-content\/uploads\/2025\/06\/Screenshot-2025-06-04-at-12.05.58-1024x287.png 1024w, https:\/\/ispace.md\/blog\/wp-content\/uploads\/2025\/06\/Screenshot-2025-06-04-at-12.05.58-768x215.png 768w, https:\/\/ispace.md\/blog\/wp-content\/uploads\/2025\/06\/Screenshot-2025-06-04-at-12.05.58-1536x431.png 1536w, https:\/\/ispace.md\/blog\/wp-content\/uploads\/2025\/06\/Screenshot-2025-06-04-at-12.05.58-2048x574.png 2048w\" sizes=\"(max-width: 2196px) 100vw, 2196px\" \/><\/p>\n<p data-start=\"0\" data-end=\"61\">La iSpace pute\u021bi cump\u0103ra un Mac prin Trade-in \u00een dou\u0103 moduri:<\/p>\n<ul>\n<li data-start=\"65\" data-end=\"160\">Schimba\u021bi <strong>orice dispozitiv<\/strong> (nu neap\u0103rat de la Apple) pe un MacBook nou, cu o tax\u0103 suplimentar\u0103.<\/li>\n<li data-start=\"163\" data-end=\"329\">Schimba\u021bi <strong>un MacBook vechi pe unul nou<\/strong> \u0219i primi\u021bi p\u00e2n\u0103 la 2100 lei cadou. Suma exact\u0103 va depinde de modelul laptopului dvs. \u0219i va fi ad\u0103ugat\u0103 la valoarea estimat\u0103.<\/li>\n<\/ul>\n<table>\n<tbody>\n<tr>\n<td width=\"312\"><strong>Preda\u021bi<\/strong><\/td>\n<td width=\"312\"><strong>Primi\u021bi<\/strong><\/td>\n<\/tr>\n<tr>\n<td width=\"312\">MacBook Air sau MacBook Pro Intel<\/td>\n<td width=\"312\"><strong>p\u00e2n\u0103 la 1 500 lei<\/strong><\/td>\n<\/tr>\n<tr>\n<td width=\"312\">MacBook Air M1, \u041c2 sau \u041c3<\/td>\n<td width=\"312\"><strong>p\u00e2n\u0103 la 1 750 lei<\/strong><\/td>\n<\/tr>\n<tr>\n<td width=\"312\">MacBook Pro M1 | Pro| Max<\/td>\n<td width=\"312\"><strong>p\u00e2n\u0103 la 1 750 lei<\/strong><\/td>\n<\/tr>\n<tr>\n<td width=\"312\">MacBook Pro M2 | Pro| Max<\/td>\n<td width=\"312\"><strong>p\u00e2n\u0103 la 1 750 lei<\/strong><\/td>\n<\/tr>\n<tr>\n<td width=\"312\">MacBook Pro M3 | Pro| Max<\/td>\n<td width=\"312\"><strong>p\u00e2n\u0103 la 2 100 lei<\/strong><\/td>\n<\/tr>\n<\/tbody>\n<\/table>\n<p data-start=\"0\" data-end=\"64\"><strong data-start=\"0\" data-end=\"64\">Cum este evaluat dispozitivul \u00een cadrul programului Trade-in<\/strong><\/p>\n<p data-start=\"66\" data-end=\"298\">Pute\u021bi calcula \u00een prealabil valoarea aproximativ\u0103 a dispozitivului folosind<strong> calculatorul online<\/strong>. Totu\u0219i, re\u021bine\u021bi c\u0103 aceast\u0103 sum\u0103 poate s\u0103 fie divers\u0103 fa\u021b\u0103 de cea final\u0103, care va fi stabilit\u0103 doar dup\u0103 diagnosticarea efectuat\u0103 direct \u00een magazin.<\/p>\n<p data-start=\"300\" data-end=\"348\">Valoarea estimativ\u0103 a dispozitivului depinde de:<\/p>\n<ol>\n<li data-start=\"352\" data-end=\"495\">Model<strong data-start=\"352\" data-end=\"362\">.<\/strong> Accept\u0103m echipamente Apple, Asus, Acer, Lenovo \u0219i de la alte branduri. Cu c\u00e2t modelul este mai nou, cu at\u00e2t valoarea va fi mai mare;<\/li>\n<li data-start=\"498\" data-end=\"649\">Stare<strong data-start=\"498\" data-end=\"508\">.<\/strong> Dispozitivul trebuie s\u0103 porneasc\u0103, toate modulele, butoanele \u0219i func\u021biile \u2013 s\u0103 func\u021bioneze. Nu trebuie s\u0103 existe urme de contact cu lichide.<\/li>\n<\/ol>\n<p data-start=\"656\" data-end=\"704\"><strong data-start=\"656\" data-end=\"704\">Cine este iSpace \u2013 Apple Authorised Reseller<\/strong><\/p>\n<p data-start=\"706\" data-end=\"1129\">Suntem partener oficial Apple \u00een Moldova. Oferim exclusiv echipamente Apple originale, noi, cu garan\u021bie oficial\u0103. \u00cen magazinele noastre, toate dispozitivele sunt disponibile \u00een acces deschis \u2013 le pute\u021bi explora personal. De exemplu, s\u0103 compara\u021bi mai multe versiuni de iPhone, s\u0103 testa\u021bi un Mac sau un iPad, s\u0103 proba\u021bi un Apple Watch sau s\u0103 asculta\u021bi muzic\u0103 \u00een diverse modele de AirPods. Astfel ve\u021bi face alegerea potrivit\u0103.<\/p>\n<p data-start=\"1131\" data-end=\"1275\" data-is-last-node=\"\" data-is-only-node=\"\">De asemenea, la iSpace beneficia\u021bi de consultan\u021b\u0103 profesionist\u0103 \u0219i ave\u021bi posibilitatea de a achita \u00een rate sau prin credit. V\u0103 a\u0219tept\u0103m cu drag!<\/p>\n<p><strong>CITI\u021aI MAI MULT<\/strong><\/p>\n<p><a href=\"https:\/\/ispace.md\/blog\/noul-iphone-la-schimb-cu-vechiul-trade-in-la-ispace-cadou-pana-la-2300-de-lei\/\"><strong>Noul iPhone la schimb cu vechiul: Trade-in la iSpace. Cadou \u2013 p\u00e2n\u0103 la 2300 de lei!<\/strong><\/a><\/p>\n","protected":false},"excerpt":{"rendered":"<p>Visa\u021bi la un MacBook nou? La iSpace \u00eel pute\u021bi cump\u0103ra \u00een cele mai avantajoase condi\u021bii, deoarece acum avem programul Trade-in pentru Mac. Este un program care v\u0103 permite s\u0103 schimba\u021bi dispozitivul dvs. vechi pe un MacBook nou, cu o tax\u0103 suplimentar\u0103. Iar din partea iSpace primi\u021bi un bonus cadou! V\u0103 povestim mai multe. Ce este [&hellip;]<\/p>\n","protected":false},"author":1,"featured_media":8977,"comment_status":"open","ping_status":"open","sticky":false,"template":"","format":"standard","meta":[],"categories":[443,683,668],"tags":[455,1315,1003,742,775,747,630,685,985,1053],"yoast_head":"<!-- This site is optimized with the Yoast SEO plugin v17.0 - https:\/\/yoast.com\/wordpress\/plugins\/seo\/ -->\n<title>Cump\u0103ra\u021bi MacBook prin Trade-in \u0219i primi\u021bi un bonus de la iSpace - iSpace<\/title>\n<meta name=\"description\" content=\"Ofert\u0103 exclusiv\u0103 de la partenerul oficial Apple \u00een Moldova: la cump\u0103rarea MacBook prin Trade-in - un bonus cadou! Suntem bucuro\u0219i s\u0103 te ajut\u0103m\" \/>\n<meta name=\"robots\" content=\"index, follow, max-snippet:-1, max-image-preview:large, max-video-preview:-1\" \/>\n<link rel=\"canonical\" href=\"https:\/\/ispace.md\/blog\/cumparati-macbook-prin-trade-in-si-primiti-un-bonus-de-la-ispace\/\" \/>\n<meta property=\"og:locale\" content=\"ru_RU\" \/>\n<meta property=\"og:type\" content=\"article\" \/>\n<meta property=\"og:title\" content=\"Cump\u0103ra\u021bi MacBook prin Trade-in \u0219i primi\u021bi un bonus de la iSpace - iSpace\" \/>\n<meta property=\"og:description\" content=\"Ofert\u0103 exclusiv\u0103 de la partenerul oficial Apple \u00een Moldova: la cump\u0103rarea MacBook prin Trade-in - un bonus cadou! Suntem bucuro\u0219i s\u0103 te ajut\u0103m\" \/>\n<meta property=\"og:url\" content=\"https:\/\/ispace.md\/blog\/cumparati-macbook-prin-trade-in-si-primiti-un-bonus-de-la-ispace\/\" \/>\n<meta property=\"og:site_name\" content=\"iSpace\" \/>\n<meta property=\"article:publisher\" content=\"https:\/\/www.facebook.com\/ispacemd\/\" \/>\n<meta property=\"article:published_time\" content=\"2025-06-04T09:00:45+00:00\" \/>\n<meta property=\"article:modified_time\" content=\"2025-06-11T06:51:16+00:00\" \/>\n<meta property=\"og:image\" content=\"https:\/\/ispace.md\/blog\/wp-content\/uploads\/2025\/06\/omar-al-ghosson-ZOXoEwC9D4U-unsplash.jpg\" \/>\n\t<meta property=\"og:image:width\" content=\"1920\" \/>\n\t<meta property=\"og:image:height\" content=\"1280\" \/>\n<meta name=\"twitter:card\" content=\"summary_large_image\" \/>\n<meta name=\"twitter:label1\" content=\"\u041d\u0430\u043f\u0438\u0441\u0430\u043d\u043e \u0430\u0432\u0442\u043e\u0440\u043e\u043c\" \/>\n\t<meta name=\"twitter:data1\" content=\"istoreadm\" \/>\n\t<meta name=\"twitter:label2\" content=\"\u041f\u0440\u0438\u043c\u0435\u0440\u043d\u043e\u0435 \u0432\u0440\u0435\u043c\u044f \u0434\u043b\u044f \u0447\u0442\u0435\u043d\u0438\u044f\" \/>\n\t<meta name=\"twitter:data2\" content=\"4 \u043c\u0438\u043d\u0443\u0442\u044b\" \/>\n<script type=\"application\/ld+json\" class=\"yoast-schema-graph\">{\"@context\":\"https:\/\/schema.org\",\"@graph\":[{\"@type\":\"WebSite\",\"@id\":\"https:\/\/ispace.md\/blog\/ru\/#website\",\"url\":\"https:\/\/ispace.md\/blog\/ru\/\",\"name\":\"iSpace\",\"description\":\"\\u0411\\u043b\\u043e\\u0433 \\u043a\\u043e\\u043c\\u043f\\u0430\\u043d\\u0438\\u0438 iSpace\",\"potentialAction\":[{\"@type\":\"SearchAction\",\"target\":{\"@type\":\"EntryPoint\",\"urlTemplate\":\"https:\/\/ispace.md\/blog\/ru\/?s={search_term_string}\"},\"query-input\":\"required name=search_term_string\"}],\"inLanguage\":\"ru-RU\"},{\"@type\":\"ImageObject\",\"@id\":\"https:\/\/ispace.md\/blog\/cumparati-macbook-prin-trade-in-si-primiti-un-bonus-de-la-ispace\/#primaryimage\",\"inLanguage\":\"ru-RU\",\"url\":\"https:\/\/ispace.md\/blog\/wp-content\/uploads\/2025\/06\/omar-al-ghosson-ZOXoEwC9D4U-unsplash.jpg\",\"contentUrl\":\"https:\/\/ispace.md\/blog\/wp-content\/uploads\/2025\/06\/omar-al-ghosson-ZOXoEwC9D4U-unsplash.jpg\",\"width\":1920,\"height\":1280},{\"@type\":\"WebPage\",\"@id\":\"https:\/\/ispace.md\/blog\/cumparati-macbook-prin-trade-in-si-primiti-un-bonus-de-la-ispace\/#webpage\",\"url\":\"https:\/\/ispace.md\/blog\/cumparati-macbook-prin-trade-in-si-primiti-un-bonus-de-la-ispace\/\",\"name\":\"Cump\\u0103ra\\u021bi MacBook prin Trade-in \\u0219i primi\\u021bi un bonus de la iSpace - iSpace\",\"isPartOf\":{\"@id\":\"https:\/\/ispace.md\/blog\/ru\/#website\"},\"primaryImageOfPage\":{\"@id\":\"https:\/\/ispace.md\/blog\/cumparati-macbook-prin-trade-in-si-primiti-un-bonus-de-la-ispace\/#primaryimage\"},\"datePublished\":\"2025-06-04T09:00:45+00:00\",\"dateModified\":\"2025-06-11T06:51:16+00:00\",\"author\":{\"@id\":\"https:\/\/ispace.md\/blog\/ru\/#\/schema\/person\/ee7c990e7f16a92ff015648f1d3212cd\"},\"description\":\"Ofert\\u0103 exclusiv\\u0103 de la partenerul oficial Apple \\u00een Moldova: la cump\\u0103rarea MacBook prin Trade-in - un bonus cadou! Suntem bucuro\\u0219i s\\u0103 te ajut\\u0103m\",\"breadcrumb\":{\"@id\":\"https:\/\/ispace.md\/blog\/cumparati-macbook-prin-trade-in-si-primiti-un-bonus-de-la-ispace\/#breadcrumb\"},\"inLanguage\":\"ru-RU\",\"potentialAction\":[{\"@type\":\"ReadAction\",\"target\":[\"https:\/\/ispace.md\/blog\/cumparati-macbook-prin-trade-in-si-primiti-un-bonus-de-la-ispace\/\"]}]},{\"@type\":\"BreadcrumbList\",\"@id\":\"https:\/\/ispace.md\/blog\/cumparati-macbook-prin-trade-in-si-primiti-un-bonus-de-la-ispace\/#breadcrumb\",\"itemListElement\":[{\"@type\":\"ListItem\",\"position\":1,\"name\":\"\\u0413\\u043b\\u0430\\u0432\\u043d\\u0430\\u044f \\u0441\\u0442\\u0440\\u0430\\u043d\\u0438\\u0446\\u0430\",\"item\":\"https:\/\/ispace.md\/blog\/ru\/\"},{\"@type\":\"ListItem\",\"position\":2,\"name\":\"Cump\\u0103ra\\u021bi MacBook prin Trade-in \\u0219i primi\\u021bi un bonus de la iSpace\"}]},{\"@type\":\"Person\",\"@id\":\"https:\/\/ispace.md\/blog\/ru\/#\/schema\/person\/ee7c990e7f16a92ff015648f1d3212cd\",\"name\":\"istoreadm\",\"image\":{\"@type\":\"ImageObject\",\"@id\":\"https:\/\/ispace.md\/blog\/ru\/#personlogo\",\"inLanguage\":\"ru-RU\",\"url\":\"https:\/\/secure.gravatar.com\/avatar\/3ab1424e156237432133bacf1fcdd22d?s=96&d=mm&r=g\",\"contentUrl\":\"https:\/\/secure.gravatar.com\/avatar\/3ab1424e156237432133bacf1fcdd22d?s=96&d=mm&r=g\",\"caption\":\"istoreadm\"},\"url\":\"https:\/\/ispace.md\/blog\/author\/istoreadm\/\"}]}<\/script>\n<!-- \/ Yoast SEO plugin. -->","yoast_head_json":{"title":"Cump\u0103ra\u021bi MacBook prin Trade-in \u0219i primi\u021bi un bonus de la iSpace - iSpace","description":"Ofert\u0103 exclusiv\u0103 de la partenerul oficial Apple \u00een Moldova: la cump\u0103rarea MacBook prin Trade-in - un bonus cadou! Suntem bucuro\u0219i s\u0103 te ajut\u0103m","robots":{"index":"index","follow":"follow","max-snippet":"max-snippet:-1","max-image-preview":"max-image-preview:large","max-video-preview":"max-video-preview:-1"},"canonical":"https:\/\/ispace.md\/blog\/cumparati-macbook-prin-trade-in-si-primiti-un-bonus-de-la-ispace\/","og_locale":"ru_RU","og_type":"article","og_title":"Cump\u0103ra\u021bi MacBook prin Trade-in \u0219i primi\u021bi un bonus de la iSpace - iSpace","og_description":"Ofert\u0103 exclusiv\u0103 de la partenerul oficial Apple \u00een Moldova: la cump\u0103rarea MacBook prin Trade-in - un bonus cadou! Suntem bucuro\u0219i s\u0103 te ajut\u0103m","og_url":"https:\/\/ispace.md\/blog\/cumparati-macbook-prin-trade-in-si-primiti-un-bonus-de-la-ispace\/","og_site_name":"iSpace","article_publisher":"https:\/\/www.facebook.com\/ispacemd\/","article_published_time":"2025-06-04T09:00:45+00:00","article_modified_time":"2025-06-11T06:51:16+00:00","og_image":[{"width":1920,"height":1280,"url":"https:\/\/ispace.md\/blog\/wp-content\/uploads\/2025\/06\/omar-al-ghosson-ZOXoEwC9D4U-unsplash.jpg","path":"\/srv\/ispace.md\/blog\/wp-content\/uploads\/2025\/06\/omar-al-ghosson-ZOXoEwC9D4U-unsplash.jpg","size":"full","id":8977,"alt":"","pixels":2457600,"type":"image\/jpeg"}],"twitter_card":"summary_large_image","twitter_misc":{"\u041d\u0430\u043f\u0438\u0441\u0430\u043d\u043e \u0430\u0432\u0442\u043e\u0440\u043e\u043c":"istoreadm","\u041f\u0440\u0438\u043c\u0435\u0440\u043d\u043e\u0435 \u0432\u0440\u0435\u043c\u044f \u0434\u043b\u044f \u0447\u0442\u0435\u043d\u0438\u044f":"4 \u043c\u0438\u043d\u0443\u0442\u044b"},"schema":{"@context":"https:\/\/schema.org","@graph":[{"@type":"WebSite","@id":"https:\/\/ispace.md\/blog\/ru\/#website","url":"https:\/\/ispace.md\/blog\/ru\/","name":"iSpace","description":"\u0411\u043b\u043e\u0433 \u043a\u043e\u043c\u043f\u0430\u043d\u0438\u0438 iSpace","potentialAction":[{"@type":"SearchAction","target":{"@type":"EntryPoint","urlTemplate":"https:\/\/ispace.md\/blog\/ru\/?s={search_term_string}"},"query-input":"required name=search_term_string"}],"inLanguage":"ru-RU"},{"@type":"ImageObject","@id":"https:\/\/ispace.md\/blog\/cumparati-macbook-prin-trade-in-si-primiti-un-bonus-de-la-ispace\/#primaryimage","inLanguage":"ru-RU","url":"https:\/\/ispace.md\/blog\/wp-content\/uploads\/2025\/06\/omar-al-ghosson-ZOXoEwC9D4U-unsplash.jpg","contentUrl":"https:\/\/ispace.md\/blog\/wp-content\/uploads\/2025\/06\/omar-al-ghosson-ZOXoEwC9D4U-unsplash.jpg","width":1920,"height":1280},{"@type":"WebPage","@id":"https:\/\/ispace.md\/blog\/cumparati-macbook-prin-trade-in-si-primiti-un-bonus-de-la-ispace\/#webpage","url":"https:\/\/ispace.md\/blog\/cumparati-macbook-prin-trade-in-si-primiti-un-bonus-de-la-ispace\/","name":"Cump\u0103ra\u021bi MacBook prin Trade-in \u0219i primi\u021bi un bonus de la iSpace - iSpace","isPartOf":{"@id":"https:\/\/ispace.md\/blog\/ru\/#website"},"primaryImageOfPage":{"@id":"https:\/\/ispace.md\/blog\/cumparati-macbook-prin-trade-in-si-primiti-un-bonus-de-la-ispace\/#primaryimage"},"datePublished":"2025-06-04T09:00:45+00:00","dateModified":"2025-06-11T06:51:16+00:00","author":{"@id":"https:\/\/ispace.md\/blog\/ru\/#\/schema\/person\/ee7c990e7f16a92ff015648f1d3212cd"},"description":"Ofert\u0103 exclusiv\u0103 de la partenerul oficial Apple \u00een Moldova: la cump\u0103rarea MacBook prin Trade-in - un bonus cadou! Suntem bucuro\u0219i s\u0103 te ajut\u0103m","breadcrumb":{"@id":"https:\/\/ispace.md\/blog\/cumparati-macbook-prin-trade-in-si-primiti-un-bonus-de-la-ispace\/#breadcrumb"},"inLanguage":"ru-RU","potentialAction":[{"@type":"ReadAction","target":["https:\/\/ispace.md\/blog\/cumparati-macbook-prin-trade-in-si-primiti-un-bonus-de-la-ispace\/"]}]},{"@type":"BreadcrumbList","@id":"https:\/\/ispace.md\/blog\/cumparati-macbook-prin-trade-in-si-primiti-un-bonus-de-la-ispace\/#breadcrumb","itemListElement":[{"@type":"ListItem","position":1,"name":"\u0413\u043b\u0430\u0432\u043d\u0430\u044f \u0441\u0442\u0440\u0430\u043d\u0438\u0446\u0430","item":"https:\/\/ispace.md\/blog\/ru\/"},{"@type":"ListItem","position":2,"name":"Cump\u0103ra\u021bi MacBook prin Trade-in \u0219i primi\u021bi un bonus de la iSpace"}]},{"@type":"Person","@id":"https:\/\/ispace.md\/blog\/ru\/#\/schema\/person\/ee7c990e7f16a92ff015648f1d3212cd","name":"istoreadm","image":{"@type":"ImageObject","@id":"https:\/\/ispace.md\/blog\/ru\/#personlogo","inLanguage":"ru-RU","url":"https:\/\/secure.gravatar.com\/avatar\/3ab1424e156237432133bacf1fcdd22d?s=96&d=mm&r=g","contentUrl":"https:\/\/secure.gravatar.com\/avatar\/3ab1424e156237432133bacf1fcdd22d?s=96&d=mm&r=g","caption":"istoreadm"},"url":"https:\/\/ispace.md\/blog\/author\/istoreadm\/"}]}},"frontimg":"https:\/\/ispace.md\/blog\/wp-content\/uploads\/2025\/06\/omar-al-ghosson-ZOXoEwC9D4U-unsplash-320x220.jpg","frontimglarge":"https:\/\/ispace.md\/blog\/wp-content\/uploads\/2025\/06\/omar-al-ghosson-ZOXoEwC9D4U-unsplash-730x300.jpg","acf":{"select_banner_style":"0","select_sidebar":"0","axil_post_review_box":false,"bage":"Trade-in ","subtitle":"Primi\u021bi un bonus de la iSpace"},"_links":{"self":[{"href":"https:\/\/ispace.md\/blog\/wp-json\/wp\/v2\/posts\/8984"}],"collection":[{"href":"https:\/\/ispace.md\/blog\/wp-json\/wp\/v2\/posts"}],"about":[{"href":"https:\/\/ispace.md\/blog\/wp-json\/wp\/v2\/types\/post"}],"author":[{"embeddable":true,"href":"https:\/\/ispace.md\/blog\/wp-json\/wp\/v2\/users\/1"}],"replies":[{"embeddable":true,"href":"https:\/\/ispace.md\/blog\/wp-json\/wp\/v2\/comments?post=8984"}],"version-history":[{"count":6,"href":"https:\/\/ispace.md\/blog\/wp-json\/wp\/v2\/posts\/8984\/revisions"}],"predecessor-version":[{"id":9055,"href":"https:\/\/ispace.md\/blog\/wp-json\/wp\/v2\/posts\/8984\/revisions\/9055"}],"wp:featuredmedia":[{"embeddable":true,"href":"https:\/\/ispace.md\/blog\/wp-json\/wp\/v2\/media\/8977"}],"wp:attachment":[{"href":"https:\/\/ispace.md\/blog\/wp-json\/wp\/v2\/media?parent=8984"}],"wp:term":[{"taxonomy":"category","embeddable":true,"href":"https:\/\/ispace.md\/blog\/wp-json\/wp\/v2\/categories?post=8984"},{"taxonomy":"post_tag","embeddable":true,"href":"https:\/\/ispace.md\/blog\/wp-json\/wp\/v2\/tags?post=8984"}],"curies":[{"name":"wp","href":"https:\/\/api.w.org\/{rel}","templated":true}]}}