{"id":9037,"date":"2025-06-10T10:40:22","date_gmt":"2025-06-10T07:40:22","guid":{"rendered":"https:\/\/ispace.md\/blog\/?p=9037"},"modified":"2025-06-11T09:46:56","modified_gmt":"2025-06-11T06:46:56","slug":"prezentarea-de-vara-a-apple-cele-mai-importante-momente-ale-wwdc-2025","status":"publish","type":"post","link":"https:\/\/ispace.md\/blog\/prezentarea-de-vara-a-apple-cele-mai-importante-momente-ale-wwdc-2025\/","title":{"rendered":"Prezentarea de var\u0103 a Apple: cele mai importante momente ale WWDC 2025"},"content":{"rendered":"<p><strong>Pe 9 iunie a \u00eenceput conferin\u021ba anual\u0103 <a href=\"https:\/\/developer.apple.com\/wwdc25\/\">WWDC 2025<\/a> \u2013 principalul eveniment Apple dedicat dezvoltatorilor. \u00cen prima zi, brandul a prezentat noile versiuni ale sistemelor de operare pentru iPhone, Apple Watch, Apple TV, Mac, Apple Vision Pro \u0219i iPad. V\u0103 prezent\u0103m cele mai interesante nout\u0103\u021bi.<\/strong><\/p>\n<h2>Design unificat pentru toate platformele<\/h2>\n<p>Toate sistemele de operare au primit cifra 26 \u2013 la fel ca \u0219i anul viitor. Acum platformele se numesc iOS 26, watchOS 26, tvOS 26, macOS Tahoe 26, visionOS 26 \u0219i iPadOS 26.<\/p>\n<figure id=\"attachment_9023\" aria-describedby=\"caption-attachment-9023\" style=\"width: 2846px\" class=\"wp-caption aligncenter\"><img loading=\"lazy\" class=\"wp-image-9023 size-full\" src=\"https:\/\/ispace.md\/blog\/wp-content\/uploads\/2025\/06\/2.png\" alt=\"Apple\" width=\"2846\" height=\"1598\" srcset=\"https:\/\/ispace.md\/blog\/wp-content\/uploads\/2025\/06\/2.png 2846w, https:\/\/ispace.md\/blog\/wp-content\/uploads\/2025\/06\/2-400x225.png 400w, https:\/\/ispace.md\/blog\/wp-content\/uploads\/2025\/06\/2-1024x575.png 1024w, https:\/\/ispace.md\/blog\/wp-content\/uploads\/2025\/06\/2-768x431.png 768w, https:\/\/ispace.md\/blog\/wp-content\/uploads\/2025\/06\/2-1536x862.png 1536w, https:\/\/ispace.md\/blog\/wp-content\/uploads\/2025\/06\/2-2048x1150.png 2048w\" sizes=\"(max-width: 2846px) 100vw, 2846px\" \/><figcaption id=\"caption-attachment-9023\" class=\"wp-caption-text\">Foto: Apple<\/figcaption><\/figure>\n<p>Designul unificat pentru toate sistemele de operare a primit denumirea Liquid Glass \u2013 \u201esticl\u0103 lichid\u0103\u201d. Toate butoanele, fundalurile pictogramelor, filele, meniurile de navigare \u0219i chiar componentele aplica\u021biilor standard au aspect de sticl\u0103 mat\u0103. Aceasta \u00ee\u0219i poate schimba culoarea \u00een func\u021bie de con\u021binutul din jur, f\u0103r\u0103 a distrage aten\u021bia utilizatorului. Elementele de pe ecran sunt adaptate pentru modelele moderne cu ecrane rotunjite.<br data-start=\"449\" data-end=\"452\" \/>Pe de o parte, cu Liquid Glass totul pare foarte familiar \u0219i cunoscut, iar pe de alt\u0103 parte \u2013 proasp\u0103t \u0219i re\u00eennoit. Amintim c\u0103 ultima redesenare major\u0103 a sistemelor de operare a avut loc \u00een 2013 \u2013 odat\u0103 cu lansarea iOS 7. Iar acum compania a decis s\u0103 corecteze acest lucru.<\/p>\n<figure id=\"attachment_9025\" aria-describedby=\"caption-attachment-9025\" style=\"width: 1134px\" class=\"wp-caption aligncenter\"><img loading=\"lazy\" class=\"wp-image-9025 size-full\" src=\"https:\/\/ispace.md\/blog\/wp-content\/uploads\/2025\/06\/3.jpg\" alt=\"\" width=\"1134\" height=\"657\" srcset=\"https:\/\/ispace.md\/blog\/wp-content\/uploads\/2025\/06\/3.jpg 1134w, https:\/\/ispace.md\/blog\/wp-content\/uploads\/2025\/06\/3-400x232.jpg 400w, https:\/\/ispace.md\/blog\/wp-content\/uploads\/2025\/06\/3-1024x593.jpg 1024w, https:\/\/ispace.md\/blog\/wp-content\/uploads\/2025\/06\/3-768x445.jpg 768w\" sizes=\"(max-width: 1134px) 100vw, 1134px\" \/><figcaption id=\"caption-attachment-9025\" class=\"wp-caption-text\">Foto: Apple<\/figcaption><\/figure>\n<h2>Ce este nou \u00een iOS 26: design actualizat \u0219i op\u021biuni impresionante<\/h2>\n<ul>\n<li>Ecranul de blocare a fost modificat. A primit un panou translucid cu col\u021buri rotunjite, iar toate pictogramele au devenit \u201edin sticl\u0103\u201d. Ceasul se adapteaz\u0103 acum la fundalul ecranului \u0219i se extinde dac\u0103 este necesar. Arat\u0103 spectaculos.<\/li>\n<li>Live Translation \u2013 traducere \u00een timp real a conversa\u021biilor cu ajutorul Apple Intelligence. Func\u021bia traduce instantaneu vorbirea \u00eentr-o limb\u0103 str\u0103in\u0103 \u0219i o red\u0103 vocal \u00een limba dvs. matern\u0103. Este compatibil\u0103 \u00een timpul apelurilor \u0219i conversa\u021biilor din aplica\u021biile \u201eTelefon\u201d, FaceTime \u0219i \u201eMesaje\u201d. Acum va fi mult mai u\u0219or s\u0103 comunica\u021bi f\u0103r\u0103 s\u0103 cunoa\u0219te\u021bi limba.<\/li>\n<\/ul>\n<figure id=\"attachment_9026\" aria-describedby=\"caption-attachment-9026\" style=\"width: 2846px\" class=\"wp-caption aligncenter\"><img loading=\"lazy\" class=\"wp-image-9026 size-full\" src=\"https:\/\/ispace.md\/blog\/wp-content\/uploads\/2025\/06\/4.png\" alt=\"Apple\" width=\"2846\" height=\"1598\" srcset=\"https:\/\/ispace.md\/blog\/wp-content\/uploads\/2025\/06\/4.png 2846w, https:\/\/ispace.md\/blog\/wp-content\/uploads\/2025\/06\/4-400x225.png 400w, https:\/\/ispace.md\/blog\/wp-content\/uploads\/2025\/06\/4-1024x575.png 1024w, https:\/\/ispace.md\/blog\/wp-content\/uploads\/2025\/06\/4-768x431.png 768w, https:\/\/ispace.md\/blog\/wp-content\/uploads\/2025\/06\/4-1536x862.png 1536w, https:\/\/ispace.md\/blog\/wp-content\/uploads\/2025\/06\/4-2048x1150.png 2048w\" sizes=\"(max-width: 2846px) 100vw, 2846px\" \/><figcaption id=\"caption-attachment-9026\" class=\"wp-caption-text\">Foto: Apple<\/figcaption><\/figure>\n<ul>\n<li>\u00cen aplica\u021bia \u201eCamer\u0103\u201d, unele func\u021bii au fost mutate \u00een spatele meniurilor glisante \u0219i al celor pop-up. Acum, pe ecranul principal r\u0103m\u00e2n doar op\u021biunile pentru foto \u0219i video \u2013 f\u0103r\u0103 elemente inutile.<\/li>\n<li>A ap\u0103rut o nou\u0103 aplica\u021bie \u2013 \u201eJocuri\u201d, cu o bibliotec\u0103 vast\u0103, integrare cu Apple Arcade \u0219i func\u021bii Game Center. Este ca un App Store dedicat jocurilor. Pute\u021bi vedea \u00een ce se joac\u0103 prietenii, s\u0103 compara\u021bi progresul \u0219i s\u0103 lansa\u021bi provoc\u0103ri.<\/li>\n<li>\u00cen iMessage au fost ad\u0103ugate chat-uri de grup, op\u021biunea de sondaje \u0219i posibilitatea de a seta fundaluri generate de inteligen\u021ba artificial\u0103.<\/li>\n<li>Func\u021bia Visual Intelligence sau \u201eInteligen\u021b\u0103 Vizual\u0103\u201d va u\u0219ura via\u021ba a mii de utilizatori. Sistemul recunoa\u0219te con\u021binutul de pe ecran \u0219i permite interac\u021biunea cu acesta. De exemplu, dac\u0103 vede\u021bi o lamp\u0103 \u00eentr-un flux de \u0219tiri, pute\u021bi atinge imaginea pentru a g\u0103si produse similare online. Iar dac\u0103 apare o dat\u0103 interesant\u0103, o pute\u021bi ad\u0103uga imediat \u00een calendar.<\/li>\n<li>Actualiz\u0103ri ale aplica\u021biilor. \u00cen Safari, bara de jos poate fi acum restr\u00e2ns\u0103 \u00eentr-o linie sub\u021bire, l\u0103s\u00e2nd mai mult spa\u021biu pe ecran. \u00cen aplica\u021bia \u201eFoto\u201d exist\u0103 acum dou\u0103 sec\u021biuni: \u201eBibliotec\u0103\u201d \u0219i \u201eAlbume\u201d.<\/li>\n<li>Func\u021bia Mixmoji din iMessage permite combinarea mai multor emoji \u00eentr-unul singur, iar imagini \u00een Image Playground pot fi generate cu ajutorul ChatGPT.<\/li>\n<\/ul>\n<figure id=\"attachment_9027\" aria-describedby=\"caption-attachment-9027\" style=\"width: 2846px\" class=\"wp-caption aligncenter\"><img loading=\"lazy\" class=\"wp-image-9027 size-full\" src=\"https:\/\/ispace.md\/blog\/wp-content\/uploads\/2025\/06\/5.png\" alt=\"\" width=\"2846\" height=\"1598\" srcset=\"https:\/\/ispace.md\/blog\/wp-content\/uploads\/2025\/06\/5.png 2846w, https:\/\/ispace.md\/blog\/wp-content\/uploads\/2025\/06\/5-400x225.png 400w, https:\/\/ispace.md\/blog\/wp-content\/uploads\/2025\/06\/5-1024x575.png 1024w, https:\/\/ispace.md\/blog\/wp-content\/uploads\/2025\/06\/5-768x431.png 768w, https:\/\/ispace.md\/blog\/wp-content\/uploads\/2025\/06\/5-1536x862.png 1536w, https:\/\/ispace.md\/blog\/wp-content\/uploads\/2025\/06\/5-2048x1150.png 2048w\" sizes=\"(max-width: 2846px) 100vw, 2846px\" \/><figcaption id=\"caption-attachment-9027\" class=\"wp-caption-text\">Foto: Apple<\/figcaption><\/figure>\n<ul>\n<li>\u00cen Apple Music a fost ad\u0103ugat\u0103 posibilitatea de a vedea traducerile pieselor. Este disponibil\u0103 \u0219i o func\u021bie de karaoke cu antrenament pentru pronun\u021bia cuvintelor \u2013 astfel, va fi mai u\u0219or s\u0103 \u00een\u021belege\u021bi \u0219i s\u0103 interpreta\u021bi melodii \u00een limbi str\u0103ine.<\/li>\n<\/ul>\n<p data-start=\"247\" data-end=\"288\"><strong data-start=\"247\" data-end=\"288\">Ce modele de iPhone vor primi iOS 26?<\/strong><\/p>\n<p data-start=\"290\" data-end=\"555\">Toate modelele \u00eencep\u00e2nd cu iPhone 11. Totu\u0219i, re\u021bine\u021bi c\u0103 multe dintre func\u021biile noi sunt bazate pe Apple Intelligence, care nu este compatibil cu toate versiunile de iPhone. De asemenea, disponibilitatea anumitor op\u021biuni poate varia \u00een func\u021bie de regiune \u0219i limb\u0103.<\/p>\n<h2 data-start=\"557\" data-end=\"624\"><strong data-start=\"557\" data-end=\"624\" data-is-last-node=\"\">watchOS 26 cu un asistent AI personal \u0219i un nou gest de control<\/strong><\/h2>\n<figure id=\"attachment_9028\" aria-describedby=\"caption-attachment-9028\" style=\"width: 1172px\" class=\"wp-caption aligncenter\"><img loading=\"lazy\" class=\"wp-image-9028 size-full\" src=\"https:\/\/ispace.md\/blog\/wp-content\/uploads\/2025\/06\/6.jpg\" alt=\"Apple\" width=\"1172\" height=\"659\" srcset=\"https:\/\/ispace.md\/blog\/wp-content\/uploads\/2025\/06\/6.jpg 1172w, https:\/\/ispace.md\/blog\/wp-content\/uploads\/2025\/06\/6-400x225.jpg 400w, https:\/\/ispace.md\/blog\/wp-content\/uploads\/2025\/06\/6-1024x576.jpg 1024w, https:\/\/ispace.md\/blog\/wp-content\/uploads\/2025\/06\/6-768x432.jpg 768w\" sizes=\"(max-width: 1172px) 100vw, 1172px\" \/><figcaption id=\"caption-attachment-9028\" class=\"wp-caption-text\">Foto: Apple<\/figcaption><\/figure>\n<ul>\n<li>A fost introdus un antrenor personal bazat pe inteligen\u021b\u0103 artificial\u0103 \u2013 Workout Buddy. Acesta v\u0103 recomand\u0103 antrenamente, v\u0103 \u00eencurajeaz\u0103 \u0219i v\u0103 laud\u0103 la final. Practic, este ca un \u201erobot\u201d care v\u0103 motiveaz\u0103 constant s\u0103 face\u021bi mai mult \u0219i mai bine. Ini\u021bial, va fi disponibil doar \u00een limba englez\u0103.<\/li>\n<li>A ap\u0103rut \u0219i un nou gest: pentru a \u00eencheia un apel sau pentru a \u00eenchide notific\u0103rile, este suficient s\u0103 roti\u021bi \u00eencheietura m\u00e2inii \u00eenspre exterior. Este posibil ca aceast\u0103 func\u021bie s\u0103 nu fie compatibil\u0103 cu toate modelele.<\/li>\n<li>Prin ap\u0103sarea butonului lateral, pute\u021bi accesa o stiv\u0103 inteligent\u0103 cu aplica\u021biile deschise \u2013 acum, aceasta este organizat\u0103 \u00een func\u021bie de activit\u0103\u021bile \u0219i preferin\u021bele dvs. \u00cen partea de sus vor ap\u0103rea aplica\u021biile pe care le utiliza\u021bi cel mai des.<\/li>\n<\/ul>\n<p>watchOS 26 a primit un design \u201ede sticl\u0103\u201d semi-transparent, care arat\u0103 elegant pe ecranele rotunjite ale ceasurilor. \u00cen plus, ceasul accept\u0103 func\u021bia Live Translation, care traduce automat vorbirea \u00een limba dorit\u0103.<\/p>\n<h2><strong>Ce este nou \u00een tvOS 26: postere \u0219i comutare u\u0219oar\u0103 \u00eentre profiluri<\/strong><\/h2>\n<figure id=\"attachment_9029\" aria-describedby=\"caption-attachment-9029\" style=\"width: 2256px\" class=\"wp-caption aligncenter\"><img loading=\"lazy\" class=\"wp-image-9029 size-full\" src=\"https:\/\/ispace.md\/blog\/wp-content\/uploads\/2025\/06\/Snimok-ekrana-2025-06-10-v-09.08.06.png\" alt=\"\" width=\"2256\" height=\"1296\" srcset=\"https:\/\/ispace.md\/blog\/wp-content\/uploads\/2025\/06\/Snimok-ekrana-2025-06-10-v-09.08.06.png 2256w, https:\/\/ispace.md\/blog\/wp-content\/uploads\/2025\/06\/Snimok-ekrana-2025-06-10-v-09.08.06-400x230.png 400w, https:\/\/ispace.md\/blog\/wp-content\/uploads\/2025\/06\/Snimok-ekrana-2025-06-10-v-09.08.06-1024x588.png 1024w, https:\/\/ispace.md\/blog\/wp-content\/uploads\/2025\/06\/Snimok-ekrana-2025-06-10-v-09.08.06-768x441.png 768w, https:\/\/ispace.md\/blog\/wp-content\/uploads\/2025\/06\/Snimok-ekrana-2025-06-10-v-09.08.06-1536x882.png 1536w, https:\/\/ispace.md\/blog\/wp-content\/uploads\/2025\/06\/Snimok-ekrana-2025-06-10-v-09.08.06-2048x1177.png 2048w\" sizes=\"(max-width: 2256px) 100vw, 2256px\" \/><figcaption id=\"caption-attachment-9029\" class=\"wp-caption-text\">Foto: Apple<\/figcaption><\/figure>\n<ul>\n<li>La fel ca \u0219i \u00een cazul celorlalte sisteme de operare, designul tvOS 26 a devenit \u201ede sticl\u0103\u201d \u2013 iubitorii de estetic\u0103 sigur \u00eel vor aprecia.<\/li>\n<li>La pornirea Apple TV, utilizatorul poate selecta profilul dorit, pe baza c\u0103ruia va primi recomand\u0103ri personalizate.<\/li>\n<li>Karaoke la cel mai \u00eenalt nivel: acum, utilizatorii de iPhone \u00ee\u0219i pot transforma telefonul \u00eentr-un microfon pentru a-\u0219i amplifica vocea. \u00cen plus, Apple TV permite conectarea mai multor iPhone-uri simultan. Ceea ce are sens \u2013 la urma urmei, cine mai c\u00e2nt\u0103 karaoke singur?<\/li>\n<li>\u00cen timpul vizion\u0103rii, con\u021binutul devine elementul central, iar func\u021biile de control se ascund discret \u00een spatele unui meniu glisant.<\/li>\n<li>Aplica\u021bia Apple TV a primit \u0219i postere cinematografice, care ofer\u0103 o experien\u021b\u0103 vizual\u0103 mai spectaculoas\u0103.<\/li>\n<\/ul>\n<h2><strong>macOS 26 Tahoe<\/strong> \u2013 cu func\u021bii impresionante pentru Spotlight.<\/h2>\n<figure id=\"attachment_9030\" aria-describedby=\"caption-attachment-9030\" style=\"width: 1047px\" class=\"wp-caption aligncenter\"><img loading=\"lazy\" class=\"wp-image-9030 size-full\" src=\"https:\/\/ispace.md\/blog\/wp-content\/uploads\/2025\/06\/7-1.jpg\" alt=\"Apple\" width=\"1047\" height=\"648\" srcset=\"https:\/\/ispace.md\/blog\/wp-content\/uploads\/2025\/06\/7-1.jpg 1047w, https:\/\/ispace.md\/blog\/wp-content\/uploads\/2025\/06\/7-1-400x248.jpg 400w, https:\/\/ispace.md\/blog\/wp-content\/uploads\/2025\/06\/7-1-1024x634.jpg 1024w, https:\/\/ispace.md\/blog\/wp-content\/uploads\/2025\/06\/7-1-768x475.jpg 768w\" sizes=\"(max-width: 1047px) 100vw, 1047px\" \/><figcaption id=\"caption-attachment-9030\" class=\"wp-caption-text\">Foto: Apple<\/figcaption><\/figure>\n<ul>\n<li>Spotlight a c\u0103p\u0103tat superputeri. Acum are acces la fi\u0219iere, clipboard \u0219i poate adapta ac\u021biunile sale \u00een func\u021bie de aplica\u021bia activ\u0103. Cu Spotlight nu mai este vorba doar de c\u0103utarea \u0219i lansarea aplica\u021biilor \u2013 acesta permite acum \u0219i executarea de ac\u021biuni \u00een interiorul aplica\u021biilor. De exemplu, un utilizator nou de Mac poate pur \u0219i simplu s\u0103 scrie o sarcin\u0103 \u00een Spotlight, iar sistemul \u00eel va ghida. Rezultatele c\u0103ut\u0103rii sunt acum ordonate dup\u0103 relevan\u021b\u0103 pentru fiecare utilizator.<\/li>\n<li>Cu noul design, bara de meniu \u0219i Centrul de control au devenit transparente, oferind senza\u021bia unui ecran mai mare.<\/li>\n<li>Interfa\u021ba macOS poate fi personalizat\u0103: pute\u021bi modifica culorile pictogramelor \u0219i ale folderelor \u2013 aproape ca pe iPhone.<\/li>\n<li>Datorit\u0103 func\u021biei Continuity, aplica\u021bia \u201eTelefon\u201d este acum disponibil\u0103 \u0219i pe Mac, cu acelea\u0219i func\u021bii ca pe iPhone.<\/li>\n<li>Clipboard-ul permite selectarea elementelor copiate anterior \u2013 nu mai este nevoie s\u0103 v\u0103 face\u021bi griji c\u0103 un nou \u201ecopy\u201d \u00eel va \u0219terge pe cel anterior.<\/li>\n<li>La fel ca \u00een iOS 26, macOS 26 Tahoe ofer\u0103 traducerea mesajelor \u0219i apelurilor \u00een limba dvs. matern\u0103, ceea ce face comunicarea cu str\u0103inii mult mai u\u0219oar\u0103 \u2013 totul datorit\u0103 Apple Intelligence.<\/li>\n<li>Noua aplica\u021bie \u201eJocuri\u201d \u00eei va \u00eenc\u00e2nta pe gameri. \u00cen cur\u00e2nd, pe Mac vor fi disponibile titluri de renume precum Cyberpunk 2077, Hitman: World Of Assassination \u0219i multe altele.<\/li>\n<li>A fost lansat\u0103 \u0219i aplica\u021bia \u201eJurnal\u201d, care anterior era disponibil\u0103 doar pe iPhone. Acum, scrierea g\u00e2ndurilor \u0219i a textelor mai lungi devine mult mai confortabil\u0103.<\/li>\n<\/ul>\n<h2><strong>visionOS 26: avataruri realiste \u0219i accesorii ter\u021be<\/strong><\/h2>\n<figure id=\"attachment_9032\" aria-describedby=\"caption-attachment-9032\" style=\"width: 1153px\" class=\"wp-caption aligncenter\"><img loading=\"lazy\" class=\"wp-image-9032 size-full\" src=\"https:\/\/ispace.md\/blog\/wp-content\/uploads\/2025\/06\/8.jpg\" alt=\"\" width=\"1153\" height=\"652\" srcset=\"https:\/\/ispace.md\/blog\/wp-content\/uploads\/2025\/06\/8.jpg 1153w, https:\/\/ispace.md\/blog\/wp-content\/uploads\/2025\/06\/8-400x226.jpg 400w, https:\/\/ispace.md\/blog\/wp-content\/uploads\/2025\/06\/8-1024x579.jpg 1024w, https:\/\/ispace.md\/blog\/wp-content\/uploads\/2025\/06\/8-768x434.jpg 768w\" sizes=\"(max-width: 1153px) 100vw, 1153px\" \/><figcaption id=\"caption-attachment-9032\" class=\"wp-caption-text\">Foto: Apple<\/figcaption><\/figure>\n<ul>\n<li>Acum, navigarea prin pagini \u00een Apple Vision Pro se poate face cu privirea. Anterior, acest lucru era posibil doar prin gesturi cu degetele.<\/li>\n<li>Au fost introdu\u0219i widgeturi 3D de diferite dimensiuni, care pot fi amplasa\u021bi pe desktop sau ata\u0219a\u021bi obiectelor \u2013 de exemplu, pe un perete din camer\u0103. Acestea pot afi\u0219a noti\u021be, memento-uri, calendare, prognoza meteo \u0219i multe altele. Dac\u0103 alege\u021bi o fotografie din galerie, aceasta va fi afi\u0219at\u0103 \u00eentr-o ram\u0103 digital\u0103 elegant\u0103.<\/li>\n<li>Avatarele volumetrice pentru apeluri video au devenit mult mai realiste: a fost \u00eembun\u0103t\u0103\u021bit\u0103 mimica, redarea culorii pielii \u0219i a p\u0103rului.<\/li>\n<li>Prin headset, pute\u021bi vizualiza fotografii realizate \u00een modul Spa\u021bial ca \u0219i cum ar fi obiecte tridimensionale.<\/li>\n<li>A fost ad\u0103ugat suport pentru accesorii ter\u021be, precum stylusuri pentru desen \u00een aer, controllere de joc, camere de ac\u021biune \u0219i altele.<\/li>\n<\/ul>\n<h2><strong>iPadOS 26<\/strong>: afi\u0219are nou\u0103 a ferestrelor \u0219i bar\u0103 de meniu \u00een stil Mac<\/h2>\n<figure id=\"attachment_9033\" aria-describedby=\"caption-attachment-9033\" style=\"width: 2170px\" class=\"wp-caption aligncenter\"><img loading=\"lazy\" class=\"wp-image-9033 size-full\" src=\"https:\/\/ispace.md\/blog\/wp-content\/uploads\/2025\/06\/9.png\" alt=\"Apple\" width=\"2170\" height=\"1314\" srcset=\"https:\/\/ispace.md\/blog\/wp-content\/uploads\/2025\/06\/9.png 2170w, https:\/\/ispace.md\/blog\/wp-content\/uploads\/2025\/06\/9-400x242.png 400w, https:\/\/ispace.md\/blog\/wp-content\/uploads\/2025\/06\/9-1024x620.png 1024w, https:\/\/ispace.md\/blog\/wp-content\/uploads\/2025\/06\/9-768x465.png 768w, https:\/\/ispace.md\/blog\/wp-content\/uploads\/2025\/06\/9-1536x930.png 1536w, https:\/\/ispace.md\/blog\/wp-content\/uploads\/2025\/06\/9-2048x1240.png 2048w, https:\/\/ispace.md\/blog\/wp-content\/uploads\/2025\/06\/9-495x300.png 495w\" sizes=\"(max-width: 2170px) 100vw, 2170px\" \/><figcaption id=\"caption-attachment-9033\" class=\"wp-caption-text\">Foto: Apple<\/figcaption><\/figure>\n<ul>\n<li data-start=\"0\" data-end=\"347\">Acum, utilizatorii de tablete pot redimensiona flexibil ferestrele \u0219i pot comuta \u00eentre ele, la fel ca pe un computer. Pot fi deschise simultan p\u00e2n\u0103 la 7 ferestre, o func\u021bie foarte util\u0103, av\u00e2nd \u00een vedere c\u0103 iPad-ul este un dispozitiv pentru multitasking. Pentru a vedea toate ferestrele deschise printr-un swipe, a fost ad\u0103ugat\u0103 func\u021bia Expose.<\/li>\n<li data-start=\"349\" data-end=\"473\">Cursorul a devenit mai asem\u0103n\u0103tor cu cel de pe computer. Au fost ad\u0103ugate gesturi multitasking pentru lucrul cu trackpad-ul.<\/li>\n<li data-start=\"475\" data-end=\"585\">\u00cen sf\u00e2r\u0219it, \u00een partea de sus a ecranului a ap\u0103rut o bar\u0103 de meniu \u2013 iPad devine tot mai asem\u0103n\u0103tor cu Mac.<\/li>\n<li data-start=\"587\" data-end=\"822\">Aplica\u021bia \u201eFi\u0219iere\u201d a fost actualizat\u0103: pentru navigare rapid\u0103, folderele pot fi ad\u0103ugate direct pe bara Dock din partea de jos a ecranului. Aplica\u021bia \u201ePreview\u201d va u\u0219ura lucrul cu documentele \u0219i fi\u0219ierele PDF \u2013 exact ca pe Mac.<\/li>\n<li data-start=\"824\" data-end=\"882\">Au fost ad\u0103ugate aplica\u021biile \u201eJurnal\u201d \u0219i \u201eJocuri\u201d.<\/li>\n<li data-start=\"884\" data-end=\"1122\">Sistemul suport\u0103 acum rularea aplica\u021biilor ter\u021be \u00een fundal. Acestea pot executa sarcini complexe (de exemplu, randarea video) f\u0103r\u0103 a fi \u00eentrerupte, iar utilizatorul poate urm\u0103ri progresul prin intermediul func\u021biei Live Activities.<\/li>\n<li data-start=\"1124\" data-end=\"1240\">A ap\u0103rut posibilitatea de a selecta separat microfoanele pentru fiecare aplica\u021bie sau chiar pentru site-uri web.<\/li>\n<\/ul>\n<p data-start=\"1242\" data-end=\"1371\">\u00cen general, iPadOS 26 include multe dintre func\u021biile din iOS 26: acela\u0219i design, func\u021bii iMessage, Vision Intelligence \u0219i altele.<\/p>\n<p data-start=\"1373\" data-end=\"1620\" data-is-last-node=\"\" data-is-only-node=\"\">C\u00e2nd sistemele de operare vor fi disponibile pentru desc\u0103rcare, le vom testa imediat. Pute\u021bi citi un review detaliat despre iOS 26, iPadOS \u0219i macOS pe blogul iSpace. Abona\u021bi-v\u0103 la pagina noastr\u0103 de <a href=\"https:\/\/www.instagram.com\/ispace.md\/\">Instagram<\/a> pentru a nu rata nout\u0103\u021bile interesante!<\/p>\n<p><strong>CITI\u021aI MAI MULT<\/strong><\/p>\n<p><a href=\"https:\/\/ispace.md\/blog\/noua-inteligenta-artificiala-controlul-iphone-de-pe-mac-si-multe-altele-principalele-evenimente-de-la-wwdc-2024-apple\/\"><strong>Noua inteligen\u021b\u0103 artificial\u0103, controlul iPhone de pe Mac \u0219i multe altele: principalele evenimente de la WWDC-2024<\/strong><\/a><\/p>\n<p><a href=\"https:\/\/ispace.md\/blog\/prezentarea-noutatilor-anului-2023\/\"><strong>Apple ne-a dovedit c\u0103 tr\u0103im \u00een viitor: cele mai importante detalii de la WWDC-2023<\/strong><\/a><\/p>\n","protected":false},"excerpt":{"rendered":"<p>Pe 9 iunie a \u00eenceput conferin\u021ba anual\u0103 WWDC 2025 \u2013 principalul eveniment Apple dedicat dezvoltatorilor. \u00cen prima zi, brandul a prezentat noile versiuni ale sistemelor de operare pentru iPhone, Apple Watch, Apple TV, Mac, Apple Vision Pro \u0219i iPad. V\u0103 prezent\u0103m cele mai interesante nout\u0103\u021bi. Design unificat pentru toate platformele Toate sistemele de operare au [&hellip;]<\/p>\n","protected":false},"author":1,"featured_media":9035,"comment_status":"open","ping_status":"open","sticky":false,"template":"","format":"standard","meta":[],"categories":[683],"tags":[455,1148,670,714,755,1315,1003,685,985,1716],"yoast_head":"<!-- This site is optimized with the Yoast SEO plugin v17.0 - https:\/\/yoast.com\/wordpress\/plugins\/seo\/ -->\n<title>Prezentarea de var\u0103 Apple: cele mai importante momente ale WWDC 2025<\/title>\n<meta name=\"description\" content=\"WWDC 2025 - eveniment important Apple pentru dezvoltatori. Designul se schimb\u0103, iar posibilit\u0103\u021bile inteligen\u021bei artificiale devin \u0219i mai mari\" \/>\n<meta name=\"robots\" content=\"index, follow, max-snippet:-1, max-image-preview:large, max-video-preview:-1\" \/>\n<link rel=\"canonical\" href=\"https:\/\/ispace.md\/blog\/prezentarea-de-vara-a-apple-cele-mai-importante-momente-ale-wwdc-2025\/\" \/>\n<meta property=\"og:locale\" content=\"ru_RU\" \/>\n<meta property=\"og:type\" content=\"article\" \/>\n<meta property=\"og:title\" content=\"Prezentarea de var\u0103 Apple: cele mai importante momente ale WWDC 2025\" \/>\n<meta property=\"og:description\" content=\"WWDC 2025 - eveniment important Apple pentru dezvoltatori. Designul se schimb\u0103, iar posibilit\u0103\u021bile inteligen\u021bei artificiale devin \u0219i mai mari\" \/>\n<meta property=\"og:url\" content=\"https:\/\/ispace.md\/blog\/prezentarea-de-vara-a-apple-cele-mai-importante-momente-ale-wwdc-2025\/\" \/>\n<meta property=\"og:site_name\" content=\"iSpace\" \/>\n<meta property=\"article:publisher\" content=\"https:\/\/www.facebook.com\/ispacemd\/\" \/>\n<meta property=\"article:published_time\" content=\"2025-06-10T07:40:22+00:00\" \/>\n<meta property=\"article:modified_time\" content=\"2025-06-11T06:46:56+00:00\" \/>\n<meta property=\"og:image\" content=\"https:\/\/ispace.md\/blog\/wp-content\/uploads\/2025\/06\/Snimok-ekrana-2025-06-09-v-16.43.24.png\" \/>\n\t<meta property=\"og:image:width\" content=\"1880\" \/>\n\t<meta property=\"og:image:height\" content=\"1052\" \/>\n<meta name=\"twitter:card\" content=\"summary_large_image\" \/>\n<meta name=\"twitter:label1\" content=\"\u041d\u0430\u043f\u0438\u0441\u0430\u043d\u043e \u0430\u0432\u0442\u043e\u0440\u043e\u043c\" \/>\n\t<meta name=\"twitter:data1\" content=\"istoreadm\" \/>\n\t<meta name=\"twitter:label2\" content=\"\u041f\u0440\u0438\u043c\u0435\u0440\u043d\u043e\u0435 \u0432\u0440\u0435\u043c\u044f \u0434\u043b\u044f \u0447\u0442\u0435\u043d\u0438\u044f\" \/>\n\t<meta name=\"twitter:data2\" content=\"9 \u043c\u0438\u043d\u0443\u0442\" \/>\n<script type=\"application\/ld+json\" class=\"yoast-schema-graph\">{\"@context\":\"https:\/\/schema.org\",\"@graph\":[{\"@type\":\"WebSite\",\"@id\":\"https:\/\/ispace.md\/blog\/ru\/#website\",\"url\":\"https:\/\/ispace.md\/blog\/ru\/\",\"name\":\"iSpace\",\"description\":\"\\u0411\\u043b\\u043e\\u0433 \\u043a\\u043e\\u043c\\u043f\\u0430\\u043d\\u0438\\u0438 iSpace\",\"potentialAction\":[{\"@type\":\"SearchAction\",\"target\":{\"@type\":\"EntryPoint\",\"urlTemplate\":\"https:\/\/ispace.md\/blog\/ru\/?s={search_term_string}\"},\"query-input\":\"required name=search_term_string\"}],\"inLanguage\":\"ru-RU\"},{\"@type\":\"ImageObject\",\"@id\":\"https:\/\/ispace.md\/blog\/prezentarea-de-vara-a-apple-cele-mai-importante-momente-ale-wwdc-2025\/#primaryimage\",\"inLanguage\":\"ru-RU\",\"url\":\"https:\/\/ispace.md\/blog\/wp-content\/uploads\/2025\/06\/Snimok-ekrana-2025-06-09-v-16.43.24.png\",\"contentUrl\":\"https:\/\/ispace.md\/blog\/wp-content\/uploads\/2025\/06\/Snimok-ekrana-2025-06-09-v-16.43.24.png\",\"width\":1880,\"height\":1052},{\"@type\":\"WebPage\",\"@id\":\"https:\/\/ispace.md\/blog\/prezentarea-de-vara-a-apple-cele-mai-importante-momente-ale-wwdc-2025\/#webpage\",\"url\":\"https:\/\/ispace.md\/blog\/prezentarea-de-vara-a-apple-cele-mai-importante-momente-ale-wwdc-2025\/\",\"name\":\"Prezentarea de var\\u0103 Apple: cele mai importante momente ale WWDC 2025\",\"isPartOf\":{\"@id\":\"https:\/\/ispace.md\/blog\/ru\/#website\"},\"primaryImageOfPage\":{\"@id\":\"https:\/\/ispace.md\/blog\/prezentarea-de-vara-a-apple-cele-mai-importante-momente-ale-wwdc-2025\/#primaryimage\"},\"datePublished\":\"2025-06-10T07:40:22+00:00\",\"dateModified\":\"2025-06-11T06:46:56+00:00\",\"author\":{\"@id\":\"https:\/\/ispace.md\/blog\/ru\/#\/schema\/person\/ee7c990e7f16a92ff015648f1d3212cd\"},\"description\":\"WWDC 2025 - eveniment important Apple pentru dezvoltatori. Designul se schimb\\u0103, iar posibilit\\u0103\\u021bile inteligen\\u021bei artificiale devin \\u0219i mai mari\",\"breadcrumb\":{\"@id\":\"https:\/\/ispace.md\/blog\/prezentarea-de-vara-a-apple-cele-mai-importante-momente-ale-wwdc-2025\/#breadcrumb\"},\"inLanguage\":\"ru-RU\",\"potentialAction\":[{\"@type\":\"ReadAction\",\"target\":[\"https:\/\/ispace.md\/blog\/prezentarea-de-vara-a-apple-cele-mai-importante-momente-ale-wwdc-2025\/\"]}]},{\"@type\":\"BreadcrumbList\",\"@id\":\"https:\/\/ispace.md\/blog\/prezentarea-de-vara-a-apple-cele-mai-importante-momente-ale-wwdc-2025\/#breadcrumb\",\"itemListElement\":[{\"@type\":\"ListItem\",\"position\":1,\"name\":\"\\u0413\\u043b\\u0430\\u0432\\u043d\\u0430\\u044f \\u0441\\u0442\\u0440\\u0430\\u043d\\u0438\\u0446\\u0430\",\"item\":\"https:\/\/ispace.md\/blog\/ru\/\"},{\"@type\":\"ListItem\",\"position\":2,\"name\":\"Prezentarea de var\\u0103 a Apple: cele mai importante momente ale WWDC 2025\"}]},{\"@type\":\"Person\",\"@id\":\"https:\/\/ispace.md\/blog\/ru\/#\/schema\/person\/ee7c990e7f16a92ff015648f1d3212cd\",\"name\":\"istoreadm\",\"image\":{\"@type\":\"ImageObject\",\"@id\":\"https:\/\/ispace.md\/blog\/ru\/#personlogo\",\"inLanguage\":\"ru-RU\",\"url\":\"https:\/\/secure.gravatar.com\/avatar\/3ab1424e156237432133bacf1fcdd22d?s=96&d=mm&r=g\",\"contentUrl\":\"https:\/\/secure.gravatar.com\/avatar\/3ab1424e156237432133bacf1fcdd22d?s=96&d=mm&r=g\",\"caption\":\"istoreadm\"},\"url\":\"https:\/\/ispace.md\/blog\/author\/istoreadm\/\"}]}<\/script>\n<!-- \/ Yoast SEO plugin. -->","yoast_head_json":{"title":"Prezentarea de var\u0103 Apple: cele mai importante momente ale WWDC 2025","description":"WWDC 2025 - eveniment important Apple pentru dezvoltatori. Designul se schimb\u0103, iar posibilit\u0103\u021bile inteligen\u021bei artificiale devin \u0219i mai mari","robots":{"index":"index","follow":"follow","max-snippet":"max-snippet:-1","max-image-preview":"max-image-preview:large","max-video-preview":"max-video-preview:-1"},"canonical":"https:\/\/ispace.md\/blog\/prezentarea-de-vara-a-apple-cele-mai-importante-momente-ale-wwdc-2025\/","og_locale":"ru_RU","og_type":"article","og_title":"Prezentarea de var\u0103 Apple: cele mai importante momente ale WWDC 2025","og_description":"WWDC 2025 - eveniment important Apple pentru dezvoltatori. Designul se schimb\u0103, iar posibilit\u0103\u021bile inteligen\u021bei artificiale devin \u0219i mai mari","og_url":"https:\/\/ispace.md\/blog\/prezentarea-de-vara-a-apple-cele-mai-importante-momente-ale-wwdc-2025\/","og_site_name":"iSpace","article_publisher":"https:\/\/www.facebook.com\/ispacemd\/","article_published_time":"2025-06-10T07:40:22+00:00","article_modified_time":"2025-06-11T06:46:56+00:00","og_image":[{"width":1880,"height":1052,"url":"https:\/\/ispace.md\/blog\/wp-content\/uploads\/2025\/06\/Snimok-ekrana-2025-06-09-v-16.43.24.png","path":"\/srv\/ispace.md\/blog\/wp-content\/uploads\/2025\/06\/Snimok-ekrana-2025-06-09-v-16.43.24.png","size":"full","id":9035,"alt":"","pixels":1977760,"type":"image\/png"}],"twitter_card":"summary_large_image","twitter_misc":{"\u041d\u0430\u043f\u0438\u0441\u0430\u043d\u043e \u0430\u0432\u0442\u043e\u0440\u043e\u043c":"istoreadm","\u041f\u0440\u0438\u043c\u0435\u0440\u043d\u043e\u0435 \u0432\u0440\u0435\u043c\u044f \u0434\u043b\u044f \u0447\u0442\u0435\u043d\u0438\u044f":"9 \u043c\u0438\u043d\u0443\u0442"},"schema":{"@context":"https:\/\/schema.org","@graph":[{"@type":"WebSite","@id":"https:\/\/ispace.md\/blog\/ru\/#website","url":"https:\/\/ispace.md\/blog\/ru\/","name":"iSpace","description":"\u0411\u043b\u043e\u0433 \u043a\u043e\u043c\u043f\u0430\u043d\u0438\u0438 iSpace","potentialAction":[{"@type":"SearchAction","target":{"@type":"EntryPoint","urlTemplate":"https:\/\/ispace.md\/blog\/ru\/?s={search_term_string}"},"query-input":"required name=search_term_string"}],"inLanguage":"ru-RU"},{"@type":"ImageObject","@id":"https:\/\/ispace.md\/blog\/prezentarea-de-vara-a-apple-cele-mai-importante-momente-ale-wwdc-2025\/#primaryimage","inLanguage":"ru-RU","url":"https:\/\/ispace.md\/blog\/wp-content\/uploads\/2025\/06\/Snimok-ekrana-2025-06-09-v-16.43.24.png","contentUrl":"https:\/\/ispace.md\/blog\/wp-content\/uploads\/2025\/06\/Snimok-ekrana-2025-06-09-v-16.43.24.png","width":1880,"height":1052},{"@type":"WebPage","@id":"https:\/\/ispace.md\/blog\/prezentarea-de-vara-a-apple-cele-mai-importante-momente-ale-wwdc-2025\/#webpage","url":"https:\/\/ispace.md\/blog\/prezentarea-de-vara-a-apple-cele-mai-importante-momente-ale-wwdc-2025\/","name":"Prezentarea de var\u0103 Apple: cele mai importante momente ale WWDC 2025","isPartOf":{"@id":"https:\/\/ispace.md\/blog\/ru\/#website"},"primaryImageOfPage":{"@id":"https:\/\/ispace.md\/blog\/prezentarea-de-vara-a-apple-cele-mai-importante-momente-ale-wwdc-2025\/#primaryimage"},"datePublished":"2025-06-10T07:40:22+00:00","dateModified":"2025-06-11T06:46:56+00:00","author":{"@id":"https:\/\/ispace.md\/blog\/ru\/#\/schema\/person\/ee7c990e7f16a92ff015648f1d3212cd"},"description":"WWDC 2025 - eveniment important Apple pentru dezvoltatori. Designul se schimb\u0103, iar posibilit\u0103\u021bile inteligen\u021bei artificiale devin \u0219i mai mari","breadcrumb":{"@id":"https:\/\/ispace.md\/blog\/prezentarea-de-vara-a-apple-cele-mai-importante-momente-ale-wwdc-2025\/#breadcrumb"},"inLanguage":"ru-RU","potentialAction":[{"@type":"ReadAction","target":["https:\/\/ispace.md\/blog\/prezentarea-de-vara-a-apple-cele-mai-importante-momente-ale-wwdc-2025\/"]}]},{"@type":"BreadcrumbList","@id":"https:\/\/ispace.md\/blog\/prezentarea-de-vara-a-apple-cele-mai-importante-momente-ale-wwdc-2025\/#breadcrumb","itemListElement":[{"@type":"ListItem","position":1,"name":"\u0413\u043b\u0430\u0432\u043d\u0430\u044f \u0441\u0442\u0440\u0430\u043d\u0438\u0446\u0430","item":"https:\/\/ispace.md\/blog\/ru\/"},{"@type":"ListItem","position":2,"name":"Prezentarea de var\u0103 a Apple: cele mai importante momente ale WWDC 2025"}]},{"@type":"Person","@id":"https:\/\/ispace.md\/blog\/ru\/#\/schema\/person\/ee7c990e7f16a92ff015648f1d3212cd","name":"istoreadm","image":{"@type":"ImageObject","@id":"https:\/\/ispace.md\/blog\/ru\/#personlogo","inLanguage":"ru-RU","url":"https:\/\/secure.gravatar.com\/avatar\/3ab1424e156237432133bacf1fcdd22d?s=96&d=mm&r=g","contentUrl":"https:\/\/secure.gravatar.com\/avatar\/3ab1424e156237432133bacf1fcdd22d?s=96&d=mm&r=g","caption":"istoreadm"},"url":"https:\/\/ispace.md\/blog\/author\/istoreadm\/"}]}},"frontimg":"https:\/\/ispace.md\/blog\/wp-content\/uploads\/2025\/06\/Snimok-ekrana-2025-06-09-v-16.43.24-320x220.png","frontimglarge":"https:\/\/ispace.md\/blog\/wp-content\/uploads\/2025\/06\/Snimok-ekrana-2025-06-09-v-16.43.24-730x300.png","acf":{"select_banner_style":"0","select_sidebar":"0","axil_post_review_box":false,"bage":"WWDC 2025","subtitle":"Principalul eveniment Apple"},"_links":{"self":[{"href":"https:\/\/ispace.md\/blog\/wp-json\/wp\/v2\/posts\/9037"}],"collection":[{"href":"https:\/\/ispace.md\/blog\/wp-json\/wp\/v2\/posts"}],"about":[{"href":"https:\/\/ispace.md\/blog\/wp-json\/wp\/v2\/types\/post"}],"author":[{"embeddable":true,"href":"https:\/\/ispace.md\/blog\/wp-json\/wp\/v2\/users\/1"}],"replies":[{"embeddable":true,"href":"https:\/\/ispace.md\/blog\/wp-json\/wp\/v2\/comments?post=9037"}],"version-history":[{"count":8,"href":"https:\/\/ispace.md\/blog\/wp-json\/wp\/v2\/posts\/9037\/revisions"}],"predecessor-version":[{"id":9051,"href":"https:\/\/ispace.md\/blog\/wp-json\/wp\/v2\/posts\/9037\/revisions\/9051"}],"wp:featuredmedia":[{"embeddable":true,"href":"https:\/\/ispace.md\/blog\/wp-json\/wp\/v2\/media\/9035"}],"wp:attachment":[{"href":"https:\/\/ispace.md\/blog\/wp-json\/wp\/v2\/media?parent=9037"}],"wp:term":[{"taxonomy":"category","embeddable":true,"href":"https:\/\/ispace.md\/blog\/wp-json\/wp\/v2\/categories?post=9037"},{"taxonomy":"post_tag","embeddable":true,"href":"https:\/\/ispace.md\/blog\/wp-json\/wp\/v2\/tags?post=9037"}],"curies":[{"name":"wp","href":"https:\/\/api.w.org\/{rel}","templated":true}]}}