{"id":9449,"date":"2025-09-10T11:41:38","date_gmt":"2025-09-10T08:41:38","guid":{"rendered":"https:\/\/ispace.md\/blog\/?p=9449"},"modified":"2025-09-10T16:49:31","modified_gmt":"2025-09-10T13:49:31","slug":"ce-a-prezentat-compania-apple-la-principala-conferinta-din-2025","status":"publish","type":"post","link":"https:\/\/ispace.md\/blog\/ce-a-prezentat-compania-apple-la-principala-conferinta-din-2025\/","title":{"rendered":"Ce a prezentat compania Apple la principala conferin\u021b\u0103 din 2025?"},"content":{"rendered":"<p><b><span data-contrast=\"auto\">9 septembrie 2025 &#8211; mul\u021bi au a\u0219teptat aceast\u0103 zi mai mult dec\u00e2t propria aniversare. \u00cen acea zi, Apple a organizat prezentarea tradi\u021bional\u0103 de toamn\u0103, \u00een cadrul c\u0103reia a lansat cele mai noi produse. Dac\u0103 a\u021bi ratat evenimentul, iat\u0103 ce trebuie s\u0103 \u0219ti\u021bi despre dispozitivele care cuceresc acum lumea.<\/span><\/b><span data-ccp-props=\"{&quot;335559739&quot;:200}\">\u00a0<\/span><\/p>\n<h2 aria-level=\"2\"><span data-contrast=\"auto\">AirPods Pro 3 cu cel mai bun sistem de anulare activ\u0103 a zgomotului din lume<\/span><span data-ccp-props=\"{&quot;134245418&quot;:true,&quot;134245529&quot;:true,&quot;335559738&quot;:360,&quot;335559739&quot;:200}\">\u00a0<\/span><\/h2>\n<p><span data-contrast=\"auto\">AirPods Pro de a treia genera\u021bie ofer\u0103 un sunet \u0219i mai rafinat, dimensiuni mai compacte \u0219i o fixare mai sigur\u0103 datorit\u0103 formei \u00eembun\u0103t\u0103\u021bite \u0219i gamei extinse de dopuri auriculare \u2013 cinci m\u0103rimi! AirPods Pro 3 au primit cea mai ampl\u0103 actualizare din \u00eentreaga istorie a acestor c\u0103\u0219ti.<\/span><span data-ccp-props=\"{&quot;335559739&quot;:200}\">\u00a0<\/span><\/p>\n<p><img loading=\"lazy\" class=\"aligncenter wp-image-9430 size-full\" src=\"https:\/\/ispace.md\/blog\/wp-content\/uploads\/2025\/09\/2.png\" alt=\"Apple\" width=\"2426\" height=\"1364\" srcset=\"https:\/\/ispace.md\/blog\/wp-content\/uploads\/2025\/09\/2.png 2426w, https:\/\/ispace.md\/blog\/wp-content\/uploads\/2025\/09\/2-400x225.png 400w, https:\/\/ispace.md\/blog\/wp-content\/uploads\/2025\/09\/2-1024x576.png 1024w, https:\/\/ispace.md\/blog\/wp-content\/uploads\/2025\/09\/2-768x432.png 768w, https:\/\/ispace.md\/blog\/wp-content\/uploads\/2025\/09\/2-1536x864.png 1536w, https:\/\/ispace.md\/blog\/wp-content\/uploads\/2025\/09\/2-2048x1151.png 2048w\" sizes=\"(max-width: 2426px) 100vw, 2426px\" \/><\/p>\n<ul>\n<li><b><span data-contrast=\"auto\">Anularea activ\u0103 a zgomotului<\/span><\/b><span data-contrast=\"auto\"> func\u021bioneaz\u0103 de dou\u0103 ori mai bine dec\u00e2t la AirPods Pro 2 \u0219i de patru ori mai bine dec\u00e2t la prima genera\u021bie AirPods Pro. Potrivit Apple, aceasta este cea mai eficient\u0103 tehnologie de reducere a zgomotului disponibil\u0103 \u00een prezent la c\u0103\u0219tile wireless in-ear.<\/span><span data-ccp-props=\"{&quot;335559739&quot;:200}\">\u00a0<\/span><\/li>\n<li><span data-contrast=\"auto\">AirPods Pro 3 pot <\/span><b><span data-contrast=\"auto\">traduce texte \u00een timp real<\/span><\/b><span data-contrast=\"auto\"> prin Apple Intelligence: este suficient s\u0103 le purta\u021bi \u0219i s\u0103 \u00eencepe\u021bi conversa\u021bia. Iar dac\u0103 interlocutorul nu are AirPods, transcrierea dialogului poate fi afi\u0219at\u0103 direct pe ecranul iPhone-ului.<\/span><span data-ccp-props=\"{&quot;335559739&quot;:200}\">\u00a0<\/span><\/li>\n<li><span data-contrast=\"auto\">Pentru prima dat\u0103, AirPods pot <\/span><b><span data-contrast=\"auto\">m\u0103sura pulsul \u00een timpul antrenamentelor<\/span><\/b><span data-contrast=\"auto\"> \u2013 astfel, nu mai este obligatoriu s\u0103 merge\u021bi la sal\u0103 cu Apple Watch. Indicatorii pot fi urm\u0103ri\u021bi comod \u00een aplica\u021bia Fitness de pe iPhone.<\/span><span data-ccp-props=\"{&quot;335559739&quot;:200}\">\u00a0<\/span><\/li>\n<li><b><span data-contrast=\"auto\">Aproximativ 50 de tipuri de antrenamente<\/span><\/b><span data-contrast=\"auto\"> pot fi monitorizate prin c\u0103\u0219ti, chiar \u0219i f\u0103r\u0103 Apple Watch.<\/span><span data-ccp-props=\"{&quot;335559739&quot;:200}\">\u00a0<\/span><\/li>\n<li><b><span data-contrast=\"auto\">Protec\u021bie \u00eempotriva umezelii<\/span><\/b><span data-contrast=\"auto\"> conform standardului IP57.<\/span><span data-ccp-props=\"{&quot;335559739&quot;:200}\">\u00a0<\/span><\/li>\n<li><b><span data-contrast=\"auto\">Autonomie excelent\u0103<\/span><\/b><span data-contrast=\"auto\">: p\u00e2n\u0103 la 8 ore cu anularea zgomotului activat\u0103 \u0219i p\u00e2n\u0103 la 10 ore \u00een modul \u201etransparen\u021b\u0103\u201d. Aceasta \u00eenseamn\u0103 cu 33% mai mult dec\u00e2t la modelul anterior.<\/span><span data-ccp-props=\"{&quot;335559739&quot;:200}\">\u00a0<\/span><\/li>\n<\/ul>\n<p><img loading=\"lazy\" class=\"aligncenter wp-image-9431 size-full\" src=\"https:\/\/ispace.md\/blog\/wp-content\/uploads\/2025\/09\/3.png\" alt=\"\" width=\"2426\" height=\"1364\" srcset=\"https:\/\/ispace.md\/blog\/wp-content\/uploads\/2025\/09\/3.png 2426w, https:\/\/ispace.md\/blog\/wp-content\/uploads\/2025\/09\/3-400x225.png 400w, https:\/\/ispace.md\/blog\/wp-content\/uploads\/2025\/09\/3-1024x576.png 1024w, https:\/\/ispace.md\/blog\/wp-content\/uploads\/2025\/09\/3-768x432.png 768w, https:\/\/ispace.md\/blog\/wp-content\/uploads\/2025\/09\/3-1536x864.png 1536w, https:\/\/ispace.md\/blog\/wp-content\/uploads\/2025\/09\/3-2048x1151.png 2048w\" sizes=\"(max-width: 2426px) 100vw, 2426px\" \/><\/p>\n<h2 aria-level=\"2\"><span data-contrast=\"auto\">Apple Watch Series 11 cu func\u021bii \u00eembun\u0103t\u0103\u021bite pentru s\u0103n\u0103tate<\/span><span data-ccp-props=\"{&quot;134245418&quot;:true,&quot;134245529&quot;:true,&quot;335559738&quot;:360,&quot;335559739&quot;:200}\">\u00a0<\/span><\/h2>\n<p><span data-contrast=\"auto\">Pentru a v\u0103 \u00een\u021belege mai bine starea de s\u0103n\u0103tate \u0219i a r\u0103m\u00e2ne conectat la lume, este suficient s\u0103 purta\u021bi Apple Watch la \u00eencheietur\u0103. Noul model poate detecta primele semne de hipertensiune \u0219i ofer\u0103 acum suport pentru conexiunea 5G. Este disponibil \u00een dou\u0103 dimensiuni \u2013 42 \u0219i 46 mm. \u00cens\u0103 nout\u0103\u021bile nu se opresc aici.<\/span><span data-ccp-props=\"{&quot;335559739&quot;:200}\">\u00a0<\/span><\/p>\n<p><img loading=\"lazy\" class=\"aligncenter wp-image-9432 size-full\" src=\"https:\/\/ispace.md\/blog\/wp-content\/uploads\/2025\/09\/4.png\" alt=\"Apple\" width=\"2426\" height=\"1364\" srcset=\"https:\/\/ispace.md\/blog\/wp-content\/uploads\/2025\/09\/4.png 2426w, https:\/\/ispace.md\/blog\/wp-content\/uploads\/2025\/09\/4-400x225.png 400w, https:\/\/ispace.md\/blog\/wp-content\/uploads\/2025\/09\/4-1024x576.png 1024w, https:\/\/ispace.md\/blog\/wp-content\/uploads\/2025\/09\/4-768x432.png 768w, https:\/\/ispace.md\/blog\/wp-content\/uploads\/2025\/09\/4-1536x864.png 1536w, https:\/\/ispace.md\/blog\/wp-content\/uploads\/2025\/09\/4-2048x1151.png 2048w\" sizes=\"(max-width: 2426px) 100vw, 2426px\" \/><\/p>\n<ul>\n<li><span data-contrast=\"auto\">Ecranul este \u0219i mai rezistent la zg\u00e2rieturi. Versiunile din aluminiu sunt echipate cu <\/span><b><span data-contrast=\"auto\">sticla unic\u0103 Ion-X cu strat ceramic<\/span><\/b><span data-contrast=\"auto\">, iar cele din titan r\u0103m\u00e2n protejate de sticla extrem de durabil\u0103 din safir.<\/span><span data-ccp-props=\"{&quot;335559739&quot;:200}\">\u00a0<\/span><\/li>\n<li><span data-contrast=\"auto\">Senzorul optic pentru monitorizarea ritmului cardiac poate <\/span><b><span data-contrast=\"auto\">identifica primele semne de hipertensiune<\/span><\/b><span data-contrast=\"auto\">. Dac\u0103 tensiunea arterial\u0103 cre\u0219te, utilizatorul prime\u0219te imediat o notificare.<\/span><span data-ccp-props=\"{&quot;335559739&quot;:200}\">\u00a0<\/span><\/li>\n<li><b><span data-contrast=\"auto\">Noul sistem de monitorizare<\/span><\/b><span data-contrast=\"auto\"> a somnului colecteaz\u0103 date \u00een timpul odihnei: puls, temperatura \u00eencheieturii, frecven\u021ba respira\u021biei \u0219i al\u021bi parametri. Ceasul poate urm\u0103ri durata \u0219i fazele somnului f\u0103r\u0103 aplica\u021bii externe, iar acum aceste informa\u021bii sunt afi\u0219ate \u00eentr-o interfa\u021b\u0103 mai clar\u0103 \u0219i mai intuitiv\u0103. Toate acestea contribuie la adoptarea unor obiceiuri mai s\u0103n\u0103toase \u0219i la un somn mai odihnitor.<\/span><span data-ccp-props=\"{&quot;335559739&quot;:200}\">\u00a0<\/span><\/li>\n<li><span data-contrast=\"auto\">Autonomia a fost \u00eembun\u0103t\u0103\u021bit\u0103: <\/span><b><span data-contrast=\"auto\">p\u00e2n\u0103 la 24 de ore<\/span><\/b><span data-contrast=\"auto\"> de func\u021bionare, iar datorit\u0103 \u00eenc\u0103rc\u0103rii rapide, \u00een doar 15 minute Apple Watch se \u00eencarc\u0103 suficient pentru 8 ore de utilizare.<\/span><span data-ccp-props=\"{&quot;335559739&quot;:200}\">\u00a0<\/span><\/li>\n<\/ul>\n<p><img loading=\"lazy\" class=\"aligncenter wp-image-9433 size-full\" src=\"https:\/\/ispace.md\/blog\/wp-content\/uploads\/2025\/09\/5.png\" alt=\"\" width=\"2426\" height=\"1364\" srcset=\"https:\/\/ispace.md\/blog\/wp-content\/uploads\/2025\/09\/5.png 2426w, https:\/\/ispace.md\/blog\/wp-content\/uploads\/2025\/09\/5-400x225.png 400w, https:\/\/ispace.md\/blog\/wp-content\/uploads\/2025\/09\/5-1024x576.png 1024w, https:\/\/ispace.md\/blog\/wp-content\/uploads\/2025\/09\/5-768x432.png 768w, https:\/\/ispace.md\/blog\/wp-content\/uploads\/2025\/09\/5-1536x864.png 1536w, https:\/\/ispace.md\/blog\/wp-content\/uploads\/2025\/09\/5-2048x1151.png 2048w\" sizes=\"(max-width: 2426px) 100vw, 2426px\" \/><\/p>\n<h2 aria-level=\"2\"><span data-contrast=\"auto\">Apple Watch SE 3: acum cu suport pentru Always-On Display<\/span><span data-ccp-props=\"{&quot;134245418&quot;:true,&quot;134245529&quot;:true,&quot;335559738&quot;:360,&quot;335559739&quot;:200}\">\u00a0<\/span><\/h2>\n<p><span data-contrast=\"auto\">A treia genera\u021bie de Apple Watch SE vine cu un set de func\u021bii mai avansat comparativ cu modelul anterior. Noul model ruleaz\u0103 pe procesorul S10, care permite suportul pentru Always-On Display \u0219i control prin gesturi. De exemplu, func\u021bia Double Tap, disponibil\u0103 anterior doar pe modelele premium, este acum integrat\u0103 \u00een \u00eentreaga gam\u0103.<\/span><span data-ccp-props=\"{&quot;335559739&quot;:200}\">\u00a0<\/span><\/p>\n<ul>\n<li><b><span data-contrast=\"auto\">Sticla de protec\u021bie Ion-X<\/span><\/b><span data-contrast=\"auto\"> este de patru ori mai rezistent\u0103 dec\u00e2t la Apple Watch SE 2.<\/span><span data-ccp-props=\"{&quot;335559739&quot;:200}\">\u00a0<\/span><\/li>\n<li><b><span data-contrast=\"auto\">Autonomia ajunge p\u00e2n\u0103 la 18 ore <\/span><\/b><span data-contrast=\"auto\">f\u0103r\u0103 re\u00eenc\u0103rcare, chiar \u0219i cu Always-On Display activat.<\/span><span data-ccp-props=\"{&quot;335559739&quot;:200}\">\u00a0<\/span><\/li>\n<li><span data-contrast=\"auto\">Suportul pentru conexiunea celular\u0103 <\/span><b><span data-contrast=\"auto\">5G <\/span><\/b><span data-contrast=\"auto\">asigur\u0103 o conectivitate mai rapid\u0103 \u0219i mai stabil\u0103.<\/span><span data-ccp-props=\"{&quot;335559739&quot;:200}\">\u00a0<\/span><\/li>\n<li><span data-contrast=\"auto\">Un set <\/span><b><span data-contrast=\"auto\">complex de func\u021bii pentru s\u0103n\u0103tate<\/span><\/b><span data-contrast=\"auto\">, printre care monitorizarea somnului, senzorul de temperatur\u0103 la \u00eencheietur\u0103, notific\u0103ri privind apneea \u0219i multe altele.<\/span><span data-ccp-props=\"{&quot;335559739&quot;:200}\">\u00a0<\/span><\/li>\n<\/ul>\n<p><img loading=\"lazy\" class=\"aligncenter wp-image-9434 size-full\" src=\"https:\/\/ispace.md\/blog\/wp-content\/uploads\/2025\/09\/66.png\" alt=\"Apple\" width=\"2426\" height=\"1364\" srcset=\"https:\/\/ispace.md\/blog\/wp-content\/uploads\/2025\/09\/66.png 2426w, https:\/\/ispace.md\/blog\/wp-content\/uploads\/2025\/09\/66-400x225.png 400w, https:\/\/ispace.md\/blog\/wp-content\/uploads\/2025\/09\/66-1024x576.png 1024w, https:\/\/ispace.md\/blog\/wp-content\/uploads\/2025\/09\/66-768x432.png 768w, https:\/\/ispace.md\/blog\/wp-content\/uploads\/2025\/09\/66-1536x864.png 1536w, https:\/\/ispace.md\/blog\/wp-content\/uploads\/2025\/09\/66-2048x1151.png 2048w\" sizes=\"(max-width: 2426px) 100vw, 2426px\" \/><\/p>\n<h2 aria-level=\"2\"><span data-contrast=\"auto\">Apple Watch Ultra 3 cu autonomie record<\/span><span data-ccp-props=\"{&quot;134245418&quot;:true,&quot;134245529&quot;:true,&quot;335559738&quot;:360,&quot;335559739&quot;:200}\">\u00a0<\/span><\/h2>\n<p><span data-contrast=\"auto\">Cel mai \u201eextrem\u201d model din gam\u0103 devine \u0219i mai performant. Ecranul este acum mai mare \u0219i mai luminos, iar marginile au fost reduse. Totu\u0219i, cele mai importante nout\u0103\u021bi se reg\u0103sesc \u00een interiorul carcasei.<\/span><span data-ccp-props=\"{&quot;335559739&quot;:200}\">\u00a0<\/span><\/p>\n<p><img loading=\"lazy\" class=\"aligncenter wp-image-9435 size-full\" src=\"https:\/\/ispace.md\/blog\/wp-content\/uploads\/2025\/09\/7.png\" alt=\"\" width=\"2426\" height=\"1364\" srcset=\"https:\/\/ispace.md\/blog\/wp-content\/uploads\/2025\/09\/7.png 2426w, https:\/\/ispace.md\/blog\/wp-content\/uploads\/2025\/09\/7-400x225.png 400w, https:\/\/ispace.md\/blog\/wp-content\/uploads\/2025\/09\/7-1024x576.png 1024w, https:\/\/ispace.md\/blog\/wp-content\/uploads\/2025\/09\/7-768x432.png 768w, https:\/\/ispace.md\/blog\/wp-content\/uploads\/2025\/09\/7-1536x864.png 1536w, https:\/\/ispace.md\/blog\/wp-content\/uploads\/2025\/09\/7-2048x1151.png 2048w\" sizes=\"(max-width: 2426px) 100vw, 2426px\" \/><\/p>\n<ul>\n<li aria-setsize=\"-1\" data-leveltext=\"\u25cf\" data-font=\"\" data-listid=\"8\" data-list-defn-props=\"{&quot;335552541&quot;:1,&quot;335559685&quot;:720,&quot;335559991&quot;:360,&quot;469769242&quot;:[8226],&quot;469777803&quot;:&quot;left&quot;,&quot;469777804&quot;:&quot;\u25cf&quot;,&quot;469777815&quot;:&quot;multilevel&quot;}\" data-aria-posinset=\"1\" data-aria-level=\"1\"><span data-contrast=\"auto\">A ap\u0103rut <\/span><b><span data-contrast=\"auto\">suportul pentru conexiune prin satelit<\/span><\/b><span data-contrast=\"auto\">, care func\u021bioneaz\u0103 independent, f\u0103r\u0103 iPhone. Chiar \u0219i f\u0103r\u0103 re\u021bea, utilizatorul poate trimite loca\u021bia sau mesaje rudelor \u0219i serviciilor de salvare. Totu\u0219i, aceast\u0103 op\u021biune nu este disponibil\u0103 deocamdat\u0103 \u00een toate \u021b\u0103rile.<\/span><span data-ccp-props=\"{&quot;335559739&quot;:200}\">\u00a0<\/span><\/li>\n<\/ul>\n<ul>\n<li aria-setsize=\"-1\" data-leveltext=\"\u25cf\" data-font=\"\" data-listid=\"8\" data-list-defn-props=\"{&quot;335552541&quot;:1,&quot;335559685&quot;:720,&quot;335559991&quot;:360,&quot;469769242&quot;:[8226],&quot;469777803&quot;:&quot;left&quot;,&quot;469777804&quot;:&quot;\u25cf&quot;,&quot;469777815&quot;:&quot;multilevel&quot;}\" data-aria-posinset=\"2\" data-aria-level=\"1\"><b><span data-contrast=\"auto\">Au fost introduse notific\u0103ri privind semnele de hipertensiune cronic\u0103<\/span><\/b><span data-contrast=\"auto\">, care adesea se manifest\u0103 f\u0103r\u0103 simptome vizibile.<\/span><span data-ccp-props=\"{&quot;335559739&quot;:200}\">\u00a0<\/span><\/li>\n<\/ul>\n<ul>\n<li aria-setsize=\"-1\" data-leveltext=\"\u25cf\" data-font=\"\" data-listid=\"8\" data-list-defn-props=\"{&quot;335552541&quot;:1,&quot;335559685&quot;:720,&quot;335559991&quot;:360,&quot;469769242&quot;:[8226],&quot;469777803&quot;:&quot;left&quot;,&quot;469777804&quot;:&quot;\u25cf&quot;,&quot;469777815&quot;:&quot;multilevel&quot;}\" data-aria-posinset=\"3\" data-aria-level=\"1\"><b><span data-contrast=\"auto\">Func\u021bii noi<\/span><\/b><span data-contrast=\"auto\"> pentru analiza somnului \u0219i Workout Buddy \u2013 un asistent bazat pe Apple Intelligence, ce ofer\u0103 recomand\u0103ri personalizate \u00een stilul unui antrenor de fitness. R\u0103m\u00e2n active \u0219i func\u021biile deja cunoscute: alerte pentru ritm cardiac neregulat, apnee \u00een somn, precum \u0219i senzori pentru ECG, nivelul de oxigen din s\u00e2nge \u0219i altele.<\/span><span data-ccp-props=\"{&quot;335559739&quot;:200}\">\u00a0<\/span><\/li>\n<\/ul>\n<ul>\n<li aria-setsize=\"-1\" data-leveltext=\"\u25cf\" data-font=\"\" data-listid=\"8\" data-list-defn-props=\"{&quot;335552541&quot;:1,&quot;335559685&quot;:720,&quot;335559991&quot;:360,&quot;469769242&quot;:[8226],&quot;469777803&quot;:&quot;left&quot;,&quot;469777804&quot;:&quot;\u25cf&quot;,&quot;469777815&quot;:&quot;multilevel&quot;}\" data-aria-posinset=\"4\" data-aria-level=\"1\"><b><span data-contrast=\"auto\">Autonomie de p\u00e2n\u0103 la 42 de ore f\u0103r\u0103 \u00eenc\u0103rcare<\/span><\/b><span data-contrast=\"auto\">. \u00cen modul de economisire a energiei \u2013 p\u00e2n\u0103 la 72 de ore.<\/span><span data-ccp-props=\"{&quot;335559739&quot;:200}\">\u00a0<\/span><\/li>\n<\/ul>\n<ul>\n<li aria-setsize=\"-1\" data-leveltext=\"\u25cf\" data-font=\"\" data-listid=\"8\" data-list-defn-props=\"{&quot;335552541&quot;:1,&quot;335559685&quot;:720,&quot;335559991&quot;:360,&quot;469769242&quot;:[8226],&quot;469777803&quot;:&quot;left&quot;,&quot;469777804&quot;:&quot;\u25cf&quot;,&quot;469777815&quot;:&quot;multilevel&quot;}\" data-aria-posinset=\"5\" data-aria-level=\"1\"><span data-contrast=\"auto\">Chip S10, conexiune <\/span><b><span data-contrast=\"auto\">5G <\/span><\/b><span data-contrast=\"auto\">\u0219i cel mai precis GPS dintre toate ceasurile sportive.<\/span><span data-ccp-props=\"{&quot;335559739&quot;:200}\">\u00a0<\/span><\/li>\n<\/ul>\n<p><img loading=\"lazy\" class=\"aligncenter wp-image-9436 size-full\" src=\"https:\/\/ispace.md\/blog\/wp-content\/uploads\/2025\/09\/8.jpg\" alt=\"Apple\" width=\"1500\" height=\"843\" srcset=\"https:\/\/ispace.md\/blog\/wp-content\/uploads\/2025\/09\/8.jpg 1500w, https:\/\/ispace.md\/blog\/wp-content\/uploads\/2025\/09\/8-400x225.jpg 400w, https:\/\/ispace.md\/blog\/wp-content\/uploads\/2025\/09\/8-1024x575.jpg 1024w, https:\/\/ispace.md\/blog\/wp-content\/uploads\/2025\/09\/8-768x432.jpg 768w\" sizes=\"(max-width: 1500px) 100vw, 1500px\" \/><\/p>\n<h2 aria-level=\"2\"><span data-contrast=\"auto\">iPhone 17 cu rat\u0103 dinamic\u0103 de re\u00eemprosp\u0103tare a ecranului de p\u00e2n\u0103 la 120 Hz<\/span><span data-ccp-props=\"{&quot;134245418&quot;:true,&quot;134245529&quot;:true,&quot;335559738&quot;:360,&quot;335559739&quot;:200}\">\u00a0<\/span><\/h2>\n<p><span data-contrast=\"auto\">Designul r\u0103m\u00e2ne neschimbat, \u00eens\u0103 au ap\u0103rut culori noi, iar dimensiunea ecranului a crescut la 6,3 inci (la iPhone 16 era de 6,1). Acest smartphone va fi pe placul amatorilor de selfie \u0219i al creatorilor de con\u021binut \u2013 \u0219i pe bun\u0103 dreptate.<\/span><span data-ccp-props=\"{&quot;335559739&quot;:200}\">\u00a0<\/span><\/p>\n<p><img loading=\"lazy\" class=\"aligncenter wp-image-9438 size-full\" src=\"https:\/\/ispace.md\/blog\/wp-content\/uploads\/2025\/09\/9.png\" alt=\"\" width=\"2426\" height=\"1364\" srcset=\"https:\/\/ispace.md\/blog\/wp-content\/uploads\/2025\/09\/9.png 2426w, https:\/\/ispace.md\/blog\/wp-content\/uploads\/2025\/09\/9-400x225.png 400w, https:\/\/ispace.md\/blog\/wp-content\/uploads\/2025\/09\/9-1024x576.png 1024w, https:\/\/ispace.md\/blog\/wp-content\/uploads\/2025\/09\/9-768x432.png 768w, https:\/\/ispace.md\/blog\/wp-content\/uploads\/2025\/09\/9-1536x864.png 1536w, https:\/\/ispace.md\/blog\/wp-content\/uploads\/2025\/09\/9-2048x1151.png 2048w\" sizes=\"(max-width: 2426px) 100vw, 2426px\" \/><\/p>\n<ul>\n<li aria-setsize=\"-1\" data-leveltext=\"\u25cf\" data-font=\"\" data-listid=\"5\" data-list-defn-props=\"{&quot;335552541&quot;:1,&quot;335559685&quot;:720,&quot;335559991&quot;:360,&quot;469769242&quot;:[8226],&quot;469777803&quot;:&quot;left&quot;,&quot;469777804&quot;:&quot;\u25cf&quot;,&quot;469777815&quot;:&quot;multilevel&quot;}\" data-aria-posinset=\"1\" data-aria-level=\"1\"><b><span data-contrast=\"auto\">Camer\u0103 frontal\u0103 \u00eembun\u0103t\u0103\u021bit\u0103<\/span><\/b><span data-contrast=\"auto\"> Center Stage a fost actualizat\u0103 la o rezolu\u021bie de 18 MP. Este echipat\u0103 cu un senzor p\u0103trat, care permite m\u0103rirea \u0219i rotirea imaginii, oferind flexibilitate pentru selfie-uri \u0219i \u00eenregistr\u0103ri video. De asemenea, dispune de stabilizare pentru film\u0103ri fluide \u00een mi\u0219care.<\/span><span data-ccp-props=\"{&quot;335559739&quot;:200}\">\u00a0<\/span><\/li>\n<\/ul>\n<ul>\n<li aria-setsize=\"-1\" data-leveltext=\"\u25cf\" data-font=\"\" data-listid=\"5\" data-list-defn-props=\"{&quot;335552541&quot;:1,&quot;335559685&quot;:720,&quot;335559991&quot;:360,&quot;469769242&quot;:[8226],&quot;469777803&quot;:&quot;left&quot;,&quot;469777804&quot;:&quot;\u25cf&quot;,&quot;469777815&quot;:&quot;multilevel&quot;}\" data-aria-posinset=\"2\" data-aria-level=\"1\"><b><span data-contrast=\"auto\">Noua camer\u0103 ultra-wide de 48 MP <\/span><\/b><span data-contrast=\"auto\">surprinde mai bine cadre ample \u0219i peisaje panoramice, iar fotografiile macro devin mai clare. A doua camer\u0103, de 12 MP, ofer\u0103 zoom optic 2x pentru apropiere dubl\u0103.<\/span><span data-ccp-props=\"{&quot;335559739&quot;:200}\">\u00a0<\/span><\/li>\n<\/ul>\n<p><img loading=\"lazy\" class=\"aligncenter wp-image-9439 size-full\" src=\"https:\/\/ispace.md\/blog\/wp-content\/uploads\/2025\/09\/10.png\" alt=\"Apple\" width=\"2426\" height=\"1364\" srcset=\"https:\/\/ispace.md\/blog\/wp-content\/uploads\/2025\/09\/10.png 2426w, https:\/\/ispace.md\/blog\/wp-content\/uploads\/2025\/09\/10-400x225.png 400w, https:\/\/ispace.md\/blog\/wp-content\/uploads\/2025\/09\/10-1024x576.png 1024w, https:\/\/ispace.md\/blog\/wp-content\/uploads\/2025\/09\/10-768x432.png 768w, https:\/\/ispace.md\/blog\/wp-content\/uploads\/2025\/09\/10-1536x864.png 1536w, https:\/\/ispace.md\/blog\/wp-content\/uploads\/2025\/09\/10-2048x1151.png 2048w\" sizes=\"(max-width: 2426px) 100vw, 2426px\" \/><\/p>\n<ul>\n<li><span data-contrast=\"auto\">Func\u021bia Dual Capture permite <\/span><b><span data-contrast=\"auto\">\u00eenregistrarea simultan\u0103 cu dou\u0103 camere<\/span><\/b><span data-contrast=\"auto\"> \u2013 cea principal\u0103 \u0219i cea frontal\u0103.<\/span><span data-ccp-props=\"{&quot;335559739&quot;:200}\">\u00a0<\/span><\/li>\n<li><b><span data-contrast=\"auto\">Ecran OLED <\/span><\/b><span data-contrast=\"auto\">cu luminozitate de p\u00e2n\u0103 la 3000 ni\u021bi.<\/span><span data-ccp-props=\"{&quot;335559739&quot;:200}\">\u00a0<\/span><\/li>\n<li><b><span data-contrast=\"auto\">ProMotion<\/span><\/b><span data-contrast=\"auto\">, cu rat\u0103 de re\u00eemprosp\u0103tare de p\u00e2n\u0103 la 120 Hz, este o noutate mult a\u0219teptat\u0103 pe modelele de baz\u0103 iPhone. P\u00e2n\u0103 acum, aceast\u0103 tehnologie era disponibil\u0103 doar pe modelele profesionale iPhone, iPad \u0219i Mac.<\/span><span data-ccp-props=\"{&quot;335559739&quot;:200}\">\u00a0<\/span><\/li>\n<li><span data-contrast=\"auto\">Func\u021bia <\/span><b><span data-contrast=\"auto\">Always-On Display<\/span><\/b><span data-contrast=\"auto\"> este, de asemenea, disponibil\u0103.<\/span><span data-ccp-props=\"{&quot;335559739&quot;:200}\">\u00a0<\/span><\/li>\n<li><b><span data-contrast=\"auto\">Sticl\u0103 de protec\u021bie Ceramic Shield 2<\/span><\/b><span data-contrast=\"auto\">, cu rezisten\u021b\u0103 sporit\u0103 la zg\u00e2rieturi \u0219i strat anti-reflexie.<\/span><span data-ccp-props=\"{&quot;335559739&quot;:200}\">\u00a0<\/span><\/li>\n<li><b><span data-contrast=\"auto\">Chip A19 <\/span><\/b><span data-contrast=\"auto\">cu 6 nuclee CPU \u0219i 5 nuclee GPU.<\/span><span data-ccp-props=\"{&quot;335559739&quot;:200}\">\u00a0<\/span><\/li>\n<li><b><span data-contrast=\"auto\">Autonomie de p\u00e2n\u0103 la 30 de ore de redare video<\/span><\/b><span data-contrast=\"auto\"> \u2013 cu 8 ore mai mult dec\u00e2t iPhone 16. O durat\u0103 de func\u021bionare \u00eendelungat\u0103, mereu dorit\u0103 la un smartphone, aici aduce un plus de 36%.<\/span><span data-ccp-props=\"{&quot;335559739&quot;:200}\">\u00a0<\/span><\/li>\n<li><b><span data-contrast=\"auto\">Capacit\u0103\u021bi de stocare<\/span><\/b><span data-contrast=\"auto\">: 256 GB \u0219i 512 GB.<\/span><span data-ccp-props=\"{&quot;335559739&quot;:200}\">\u00a0<\/span><\/li>\n<\/ul>\n<p><img loading=\"lazy\" class=\"aligncenter wp-image-9440 size-full\" src=\"https:\/\/ispace.md\/blog\/wp-content\/uploads\/2025\/09\/11.png\" alt=\"\" width=\"2426\" height=\"1350\" srcset=\"https:\/\/ispace.md\/blog\/wp-content\/uploads\/2025\/09\/11.png 2426w, https:\/\/ispace.md\/blog\/wp-content\/uploads\/2025\/09\/11-400x223.png 400w, https:\/\/ispace.md\/blog\/wp-content\/uploads\/2025\/09\/11-1024x570.png 1024w, https:\/\/ispace.md\/blog\/wp-content\/uploads\/2025\/09\/11-768x427.png 768w, https:\/\/ispace.md\/blog\/wp-content\/uploads\/2025\/09\/11-1536x855.png 1536w, https:\/\/ispace.md\/blog\/wp-content\/uploads\/2025\/09\/11-2048x1140.png 2048w\" sizes=\"(max-width: 2426px) 100vw, 2426px\" \/><\/p>\n<h2 aria-level=\"2\"><span data-contrast=\"auto\">iPhone Air \u2013 o premier\u0103 \u00een gam\u0103<\/span><span data-ccp-props=\"{&quot;134245418&quot;:true,&quot;134245529&quot;:true,&quot;335559738&quot;:360,&quot;335559739&quot;:200}\">\u00a0<\/span><\/h2>\n<p><span data-contrast=\"auto\">Aten\u021bie: nu iPhone 17 Air, ci pur \u0219i simplu iPhone Air. F\u0103r\u0103 cifre. Este cel mai sub\u021bire smartphone din gam\u0103: doar 5,6 mm grosime. \u00cen acela\u0219i timp, are o carcas\u0103 rezistent\u0103 din titan \u0219i o performan\u021b\u0103 impresionant\u0103.<\/span><span data-ccp-props=\"{&quot;335559739&quot;:200}\">\u00a0<\/span><\/p>\n<p><img loading=\"lazy\" class=\"aligncenter wp-image-9441 size-full\" src=\"https:\/\/ispace.md\/blog\/wp-content\/uploads\/2025\/09\/12.png\" alt=\"Apple\" width=\"2426\" height=\"1350\" srcset=\"https:\/\/ispace.md\/blog\/wp-content\/uploads\/2025\/09\/12.png 2426w, https:\/\/ispace.md\/blog\/wp-content\/uploads\/2025\/09\/12-400x223.png 400w, https:\/\/ispace.md\/blog\/wp-content\/uploads\/2025\/09\/12-1024x570.png 1024w, https:\/\/ispace.md\/blog\/wp-content\/uploads\/2025\/09\/12-768x427.png 768w, https:\/\/ispace.md\/blog\/wp-content\/uploads\/2025\/09\/12-1536x855.png 1536w, https:\/\/ispace.md\/blog\/wp-content\/uploads\/2025\/09\/12-2048x1140.png 2048w\" sizes=\"(max-width: 2426px) 100vw, 2426px\" \/><\/p>\n<ul>\n<li aria-setsize=\"-1\" data-leveltext=\"\u25cf\" data-font=\"\" data-listid=\"7\" data-list-defn-props=\"{&quot;335552541&quot;:1,&quot;335559685&quot;:720,&quot;335559991&quot;:360,&quot;469769242&quot;:[8226],&quot;469777803&quot;:&quot;left&quot;,&quot;469777804&quot;:&quot;\u25cf&quot;,&quot;469777815&quot;:&quot;multilevel&quot;}\" data-aria-posinset=\"1\" data-aria-level=\"1\"><b><span data-contrast=\"auto\">Ecran Super Retina XDR<\/span><\/b><span data-contrast=\"auto\"> cu diagonala de 6,5 inci \u0219i luminozitate de p\u00e2n\u0103 la 3000 ni\u021bi.<\/span><span data-ccp-props=\"{&quot;335559739&quot;:200}\">\u00a0<\/span><\/li>\n<\/ul>\n<ul>\n<li aria-setsize=\"-1\" data-leveltext=\"\u25cf\" data-font=\"\" data-listid=\"7\" data-list-defn-props=\"{&quot;335552541&quot;:1,&quot;335559685&quot;:720,&quot;335559991&quot;:360,&quot;469769242&quot;:[8226],&quot;469777803&quot;:&quot;left&quot;,&quot;469777804&quot;:&quot;\u25cf&quot;,&quot;469777815&quot;:&quot;multilevel&quot;}\" data-aria-posinset=\"2\" data-aria-level=\"1\"><b><span data-contrast=\"auto\">Func\u021bie Always-On Display<\/span><\/b><span data-contrast=\"auto\"> \u0219i tehnologie ProMotion cu rat\u0103 de re\u00eemprosp\u0103tare \u00eentre 1 \u0219i 120 Hz.<\/span><span data-ccp-props=\"{&quot;335559739&quot;:200}\">\u00a0<\/span><\/li>\n<\/ul>\n<ul>\n<li aria-setsize=\"-1\" data-leveltext=\"\u25cf\" data-font=\"\" data-listid=\"7\" data-list-defn-props=\"{&quot;335552541&quot;:1,&quot;335559685&quot;:720,&quot;335559991&quot;:360,&quot;469769242&quot;:[8226],&quot;469777803&quot;:&quot;left&quot;,&quot;469777804&quot;:&quot;\u25cf&quot;,&quot;469777815&quot;:&quot;multilevel&quot;}\" data-aria-posinset=\"3\" data-aria-level=\"1\"><span data-contrast=\"auto\">Panoul frontal protejat de <\/span><b><span data-contrast=\"auto\">Ceramic Shield 2<\/span><\/b><span data-contrast=\"auto\"> \u0219i acoperire anti-reflex avansat\u0103. Pentru prima dat\u0103, \u0219i partea din spate este protejat\u0103 cu Ceramic Shield, ceea ce \u00eei spore\u0219te rezisten\u021ba la zg\u00e2rieturi \u0219i fisuri. <\/span><b><span data-contrast=\"auto\">Rama solid\u0103 din titan<\/span><\/b><span data-contrast=\"auto\"> previne deformarea carcasei.<\/span><span data-ccp-props=\"{&quot;335559739&quot;:200}\">\u00a0<\/span><\/li>\n<\/ul>\n<ul>\n<li aria-setsize=\"-1\" data-leveltext=\"\u25cf\" data-font=\"\" data-listid=\"7\" data-list-defn-props=\"{&quot;335552541&quot;:1,&quot;335559685&quot;:720,&quot;335559991&quot;:360,&quot;469769242&quot;:[8226],&quot;469777803&quot;:&quot;left&quot;,&quot;469777804&quot;:&quot;\u25cf&quot;,&quot;469777815&quot;:&quot;multilevel&quot;}\" data-aria-posinset=\"4\" data-aria-level=\"1\"><b><span data-contrast=\"auto\">Camera frontal\u0103 Center Stage<\/span><\/b><span data-contrast=\"auto\"> dispune de stabilizare \u0219i suport pentru filmare \u00een format 4K HDR. Este disponibil\u0103 \u0219i func\u021bia Dual Capture, care permite filmarea simultan\u0103 cu dou\u0103 camere.<\/span><span data-ccp-props=\"{&quot;335559739&quot;:200}\">\u00a0<\/span><\/li>\n<\/ul>\n<ul>\n<li aria-setsize=\"-1\" data-leveltext=\"\u25cf\" data-font=\"\" data-listid=\"7\" data-list-defn-props=\"{&quot;335552541&quot;:1,&quot;335559685&quot;:720,&quot;335559991&quot;:360,&quot;469769242&quot;:[8226],&quot;469777803&quot;:&quot;left&quot;,&quot;469777804&quot;:&quot;\u25cf&quot;,&quot;469777815&quot;:&quot;multilevel&quot;}\" data-aria-posinset=\"5\" data-aria-level=\"1\"><b><span data-contrast=\"auto\">Noua camer\u0103 universal\u0103 Fusion de 48 MP<\/span><\/b><span data-contrast=\"auto\"> echivaleaz\u0103 cu mai multe obiective \u00eentr-un singur dispozitiv. Distan\u021bele focale disponibile: 28 \u0219i 35 mm. Camera func\u021bioneaz\u0103 at\u00e2t ca obiectiv standard (x1), c\u00e2t \u0219i ca teleobiectiv (x2).<\/span><span data-ccp-props=\"{&quot;335559739&quot;:200}\">\u00a0<\/span><\/li>\n<\/ul>\n<ul>\n<li aria-setsize=\"-1\" data-leveltext=\"\u25cf\" data-font=\"\" data-listid=\"7\" data-list-defn-props=\"{&quot;335552541&quot;:1,&quot;335559685&quot;:720,&quot;335559991&quot;:360,&quot;469769242&quot;:[8226],&quot;469777803&quot;:&quot;left&quot;,&quot;469777804&quot;:&quot;\u25cf&quot;,&quot;469777815&quot;:&quot;multilevel&quot;}\" data-aria-posinset=\"6\" data-aria-level=\"1\"><span data-contrast=\"auto\">Procesor puternic <\/span><b><span data-contrast=\"auto\">A19 Pro<\/span><\/b><span data-contrast=\"auto\"> cu CPU pe 6 nuclee \u0219i GPU pe 5 nuclee.<\/span><span data-ccp-props=\"{&quot;335559739&quot;:200}\">\u00a0<\/span><\/li>\n<\/ul>\n<ul>\n<li aria-setsize=\"-1\" data-leveltext=\"\u25cf\" data-font=\"\" data-listid=\"7\" data-list-defn-props=\"{&quot;335552541&quot;:1,&quot;335559685&quot;:720,&quot;335559991&quot;:360,&quot;469769242&quot;:[8226],&quot;469777803&quot;:&quot;left&quot;,&quot;469777804&quot;:&quot;\u25cf&quot;,&quot;469777815&quot;:&quot;multilevel&quot;}\" data-aria-posinset=\"7\" data-aria-level=\"1\"><span data-contrast=\"auto\">Noul <\/span><b><span data-contrast=\"auto\">cip N1<\/span><\/b><span data-contrast=\"auto\">, care integreaz\u0103 Wi-Fi, Bluetooth \u0219i Thread, \u00eempreun\u0103 cu modemul celular C1X, eficient energetic \u2013 o dezvoltare proprie Apple.<\/span><span data-ccp-props=\"{&quot;335559739&quot;:200}\">\u00a0<\/span><\/li>\n<\/ul>\n<ul>\n<li aria-setsize=\"-1\" data-leveltext=\"\u25cf\" data-font=\"\" data-listid=\"7\" data-list-defn-props=\"{&quot;335552541&quot;:1,&quot;335559685&quot;:720,&quot;335559991&quot;:360,&quot;469769242&quot;:[8226],&quot;469777803&quot;:&quot;left&quot;,&quot;469777804&quot;:&quot;\u25cf&quot;,&quot;469777815&quot;:&quot;multilevel&quot;}\" data-aria-posinset=\"8\" data-aria-level=\"1\"><b><span data-contrast=\"auto\">Capacit\u0103\u021bi de stocare<\/span><\/b><span data-contrast=\"auto\">: 256 GB, 512 GB \u0219i 1 TB. iPhone Air este disponibil doar \u00een versiunea cu eSIM.<\/span><span data-ccp-props=\"{&quot;335559739&quot;:200}\">\u00a0<\/span><\/li>\n<\/ul>\n<ul>\n<li aria-setsize=\"-1\" data-leveltext=\"\u25cf\" data-font=\"\" data-listid=\"7\" data-list-defn-props=\"{&quot;335552541&quot;:1,&quot;335559685&quot;:720,&quot;335559991&quot;:360,&quot;469769242&quot;:[8226],&quot;469777803&quot;:&quot;left&quot;,&quot;469777804&quot;:&quot;\u25cf&quot;,&quot;469777815&quot;:&quot;multilevel&quot;}\" data-aria-posinset=\"9\" data-aria-level=\"1\"><span data-contrast=\"auto\">Culori disponibile: Space Black, Cloud White, Light Gold, Sky Blue.<\/span><span data-ccp-props=\"{&quot;335559739&quot;:200}\">\u00a0<\/span><\/li>\n<\/ul>\n<ul>\n<li aria-setsize=\"-1\" data-leveltext=\"\u25cf\" data-font=\"\" data-listid=\"7\" data-list-defn-props=\"{&quot;335552541&quot;:1,&quot;335559685&quot;:720,&quot;335559991&quot;:360,&quot;469769242&quot;:[8226],&quot;469777803&quot;:&quot;left&quot;,&quot;469777804&quot;:&quot;\u25cf&quot;,&quot;469777815&quot;:&quot;multilevel&quot;}\" data-aria-posinset=\"10\" data-aria-level=\"1\"><span data-contrast=\"auto\">Modul de func\u021bionare adaptiv\u0103 permite iPhone Air s\u0103 ofere <\/span><b><span data-contrast=\"auto\">p\u00e2n\u0103 la 27 de ore<\/span><\/b><span data-contrast=\"auto\"> de redare video f\u0103r\u0103 \u00eenc\u0103rcare (comparativ cu 22 de ore la iPhone 16).<\/span><span data-ccp-props=\"{&quot;335559739&quot;:200}\">\u00a0<\/span><\/li>\n<\/ul>\n<p><img loading=\"lazy\" class=\"aligncenter wp-image-9443 size-full\" src=\"https:\/\/ispace.md\/blog\/wp-content\/uploads\/2025\/09\/13.png\" alt=\"\" width=\"2426\" height=\"1350\" srcset=\"https:\/\/ispace.md\/blog\/wp-content\/uploads\/2025\/09\/13.png 2426w, https:\/\/ispace.md\/blog\/wp-content\/uploads\/2025\/09\/13-400x223.png 400w, https:\/\/ispace.md\/blog\/wp-content\/uploads\/2025\/09\/13-1024x570.png 1024w, https:\/\/ispace.md\/blog\/wp-content\/uploads\/2025\/09\/13-768x427.png 768w, https:\/\/ispace.md\/blog\/wp-content\/uploads\/2025\/09\/13-1536x855.png 1536w, https:\/\/ispace.md\/blog\/wp-content\/uploads\/2025\/09\/13-2048x1140.png 2048w\" sizes=\"(max-width: 2426px) 100vw, 2426px\" \/><\/p>\n<h2 aria-level=\"2\"><span data-contrast=\"auto\">iPhone 17 Pro \u0219i iPhone 17 Pro Max cu un design nou<\/span><span data-ccp-props=\"{&quot;134245418&quot;:true,&quot;134245529&quot;:true,&quot;335559738&quot;:360,&quot;335559739&quot;:200}\">\u00a0<\/span><\/h2>\n<p><span data-contrast=\"auto\">Pentru linia Pro din 2025, Apple a prezentat un nou corp unibody din aluminiu integral. Amintim c\u0103 la ultimele dou\u0103 genera\u021bii rama era realizat\u0103 din titan. Noutatea este disponibil\u0103 \u00een dou\u0103 dimensiuni: iPhone 17 Pro, cu diagonala de 6,3 inci, \u0219i iPhone 17 Pro Max, cu 6,9 inci.<\/span><span data-ccp-props=\"{&quot;335559739&quot;:200}\">\u00a0<\/span><\/p>\n<p><img loading=\"lazy\" class=\"aligncenter wp-image-9444 size-full\" src=\"https:\/\/ispace.md\/blog\/wp-content\/uploads\/2025\/09\/14.png\" alt=\"Apple\" width=\"2426\" height=\"1350\" srcset=\"https:\/\/ispace.md\/blog\/wp-content\/uploads\/2025\/09\/14.png 2426w, https:\/\/ispace.md\/blog\/wp-content\/uploads\/2025\/09\/14-400x223.png 400w, https:\/\/ispace.md\/blog\/wp-content\/uploads\/2025\/09\/14-1024x570.png 1024w, https:\/\/ispace.md\/blog\/wp-content\/uploads\/2025\/09\/14-768x427.png 768w, https:\/\/ispace.md\/blog\/wp-content\/uploads\/2025\/09\/14-1536x855.png 1536w, https:\/\/ispace.md\/blog\/wp-content\/uploads\/2025\/09\/14-2048x1140.png 2048w\" sizes=\"(max-width: 2426px) 100vw, 2426px\" \/><\/p>\n<ul>\n<li aria-setsize=\"-1\" data-leveltext=\"\u25cf\" data-font=\"\" data-listid=\"3\" data-list-defn-props=\"{&quot;335552541&quot;:1,&quot;335559685&quot;:720,&quot;335559991&quot;:360,&quot;469769242&quot;:[8226],&quot;469777803&quot;:&quot;left&quot;,&quot;469777804&quot;:&quot;\u25cf&quot;,&quot;469777815&quot;:&quot;multilevel&quot;}\" data-aria-posinset=\"1\" data-aria-level=\"1\"><span data-contrast=\"auto\">Partea din spate este protejat\u0103 cu Ceramic Shield, iar ecranul cu noua genera\u021bie <\/span><b><span data-contrast=\"auto\">Ceramic Shield 2<\/span><\/b><span data-contrast=\"auto\">, \u0219i mai rezistent\u0103 la zg\u00e2rieturi.<\/span><span data-ccp-props=\"{&quot;335559739&quot;:200}\">\u00a0<\/span><\/li>\n<\/ul>\n<ul>\n<li aria-setsize=\"-1\" data-leveltext=\"\u25cf\" data-font=\"\" data-listid=\"3\" data-list-defn-props=\"{&quot;335552541&quot;:1,&quot;335559685&quot;:720,&quot;335559991&quot;:360,&quot;469769242&quot;:[8226],&quot;469777803&quot;:&quot;left&quot;,&quot;469777804&quot;:&quot;\u25cf&quot;,&quot;469777815&quot;:&quot;multilevel&quot;}\" data-aria-posinset=\"2\" data-aria-level=\"1\"><b><span data-contrast=\"auto\">Designul dispozitivului<\/span><\/b><span data-contrast=\"auto\"> s-a schimbat pentru prima dat\u0103 dup\u0103 mult timp. Camerele nu mai sunt grupate \u00eentr-un bloc p\u0103trat, ci sunt integrate \u00eentr-un panou ce acoper\u0103 toat\u0103 l\u0103\u021bimea dispozitivului. Obiectivele sunt pozi\u021bionate \u00een partea st\u00e2ng\u0103, iar LiDAR \u0219i bli\u021bul \u2013 \u00een partea dreapt\u0103.<\/span><span data-ccp-props=\"{&quot;335559739&quot;:200}\">\u00a0<\/span><\/li>\n<\/ul>\n<ul>\n<li aria-setsize=\"-1\" data-leveltext=\"\u25cf\" data-font=\"\" data-listid=\"3\" data-list-defn-props=\"{&quot;335552541&quot;:1,&quot;335559685&quot;:720,&quot;335559991&quot;:360,&quot;469769242&quot;:[8226],&quot;469777803&quot;:&quot;left&quot;,&quot;469777804&quot;:&quot;\u25cf&quot;,&quot;469777815&quot;:&quot;multilevel&quot;}\" data-aria-posinset=\"3\" data-aria-level=\"1\"><span data-contrast=\"auto\">Toate cele trei camere principale au c\u00e2te <\/span><b><span data-contrast=\"auto\">48 MP<\/span><\/b><span data-contrast=\"auto\">: una wide, una ultra-wide \u0219i un teleobiectiv cu zoom optic 8x. Zoomul digital ajunge p\u00e2n\u0103 la 40x. Camera frontal\u0103 Center Stage de 18 MP permite \u00eenregistrarea de videoclipuri ultra-stabilizate \u00een format 4K HDR. Este disponibil\u0103 \u0219i func\u021bia de filmare simultan\u0103 cu dou\u0103 camere.<\/span><span data-ccp-props=\"{&quot;335559739&quot;:200}\">\u00a0<\/span><\/li>\n<\/ul>\n<p><img loading=\"lazy\" class=\"aligncenter wp-image-9445 size-full\" src=\"https:\/\/ispace.md\/blog\/wp-content\/uploads\/2025\/09\/15.png\" alt=\"\" width=\"2426\" height=\"1350\" srcset=\"https:\/\/ispace.md\/blog\/wp-content\/uploads\/2025\/09\/15.png 2426w, https:\/\/ispace.md\/blog\/wp-content\/uploads\/2025\/09\/15-400x223.png 400w, https:\/\/ispace.md\/blog\/wp-content\/uploads\/2025\/09\/15-1024x570.png 1024w, https:\/\/ispace.md\/blog\/wp-content\/uploads\/2025\/09\/15-768x427.png 768w, https:\/\/ispace.md\/blog\/wp-content\/uploads\/2025\/09\/15-1536x855.png 1536w, https:\/\/ispace.md\/blog\/wp-content\/uploads\/2025\/09\/15-2048x1140.png 2048w\" sizes=\"(max-width: 2426px) 100vw, 2426px\" \/><\/p>\n<ul>\n<li><span data-contrast=\"auto\">Sunt disponibile <\/span><b><span data-contrast=\"auto\">moduri de captur\u0103 dedicate <\/span><\/b><span data-contrast=\"auto\">profesioni\u0219tilor: Dolby Vision HDR, 4K 120, ProRes Log, ACES \u0219i ProRes RAW.<\/span><span data-ccp-props=\"{&quot;335559739&quot;:200}\">\u00a0<\/span><\/li>\n<li><span data-contrast=\"auto\">Procesorul <\/span><b><span data-contrast=\"auto\">A19 Pro<\/span><\/b><span data-contrast=\"auto\"> este cel mai puternic cip Apple de p\u00e2n\u0103 acum. Spre deosebire de iPhone Air, iPhone 17 Pro are un nucleu GPU \u00een plus \u2013 6 \u00een loc de 5.<\/span><span data-ccp-props=\"{&quot;335559739&quot;:200}\">\u00a0<\/span><\/li>\n<li><b><span data-contrast=\"auto\">Sistemul de r\u0103cire \u00eembun\u0103t\u0103\u021bit<\/span><\/b><span data-contrast=\"auto\"> vapor chamber asigur\u0103 o performan\u021b\u0103 stabil\u0103, cu 40% mai mare dec\u00e2t la genera\u021bia anterioar\u0103. Este un progres semnificativ: dispozitivul nu se supra\u00eenc\u0103lze\u0219te \u00een timpul jocurilor sau al film\u0103rii \u00een ProRes.<\/span><span data-ccp-props=\"{&quot;335559739&quot;:200}\">\u00a0<\/span><\/li>\n<li><span data-contrast=\"auto\">Autonomia crescut\u0103 este influen\u021bat\u0103 \u0219i de <\/span><b><span data-contrast=\"auto\">construc\u021bia unibody<\/span><\/b><span data-contrast=\"auto\"> \u2013 carcasa iPhone 17 Pro\/17 Pro Max este realizat\u0103 dintr-un singur bloc de aluminiu, ceea ce permite integrarea unei baterii cu o capacitate mai mare. \u00cen plus, aliajul de aluminiu are propriet\u0103\u021bi excelente de disipare a c\u0103ldurii. Modelele f\u0103r\u0103 cartel\u0103 SIM fizic\u0103 (numai eSIM) dispun de o baterie u\u0219or mai mare.<\/span><span data-ccp-props=\"{&quot;335559739&quot;:200}\">\u00a0<\/span><\/li>\n<li><span data-contrast=\"auto\">Durata de func\u021bionare este impresionant\u0103: p\u00e2n\u0103 la <\/span><b><span data-contrast=\"auto\">39 de ore<\/span><\/b><span data-contrast=\"auto\"> de redare video pe iPhone 17 Pro Max \u0219i p\u00e2n\u0103 la 33 de ore pe iPhone 17 Pro.<\/span><span data-ccp-props=\"{&quot;335559739&quot;:200}\">\u00a0<\/span><\/li>\n<li><span data-contrast=\"auto\">Cipul de re\u021bea <\/span><b><span data-contrast=\"auto\">N1 <\/span><\/b><span data-contrast=\"auto\">ofer\u0103 suport pentru Wi-Fi 7, Bluetooth 6 \u0219i Thread.<\/span><span data-ccp-props=\"{&quot;335559739&quot;:200}\">\u00a0<\/span><\/li>\n<li><b><span data-contrast=\"auto\">Capacit\u0103\u021bi de stocare<\/span><\/b><span data-contrast=\"auto\">: de la 256 GB p\u00e2n\u0103 la 2 TB.<\/span><span data-ccp-props=\"{&quot;335559739&quot;:200}\">\u00a0<\/span><\/li>\n<li><span data-contrast=\"auto\">Culori disponibile: Deep Blue, Cosmic Orange, Silver.<\/span><span data-ccp-props=\"{&quot;335559739&quot;:200}\">\u00a0<\/span><\/li>\n<\/ul>\n<p><img loading=\"lazy\" class=\"aligncenter wp-image-9446 size-full\" src=\"https:\/\/ispace.md\/blog\/wp-content\/uploads\/2025\/09\/16.png\" alt=\"Apple\" width=\"2426\" height=\"1350\" srcset=\"https:\/\/ispace.md\/blog\/wp-content\/uploads\/2025\/09\/16.png 2426w, https:\/\/ispace.md\/blog\/wp-content\/uploads\/2025\/09\/16-400x223.png 400w, https:\/\/ispace.md\/blog\/wp-content\/uploads\/2025\/09\/16-1024x570.png 1024w, https:\/\/ispace.md\/blog\/wp-content\/uploads\/2025\/09\/16-768x427.png 768w, https:\/\/ispace.md\/blog\/wp-content\/uploads\/2025\/09\/16-1536x855.png 1536w, https:\/\/ispace.md\/blog\/wp-content\/uploads\/2025\/09\/16-2048x1140.png 2048w\" sizes=\"(max-width: 2426px) 100vw, 2426px\" \/><\/p>\n<p><span class=\"TextRun SCXW31762891 BCX0\" lang=\"RU\" xml:lang=\"RU\" data-contrast=\"auto\"><span class=\"NormalTextRun SCXW31762891 BCX0\">Toate dispozitivele prezentate vor fi disponibile \u00een cur\u00e2nd la <a href=\"https:\/\/ispace.md\/\">iSpace<\/a> Moldova. Detalii despre pre\u021burile iPhone 17 \u0219i ale altor nout\u0103\u021bi din prezentarea de toamn\u0103, precum \u0219i despre startul v\u00e2nz\u0103rilor, pot fi g\u0103site pe site-ul nostru sau pe pagina noastr\u0103 de <a href=\"https:\/\/www.instagram.com\/ispace.md\/\">Instagram<\/a>. Urm\u0103ri\u021bi-ne pentru a nu rata actualiz\u0103rile.<\/span><\/span><span class=\"EOP SCXW31762891 BCX0\" data-ccp-props=\"{&quot;335559739&quot;:200}\">\u00a0<\/span><\/p>\n","protected":false},"excerpt":{"rendered":"<p>9 septembrie 2025 &#8211; mul\u021bi au a\u0219teptat aceast\u0103 zi mai mult dec\u00e2t propria aniversare. \u00cen acea zi, Apple a organizat prezentarea tradi\u021bional\u0103 de toamn\u0103, \u00een cadrul c\u0103reia a lansat cele mai noi produse. Dac\u0103 a\u021bi ratat evenimentul, iat\u0103 ce trebuie s\u0103 \u0219ti\u021bi despre dispozitivele care cuceresc acum lumea.\u00a0 AirPods Pro 3 cu cel mai bun [&hellip;]<\/p>\n","protected":false},"author":1,"featured_media":9426,"comment_status":"open","ping_status":"open","sticky":false,"template":"","format":"standard","meta":[],"categories":[683],"tags":[796,1968,455,670,1970,1972,1974,755,1976,1978,1980,1982,685,985],"yoast_head":"<!-- This site is optimized with the Yoast SEO plugin v17.0 - https:\/\/yoast.com\/wordpress\/plugins\/seo\/ -->\n<title>Ce a prezentat compania Apple la principala conferin\u021b\u0103 din 2025? - iSpace<\/title>\n<meta name=\"description\" content=\"C\u0103\u0219tile AirPods Pro 3, trei modele noi de Apple Watch \u0219i noul membru al gamei iPhone \u2013 ultrau\u0219orul iPhone Air. Ce nout\u0103\u021bi aduc dispozitive?\" \/>\n<meta name=\"robots\" content=\"index, follow, max-snippet:-1, max-image-preview:large, max-video-preview:-1\" \/>\n<link rel=\"canonical\" href=\"https:\/\/ispace.md\/blog\/ce-a-prezentat-compania-apple-la-principala-conferinta-din-2025\/\" \/>\n<meta property=\"og:locale\" content=\"ru_RU\" \/>\n<meta property=\"og:type\" content=\"article\" \/>\n<meta property=\"og:title\" content=\"Ce a prezentat compania Apple la principala conferin\u021b\u0103 din 2025? - iSpace\" \/>\n<meta property=\"og:description\" content=\"C\u0103\u0219tile AirPods Pro 3, trei modele noi de Apple Watch \u0219i noul membru al gamei iPhone \u2013 ultrau\u0219orul iPhone Air. Ce nout\u0103\u021bi aduc dispozitive?\" \/>\n<meta property=\"og:url\" content=\"https:\/\/ispace.md\/blog\/ce-a-prezentat-compania-apple-la-principala-conferinta-din-2025\/\" \/>\n<meta property=\"og:site_name\" content=\"iSpace\" \/>\n<meta property=\"article:publisher\" content=\"https:\/\/www.facebook.com\/ispacemd\/\" \/>\n<meta property=\"article:published_time\" content=\"2025-09-10T08:41:38+00:00\" \/>\n<meta property=\"article:modified_time\" content=\"2025-09-10T13:49:31+00:00\" \/>\n<meta property=\"og:image\" content=\"https:\/\/ispace.md\/blog\/wp-content\/uploads\/2025\/09\/1.png\" \/>\n\t<meta property=\"og:image:width\" content=\"1876\" \/>\n\t<meta property=\"og:image:height\" content=\"1132\" \/>\n<meta name=\"twitter:card\" content=\"summary_large_image\" \/>\n<meta name=\"twitter:label1\" content=\"\u041d\u0430\u043f\u0438\u0441\u0430\u043d\u043e \u0430\u0432\u0442\u043e\u0440\u043e\u043c\" \/>\n\t<meta name=\"twitter:data1\" content=\"istoreadm\" \/>\n\t<meta name=\"twitter:label2\" content=\"\u041f\u0440\u0438\u043c\u0435\u0440\u043d\u043e\u0435 \u0432\u0440\u0435\u043c\u044f \u0434\u043b\u044f \u0447\u0442\u0435\u043d\u0438\u044f\" \/>\n\t<meta name=\"twitter:data2\" content=\"9 \u043c\u0438\u043d\u0443\u0442\" \/>\n<script type=\"application\/ld+json\" class=\"yoast-schema-graph\">{\"@context\":\"https:\/\/schema.org\",\"@graph\":[{\"@type\":\"WebSite\",\"@id\":\"https:\/\/ispace.md\/blog\/ru\/#website\",\"url\":\"https:\/\/ispace.md\/blog\/ru\/\",\"name\":\"iSpace\",\"description\":\"\\u0411\\u043b\\u043e\\u0433 \\u043a\\u043e\\u043c\\u043f\\u0430\\u043d\\u0438\\u0438 iSpace\",\"potentialAction\":[{\"@type\":\"SearchAction\",\"target\":{\"@type\":\"EntryPoint\",\"urlTemplate\":\"https:\/\/ispace.md\/blog\/ru\/?s={search_term_string}\"},\"query-input\":\"required name=search_term_string\"}],\"inLanguage\":\"ru-RU\"},{\"@type\":\"ImageObject\",\"@id\":\"https:\/\/ispace.md\/blog\/ce-a-prezentat-compania-apple-la-principala-conferinta-din-2025\/#primaryimage\",\"inLanguage\":\"ru-RU\",\"url\":\"https:\/\/ispace.md\/blog\/wp-content\/uploads\/2025\/09\/1.png\",\"contentUrl\":\"https:\/\/ispace.md\/blog\/wp-content\/uploads\/2025\/09\/1.png\",\"width\":1876,\"height\":1132},{\"@type\":\"WebPage\",\"@id\":\"https:\/\/ispace.md\/blog\/ce-a-prezentat-compania-apple-la-principala-conferinta-din-2025\/#webpage\",\"url\":\"https:\/\/ispace.md\/blog\/ce-a-prezentat-compania-apple-la-principala-conferinta-din-2025\/\",\"name\":\"Ce a prezentat compania Apple la principala conferin\\u021b\\u0103 din 2025? - iSpace\",\"isPartOf\":{\"@id\":\"https:\/\/ispace.md\/blog\/ru\/#website\"},\"primaryImageOfPage\":{\"@id\":\"https:\/\/ispace.md\/blog\/ce-a-prezentat-compania-apple-la-principala-conferinta-din-2025\/#primaryimage\"},\"datePublished\":\"2025-09-10T08:41:38+00:00\",\"dateModified\":\"2025-09-10T13:49:31+00:00\",\"author\":{\"@id\":\"https:\/\/ispace.md\/blog\/ru\/#\/schema\/person\/ee7c990e7f16a92ff015648f1d3212cd\"},\"description\":\"C\\u0103\\u0219tile AirPods Pro 3, trei modele noi de Apple Watch \\u0219i noul membru al gamei iPhone \\u2013 ultrau\\u0219orul iPhone Air. Ce nout\\u0103\\u021bi aduc dispozitive?\",\"breadcrumb\":{\"@id\":\"https:\/\/ispace.md\/blog\/ce-a-prezentat-compania-apple-la-principala-conferinta-din-2025\/#breadcrumb\"},\"inLanguage\":\"ru-RU\",\"potentialAction\":[{\"@type\":\"ReadAction\",\"target\":[\"https:\/\/ispace.md\/blog\/ce-a-prezentat-compania-apple-la-principala-conferinta-din-2025\/\"]}]},{\"@type\":\"BreadcrumbList\",\"@id\":\"https:\/\/ispace.md\/blog\/ce-a-prezentat-compania-apple-la-principala-conferinta-din-2025\/#breadcrumb\",\"itemListElement\":[{\"@type\":\"ListItem\",\"position\":1,\"name\":\"\\u0413\\u043b\\u0430\\u0432\\u043d\\u0430\\u044f \\u0441\\u0442\\u0440\\u0430\\u043d\\u0438\\u0446\\u0430\",\"item\":\"https:\/\/ispace.md\/blog\/ru\/\"},{\"@type\":\"ListItem\",\"position\":2,\"name\":\"Ce a prezentat compania Apple la principala conferin\\u021b\\u0103 din 2025?\"}]},{\"@type\":\"Person\",\"@id\":\"https:\/\/ispace.md\/blog\/ru\/#\/schema\/person\/ee7c990e7f16a92ff015648f1d3212cd\",\"name\":\"istoreadm\",\"image\":{\"@type\":\"ImageObject\",\"@id\":\"https:\/\/ispace.md\/blog\/ru\/#personlogo\",\"inLanguage\":\"ru-RU\",\"url\":\"https:\/\/secure.gravatar.com\/avatar\/3ab1424e156237432133bacf1fcdd22d?s=96&d=mm&r=g\",\"contentUrl\":\"https:\/\/secure.gravatar.com\/avatar\/3ab1424e156237432133bacf1fcdd22d?s=96&d=mm&r=g\",\"caption\":\"istoreadm\"},\"url\":\"https:\/\/ispace.md\/blog\/author\/istoreadm\/\"}]}<\/script>\n<!-- \/ Yoast SEO plugin. -->","yoast_head_json":{"title":"Ce a prezentat compania Apple la principala conferin\u021b\u0103 din 2025? - iSpace","description":"C\u0103\u0219tile AirPods Pro 3, trei modele noi de Apple Watch \u0219i noul membru al gamei iPhone \u2013 ultrau\u0219orul iPhone Air. Ce nout\u0103\u021bi aduc dispozitive?","robots":{"index":"index","follow":"follow","max-snippet":"max-snippet:-1","max-image-preview":"max-image-preview:large","max-video-preview":"max-video-preview:-1"},"canonical":"https:\/\/ispace.md\/blog\/ce-a-prezentat-compania-apple-la-principala-conferinta-din-2025\/","og_locale":"ru_RU","og_type":"article","og_title":"Ce a prezentat compania Apple la principala conferin\u021b\u0103 din 2025? - iSpace","og_description":"C\u0103\u0219tile AirPods Pro 3, trei modele noi de Apple Watch \u0219i noul membru al gamei iPhone \u2013 ultrau\u0219orul iPhone Air. Ce nout\u0103\u021bi aduc dispozitive?","og_url":"https:\/\/ispace.md\/blog\/ce-a-prezentat-compania-apple-la-principala-conferinta-din-2025\/","og_site_name":"iSpace","article_publisher":"https:\/\/www.facebook.com\/ispacemd\/","article_published_time":"2025-09-10T08:41:38+00:00","article_modified_time":"2025-09-10T13:49:31+00:00","og_image":[{"width":1876,"height":1132,"url":"https:\/\/ispace.md\/blog\/wp-content\/uploads\/2025\/09\/1.png","path":"\/srv\/ispace.md\/blog\/wp-content\/uploads\/2025\/09\/1.png","size":"full","id":9426,"alt":"","pixels":2123632,"type":"image\/png"}],"twitter_card":"summary_large_image","twitter_misc":{"\u041d\u0430\u043f\u0438\u0441\u0430\u043d\u043e \u0430\u0432\u0442\u043e\u0440\u043e\u043c":"istoreadm","\u041f\u0440\u0438\u043c\u0435\u0440\u043d\u043e\u0435 \u0432\u0440\u0435\u043c\u044f \u0434\u043b\u044f \u0447\u0442\u0435\u043d\u0438\u044f":"9 \u043c\u0438\u043d\u0443\u0442"},"schema":{"@context":"https:\/\/schema.org","@graph":[{"@type":"WebSite","@id":"https:\/\/ispace.md\/blog\/ru\/#website","url":"https:\/\/ispace.md\/blog\/ru\/","name":"iSpace","description":"\u0411\u043b\u043e\u0433 \u043a\u043e\u043c\u043f\u0430\u043d\u0438\u0438 iSpace","potentialAction":[{"@type":"SearchAction","target":{"@type":"EntryPoint","urlTemplate":"https:\/\/ispace.md\/blog\/ru\/?s={search_term_string}"},"query-input":"required name=search_term_string"}],"inLanguage":"ru-RU"},{"@type":"ImageObject","@id":"https:\/\/ispace.md\/blog\/ce-a-prezentat-compania-apple-la-principala-conferinta-din-2025\/#primaryimage","inLanguage":"ru-RU","url":"https:\/\/ispace.md\/blog\/wp-content\/uploads\/2025\/09\/1.png","contentUrl":"https:\/\/ispace.md\/blog\/wp-content\/uploads\/2025\/09\/1.png","width":1876,"height":1132},{"@type":"WebPage","@id":"https:\/\/ispace.md\/blog\/ce-a-prezentat-compania-apple-la-principala-conferinta-din-2025\/#webpage","url":"https:\/\/ispace.md\/blog\/ce-a-prezentat-compania-apple-la-principala-conferinta-din-2025\/","name":"Ce a prezentat compania Apple la principala conferin\u021b\u0103 din 2025? - iSpace","isPartOf":{"@id":"https:\/\/ispace.md\/blog\/ru\/#website"},"primaryImageOfPage":{"@id":"https:\/\/ispace.md\/blog\/ce-a-prezentat-compania-apple-la-principala-conferinta-din-2025\/#primaryimage"},"datePublished":"2025-09-10T08:41:38+00:00","dateModified":"2025-09-10T13:49:31+00:00","author":{"@id":"https:\/\/ispace.md\/blog\/ru\/#\/schema\/person\/ee7c990e7f16a92ff015648f1d3212cd"},"description":"C\u0103\u0219tile AirPods Pro 3, trei modele noi de Apple Watch \u0219i noul membru al gamei iPhone \u2013 ultrau\u0219orul iPhone Air. Ce nout\u0103\u021bi aduc dispozitive?","breadcrumb":{"@id":"https:\/\/ispace.md\/blog\/ce-a-prezentat-compania-apple-la-principala-conferinta-din-2025\/#breadcrumb"},"inLanguage":"ru-RU","potentialAction":[{"@type":"ReadAction","target":["https:\/\/ispace.md\/blog\/ce-a-prezentat-compania-apple-la-principala-conferinta-din-2025\/"]}]},{"@type":"BreadcrumbList","@id":"https:\/\/ispace.md\/blog\/ce-a-prezentat-compania-apple-la-principala-conferinta-din-2025\/#breadcrumb","itemListElement":[{"@type":"ListItem","position":1,"name":"\u0413\u043b\u0430\u0432\u043d\u0430\u044f \u0441\u0442\u0440\u0430\u043d\u0438\u0446\u0430","item":"https:\/\/ispace.md\/blog\/ru\/"},{"@type":"ListItem","position":2,"name":"Ce a prezentat compania Apple la principala conferin\u021b\u0103 din 2025?"}]},{"@type":"Person","@id":"https:\/\/ispace.md\/blog\/ru\/#\/schema\/person\/ee7c990e7f16a92ff015648f1d3212cd","name":"istoreadm","image":{"@type":"ImageObject","@id":"https:\/\/ispace.md\/blog\/ru\/#personlogo","inLanguage":"ru-RU","url":"https:\/\/secure.gravatar.com\/avatar\/3ab1424e156237432133bacf1fcdd22d?s=96&d=mm&r=g","contentUrl":"https:\/\/secure.gravatar.com\/avatar\/3ab1424e156237432133bacf1fcdd22d?s=96&d=mm&r=g","caption":"istoreadm"},"url":"https:\/\/ispace.md\/blog\/author\/istoreadm\/"}]}},"frontimg":"https:\/\/ispace.md\/blog\/wp-content\/uploads\/2025\/09\/1-320x220.png","frontimglarge":"https:\/\/ispace.md\/blog\/wp-content\/uploads\/2025\/09\/1-730x300.png","acf":{"bage":"Apple Event","subtitle":"Prezentarea 2025","select_banner_style":"0","select_sidebar":"0","axil_post_review_box":false},"_links":{"self":[{"href":"https:\/\/ispace.md\/blog\/wp-json\/wp\/v2\/posts\/9449"}],"collection":[{"href":"https:\/\/ispace.md\/blog\/wp-json\/wp\/v2\/posts"}],"about":[{"href":"https:\/\/ispace.md\/blog\/wp-json\/wp\/v2\/types\/post"}],"author":[{"embeddable":true,"href":"https:\/\/ispace.md\/blog\/wp-json\/wp\/v2\/users\/1"}],"replies":[{"embeddable":true,"href":"https:\/\/ispace.md\/blog\/wp-json\/wp\/v2\/comments?post=9449"}],"version-history":[{"count":5,"href":"https:\/\/ispace.md\/blog\/wp-json\/wp\/v2\/posts\/9449\/revisions"}],"predecessor-version":[{"id":9456,"href":"https:\/\/ispace.md\/blog\/wp-json\/wp\/v2\/posts\/9449\/revisions\/9456"}],"wp:featuredmedia":[{"embeddable":true,"href":"https:\/\/ispace.md\/blog\/wp-json\/wp\/v2\/media\/9426"}],"wp:attachment":[{"href":"https:\/\/ispace.md\/blog\/wp-json\/wp\/v2\/media?parent=9449"}],"wp:term":[{"taxonomy":"category","embeddable":true,"href":"https:\/\/ispace.md\/blog\/wp-json\/wp\/v2\/categories?post=9449"},{"taxonomy":"post_tag","embeddable":true,"href":"https:\/\/ispace.md\/blog\/wp-json\/wp\/v2\/tags?post=9449"}],"curies":[{"name":"wp","href":"https:\/\/api.w.org\/{rel}","templated":true}]}}