{"id":9673,"date":"2025-10-27T17:31:32","date_gmt":"2025-10-27T15:31:32","guid":{"rendered":"https:\/\/ispace.md\/blog\/?p=9673"},"modified":"2026-02-02T20:47:39","modified_gmt":"2026-02-02T18:47:39","slug":"prezentare-generala-macbook-pro-14-2025-cu-noul-cip-m5","status":"publish","type":"post","link":"https:\/\/ispace.md\/blog\/prezentare-generala-macbook-pro-14-2025-cu-noul-cip-m5\/","title":{"rendered":"Prezentare general\u0103: MacBook Pro 14 2025 cu noul cip M5"},"content":{"rendered":"<p><b><span data-contrast=\"auto\">Apari\u021bia modelului MacBook Pro 14 inci cu cipul M5 a redefinit standardele de performan\u021b\u0103 pentru laptopuri. Noul model de la <a href=\"https:\/\/www.apple.com\/\">Apple<\/a> este creat pentru profesioni\u0219ti care apreciaz\u0103 performan\u021ba maxim\u0103, autonomia excep\u021bional\u0103 \u0219i un display cu caracteristici de top. \u00cen aceast\u0103 recenzie analiz\u0103m principalele particularit\u0103\u021bi ale noului dispozitiv.<\/span><\/b><span data-ccp-props=\"{&quot;335559738&quot;:240,&quot;335559739&quot;:200}\">\u00a0<\/span><\/p>\n<h2 aria-level=\"2\"><span data-contrast=\"auto\">Data prezent\u0103rii \u0219i lans\u0103rii v\u00e2nz\u0103rilor<\/span><span data-ccp-props=\"{&quot;134245418&quot;:true,&quot;134245529&quot;:true,&quot;335559738&quot;:360,&quot;335559739&quot;:200}\">\u00a0<\/span><\/h2>\n<p><span data-contrast=\"auto\">15 octombrie 2025 a intrat \u00een istoria Apple ca data lans\u0103rii modelului MacBook Pro 14 cu procesorul de nou\u0103 genera\u021bie M5. C\u00e2nd se vor deschide precomenzile \u00een Moldova, vom anun\u021ba separat pe ispace.md.<\/span><span data-ccp-props=\"{&quot;335559738&quot;:240,&quot;335559739&quot;:200}\">\u00a0<\/span><\/p>\n<p><span data-contrast=\"auto\">Un lucru este \u00eens\u0103 deja clar: acesta este cel mai puternic \u0219i a\u0219teptat dispozitiv al anului pentru speciali\u0219tii care lucreaz\u0103 cu grafic\u0103, video, programare, calcule \u0219tiin\u021bifice, inteligen\u021b\u0103 artificial\u0103 \u0219i alte sarcini ce necesit\u0103 resurse ridicate.<\/span><span data-ccp-props=\"{&quot;335559738&quot;:240,&quot;335559739&quot;:200}\">\u00a0<\/span><\/p>\n<h2 aria-level=\"2\"><span data-contrast=\"auto\">Caracteristici ale display-ului<\/span><span data-ccp-props=\"{&quot;134245418&quot;:true,&quot;134245529&quot;:true,&quot;335559738&quot;:360,&quot;335559739&quot;:200}\">\u00a0<\/span><\/h2>\n<p><span data-contrast=\"auto\">Display-ul noului model a mo\u0219tenit cele mai bune calit\u0103\u021bi ale genera\u021biei anterioare \u2013 cea cu cipul Pro M4:<\/span><span data-ccp-props=\"{&quot;335559738&quot;:240,&quot;335559739&quot;:200}\">\u00a0<\/span><\/p>\n<ul>\n<li aria-setsize=\"-1\" data-leveltext=\"\u25cf\" data-font=\"\" data-listid=\"1\" data-list-defn-props=\"{&quot;335552541&quot;:1,&quot;335559685&quot;:720,&quot;335559991&quot;:360,&quot;469769242&quot;:[8226],&quot;469777803&quot;:&quot;left&quot;,&quot;469777804&quot;:&quot;\u25cf&quot;,&quot;469777815&quot;:&quot;multilevel&quot;}\" data-aria-posinset=\"1\" data-aria-level=\"1\"><span data-contrast=\"auto\">display mare, cu diagonala de 14,2 inci;<\/span><span data-ccp-props=\"{&quot;335559738&quot;:240,&quot;335559739&quot;:200}\">\u00a0<\/span><\/li>\n<\/ul>\n<ul>\n<li aria-setsize=\"-1\" data-leveltext=\"\u25cf\" data-font=\"\" data-listid=\"1\" data-list-defn-props=\"{&quot;335552541&quot;:1,&quot;335559685&quot;:720,&quot;335559991&quot;:360,&quot;469769242&quot;:[8226],&quot;469777803&quot;:&quot;left&quot;,&quot;469777804&quot;:&quot;\u25cf&quot;,&quot;469777815&quot;:&quot;multilevel&quot;}\" data-aria-posinset=\"2\" data-aria-level=\"1\"><span data-contrast=\"auto\">tehnologie Liquid Retina XDR;<\/span><span data-ccp-props=\"{&quot;335559738&quot;:240,&quot;335559739&quot;:200}\">\u00a0<\/span><\/li>\n<\/ul>\n<ul>\n<li aria-setsize=\"-1\" data-leveltext=\"\u25cf\" data-font=\"\" data-listid=\"1\" data-list-defn-props=\"{&quot;335552541&quot;:1,&quot;335559685&quot;:720,&quot;335559991&quot;:360,&quot;469769242&quot;:[8226],&quot;469777803&quot;:&quot;left&quot;,&quot;469777804&quot;:&quot;\u25cf&quot;,&quot;469777815&quot;:&quot;multilevel&quot;}\" data-aria-posinset=\"3\" data-aria-level=\"1\"><span data-contrast=\"auto\">luminozitate maxim\u0103 \u00een modul HDR de p\u00e2n\u0103 la 1600 ni\u021bi;<\/span><span data-ccp-props=\"{&quot;335559738&quot;:240,&quot;335559739&quot;:200}\">\u00a0<\/span><\/li>\n<\/ul>\n<ul>\n<li aria-setsize=\"-1\" data-leveltext=\"\u25cf\" data-font=\"\" data-listid=\"1\" data-list-defn-props=\"{&quot;335552541&quot;:1,&quot;335559685&quot;:720,&quot;335559991&quot;:360,&quot;469769242&quot;:[8226],&quot;469777803&quot;:&quot;left&quot;,&quot;469777804&quot;:&quot;\u25cf&quot;,&quot;469777815&quot;:&quot;multilevel&quot;}\" data-aria-posinset=\"4\" data-aria-level=\"1\"><span data-contrast=\"auto\">luminozitate \u00een modul SDR \u2013 p\u00e2n\u0103 la 1000 ni\u021bi;<\/span><span data-ccp-props=\"{&quot;335559738&quot;:240,&quot;335559739&quot;:200}\">\u00a0<\/span><\/li>\n<\/ul>\n<ul>\n<li aria-setsize=\"-1\" data-leveltext=\"\u25cf\" data-font=\"\" data-listid=\"1\" data-list-defn-props=\"{&quot;335552541&quot;:1,&quot;335559685&quot;:720,&quot;335559991&quot;:360,&quot;469769242&quot;:[8226],&quot;469777803&quot;:&quot;left&quot;,&quot;469777804&quot;:&quot;\u25cf&quot;,&quot;469777815&quot;:&quot;multilevel&quot;}\" data-aria-posinset=\"5\" data-aria-level=\"1\"><span data-contrast=\"auto\">tehnologie ProMotion cu frecven\u021b\u0103 adaptiv\u0103 de re\u00eemprosp\u0103tare de p\u00e2n\u0103 la 120 Hz.<\/span><span data-ccp-props=\"{&quot;335559738&quot;:240,&quot;335559739&quot;:200}\">\u00a0<\/span><\/li>\n<\/ul>\n<p><span data-contrast=\"auto\">\u00cen versiunea cu noul procesor, redarea culorilor \u0219i consumul de energie au fost optimizate, f\u0103c\u00e2nd imaginile \u0219i mai realiste. Un display cu asemenea caracteristici este ideal pentru designeri, colori\u015fti, editori video \u0219i to\u021bi profesioni\u0219tii care lucreaz\u0103 cu con\u021binut de \u00eenalt\u0103 rezolu\u021bie. Luminozitatea maxim\u0103 permite utilizarea confortabil\u0103 chiar \u0219i \u00een lumina direct\u0103 a soarelui, iar frecven\u021ba ridicat\u0103 de re\u00eemprosp\u0103tare garanteaz\u0103 o derulare fluid\u0103 \u0219i redarea lin\u0103 a anima\u021biilor.<\/span><span data-ccp-props=\"{&quot;335559738&quot;:240,&quot;335559739&quot;:200}\">\u00a0<\/span><\/p>\n<p><span data-contrast=\"auto\">Exist\u0103 \u0219i o versiune a noului model cu acoperire nanotexturat\u0103, care previne reflexiile pe ecran f\u0103r\u0103 a afecta detaliile \u0219i luminozitatea imaginii. Display-ul red\u0103 cu precizie milioane de nuan\u021be. \u00cen plus, pentru activit\u0103\u021bi de grafic\u0103 sau programare, pot fi conectate simultan dou\u0103 monitoare externe cu rezolu\u021bie \u00eenalt\u0103.<\/span><span data-ccp-props=\"{&quot;335559738&quot;:240,&quot;335559739&quot;:200}\">\u00a0<\/span><\/p>\n<h2 aria-level=\"2\"><span data-contrast=\"auto\">Ce se \u00eent\u00e2mpl\u0103 cu dimensiunile<\/span><span data-ccp-props=\"{&quot;134245418&quot;:true,&quot;134245529&quot;:true,&quot;335559738&quot;:360,&quot;335559739&quot;:200}\">\u00a0<\/span><\/h2>\n<p><span data-contrast=\"auto\">MacBook Pro 14 M5 a p\u0103strat portabilitatea \u0219i u\u0219urin\u021ba care au f\u0103cut celebre laptopurile Apple. Noul model c\u00e2nt\u0103re\u0219te doar 1,55 kg, iar dimensiunile sale \u2013 0,61 \u00d7 12,31 \u00d7 8,71 inci \u2013 sunt perfect echilibrate pentru o utilizare confortabil\u0103.<\/span><span data-ccp-props=\"{&quot;335559738&quot;:240,&quot;335559739&quot;:200}\">\u00a0<\/span><\/p>\n<p><span data-contrast=\"auto\">Apple a lansat din nou un laptop ideal pentru profesioni\u0219tii care lucreaz\u0103 \u00een deplasare sau poart\u0103 constant dispozitivul cu ei.<\/span><span data-ccp-props=\"{&quot;335559738&quot;:240,&quot;335559739&quot;:200}\">\u00a0<\/span><\/p>\n<h2 aria-level=\"2\"><span data-contrast=\"auto\">Noul procesor: care sunt caracteristicile sale<\/span><span data-ccp-props=\"{&quot;134245418&quot;:true,&quot;134245529&quot;:true,&quot;335559738&quot;:360,&quot;335559739&quot;:200}\">\u00a0<\/span><\/h2>\n<p><span data-contrast=\"auto\">Diferen\u021ba principal\u0103 a modelului MacBook Pro 14 (2025) este noul cip M5, echipat cu CPU cu 10 nuclee, GPU cu 10 nuclee \u0219i Neural Engine cu 16 nuclee. \u00cen aceast\u0103 versiune, Apple a crescut puterea de procesare necesar\u0103 pentru lucrul cu grafic\u0103 \u0219i inteligen\u021b\u0103 artificial\u0103.<\/span><span data-ccp-props=\"{&quot;335559738&quot;:240,&quot;335559739&quot;:200}\">\u00a0<\/span><\/p>\n<table data-tablestyle=\"Custom\" data-tablelook=\"0\" aria-rowcount=\"5\">\n<tbody>\n<tr aria-rowindex=\"1\">\n<td data-celllook=\"4369\"><span data-contrast=\"auto\">Caracteristici<\/span><span data-ccp-props=\"{&quot;335551550&quot;:2,&quot;335551620&quot;:2,&quot;335559738&quot;:240,&quot;335559739&quot;:200}\">\u00a0<\/span><\/td>\n<td data-celllook=\"4369\"><span data-contrast=\"auto\">MacBook Pro 14 (2025)<\/span><span data-ccp-props=\"{&quot;335551550&quot;:2,&quot;335551620&quot;:2,&quot;335559738&quot;:240,&quot;335559739&quot;:200}\">\u00a0<\/span><\/td>\n<td data-celllook=\"4369\"><span data-contrast=\"auto\">MacBook Pro 14 (2024)<\/span><span data-ccp-props=\"{&quot;335551550&quot;:2,&quot;335551620&quot;:2,&quot;335559738&quot;:240,&quot;335559739&quot;:200}\">\u00a0<\/span><\/td>\n<\/tr>\n<tr aria-rowindex=\"2\">\n<td data-celllook=\"4369\"><span data-contrast=\"auto\">CPU<\/span><span data-ccp-props=\"{&quot;335559738&quot;:240,&quot;335559739&quot;:200}\">\u00a0<\/span><\/td>\n<td data-celllook=\"4369\"><span data-contrast=\"auto\">10 nuclee<\/span><span data-ccp-props=\"{&quot;335559738&quot;:240,&quot;335559739&quot;:200}\">\u00a0<\/span><\/td>\n<td data-celllook=\"4369\"><span data-contrast=\"auto\">10 nuclee<\/span><span data-ccp-props=\"{&quot;335559738&quot;:240,&quot;335559739&quot;:200}\">\u00a0<\/span><\/td>\n<\/tr>\n<tr aria-rowindex=\"3\">\n<td data-celllook=\"4369\"><span data-contrast=\"auto\">GPU<\/span><span data-ccp-props=\"{&quot;335559738&quot;:240,&quot;335559739&quot;:200}\">\u00a0<\/span><\/td>\n<td data-celllook=\"4369\"><span data-contrast=\"auto\">10 nuclee, accelerator neuronal<\/span><span data-ccp-props=\"{&quot;335559738&quot;:240,&quot;335559739&quot;:200}\">\u00a0<\/span><\/td>\n<td data-celllook=\"4369\"><span data-contrast=\"auto\">10 nuclee<\/span><span data-ccp-props=\"{&quot;335559738&quot;:240,&quot;335559739&quot;:200}\">\u00a0<\/span><\/td>\n<\/tr>\n<tr aria-rowindex=\"4\">\n<td data-celllook=\"4369\"><span data-contrast=\"auto\">L\u0103\u021bime de band\u0103 a memoriei<\/span><span data-ccp-props=\"{&quot;335559738&quot;:240,&quot;335559739&quot;:200}\">\u00a0<\/span><\/td>\n<td data-celllook=\"4369\"><span data-contrast=\"auto\">153 GB\/s<\/span><span data-ccp-props=\"{&quot;335559738&quot;:240,&quot;335559739&quot;:200}\">\u00a0<\/span><\/td>\n<td data-celllook=\"4369\"><span data-contrast=\"auto\">120 GB\/s<\/span><span data-ccp-props=\"{&quot;335559738&quot;:240,&quot;335559739&quot;:200}\">\u00a0<\/span><\/td>\n<\/tr>\n<tr aria-rowindex=\"5\">\n<td data-celllook=\"4369\"><span data-contrast=\"auto\">Capacitate de stocare<\/span><span data-ccp-props=\"{&quot;335559738&quot;:240,&quot;335559739&quot;:200}\">\u00a0<\/span><\/td>\n<td data-celllook=\"4369\"><span data-contrast=\"auto\">P\u00e2n\u0103 la 4 TB<\/span><span data-ccp-props=\"{&quot;335559738&quot;:240,&quot;335559739&quot;:200}\">\u00a0<\/span><\/td>\n<td data-celllook=\"4369\"><span data-contrast=\"auto\">P\u00e2n\u0103 la 2 TB<\/span><span data-ccp-props=\"{&quot;335559738&quot;:240,&quot;335559739&quot;:200}\">\u00a0<\/span><\/td>\n<\/tr>\n<\/tbody>\n<\/table>\n<p><span data-contrast=\"auto\">Principalele \u00eembun\u0103t\u0103\u021biri aduse de cipul M5:<\/span><span data-ccp-props=\"{&quot;335559738&quot;:240,&quot;335559739&quot;:200}\">\u00a0<\/span><\/p>\n<ol>\n<li><span data-contrast=\"auto\">CPU \u2013 comparativ cu genera\u021bia anterioar\u0103 (M4), performan\u021ba a crescut cu 20%. Montarea video \u00een 8K, randarea 3D \u0219i compilarea \u00een Xcode se realizeaz\u0103 acum mai rapid \u0219i mai fluent.<\/span><span data-ccp-props=\"{&quot;335559738&quot;:240,&quot;335559739&quot;:200}\">\u00a0<\/span><\/li>\n<li><span data-contrast=\"auto\">GPU cu accelerator neuronal \u2013 este de 6,8 ori mai rapid dec\u00e2t \u00een M1. Prelucrarea imaginilor \u00een Draw Things \u0219i LM Studio, precum \u0219i jocurile cu grafic\u0103 realist\u0103, ating un nivel calitativ superior.<\/span><span data-ccp-props=\"{&quot;335559738&quot;:240,&quot;335559739&quot;:200}\">\u00a0<\/span><\/li>\n<li><span data-contrast=\"auto\">Neural Engine \u2013 accelereaz\u0103 semnificativ sarcinile bazate pe inteligen\u021b\u0103 artificial\u0103, de la generarea de texte p\u00e2n\u0103 la autocorectarea imaginilor.<\/span><span data-ccp-props=\"{&quot;335559738&quot;:240,&quot;335559739&quot;:200}\">\u00a0<\/span><\/li>\n<\/ol>\n<p><span data-contrast=\"auto\">Superioritatea modelului MacBook Pro 14 (2025) fa\u021b\u0103 de laptopurile bazate pe procesoare Intel este \u0219i mai evident\u0103: CPU-ul este de 5,5 ori mai rapid, iar \u00een sarcinile AI \u2013 de 86 de ori mai performant. Dac\u0103 trece\u021bi la noul model de la o versiune anterioar\u0103, ve\u021bi sim\u021bi diferen\u021ba \u00eenc\u0103 de la primele clicuri.<\/span><span data-ccp-props=\"{&quot;335559738&quot;:240,&quot;335559739&quot;:200}\">\u00a0<\/span><\/p>\n<h2 aria-level=\"2\"><span data-contrast=\"auto\">Memorie \u0219i stocare<\/span><span data-ccp-props=\"{&quot;134245418&quot;:true,&quot;134245529&quot;:true,&quot;335559738&quot;:360,&quot;335559739&quot;:200}\">\u00a0<\/span><\/h2>\n<p><span data-contrast=\"auto\">Versiunea de baz\u0103 a laptopului Apple actualizat are 16 GB de memorie RAM \u0219i 512 GB sub form\u0103 de unitate SSD. Op\u021bional, sunt disponibile configura\u021bii cu 32 GB de memorie unificat\u0103 \u0219i p\u00e2n\u0103 la 4 TB de stocare intern\u0103. Alege\u021bi varianta care corespunde cel mai bine nevoilor dvs.<\/span><span data-ccp-props=\"{&quot;335559738&quot;:240,&quot;335559739&quot;:200}\">\u00a0<\/span><\/p>\n<h2 aria-level=\"2\"><span data-contrast=\"auto\">Camer\u0103 \u0219i video: ideal pentru apeluri video<\/span><span data-ccp-props=\"{&quot;134245418&quot;:true,&quot;134245529&quot;:true,&quot;335559738&quot;:360,&quot;335559739&quot;:200}\">\u00a0<\/span><\/h2>\n<p><span data-contrast=\"auto\">Camera web integrat\u0103 de 12 MP suport\u0103 tehnologia Center Stage. \u00cen timpul apelurilor video, aceasta ajusteaz\u0103 automat focalizarea \u0219i v\u0103 men\u021bine \u00een centrul cadrului, chiar \u0219i atunci c\u00e2nd v\u0103 deplasa\u021bi. O alt\u0103 func\u021bie util\u0103 este Desk View: \u00een timpul unei conferin\u021be video, aceasta permite afi\u0219area simultan\u0103 a imaginii dvs. \u0219i a biroului, facilit\u00e2nd prezentarea documentelor sau proiectelor \u00een cadrul muncii ori \u00eenv\u0103\u021b\u0103m\u00e2ntului la distan\u021b\u0103.<\/span><span data-ccp-props=\"{&quot;335559738&quot;:240,&quot;335559739&quot;:200}\">\u00a0<\/span><\/p>\n<h2 aria-level=\"2\"><span data-contrast=\"auto\">Audio \u0219i dispozitive de intrare<\/span><span data-ccp-props=\"{&quot;134245418&quot;:true,&quot;134245529&quot;:true,&quot;335559738&quot;:360,&quot;335559739&quot;:200}\">\u00a0<\/span><\/h2>\n<p><img loading=\"lazy\" class=\"aligncenter wp-image-9669 size-full\" src=\"https:\/\/ispace.md\/blog\/wp-content\/uploads\/2025\/10\/2-scaled.jpg\" alt=\"MacBook Pro 14 M5\" width=\"2560\" height=\"2560\" srcset=\"https:\/\/ispace.md\/blog\/wp-content\/uploads\/2025\/10\/2-scaled.jpg 2560w, https:\/\/ispace.md\/blog\/wp-content\/uploads\/2025\/10\/2-300x300.jpg 300w, https:\/\/ispace.md\/blog\/wp-content\/uploads\/2025\/10\/2-1024x1024.jpg 1024w, https:\/\/ispace.md\/blog\/wp-content\/uploads\/2025\/10\/2-150x150.jpg 150w, https:\/\/ispace.md\/blog\/wp-content\/uploads\/2025\/10\/2-768x768.jpg 768w, https:\/\/ispace.md\/blog\/wp-content\/uploads\/2025\/10\/2-1536x1536.jpg 1536w, https:\/\/ispace.md\/blog\/wp-content\/uploads\/2025\/10\/2-2048x2048.jpg 2048w\" sizes=\"(max-width: 2560px) 100vw, 2560px\" \/><\/p>\n<p><span data-contrast=\"auto\">Cele \u0219ase difuzoare integrate \u00eentr-un sistem audio avansat, \u00eempreun\u0103 cu tehnologia Spatial Audio, ofer\u0103 un efect impresionant: sunetul este spa\u021bial, bogat \u0219i realist, permi\u021b\u00e2nd o imersiune complet\u0103 \u00een con\u021binut. Este exact ceea ce ave\u021bi nevoie pentru procesarea fi\u0219ierelor audio, crearea de muzic\u0103, dublaj sau editare video.<\/span><span data-ccp-props=\"{&quot;335559738&quot;:240,&quot;335559739&quot;:200}\">\u00a0<\/span><\/p>\n<p><span data-contrast=\"auto\">Laptopul este echipat cu tastatura Magic Keyboard, care dispune de iluminare de fundal \u0219i o curs\u0103 \u00eembun\u0103t\u0103\u021bit\u0103 a tastelor, precum \u0219i cu trackpadul Force Touch cu recunoa\u0219terea presiunii la ap\u0103sare \u2013 instrumente indispensabile pentru lucrul cu grafic\u0103 \u0219i editare profesional\u0103.<\/span><span data-ccp-props=\"{&quot;335559738&quot;:240,&quot;335559739&quot;:200}\">\u00a0<\/span><\/p>\n<h2 aria-level=\"2\"><span data-contrast=\"auto\">Avantaje suplimentare<\/span><span data-ccp-props=\"{&quot;134245418&quot;:true,&quot;134245529&quot;:true,&quot;335559738&quot;:360,&quot;335559739&quot;:200}\">\u00a0<\/span><\/h2>\n<p><span data-contrast=\"auto\">Apple a \u00eembun\u0103t\u0103\u021bit semnificativ eficien\u021ba energetic\u0103 a noului laptop. Datorit\u0103 acestui progres, MacBook Pro M5 poate func\u021biona f\u0103r\u0103 a fi conectat la re\u021beaua electric\u0103 p\u00e2n\u0103 la 24 ore. Printre modelele actuale ale m\u0103rcii, o autonomie similar\u0103 este oferit\u0103 de dispozitivul echipat cu procesorul M4 Pro.<\/span><span data-ccp-props=\"{&quot;335559738&quot;:240,&quot;335559739&quot;:200}\">\u00a0<\/span><\/p>\n<p><img loading=\"lazy\" class=\"aligncenter wp-image-9670 size-full\" src=\"https:\/\/ispace.md\/blog\/wp-content\/uploads\/2025\/10\/3-scaled.jpg\" alt=\"\" width=\"2560\" height=\"2560\" srcset=\"https:\/\/ispace.md\/blog\/wp-content\/uploads\/2025\/10\/3-scaled.jpg 2560w, https:\/\/ispace.md\/blog\/wp-content\/uploads\/2025\/10\/3-300x300.jpg 300w, https:\/\/ispace.md\/blog\/wp-content\/uploads\/2025\/10\/3-1024x1024.jpg 1024w, https:\/\/ispace.md\/blog\/wp-content\/uploads\/2025\/10\/3-150x150.jpg 150w, https:\/\/ispace.md\/blog\/wp-content\/uploads\/2025\/10\/3-768x768.jpg 768w, https:\/\/ispace.md\/blog\/wp-content\/uploads\/2025\/10\/3-1536x1536.jpg 1536w, https:\/\/ispace.md\/blog\/wp-content\/uploads\/2025\/10\/3-2048x2048.jpg 2048w\" sizes=\"(max-width: 2560px) 100vw, 2560px\" \/><\/p>\n<p><span data-contrast=\"auto\">Munca fotografilor \u0219i videografilor este mult mai comod\u0103 datorit\u0103 prezen\u021bei portului HDMI cu suport pentru rezolu\u021bie \u00eenalt\u0103 \u0219i a slotului SDXC pentru carduri de memorie.<\/span><span data-ccp-props=\"{&quot;335559738&quot;:240,&quot;335559739&quot;:200}\">\u00a0<\/span><\/p>\n<p><span data-contrast=\"auto\">\u00cen \u00eencheierea recenziei, v\u0103 invit\u0103m s\u0103 compara\u021bi principalele caracteristici ale celor dou\u0103 modele de top MacBook Pro cu diagonale de 14 inci:<\/span><span data-ccp-props=\"{&quot;335559738&quot;:240,&quot;335559739&quot;:200}\">\u00a0<\/span><\/p>\n<table data-tablestyle=\"Custom\" data-tablelook=\"0\" aria-rowcount=\"9\">\n<tbody>\n<tr aria-rowindex=\"1\">\n<td data-celllook=\"4369\"><span data-contrast=\"auto\">Caracteristici<\/span><span data-ccp-props=\"{&quot;335551550&quot;:2,&quot;335551620&quot;:2,&quot;335559738&quot;:240,&quot;335559739&quot;:200}\">\u00a0<\/span><\/td>\n<td data-celllook=\"4369\"><span data-contrast=\"auto\">MacBook Pro 14 (M5)<\/span><span data-ccp-props=\"{&quot;335551550&quot;:2,&quot;335551620&quot;:2,&quot;335559738&quot;:240,&quot;335559739&quot;:200}\">\u00a0<\/span><\/td>\n<td data-celllook=\"4369\"><span data-contrast=\"auto\">MacBook Pro 14 (M4 Pro)<\/span><span data-ccp-props=\"{&quot;335551550&quot;:2,&quot;335551620&quot;:2,&quot;335559738&quot;:240,&quot;335559739&quot;:200}\">\u00a0<\/span><\/td>\n<\/tr>\n<tr aria-rowindex=\"2\">\n<td data-celllook=\"4369\"><span data-contrast=\"auto\">Diagonala<\/span><span data-ccp-props=\"{&quot;335559738&quot;:240,&quot;335559739&quot;:200}\">\u00a0<\/span><\/td>\n<td data-celllook=\"4369\"><span data-contrast=\"auto\">14,2\u201d<\/span><span data-ccp-props=\"{&quot;335559738&quot;:240,&quot;335559739&quot;:200}\">\u00a0<\/span><\/td>\n<td data-celllook=\"4369\"><span data-contrast=\"auto\">14,2\u201d<\/span><span data-ccp-props=\"{&quot;335559738&quot;:240,&quot;335559739&quot;:200}\">\u00a0<\/span><\/td>\n<\/tr>\n<tr aria-rowindex=\"3\">\n<td data-celllook=\"4369\"><span data-contrast=\"auto\">Greutate<\/span><span data-ccp-props=\"{&quot;335559738&quot;:240,&quot;335559739&quot;:200}\">\u00a0<\/span><\/td>\n<td data-celllook=\"4369\"><span data-contrast=\"auto\">1,55 kg<\/span><span data-ccp-props=\"{&quot;335559738&quot;:240,&quot;335559739&quot;:200}\">\u00a0<\/span><\/td>\n<td data-celllook=\"4369\"><span data-contrast=\"auto\">1,6 kg<\/span><span data-ccp-props=\"{&quot;335559738&quot;:240,&quot;335559739&quot;:200}\">\u00a0<\/span><\/td>\n<\/tr>\n<tr aria-rowindex=\"4\">\n<td data-celllook=\"4369\"><span data-contrast=\"auto\">Procesor<\/span><span data-ccp-props=\"{&quot;335559738&quot;:240,&quot;335559739&quot;:200}\">\u00a0<\/span><\/td>\n<td data-celllook=\"4369\"><span data-contrast=\"auto\">M5<\/span><span data-ccp-props=\"{&quot;335559738&quot;:240,&quot;335559739&quot;:200}\">\u00a0<\/span><\/td>\n<td data-celllook=\"4369\"><span data-contrast=\"auto\">M4 Pro<\/span><span data-ccp-props=\"{&quot;335559738&quot;:240,&quot;335559739&quot;:200}\">\u00a0<\/span><\/td>\n<\/tr>\n<tr aria-rowindex=\"5\">\n<td data-celllook=\"4369\"><span data-contrast=\"auto\">Grafic\u0103 (GPU)<\/span><span data-ccp-props=\"{&quot;335559738&quot;:240,&quot;335559739&quot;:200}\">\u00a0<\/span><\/td>\n<td data-celllook=\"4369\"><span data-contrast=\"auto\">10 nuclee cu accelerator neuronal<\/span><span data-ccp-props=\"{&quot;335559738&quot;:240,&quot;335559739&quot;:200}\">\u00a0<\/span><\/td>\n<td data-celllook=\"4369\"><span data-contrast=\"auto\">10 nuclee GPU<\/span><span data-ccp-props=\"{&quot;335559738&quot;:240,&quot;335559739&quot;:200}\">\u00a0<\/span><\/td>\n<\/tr>\n<tr aria-rowindex=\"6\">\n<td data-celllook=\"4369\"><span data-contrast=\"auto\">Suport AI<\/span><span data-ccp-props=\"{&quot;335559738&quot;:240,&quot;335559739&quot;:200}\">\u00a0<\/span><\/td>\n<td data-celllook=\"4369\"><span data-contrast=\"auto\">Da, cu performan\u021b\u0103 \u00eembun\u0103t\u0103\u021bit\u0103<\/span><span data-ccp-props=\"{&quot;335559738&quot;:240,&quot;335559739&quot;:200}\">\u00a0<\/span><\/td>\n<td data-celllook=\"4369\"><span data-contrast=\"auto\">\u2013<\/span><span data-ccp-props=\"{&quot;335559738&quot;:240,&quot;335559739&quot;:200}\">\u00a0<\/span><\/td>\n<\/tr>\n<tr aria-rowindex=\"7\">\n<td data-celllook=\"4369\"><span data-contrast=\"auto\">Memorie<\/span><span data-ccp-props=\"{&quot;335559738&quot;:240,&quot;335559739&quot;:200}\">\u00a0<\/span><\/td>\n<td data-celllook=\"4369\"><span data-contrast=\"auto\">16\u201332 GB<\/span><span data-ccp-props=\"{&quot;335559738&quot;:240,&quot;335559739&quot;:200}\">\u00a0<\/span><\/td>\n<td data-celllook=\"4369\"><span data-contrast=\"auto\">24\u201348 GB<\/span><span data-ccp-props=\"{&quot;335559738&quot;:240,&quot;335559739&quot;:200}\">\u00a0<\/span><\/td>\n<\/tr>\n<tr aria-rowindex=\"8\">\n<td data-celllook=\"4369\"><span data-contrast=\"auto\">SSD<\/span><span data-ccp-props=\"{&quot;335559738&quot;:240,&quot;335559739&quot;:200}\">\u00a0<\/span><\/td>\n<td data-celllook=\"4369\"><span data-contrast=\"auto\">512 GB \u2013 4 TB<\/span><span data-ccp-props=\"{&quot;335559738&quot;:240,&quot;335559739&quot;:200}\">\u00a0<\/span><\/td>\n<td data-celllook=\"4369\"><span data-contrast=\"auto\">512 GB \u2013 4 TB<\/span><span data-ccp-props=\"{&quot;335559738&quot;:240,&quot;335559739&quot;:200}\">\u00a0<\/span><\/td>\n<\/tr>\n<tr aria-rowindex=\"9\">\n<td data-celllook=\"4369\"><span data-contrast=\"auto\">Autonomie<\/span><span data-ccp-props=\"{&quot;335559738&quot;:240,&quot;335559739&quot;:200}\">\u00a0<\/span><\/td>\n<td data-celllook=\"4369\"><span data-contrast=\"auto\">P\u00e2n\u0103 la 24 ore<\/span><span data-ccp-props=\"{&quot;335559738&quot;:240,&quot;335559739&quot;:200}\">\u00a0<\/span><\/td>\n<td data-celllook=\"4369\"><span data-contrast=\"auto\">P\u00e2n\u0103 la 22 ore<\/span><span data-ccp-props=\"{&quot;335559738&quot;:240,&quot;335559739&quot;:200}\">\u00a0<\/span><\/td>\n<\/tr>\n<\/tbody>\n<\/table>\n<p><span data-contrast=\"auto\">\u00cen cur\u00e2nd, ve\u021bi putea <a href=\"https:\/\/ispace.md\/category\/macbook-pro?filter_%D1%87%D0%B8%D0%BF=7604623\">comanda<\/a> noul MacBook Pro M5 \u00een Moldova, pe site-ul nostru sau \u00een magazinele oficiale iSpace din Chi\u0219in\u0103u. De asemenea, aici pute\u021bi testa \u0219i alte modele populare \u2013 inclusiv versiunile bazate pe M4 Pro \u0219i M4 Max \u2013 toate fiind disponibile pentru demonstra\u021bie.<\/span><span data-ccp-props=\"{&quot;335559739&quot;:200}\">\u00a0<\/span><\/p>\n<p><span data-contrast=\"auto\">Pentru a face achizi\u021bia \u0219i mai avantajoas\u0103, profita\u021bi de plata \u00een rate sau de programul Trade-In. Dac\u0103 ave\u021bi \u00eentreb\u0103ri, consulta\u021bi exper\u021bii no\u0219tri \u2013 v\u0103 vor ajuta s\u0103 alege\u021bi configura\u021bia optim\u0103.<\/span><span data-ccp-props=\"{&quot;335559739&quot;:200}\">\u00a0<\/span><\/p>\n<p><strong>CITI\u021aI MAI MULT<\/strong><\/p>\n<p><a href=\"https:\/\/ispace.md\/blog\/macbook-pro-m5-si-ipad-pro-m5-o-noua-era-a-performantei-cu-apple-intelligence\/\"><strong>MacBook Pro M5 \u0219i iPad Pro M5: o nou\u0103 er\u0103 a performan\u021bei cu Apple Intelligence<\/strong><\/a><\/p>\n<p><a href=\"https:\/\/ispace.md\/blog\/ce-a-prezentat-compania-apple-la-principala-conferinta-din-2025\/\"><strong>Ce a prezentat compania Apple la principala conferin\u021b\u0103 din 2025?<\/strong><\/a><\/p>\n<p><a href=\"https:\/\/ispace.md\/blog\/prezentarea-de-vara-a-apple-cele-mai-importante-momente-ale-wwdc-2025\/\"><strong>Prezentarea de var\u0103 a Apple: cele mai importante momente ale WWDC 2025<\/strong><\/a><\/p>\n","protected":false},"excerpt":{"rendered":"<p>Apari\u021bia modelului MacBook Pro 14 inci cu cipul M5 a redefinit standardele de performan\u021b\u0103 pentru laptopuri. Noul model de la Apple este creat pentru profesioni\u0219ti care apreciaz\u0103 performan\u021ba maxim\u0103, autonomia excep\u021bional\u0103 \u0219i un display cu caracteristici de top. \u00cen aceast\u0103 recenzie analiz\u0103m principalele particularit\u0103\u021bi ale noului dispozitiv.\u00a0 Data prezent\u0103rii \u0219i lans\u0103rii v\u00e2nz\u0103rilor\u00a0 15 octombrie 2025 [&hellip;]<\/p>\n","protected":false},"author":1,"featured_media":9952,"comment_status":"open","ping_status":"open","sticky":false,"template":"","format":"standard","meta":[],"categories":[443,668],"tags":[455,1315,1003,1999,685,985],"yoast_head":"<!-- This site is optimized with the Yoast SEO plugin v17.0 - https:\/\/yoast.com\/wordpress\/plugins\/seo\/ -->\n<title>Prezentare general\u0103: MacBook Pro 14 2025 cu noul cip M5 - iSpace<\/title>\n<meta name=\"description\" content=\"Apari\u021bia modelului MacBook Pro 14 inci cu cipul M5 a redefinit standardele de performan\u021b\u0103 pentru laptopuri. Noul model de la Apple este cr...\" \/>\n<meta name=\"robots\" content=\"index, follow, max-snippet:-1, max-image-preview:large, max-video-preview:-1\" \/>\n<link rel=\"canonical\" href=\"https:\/\/ispace.md\/blog\/prezentare-generala-macbook-pro-14-2025-cu-noul-cip-m5\/\" \/>\n<meta property=\"og:locale\" content=\"ru_RU\" \/>\n<meta property=\"og:type\" content=\"article\" \/>\n<meta property=\"og:title\" content=\"Prezentare general\u0103: MacBook Pro 14 2025 cu noul cip M5 - iSpace\" \/>\n<meta property=\"og:description\" content=\"Apari\u021bia modelului MacBook Pro 14 inci cu cipul M5 a redefinit standardele de performan\u021b\u0103 pentru laptopuri. Noul model de la Apple este cr...\" \/>\n<meta property=\"og:url\" content=\"https:\/\/ispace.md\/blog\/prezentare-generala-macbook-pro-14-2025-cu-noul-cip-m5\/\" \/>\n<meta property=\"og:site_name\" content=\"iSpace\" \/>\n<meta property=\"article:publisher\" content=\"https:\/\/www.facebook.com\/ispacemd\/\" \/>\n<meta property=\"article:published_time\" content=\"2025-10-27T15:31:32+00:00\" \/>\n<meta property=\"article:modified_time\" content=\"2026-02-02T18:47:39+00:00\" \/>\n<meta property=\"og:image\" content=\"https:\/\/ispace.md\/blog\/wp-content\/uploads\/2026\/02\/MacBook_Pro_14-in_M5_Space_Black_PDP_Image_Position_1__en-ME.jpg\" \/>\n\t<meta property=\"og:image:width\" content=\"1230\" \/>\n\t<meta property=\"og:image:height\" content=\"765\" \/>\n<meta name=\"twitter:card\" content=\"summary_large_image\" \/>\n<meta name=\"twitter:label1\" content=\"\u041d\u0430\u043f\u0438\u0441\u0430\u043d\u043e \u0430\u0432\u0442\u043e\u0440\u043e\u043c\" \/>\n\t<meta name=\"twitter:data1\" content=\"istoreadm\" \/>\n\t<meta name=\"twitter:label2\" content=\"\u041f\u0440\u0438\u043c\u0435\u0440\u043d\u043e\u0435 \u0432\u0440\u0435\u043c\u044f \u0434\u043b\u044f \u0447\u0442\u0435\u043d\u0438\u044f\" \/>\n\t<meta name=\"twitter:data2\" content=\"6 \u043c\u0438\u043d\u0443\u0442\" \/>\n<script type=\"application\/ld+json\" class=\"yoast-schema-graph\">{\"@context\":\"https:\/\/schema.org\",\"@graph\":[{\"@type\":\"WebSite\",\"@id\":\"https:\/\/ispace.md\/blog\/ru\/#website\",\"url\":\"https:\/\/ispace.md\/blog\/ru\/\",\"name\":\"iSpace\",\"description\":\"\\u0411\\u043b\\u043e\\u0433 \\u043a\\u043e\\u043c\\u043f\\u0430\\u043d\\u0438\\u0438 iSpace\",\"potentialAction\":[{\"@type\":\"SearchAction\",\"target\":{\"@type\":\"EntryPoint\",\"urlTemplate\":\"https:\/\/ispace.md\/blog\/ru\/?s={search_term_string}\"},\"query-input\":\"required name=search_term_string\"}],\"inLanguage\":\"ru-RU\"},{\"@type\":\"ImageObject\",\"@id\":\"https:\/\/ispace.md\/blog\/prezentare-generala-macbook-pro-14-2025-cu-noul-cip-m5\/#primaryimage\",\"inLanguage\":\"ru-RU\",\"url\":\"https:\/\/ispace.md\/blog\/wp-content\/uploads\/2026\/02\/MacBook_Pro_14-in_M5_Space_Black_PDP_Image_Position_1__en-ME.jpg\",\"contentUrl\":\"https:\/\/ispace.md\/blog\/wp-content\/uploads\/2026\/02\/MacBook_Pro_14-in_M5_Space_Black_PDP_Image_Position_1__en-ME.jpg\",\"width\":1230,\"height\":765},{\"@type\":\"WebPage\",\"@id\":\"https:\/\/ispace.md\/blog\/prezentare-generala-macbook-pro-14-2025-cu-noul-cip-m5\/#webpage\",\"url\":\"https:\/\/ispace.md\/blog\/prezentare-generala-macbook-pro-14-2025-cu-noul-cip-m5\/\",\"name\":\"Prezentare general\\u0103: MacBook Pro 14 2025 cu noul cip M5 - iSpace\",\"isPartOf\":{\"@id\":\"https:\/\/ispace.md\/blog\/ru\/#website\"},\"primaryImageOfPage\":{\"@id\":\"https:\/\/ispace.md\/blog\/prezentare-generala-macbook-pro-14-2025-cu-noul-cip-m5\/#primaryimage\"},\"datePublished\":\"2025-10-27T15:31:32+00:00\",\"dateModified\":\"2026-02-02T18:47:39+00:00\",\"author\":{\"@id\":\"https:\/\/ispace.md\/blog\/ru\/#\/schema\/person\/ee7c990e7f16a92ff015648f1d3212cd\"},\"description\":\"Apari\\u021bia modelului MacBook Pro 14 inci cu cipul M5 a redefinit standardele de performan\\u021b\\u0103 pentru laptopuri. Noul model de la Apple este cr...\",\"breadcrumb\":{\"@id\":\"https:\/\/ispace.md\/blog\/prezentare-generala-macbook-pro-14-2025-cu-noul-cip-m5\/#breadcrumb\"},\"inLanguage\":\"ru-RU\",\"potentialAction\":[{\"@type\":\"ReadAction\",\"target\":[\"https:\/\/ispace.md\/blog\/prezentare-generala-macbook-pro-14-2025-cu-noul-cip-m5\/\"]}]},{\"@type\":\"BreadcrumbList\",\"@id\":\"https:\/\/ispace.md\/blog\/prezentare-generala-macbook-pro-14-2025-cu-noul-cip-m5\/#breadcrumb\",\"itemListElement\":[{\"@type\":\"ListItem\",\"position\":1,\"name\":\"\\u0413\\u043b\\u0430\\u0432\\u043d\\u0430\\u044f \\u0441\\u0442\\u0440\\u0430\\u043d\\u0438\\u0446\\u0430\",\"item\":\"https:\/\/ispace.md\/blog\/ru\/\"},{\"@type\":\"ListItem\",\"position\":2,\"name\":\"Prezentare general\\u0103: MacBook Pro 14 2025 cu noul cip M5\"}]},{\"@type\":\"Person\",\"@id\":\"https:\/\/ispace.md\/blog\/ru\/#\/schema\/person\/ee7c990e7f16a92ff015648f1d3212cd\",\"name\":\"istoreadm\",\"image\":{\"@type\":\"ImageObject\",\"@id\":\"https:\/\/ispace.md\/blog\/ru\/#personlogo\",\"inLanguage\":\"ru-RU\",\"url\":\"https:\/\/secure.gravatar.com\/avatar\/3ab1424e156237432133bacf1fcdd22d?s=96&d=mm&r=g\",\"contentUrl\":\"https:\/\/secure.gravatar.com\/avatar\/3ab1424e156237432133bacf1fcdd22d?s=96&d=mm&r=g\",\"caption\":\"istoreadm\"},\"url\":\"https:\/\/ispace.md\/blog\/author\/istoreadm\/\"}]}<\/script>\n<!-- \/ Yoast SEO plugin. -->","yoast_head_json":{"title":"Prezentare general\u0103: MacBook Pro 14 2025 cu noul cip M5 - iSpace","description":"Apari\u021bia modelului MacBook Pro 14 inci cu cipul M5 a redefinit standardele de performan\u021b\u0103 pentru laptopuri. Noul model de la Apple este cr...","robots":{"index":"index","follow":"follow","max-snippet":"max-snippet:-1","max-image-preview":"max-image-preview:large","max-video-preview":"max-video-preview:-1"},"canonical":"https:\/\/ispace.md\/blog\/prezentare-generala-macbook-pro-14-2025-cu-noul-cip-m5\/","og_locale":"ru_RU","og_type":"article","og_title":"Prezentare general\u0103: MacBook Pro 14 2025 cu noul cip M5 - iSpace","og_description":"Apari\u021bia modelului MacBook Pro 14 inci cu cipul M5 a redefinit standardele de performan\u021b\u0103 pentru laptopuri. Noul model de la Apple este cr...","og_url":"https:\/\/ispace.md\/blog\/prezentare-generala-macbook-pro-14-2025-cu-noul-cip-m5\/","og_site_name":"iSpace","article_publisher":"https:\/\/www.facebook.com\/ispacemd\/","article_published_time":"2025-10-27T15:31:32+00:00","article_modified_time":"2026-02-02T18:47:39+00:00","og_image":[{"width":1230,"height":765,"url":"https:\/\/ispace.md\/blog\/wp-content\/uploads\/2026\/02\/MacBook_Pro_14-in_M5_Space_Black_PDP_Image_Position_1__en-ME.jpg","path":"\/srv\/ispace.md\/blog\/wp-content\/uploads\/2026\/02\/MacBook_Pro_14-in_M5_Space_Black_PDP_Image_Position_1__en-ME.jpg","size":"full","id":9952,"alt":"","pixels":940950,"type":"image\/jpeg"}],"twitter_card":"summary_large_image","twitter_misc":{"\u041d\u0430\u043f\u0438\u0441\u0430\u043d\u043e \u0430\u0432\u0442\u043e\u0440\u043e\u043c":"istoreadm","\u041f\u0440\u0438\u043c\u0435\u0440\u043d\u043e\u0435 \u0432\u0440\u0435\u043c\u044f \u0434\u043b\u044f \u0447\u0442\u0435\u043d\u0438\u044f":"6 \u043c\u0438\u043d\u0443\u0442"},"schema":{"@context":"https:\/\/schema.org","@graph":[{"@type":"WebSite","@id":"https:\/\/ispace.md\/blog\/ru\/#website","url":"https:\/\/ispace.md\/blog\/ru\/","name":"iSpace","description":"\u0411\u043b\u043e\u0433 \u043a\u043e\u043c\u043f\u0430\u043d\u0438\u0438 iSpace","potentialAction":[{"@type":"SearchAction","target":{"@type":"EntryPoint","urlTemplate":"https:\/\/ispace.md\/blog\/ru\/?s={search_term_string}"},"query-input":"required name=search_term_string"}],"inLanguage":"ru-RU"},{"@type":"ImageObject","@id":"https:\/\/ispace.md\/blog\/prezentare-generala-macbook-pro-14-2025-cu-noul-cip-m5\/#primaryimage","inLanguage":"ru-RU","url":"https:\/\/ispace.md\/blog\/wp-content\/uploads\/2026\/02\/MacBook_Pro_14-in_M5_Space_Black_PDP_Image_Position_1__en-ME.jpg","contentUrl":"https:\/\/ispace.md\/blog\/wp-content\/uploads\/2026\/02\/MacBook_Pro_14-in_M5_Space_Black_PDP_Image_Position_1__en-ME.jpg","width":1230,"height":765},{"@type":"WebPage","@id":"https:\/\/ispace.md\/blog\/prezentare-generala-macbook-pro-14-2025-cu-noul-cip-m5\/#webpage","url":"https:\/\/ispace.md\/blog\/prezentare-generala-macbook-pro-14-2025-cu-noul-cip-m5\/","name":"Prezentare general\u0103: MacBook Pro 14 2025 cu noul cip M5 - iSpace","isPartOf":{"@id":"https:\/\/ispace.md\/blog\/ru\/#website"},"primaryImageOfPage":{"@id":"https:\/\/ispace.md\/blog\/prezentare-generala-macbook-pro-14-2025-cu-noul-cip-m5\/#primaryimage"},"datePublished":"2025-10-27T15:31:32+00:00","dateModified":"2026-02-02T18:47:39+00:00","author":{"@id":"https:\/\/ispace.md\/blog\/ru\/#\/schema\/person\/ee7c990e7f16a92ff015648f1d3212cd"},"description":"Apari\u021bia modelului MacBook Pro 14 inci cu cipul M5 a redefinit standardele de performan\u021b\u0103 pentru laptopuri. Noul model de la Apple este cr...","breadcrumb":{"@id":"https:\/\/ispace.md\/blog\/prezentare-generala-macbook-pro-14-2025-cu-noul-cip-m5\/#breadcrumb"},"inLanguage":"ru-RU","potentialAction":[{"@type":"ReadAction","target":["https:\/\/ispace.md\/blog\/prezentare-generala-macbook-pro-14-2025-cu-noul-cip-m5\/"]}]},{"@type":"BreadcrumbList","@id":"https:\/\/ispace.md\/blog\/prezentare-generala-macbook-pro-14-2025-cu-noul-cip-m5\/#breadcrumb","itemListElement":[{"@type":"ListItem","position":1,"name":"\u0413\u043b\u0430\u0432\u043d\u0430\u044f \u0441\u0442\u0440\u0430\u043d\u0438\u0446\u0430","item":"https:\/\/ispace.md\/blog\/ru\/"},{"@type":"ListItem","position":2,"name":"Prezentare general\u0103: MacBook Pro 14 2025 cu noul cip M5"}]},{"@type":"Person","@id":"https:\/\/ispace.md\/blog\/ru\/#\/schema\/person\/ee7c990e7f16a92ff015648f1d3212cd","name":"istoreadm","image":{"@type":"ImageObject","@id":"https:\/\/ispace.md\/blog\/ru\/#personlogo","inLanguage":"ru-RU","url":"https:\/\/secure.gravatar.com\/avatar\/3ab1424e156237432133bacf1fcdd22d?s=96&d=mm&r=g","contentUrl":"https:\/\/secure.gravatar.com\/avatar\/3ab1424e156237432133bacf1fcdd22d?s=96&d=mm&r=g","caption":"istoreadm"},"url":"https:\/\/ispace.md\/blog\/author\/istoreadm\/"}]}},"frontimg":"https:\/\/ispace.md\/blog\/wp-content\/uploads\/2026\/02\/MacBook_Pro_14-in_M5_Space_Black_PDP_Image_Position_1__en-ME-320x220.jpg","frontimglarge":"https:\/\/ispace.md\/blog\/wp-content\/uploads\/2026\/02\/MacBook_Pro_14-in_M5_Space_Black_PDP_Image_Position_1__en-ME-730x300.jpg","acf":{"bage":"Review","subtitle":"MacBook Pro 14 2025","select_banner_style":"0","select_sidebar":"0","axil_post_review_box":false},"_links":{"self":[{"href":"https:\/\/ispace.md\/blog\/wp-json\/wp\/v2\/posts\/9673"}],"collection":[{"href":"https:\/\/ispace.md\/blog\/wp-json\/wp\/v2\/posts"}],"about":[{"href":"https:\/\/ispace.md\/blog\/wp-json\/wp\/v2\/types\/post"}],"author":[{"embeddable":true,"href":"https:\/\/ispace.md\/blog\/wp-json\/wp\/v2\/users\/1"}],"replies":[{"embeddable":true,"href":"https:\/\/ispace.md\/blog\/wp-json\/wp\/v2\/comments?post=9673"}],"version-history":[{"count":9,"href":"https:\/\/ispace.md\/blog\/wp-json\/wp\/v2\/posts\/9673\/revisions"}],"predecessor-version":[{"id":9683,"href":"https:\/\/ispace.md\/blog\/wp-json\/wp\/v2\/posts\/9673\/revisions\/9683"}],"wp:featuredmedia":[{"embeddable":true,"href":"https:\/\/ispace.md\/blog\/wp-json\/wp\/v2\/media\/9952"}],"wp:attachment":[{"href":"https:\/\/ispace.md\/blog\/wp-json\/wp\/v2\/media?parent=9673"}],"wp:term":[{"taxonomy":"category","embeddable":true,"href":"https:\/\/ispace.md\/blog\/wp-json\/wp\/v2\/categories?post=9673"},{"taxonomy":"post_tag","embeddable":true,"href":"https:\/\/ispace.md\/blog\/wp-json\/wp\/v2\/tags?post=9673"}],"curies":[{"name":"wp","href":"https:\/\/api.w.org\/{rel}","templated":true}]}}